









{"id":13970,"date":"2023-01-27T05:55:51","date_gmt":"2023-01-27T03:55:51","guid":{"rendered":"https:\/\/peoplesphere.be\/fr\/?p=13970"},"modified":"2023-01-27T05:55:51","modified_gmt":"2023-01-27T03:55:51","slug":"monitoring-temps-de-travail-priorite-60-travailleurs-y-trouvent-meilleur-equilibre-prive-professionnel","status":"publish","type":"post","link":"https:\/\/peoplesphere.be\/fr\/monitoring-temps-de-travail-priorite-60-travailleurs-y-trouvent-meilleur-equilibre-prive-professionnel\/","title":{"rendered":"Monitoring du temps de travail: une priorit\u00e9 pour 60% des travailleurs qui y trouvent un meilleur \u00e9quilibre priv\u00e9\/professionnel."},"content":{"rendered":"<p>Six Belges sur dix surveillent consciencieusement leur temps de travail. Il s&rsquo;agit du deuxi\u00e8me score le plus bas en Europe apr\u00e8s la France. Les leaders sont la Su\u00e8de et l&rsquo;Allemagne avec environ 80% ; l&rsquo;Italie cl\u00f4ture le trio de t\u00eate avec 76%. L&rsquo;effet sur l&rsquo;\u00e9quilibre entre vie professionnelle et vie priv\u00e9e est plut\u00f4t positif : la proportion de personnes favorables (47%) est plus \u00e9lev\u00e9e en Belgique que celle des personnes d\u00e9favorables (16%). <!--more--><\/p>\n<p>Les employeurs qui investissent dans des outils self-service (ESS) pour les travailleurs font d&rsquo;une pierre deux coups : ils augmentent la transparence pour tous les employ\u00e9s, avec un effet positif sur l&rsquo;\u00e9quilibre entre vie professionnelle et priv\u00e9e, et ils obtiennent une image en temps r\u00e9el pour la planification du personnel. SD Worx a men\u00e9 cette enqu\u00eate dans 10 pays, par le biais d&rsquo;un sondage aupr\u00e8s de 10 119 salari\u00e9s, dont 1098 en Belgique.<\/p>\n<p>En moyenne, en Europe, septante pour cent (69%) des travailleurs surveillent attentivement leurs heures de travail. Les meilleurs de la classe sont la Su\u00e8de (79%) et l&rsquo;Allemagne (81%). L&rsquo;Italie ferme le trio de t\u00eate avec 76%. La France, quant \u00e0 elle, se trouve en derni\u00e8re position avec 46% juste derri\u00e8re a Belgique qui a un score de 60%. Le Royaume-Uni se trouve \u00e9galement dans le bas du classement avec 63 %.<\/p>\n<p><strong><em>Un enregistrement efficace<\/em><\/strong><\/p>\n<p>En Belgique, 48% des entreprises utilisent un syst\u00e8me d&rsquo;enregistrement du temps de travail. La moyenne en Europe est de 55% des travailleurs qui utilisent un syst\u00e8me d&rsquo;enregistrement de leur temps. En particulier en Espagne (67%) et en Norv\u00e8ge (66%), en Allemagne (63%), en Su\u00e8de (63%) et en Finlande (60%), il est courant que les travailleurs suivent leurs heures de travail via un logiciel. Aux Pays-Bas (44%), en France (41%) et au Royaume-Uni (46%), ce pourcentage est remarquablement plus bas.<\/p>\n<p>L&rsquo;impact de l\u2019enregistrement sur l&rsquo;\u00e9quilibre entre vie professionnelle et vie priv\u00e9e en Europe<br \/>\nL&rsquo;effet de l&rsquo;enregistrement du temps de travail sur l&rsquo;\u00e9quilibre entre vie professionnelle et vie priv\u00e9e est plut\u00f4t positif : la proportion de personnes favorables (47%) est plus \u00e9lev\u00e9e en Belgique que celle des personnes d\u00e9favorables (16%). C&rsquo;est en Finlande et en France que les scores sont les plus bas, mais m\u00eame dans ces pays, il y a plus de personnes positives (35% et 40% respectivement) que n\u00e9gatives (22% et 21% respectivement). Aux Pays-Bas, en Allemagne et en Norv\u00e8ge notamment, les travailleurs sont plus nombreux \u00e0 penser que l&rsquo;enregistrement a un impact positif sur l&rsquo;\u00e9quilibre entre vie professionnelle et vie priv\u00e9e.<\/p>\n<p><strong><em>L&rsquo;\u00e9tape suivante consiste \u00e0 mettre les travailleurs aux commandes.<\/em><\/strong><\/p>\n<p>En Belgique, environ une entreprise sur cinq (18%) investit d\u00e9j\u00e0 dans des applications RH qui permettent aux salari\u00e9s et aux managers de saisir et de g\u00e9rer eux-m\u00eames leurs donn\u00e9es. Ainsi, les employ\u00e9s contribuent \u00e0 la planification du personnel bas\u00e9e sur des donn\u00e9es. Gr\u00e2ce aux outils dits de \u00ab\u00a0libre-service pour les employ\u00e9s\u00a0\u00bb (ESS), la saisie des donn\u00e9es n&rsquo;est plus seulement une t\u00e2che du d\u00e9partement des ressources humaines, mais devient une responsabilit\u00e9 partag\u00e9e, assum\u00e9e par l&rsquo;ensemble de l&rsquo;entreprise.<\/p>\n<p>Pour l&rsquo;instant, ces applications sont principalement implant\u00e9es dans les pays nordiques (30%) et en Irlande (29%). La Belgique, avec 18 %, se situe au m\u00eame niveau que les Pays-Bas, l&rsquo;Allemagne, la Suisse et la Pologne. En Espagne, c&rsquo;est d\u00e9j\u00e0 une entreprise sur cinq. Ils sont remarquablement moins r\u00e9pandus en France (14%), en Italie (14%) et en Autriche (15%). Les domaines d&rsquo;application les plus populaires en Belgique sont principalement : les demandes d&rsquo;absences (48%), l&rsquo;enregistrement des heures de travail (41%), les demandes d&rsquo;aper\u00e7u des salaires (35%) et la soumission des d\u00e9penses (32%).<\/p>\n<p><strong><em>L&rsquo;exp\u00e9rience de Liebherr<\/em><\/strong><\/p>\n<p><em>\u00ab\u00a0Gr\u00e2ce \u00e0 la transparence, chaque salari\u00e9 est responsable du respect de ses propres horaires de travail. Dans un m\u00eame temps, le service des RH peut se concentrer sur ses t\u00e2ches principales, puisqu&rsquo;il n&rsquo;a plus \u00e0 traiter manuellement les heures de travail\u00a0\u00bb<\/em>, expliquent Christophe Genilloud et Martine Pugin, responsable informatique et responsable RH chez Liebherr.<\/p>\n<p>Bruce Fecheyr-Lippens, Chief People Officer chez SD Worx, conclut : \u00ab\u00a0<em>Cela permet \u00e9galement aux travailleurs de faire des choix plus conscients et d&rsquo;optimiser la gestion de leur temps. Les technologies intelligentes permettent de gagner en efficacit\u00e9, en efficacit\u00e9 et en productivit\u00e9. Pour les entreprises, il est int\u00e9ressant de savoir quels outils permettent aux salari\u00e9s de g\u00e9rer leurs propres donn\u00e9es et leur planification. De nombreuses applications ESS traitent leurs donn\u00e9es en temps r\u00e9el, fournissant ainsi une image pr\u00e9cise de la r\u00e9alit\u00e9 \u00e0 tout moment. L&rsquo;aspect libre-service permet de saisir plus rapidement les donn\u00e9es dans le syst\u00e8me. Pour le personnel et la planification du travail, c&rsquo;est crucial.\u00a0\u00bb<br \/>\n<\/em><\/p>\n<p>&nbsp;<\/p>\n<p><em>Source: l&rsquo;enqu\u00eate a \u00e9t\u00e9 men\u00e9e en mars 2022 en Belgique, en France, en Allemagne, aux Pays-Bas, au Royaume-Uni, en Espagne, en Italie, en Norv\u00e8ge, en Finlande et en Su\u00e8de. Au total, 10 119 travailleurs ont \u00e9t\u00e9 interrog\u00e9s. L&rsquo;\u00e9chantillon est repr\u00e9sentatif des march\u00e9s du travail locaux sp\u00e9cifiques et a une composition similaire selon le sexe, l&rsquo;\u00e2ge et le dipl\u00f4me \u00e0 celle de la population active des pays concern\u00e9s. En Belgique, 1 098 personnes ont \u00e9t\u00e9 interrog\u00e9es.<\/em><\/p>\n","protected":false},"excerpt":{"rendered":"<p>Six Belges sur dix surveillent consciencieusement leur temps de travail. Il s&rsquo;agit du deuxi\u00e8me score le plus bas en Europe apr\u00e8s la France. Les leaders sont la Su\u00e8de et l&rsquo;Allemagne avec environ 80% ; l&rsquo;Italie cl\u00f4ture le trio de t\u00eate [&hellip;]<\/p>\n","protected":false},"author":2,"featured_media":13971,"comment_status":"closed","ping_status":"open","sticky":false,"template":"","format":"standard","meta":[],"categories":[65,10],"tags":[96,3367,647,3765,3017,39,3549],"yoast_head":"<!-- This site is optimized with the Yoast SEO plugin v21.0 - https:\/\/yoast.com\/wordpress\/plugins\/seo\/ -->\n<title>Monitoring du temps de travail: une priorit\u00e9 pour 60% des travailleurs qui y trouvent un meilleur \u00e9quilibre priv\u00e9\/professionnel. - Peoplesphere<\/title>\n<meta name=\"robots\" content=\"index, follow, max-snippet:-1, max-image-preview:large, max-video-preview:-1\" \/>\n<link rel=\"canonical\" href=\"https:\/\/peoplesphere.be\/fr\/monitoring-temps-de-travail-priorite-60-travailleurs-y-trouvent-meilleur-equilibre-prive-professionnel\/\" \/>\n<meta property=\"og:locale\" content=\"fr_FR\" \/>\n<meta property=\"og:type\" content=\"article\" \/>\n<meta property=\"og:title\" content=\"Monitoring du temps de travail: une priorit\u00e9 pour 60% des travailleurs qui y trouvent un meilleur \u00e9quilibre priv\u00e9\/professionnel. - Peoplesphere\" \/>\n<meta property=\"og:description\" content=\"Six Belges sur dix surveillent consciencieusement leur temps de travail. Il s&rsquo;agit du deuxi\u00e8me score le plus bas en Europe apr\u00e8s la France. Les leaders sont la Su\u00e8de et l&rsquo;Allemagne avec environ 80% ; l&rsquo;Italie cl\u00f4ture le trio de t\u00eate [&hellip;]\" \/>\n<meta property=\"og:url\" content=\"https:\/\/peoplesphere.be\/fr\/monitoring-temps-de-travail-priorite-60-travailleurs-y-trouvent-meilleur-equilibre-prive-professionnel\/\" \/>\n<meta property=\"og:site_name\" content=\"Peoplesphere\" \/>\n<meta property=\"article:publisher\" content=\"https:\/\/www.facebook.com\/peoplesphere\" \/>\n<meta property=\"article:published_time\" content=\"2023-01-27T03:55:51+00:00\" \/>\n<meta property=\"og:image\" content=\"https:\/\/peoplesphere.be\/fr\/wp-content\/uploads\/2023\/01\/20230127sablier.jpg\" \/>\n\t<meta property=\"og:image:width\" content=\"1200\" \/>\n\t<meta property=\"og:image:height\" content=\"675\" \/>\n\t<meta property=\"og:image:type\" content=\"image\/jpeg\" \/>\n<meta name=\"author\" content=\"Jean-Paul Erhard\" \/>\n<meta name=\"twitter:card\" content=\"summary_large_image\" \/>\n<meta name=\"twitter:creator\" content=\"@PeoplesphereMag\" \/>\n<meta name=\"twitter:site\" content=\"@PeoplesphereMag\" \/>\n<meta name=\"twitter:label1\" content=\"\u00c9crit par\" \/>\n\t<meta name=\"twitter:data1\" content=\"Jean-Paul Erhard\" \/>\n\t<meta name=\"twitter:label2\" content=\"Dur\u00e9e de lecture estim\u00e9e\" \/>\n\t<meta name=\"twitter:data2\" content=\"4 minutes\" \/>\n<script type=\"application\/ld+json\" class=\"yoast-schema-graph\">{\"@context\":\"https:\/\/schema.org\",\"@graph\":[{\"@type\":\"Article\",\"@id\":\"https:\/\/peoplesphere.be\/fr\/monitoring-temps-de-travail-priorite-60-travailleurs-y-trouvent-meilleur-equilibre-prive-professionnel\/#article\",\"isPartOf\":{\"@id\":\"https:\/\/peoplesphere.be\/fr\/monitoring-temps-de-travail-priorite-60-travailleurs-y-trouvent-meilleur-equilibre-prive-professionnel\/\"},\"author\":{\"name\":\"Jean-Paul Erhard\",\"@id\":\"https:\/\/peoplesphere.be\/fr\/#\/schema\/person\/7976225ff17988604334abb7b3536a7e\"},\"headline\":\"Monitoring du temps de travail: une priorit\u00e9 pour 60% des travailleurs qui y trouvent un meilleur \u00e9quilibre priv\u00e9\/professionnel.\",\"datePublished\":\"2023-01-27T03:55:51+00:00\",\"dateModified\":\"2023-01-27T03:55:51+00:00\",\"mainEntityOfPage\":{\"@id\":\"https:\/\/peoplesphere.be\/fr\/monitoring-temps-de-travail-priorite-60-travailleurs-y-trouvent-meilleur-equilibre-prive-professionnel\/\"},\"wordCount\":867,\"publisher\":{\"@id\":\"https:\/\/peoplesphere.be\/fr\/#organization\"},\"keywords\":[\"bien-\u00eatre\",\"enregistrement du temps de travail\",\"\u00e9quilibre priv\u00e9\/professionnel\",\"monitoring\",\"planification\",\"temps de travail\",\"workforce planning\"],\"articleSection\":[\"Actualit\u00e9s\",\"Digital\"],\"inLanguage\":\"fr-FR\"},{\"@type\":\"WebPage\",\"@id\":\"https:\/\/peoplesphere.be\/fr\/monitoring-temps-de-travail-priorite-60-travailleurs-y-trouvent-meilleur-equilibre-prive-professionnel\/\",\"url\":\"https:\/\/peoplesphere.be\/fr\/monitoring-temps-de-travail-priorite-60-travailleurs-y-trouvent-meilleur-equilibre-prive-professionnel\/\",\"name\":\"Monitoring du temps de travail: une priorit\u00e9 pour 60% des travailleurs qui y trouvent un meilleur \u00e9quilibre priv\u00e9\/professionnel. - Peoplesphere\",\"isPartOf\":{\"@id\":\"https:\/\/peoplesphere.be\/fr\/#website\"},\"datePublished\":\"2023-01-27T03:55:51+00:00\",\"dateModified\":\"2023-01-27T03:55:51+00:00\",\"breadcrumb\":{\"@id\":\"https:\/\/peoplesphere.be\/fr\/monitoring-temps-de-travail-priorite-60-travailleurs-y-trouvent-meilleur-equilibre-prive-professionnel\/#breadcrumb\"},\"inLanguage\":\"fr-FR\",\"potentialAction\":[{\"@type\":\"ReadAction\",\"target\":[\"https:\/\/peoplesphere.be\/fr\/monitoring-temps-de-travail-priorite-60-travailleurs-y-trouvent-meilleur-equilibre-prive-professionnel\/\"]}]},{\"@type\":\"BreadcrumbList\",\"@id\":\"https:\/\/peoplesphere.be\/fr\/monitoring-temps-de-travail-priorite-60-travailleurs-y-trouvent-meilleur-equilibre-prive-professionnel\/#breadcrumb\",\"itemListElement\":[{\"@type\":\"ListItem\",\"position\":1,\"name\":\"Accueil\",\"item\":\"https:\/\/peoplesphere.be\/fr\/\"},{\"@type\":\"ListItem\",\"position\":2,\"name\":\"Monitoring du temps de travail: une priorit\u00e9 pour 60% des travailleurs qui y trouvent un meilleur \u00e9quilibre priv\u00e9\/professionnel.\"}]},{\"@type\":\"WebSite\",\"@id\":\"https:\/\/peoplesphere.be\/fr\/#website\",\"url\":\"https:\/\/peoplesphere.be\/fr\/\",\"name\":\"Peoplesphere\",\"description\":\"The People Managers Magazine\",\"publisher\":{\"@id\":\"https:\/\/peoplesphere.be\/fr\/#organization\"},\"potentialAction\":[{\"@type\":\"SearchAction\",\"target\":{\"@type\":\"EntryPoint\",\"urlTemplate\":\"https:\/\/peoplesphere.be\/fr\/?s={search_term_string}\"},\"query-input\":\"required name=search_term_string\"}],\"inLanguage\":\"fr-FR\"},{\"@type\":\"Organization\",\"@id\":\"https:\/\/peoplesphere.be\/fr\/#organization\",\"name\":\"Peoplesphere Company srl\",\"url\":\"https:\/\/peoplesphere.be\/fr\/\",\"logo\":{\"@type\":\"ImageObject\",\"inLanguage\":\"fr-FR\",\"@id\":\"https:\/\/peoplesphere.be\/fr\/#\/schema\/logo\/image\/\",\"url\":\"https:\/\/peoplesphere.be\/fr\/wp-content\/uploads\/2023\/07\/peoplesphere-lgo-new-generik.jpg\",\"contentUrl\":\"https:\/\/peoplesphere.be\/fr\/wp-content\/uploads\/2023\/07\/peoplesphere-lgo-new-generik.jpg\",\"width\":1031,\"height\":1479,\"caption\":\"Peoplesphere Company srl\"},\"image\":{\"@id\":\"https:\/\/peoplesphere.be\/fr\/#\/schema\/logo\/image\/\"},\"sameAs\":[\"https:\/\/www.facebook.com\/peoplesphere\",\"https:\/\/twitter.com\/PeoplesphereMag\",\"https:\/\/www.linkedin.com\/company\/7587361?trk\",\"http:\/\/youtube.com\/peoplesphere\"]},{\"@type\":\"Person\",\"@id\":\"https:\/\/peoplesphere.be\/fr\/#\/schema\/person\/7976225ff17988604334abb7b3536a7e\",\"name\":\"Jean-Paul Erhard\",\"image\":{\"@type\":\"ImageObject\",\"inLanguage\":\"fr-FR\",\"@id\":\"https:\/\/peoplesphere.be\/fr\/#\/schema\/person\/image\/\",\"url\":\"https:\/\/secure.gravatar.com\/avatar\/f941e681460179738071629a51574930?s=96&d=mm&r=g\",\"contentUrl\":\"https:\/\/secure.gravatar.com\/avatar\/f941e681460179738071629a51574930?s=96&d=mm&r=g\",\"caption\":\"Jean-Paul Erhard\"},\"url\":\"https:\/\/peoplesphere.be\/fr\/author\/jpe\/\"}]}<\/script>\n<!-- \/ Yoast SEO plugin. -->","yoast_head_json":{"title":"Monitoring du temps de travail: une priorit\u00e9 pour 60% des travailleurs qui y trouvent un meilleur \u00e9quilibre priv\u00e9\/professionnel. - Peoplesphere","robots":{"index":"index","follow":"follow","max-snippet":"max-snippet:-1","max-image-preview":"max-image-preview:large","max-video-preview":"max-video-preview:-1"},"canonical":"https:\/\/peoplesphere.be\/fr\/monitoring-temps-de-travail-priorite-60-travailleurs-y-trouvent-meilleur-equilibre-prive-professionnel\/","og_locale":"fr_FR","og_type":"article","og_title":"Monitoring du temps de travail: une priorit\u00e9 pour 60% des travailleurs qui y trouvent un meilleur \u00e9quilibre priv\u00e9\/professionnel. - Peoplesphere","og_description":"Six Belges sur dix surveillent consciencieusement leur temps de travail. Il s&rsquo;agit du deuxi\u00e8me score le plus bas en Europe apr\u00e8s la France. Les leaders sont la Su\u00e8de et l&rsquo;Allemagne avec environ 80% ; l&rsquo;Italie cl\u00f4ture le trio de t\u00eate [&hellip;]","og_url":"https:\/\/peoplesphere.be\/fr\/monitoring-temps-de-travail-priorite-60-travailleurs-y-trouvent-meilleur-equilibre-prive-professionnel\/","og_site_name":"Peoplesphere","article_publisher":"https:\/\/www.facebook.com\/peoplesphere","article_published_time":"2023-01-27T03:55:51+00:00","og_image":[{"width":1200,"height":675,"url":"https:\/\/peoplesphere.be\/fr\/wp-content\/uploads\/2023\/01\/20230127sablier.jpg","type":"image\/jpeg"}],"author":"Jean-Paul Erhard","twitter_card":"summary_large_image","twitter_creator":"@PeoplesphereMag","twitter_site":"@PeoplesphereMag","twitter_misc":{"\u00c9crit par":"Jean-Paul Erhard","Dur\u00e9e de lecture estim\u00e9e":"4 minutes"},"schema":{"@context":"https:\/\/schema.org","@graph":[{"@type":"Article","@id":"https:\/\/peoplesphere.be\/fr\/monitoring-temps-de-travail-priorite-60-travailleurs-y-trouvent-meilleur-equilibre-prive-professionnel\/#article","isPartOf":{"@id":"https:\/\/peoplesphere.be\/fr\/monitoring-temps-de-travail-priorite-60-travailleurs-y-trouvent-meilleur-equilibre-prive-professionnel\/"},"author":{"name":"Jean-Paul Erhard","@id":"https:\/\/peoplesphere.be\/fr\/#\/schema\/person\/7976225ff17988604334abb7b3536a7e"},"headline":"Monitoring du temps de travail: une priorit\u00e9 pour 60% des travailleurs qui y trouvent un meilleur \u00e9quilibre priv\u00e9\/professionnel.","datePublished":"2023-01-27T03:55:51+00:00","dateModified":"2023-01-27T03:55:51+00:00","mainEntityOfPage":{"@id":"https:\/\/peoplesphere.be\/fr\/monitoring-temps-de-travail-priorite-60-travailleurs-y-trouvent-meilleur-equilibre-prive-professionnel\/"},"wordCount":867,"publisher":{"@id":"https:\/\/peoplesphere.be\/fr\/#organization"},"keywords":["bien-\u00eatre","enregistrement du temps de travail","\u00e9quilibre priv\u00e9\/professionnel","monitoring","planification","temps de travail","workforce planning"],"articleSection":["Actualit\u00e9s","Digital"],"inLanguage":"fr-FR"},{"@type":"WebPage","@id":"https:\/\/peoplesphere.be\/fr\/monitoring-temps-de-travail-priorite-60-travailleurs-y-trouvent-meilleur-equilibre-prive-professionnel\/","url":"https:\/\/peoplesphere.be\/fr\/monitoring-temps-de-travail-priorite-60-travailleurs-y-trouvent-meilleur-equilibre-prive-professionnel\/","name":"Monitoring du temps de travail: une priorit\u00e9 pour 60% des travailleurs qui y trouvent un meilleur \u00e9quilibre priv\u00e9\/professionnel. - Peoplesphere","isPartOf":{"@id":"https:\/\/peoplesphere.be\/fr\/#website"},"datePublished":"2023-01-27T03:55:51+00:00","dateModified":"2023-01-27T03:55:51+00:00","breadcrumb":{"@id":"https:\/\/peoplesphere.be\/fr\/monitoring-temps-de-travail-priorite-60-travailleurs-y-trouvent-meilleur-equilibre-prive-professionnel\/#breadcrumb"},"inLanguage":"fr-FR","potentialAction":[{"@type":"ReadAction","target":["https:\/\/peoplesphere.be\/fr\/monitoring-temps-de-travail-priorite-60-travailleurs-y-trouvent-meilleur-equilibre-prive-professionnel\/"]}]},{"@type":"BreadcrumbList","@id":"https:\/\/peoplesphere.be\/fr\/monitoring-temps-de-travail-priorite-60-travailleurs-y-trouvent-meilleur-equilibre-prive-professionnel\/#breadcrumb","itemListElement":[{"@type":"ListItem","position":1,"name":"Accueil","item":"https:\/\/peoplesphere.be\/fr\/"},{"@type":"ListItem","position":2,"name":"Monitoring du temps de travail: une priorit\u00e9 pour 60% des travailleurs qui y trouvent un meilleur \u00e9quilibre priv\u00e9\/professionnel."}]},{"@type":"WebSite","@id":"https:\/\/peoplesphere.be\/fr\/#website","url":"https:\/\/peoplesphere.be\/fr\/","name":"Peoplesphere","description":"The People Managers Magazine","publisher":{"@id":"https:\/\/peoplesphere.be\/fr\/#organization"},"potentialAction":[{"@type":"SearchAction","target":{"@type":"EntryPoint","urlTemplate":"https:\/\/peoplesphere.be\/fr\/?s={search_term_string}"},"query-input":"required name=search_term_string"}],"inLanguage":"fr-FR"},{"@type":"Organization","@id":"https:\/\/peoplesphere.be\/fr\/#organization","name":"Peoplesphere Company srl","url":"https:\/\/peoplesphere.be\/fr\/","logo":{"@type":"ImageObject","inLanguage":"fr-FR","@id":"https:\/\/peoplesphere.be\/fr\/#\/schema\/logo\/image\/","url":"https:\/\/peoplesphere.be\/fr\/wp-content\/uploads\/2023\/07\/peoplesphere-lgo-new-generik.jpg","contentUrl":"https:\/\/peoplesphere.be\/fr\/wp-content\/uploads\/2023\/07\/peoplesphere-lgo-new-generik.jpg","width":1031,"height":1479,"caption":"Peoplesphere Company srl"},"image":{"@id":"https:\/\/peoplesphere.be\/fr\/#\/schema\/logo\/image\/"},"sameAs":["https:\/\/www.facebook.com\/peoplesphere","https:\/\/twitter.com\/PeoplesphereMag","https:\/\/www.linkedin.com\/company\/7587361?trk","http:\/\/youtube.com\/peoplesphere"]},{"@type":"Person","@id":"https:\/\/peoplesphere.be\/fr\/#\/schema\/person\/7976225ff17988604334abb7b3536a7e","name":"Jean-Paul Erhard","image":{"@type":"ImageObject","inLanguage":"fr-FR","@id":"https:\/\/peoplesphere.be\/fr\/#\/schema\/person\/image\/","url":"https:\/\/secure.gravatar.com\/avatar\/f941e681460179738071629a51574930?s=96&d=mm&r=g","contentUrl":"https:\/\/secure.gravatar.com\/avatar\/f941e681460179738071629a51574930?s=96&d=mm&r=g","caption":"Jean-Paul Erhard"},"url":"https:\/\/peoplesphere.be\/fr\/author\/jpe\/"}]}},"_links":{"self":[{"href":"https:\/\/peoplesphere.be\/fr\/wp-json\/wp\/v2\/posts\/13970"}],"collection":[{"href":"https:\/\/peoplesphere.be\/fr\/wp-json\/wp\/v2\/posts"}],"about":[{"href":"https:\/\/peoplesphere.be\/fr\/wp-json\/wp\/v2\/types\/post"}],"author":[{"embeddable":true,"href":"https:\/\/peoplesphere.be\/fr\/wp-json\/wp\/v2\/users\/2"}],"replies":[{"embeddable":true,"href":"https:\/\/peoplesphere.be\/fr\/wp-json\/wp\/v2\/comments?post=13970"}],"version-history":[{"count":1,"href":"https:\/\/peoplesphere.be\/fr\/wp-json\/wp\/v2\/posts\/13970\/revisions"}],"predecessor-version":[{"id":13972,"href":"https:\/\/peoplesphere.be\/fr\/wp-json\/wp\/v2\/posts\/13970\/revisions\/13972"}],"wp:featuredmedia":[{"embeddable":true,"href":"https:\/\/peoplesphere.be\/fr\/wp-json\/wp\/v2\/media\/13971"}],"wp:attachment":[{"href":"https:\/\/peoplesphere.be\/fr\/wp-json\/wp\/v2\/media?parent=13970"}],"wp:term":[{"taxonomy":"category","embeddable":true,"href":"https:\/\/peoplesphere.be\/fr\/wp-json\/wp\/v2\/categories?post=13970"},{"taxonomy":"post_tag","embeddable":true,"href":"https:\/\/peoplesphere.be\/fr\/wp-json\/wp\/v2\/tags?post=13970"}],"curies":[{"name":"wp","href":"https:\/\/api.w.org\/{rel}","templated":true}]}}