









{"id":13978,"date":"2023-01-31T07:42:34","date_gmt":"2023-01-31T05:42:34","guid":{"rendered":"https:\/\/peoplesphere.be\/fr\/?p=13978"},"modified":"2023-01-31T07:43:08","modified_gmt":"2023-01-31T05:43:08","slug":"face-a-sensation-generalisee-depuisement-a-fin-dune-journee-de-travail-jeunes-privilegient-lequilibre-prive-professionnel-salaire","status":"publish","type":"post","link":"https:\/\/peoplesphere.be\/fr\/face-a-sensation-generalisee-depuisement-a-fin-dune-journee-de-travail-jeunes-privilegient-lequilibre-prive-professionnel-salaire\/","title":{"rendered":"Face \u00e0 la sensation g\u00e9n\u00e9ralis\u00e9e d&rsquo;\u00e9puisement \u00e0 la fin d&rsquo;une journ\u00e9e de travail, les jeunes privil\u00e9gient l&rsquo;\u00e9quilibre priv\u00e9\/professionnel au salaire."},"content":{"rendered":"<p>Un meilleur \u00e9quilibre entre travail et vie priv\u00e9e constitue la grande priorit\u00e9 des Belges actifs et prime m\u00eame sur la r\u00e9mun\u00e9ration. Car, bien que la plupart de nos compatriotes aiment leur travail (7 sur 10), la pression \u00e9lev\u00e9e reste un \u00e9l\u00e9ment d&rsquo;attention, selon une enqu\u00eate du sp\u00e9cialiste de l&rsquo;int\u00e9rim Vivaldis Interim aupr\u00e8s de 1 000 Belges actifs. Pas moins de 4 Belges sur 10 ont des difficult\u00e9s \u00e0 se d\u00e9tendre \u00e0 la fin de leur journ\u00e9e de travail. Chez les jeunes, c&rsquo;est m\u00eame plus de la moiti\u00e9 (53 %) et 67% se sentent \u00e9galement \u00e9puis\u00e9s \u00e0 ce moment-l\u00e0.<!--more--><\/p>\n<p>Experte en gestion de stress et en bien-\u00eatre au travail Elke Van Hoof : <em>\u00ab\u00a0Dans notre soci\u00e9t\u00e9 \u00e9voluant \u00e0 toute vitesse, il est fondamental d&rsquo;apprendre \u00e0 trouver l&rsquo;\u00e9quilibre. Ces chiffres montrent que c&rsquo;est un art que nous ne ma\u00eetrisons pas (encore). En particulier les jeunes, parce qu&rsquo;ils n&rsquo;ont pas encore d\u00e9velopp\u00e9 des aptitudes telles que la capacit\u00e9 \u00e0 nuancer et le coping proactif.\u00a0\u00bb<\/em><\/p>\n<p>Voici les principaux r\u00e9sultats de l&rsquo;enqu\u00eate men\u00e9e par Vivaldis Interim aupr\u00e8s de 1 000 Belges actifs :<\/p>\n<ul>\n<li>La principale priorit\u00e9 du Belge est un bon \u00e9quilibre entre travail et vie priv\u00e9e. Il juge cela plus important que son salaire.<\/li>\n<li>Le Belge aime son travail et lui attribue une note moyenne de 7\/10.<\/li>\n<li>Il \u00e9value son niveau de stress en moyenne \u00e0 6\/10. 4 Belges sur 10 ont besoin de temps pour r\u00e9cup\u00e9rer de leur journ\u00e9e de travail. Cela repr\u00e9sente un d\u00e9fi particuli\u00e8rement important pour les jeunes de la g\u00e9n\u00e9ration Z (53%) et pas moins de 67% d&rsquo;entre eux se sentent \u00e9galement \u00e9puis\u00e9s apr\u00e8s le travail.<\/li>\n<li>Les Belges pensent que le niveau de stress (34%) et la pression au travail (41%) vont encore augmenter au cours de l&rsquo;ann\u00e9e \u00e0 venir.<\/li>\n<\/ul>\n<p><strong><em>Quelles sont les priorit\u00e9s professionnelles du Belge ? <\/em><\/strong><\/p>\n<p>Un bon \u00e9quilibre entre travail et vie priv\u00e9e arrive en t\u00eate (72 % dans le top 3), suivi de la s\u00e9curit\u00e9 de l&#8217;emploi (67 % dans le top 3), du temps libre (50 % dans le top 3) et d&rsquo;un bon salaire (44 % dans le top 3). 43 % des Belges souhaitent y aller plus doucement au travail, tandis que 20 % souhaitent au contraire redoubler d&rsquo;efforts.<\/p>\n<p>Elke Van Hoof : <em>\u00ab\u00a0Une tendance claire est apparue sur notre march\u00e9 de l&#8217;emploi qui voit les travailleurs ne plus vouloir aller au-del\u00e0 de leurs limites. D&rsquo;abord la \u00ab SA Moi \u00bb, puis le travail. Ils essaient ainsi de se prot\u00e9ger contre le surmenage, mais le revers de la m\u00e9daille est que cela sape davantage la r\u00e9silience au sein d&rsquo;une organisation. Il est important que les entreprises en soient conscientes et apprennent \u00e0 aider leurs collaborateurs \u00e0 devenir r\u00e9silients. Cela peut se faire en d\u00e9veloppant la cocr\u00e9ation et le travail d&rsquo;\u00e9quipe de mani\u00e8re proactive. Si elles ne misent pas l\u00e0-dessus, elles courent le risque que les travailleurs partent \u00e0 la premi\u00e8re offre int\u00e9ressante.\u00a0\u00bb<\/em><\/p>\n<p>Le Belge a \u00e9galement constat\u00e9 cette tendance et s&rsquo;attend \u00e0 ce qu&rsquo;elle s&rsquo;\u00e9tende davantage. 23% des sond\u00e9s indiquent ainsi que l&rsquo;engagement des collaborateurs \u00e0 en faire plus va encore diminuer (contre 15% qui pensent le contraire). La volont\u00e9 de faire des heures suppl\u00e9mentaires devrait aussi baisser selon 29% des Belges (contre 15% qui sont d&rsquo;avis qu&rsquo;elle va augmenter), tout comme celle de r\u00e9pondre aux e-mails\/appels en dehors des heures de travail (contre 12%). D&rsquo;un autre c\u00f4t\u00e9, 20% des sond\u00e9s pensent que l&rsquo;envie d&rsquo;assumer plus de responsabilit\u00e9s va cro\u00eetre (contre 19%). Un cinqui\u00e8me pense aussi que la coll\u00e9gialit\u00e9 et la collaboration vont augmenter (contre 12%).<\/p>\n<p><strong><em>TGIM ou blues du lundi ?<\/em><\/strong><\/p>\n<p>En g\u00e9n\u00e9ral, le Belge aime son travail actuel. Il lui attribue d\u00e8s lors une note moyenne de 7\/10. Environ 4 Belges sur 10 ne pr\u00e9voient par cons\u00e9quent aucun changement professionnel au cours de l&rsquo;ann\u00e9e \u00e0 venir. 16% souhaitent suivre plus de formations dans le cadre de leur fonction actuelle et 10% visent une promotion. Seuls 13% entendent chercher un nouvel emploi en 2023.<\/p>\n<p>Par ailleurs, le Belge ne semble pas particuli\u00e8rement souffrir du blues du lundi. Commencer une nouvelle semaine de travail correspond pour nous \u00e0 un \u00ab niveau de difficult\u00e9 \u00bb de 5\/10. Ceux qui ont du mal le lundi matin indiquent que c&rsquo;est surtout \u00e0 cause du fait qu&rsquo;ils pr\u00e9f\u00e9reraient tout simplement \u00eatre en cong\u00e9 (30%). Parmi les autres raisons, on retrouve la hausse des exigences li\u00e9es au travail (24%), un manque de consid\u00e9ration (19%) et le sentiment d&rsquo;\u00eatre surmen\u00e9 (18%).<\/p>\n<p><strong><em>Les jeunes ont particuli\u00e8rement du mal \u00e0 se d\u00e9tacher du travail<\/em><\/strong><\/p>\n<p>Le Belge \u00e9value son niveau de stress au travail \u00e0 6\/10 en moyenne et 34% s&rsquo;attendent \u00e0 ce que ce dernier monte encore en 2023. 4 Belges sur 10 (41%) pr\u00e9voient aussi que la pression au travail va augmenter (contre 8% qui pensent qu&rsquo;elle va diminuer).<\/p>\n<p>49% des sond\u00e9s se rendent compte qu&rsquo;ils doivent faire attention au surmenage. 31% essaient d\u00e8s lors de faire r\u00e9guli\u00e8rement de petites pauses. 21% des Belges actifs pr\u00e9viennent \u00e0 temps quand cela devient trop pour eux et la m\u00eame proportion \u00e9vite les heures suppl\u00e9mentaires.<\/p>\n<p>Nous cherchons \u00e9galement souvent les rem\u00e8des contre le stress professionnel en dehors des heures de travail. 44% essaient ainsi avant tout de bien se d\u00e9tendre durant leur temps libre et de se d\u00e9connecter en ne consultant aucun mail (26%) ou en ne r\u00e9pondant pas au t\u00e9l\u00e9phone (22%) en dehors des heures de travail. Mais se d\u00e9tacher du boulot n&rsquo;appara\u00eet pas toujours aussi simple. Pas moins de 4 Belges sur 10 indiquent en effet avoir des difficult\u00e9s \u00e0 se d\u00e9tendre \u00e0 la fin de leur journ\u00e9e. 43% ont besoin de plus d&rsquo;une heure pour se remettre apr\u00e8s le travail. \u00c0 noter que cela repr\u00e9sente particuli\u00e8rement un d\u00e9fi pour les jeunes travailleurs (18-26 ans), dont 64% ont besoin de plus de temps pour laisser leur journ\u00e9e de travail derri\u00e8re eux. Plus de la moiti\u00e9 des Belges (54%) affirment en outre se sentir \u00e9puis\u00e9s \u00e0 la fin de la journ\u00e9e. Sur ce point aussi, la plus jeune g\u00e9n\u00e9ration rencontre le plus de difficult\u00e9s (67%).<\/p>\n<p>Elke Van Hoof : <em>\u00ab\u00a0Le Belge est casanier. Et c&rsquo;est parfait quand les choses vont bien, mais lorsque la r\u00e9silience diminue, cela peut fortement perturber la souplesse d&rsquo;une entreprise. Cette enqu\u00eate montre \u00e0 nouveau que le Belge souhaite de plus en plus poser ses limites pour s&rsquo;armer contre le surmenage. Mais cela se r\u00e9v\u00e8le compliqu\u00e9. Nos travailleurs doivent r\u00e9apprendre \u00e0 \u00eatre r\u00e9silients. Surtout les jeunes, parce qu&rsquo;ils n&rsquo;ont jamais fait cet apprentissage. Cela repr\u00e9sente un sacr\u00e9 d\u00e9fi pour nombre d&rsquo;entreprises. Beaucoup d&rsquo;entre elles essaient de g\u00e9rer la nouvelle polycrise avec les recettes d&rsquo;avant la pand\u00e9mie. Mais ces derni\u00e8res ne conviennent plus. Les entreprises doivent v\u00e9ritablement prendre leurs collaborateurs par la main et int\u00e9grer un syst\u00e8me flexible de formation en cours d&#8217;emploi. Les entreprises qui mettront cela en place auront une longueur d&rsquo;avance sur le march\u00e9 de l&#8217;emploi.\u00a0\u00bb<\/em><\/p>\n<p>&nbsp;<\/p>\n<p><em>Source: Vivaldis Interim<\/em><\/p>\n","protected":false},"excerpt":{"rendered":"<p>Un meilleur \u00e9quilibre entre travail et vie priv\u00e9e constitue la grande priorit\u00e9 des Belges actifs et prime m\u00eame sur la r\u00e9mun\u00e9ration. Car, bien que la plupart de nos compatriotes aiment leur travail (7 sur 10), la pression \u00e9lev\u00e9e reste un [&hellip;]<\/p>\n","protected":false},"author":2,"featured_media":13979,"comment_status":"closed","ping_status":"open","sticky":false,"template":"","format":"standard","meta":[],"categories":[65,10],"tags":[96,647,33,18],"yoast_head":"<!-- This site is optimized with the Yoast SEO plugin v21.0 - https:\/\/yoast.com\/wordpress\/plugins\/seo\/ -->\n<title>Face \u00e0 la sensation g\u00e9n\u00e9ralis\u00e9e d&#039;\u00e9puisement \u00e0 la fin d&#039;une journ\u00e9e de travail, les jeunes privil\u00e9gient l&#039;\u00e9quilibre priv\u00e9\/professionnel au salaire. - Peoplesphere<\/title>\n<meta name=\"robots\" content=\"index, follow, max-snippet:-1, max-image-preview:large, max-video-preview:-1\" \/>\n<link rel=\"canonical\" href=\"https:\/\/peoplesphere.be\/fr\/face-a-sensation-generalisee-depuisement-a-fin-dune-journee-de-travail-jeunes-privilegient-lequilibre-prive-professionnel-salaire\/\" \/>\n<meta property=\"og:locale\" content=\"fr_FR\" \/>\n<meta property=\"og:type\" content=\"article\" \/>\n<meta property=\"og:title\" content=\"Face \u00e0 la sensation g\u00e9n\u00e9ralis\u00e9e d&#039;\u00e9puisement \u00e0 la fin d&#039;une journ\u00e9e de travail, les jeunes privil\u00e9gient l&#039;\u00e9quilibre priv\u00e9\/professionnel au salaire. - Peoplesphere\" \/>\n<meta property=\"og:description\" content=\"Un meilleur \u00e9quilibre entre travail et vie priv\u00e9e constitue la grande priorit\u00e9 des Belges actifs et prime m\u00eame sur la r\u00e9mun\u00e9ration. Car, bien que la plupart de nos compatriotes aiment leur travail (7 sur 10), la pression \u00e9lev\u00e9e reste un [&hellip;]\" \/>\n<meta property=\"og:url\" content=\"https:\/\/peoplesphere.be\/fr\/face-a-sensation-generalisee-depuisement-a-fin-dune-journee-de-travail-jeunes-privilegient-lequilibre-prive-professionnel-salaire\/\" \/>\n<meta property=\"og:site_name\" content=\"Peoplesphere\" \/>\n<meta property=\"article:publisher\" content=\"https:\/\/www.facebook.com\/peoplesphere\" \/>\n<meta property=\"article:published_time\" content=\"2023-01-31T05:42:34+00:00\" \/>\n<meta property=\"article:modified_time\" content=\"2023-01-31T05:43:08+00:00\" \/>\n<meta property=\"og:image\" content=\"https:\/\/peoplesphere.be\/fr\/wp-content\/uploads\/2023\/01\/20230131exhausted.jpg\" \/>\n\t<meta property=\"og:image:width\" content=\"800\" \/>\n\t<meta property=\"og:image:height\" content=\"416\" \/>\n\t<meta property=\"og:image:type\" content=\"image\/jpeg\" \/>\n<meta name=\"author\" content=\"Jean-Paul Erhard\" \/>\n<meta name=\"twitter:card\" content=\"summary_large_image\" \/>\n<meta name=\"twitter:creator\" content=\"@PeoplesphereMag\" \/>\n<meta name=\"twitter:site\" content=\"@PeoplesphereMag\" \/>\n<meta name=\"twitter:label1\" content=\"\u00c9crit par\" \/>\n\t<meta name=\"twitter:data1\" content=\"Jean-Paul Erhard\" \/>\n\t<meta name=\"twitter:label2\" content=\"Dur\u00e9e de lecture estim\u00e9e\" \/>\n\t<meta name=\"twitter:data2\" content=\"6 minutes\" \/>\n<script type=\"application\/ld+json\" class=\"yoast-schema-graph\">{\"@context\":\"https:\/\/schema.org\",\"@graph\":[{\"@type\":\"Article\",\"@id\":\"https:\/\/peoplesphere.be\/fr\/face-a-sensation-generalisee-depuisement-a-fin-dune-journee-de-travail-jeunes-privilegient-lequilibre-prive-professionnel-salaire\/#article\",\"isPartOf\":{\"@id\":\"https:\/\/peoplesphere.be\/fr\/face-a-sensation-generalisee-depuisement-a-fin-dune-journee-de-travail-jeunes-privilegient-lequilibre-prive-professionnel-salaire\/\"},\"author\":{\"name\":\"Jean-Paul Erhard\",\"@id\":\"https:\/\/peoplesphere.be\/fr\/#\/schema\/person\/7976225ff17988604334abb7b3536a7e\"},\"headline\":\"Face \u00e0 la sensation g\u00e9n\u00e9ralis\u00e9e d&rsquo;\u00e9puisement \u00e0 la fin d&rsquo;une journ\u00e9e de travail, les jeunes privil\u00e9gient l&rsquo;\u00e9quilibre priv\u00e9\/professionnel au salaire.\",\"datePublished\":\"2023-01-31T05:42:34+00:00\",\"dateModified\":\"2023-01-31T05:43:08+00:00\",\"mainEntityOfPage\":{\"@id\":\"https:\/\/peoplesphere.be\/fr\/face-a-sensation-generalisee-depuisement-a-fin-dune-journee-de-travail-jeunes-privilegient-lequilibre-prive-professionnel-salaire\/\"},\"wordCount\":1170,\"publisher\":{\"@id\":\"https:\/\/peoplesphere.be\/fr\/#organization\"},\"keywords\":[\"bien-\u00eatre\",\"\u00e9quilibre priv\u00e9\/professionnel\",\"salaire\",\"Stress\"],\"articleSection\":[\"Actualit\u00e9s\",\"Digital\"],\"inLanguage\":\"fr-FR\"},{\"@type\":\"WebPage\",\"@id\":\"https:\/\/peoplesphere.be\/fr\/face-a-sensation-generalisee-depuisement-a-fin-dune-journee-de-travail-jeunes-privilegient-lequilibre-prive-professionnel-salaire\/\",\"url\":\"https:\/\/peoplesphere.be\/fr\/face-a-sensation-generalisee-depuisement-a-fin-dune-journee-de-travail-jeunes-privilegient-lequilibre-prive-professionnel-salaire\/\",\"name\":\"Face \u00e0 la sensation g\u00e9n\u00e9ralis\u00e9e d'\u00e9puisement \u00e0 la fin d'une journ\u00e9e de travail, les jeunes privil\u00e9gient l'\u00e9quilibre priv\u00e9\/professionnel au salaire. - Peoplesphere\",\"isPartOf\":{\"@id\":\"https:\/\/peoplesphere.be\/fr\/#website\"},\"datePublished\":\"2023-01-31T05:42:34+00:00\",\"dateModified\":\"2023-01-31T05:43:08+00:00\",\"breadcrumb\":{\"@id\":\"https:\/\/peoplesphere.be\/fr\/face-a-sensation-generalisee-depuisement-a-fin-dune-journee-de-travail-jeunes-privilegient-lequilibre-prive-professionnel-salaire\/#breadcrumb\"},\"inLanguage\":\"fr-FR\",\"potentialAction\":[{\"@type\":\"ReadAction\",\"target\":[\"https:\/\/peoplesphere.be\/fr\/face-a-sensation-generalisee-depuisement-a-fin-dune-journee-de-travail-jeunes-privilegient-lequilibre-prive-professionnel-salaire\/\"]}]},{\"@type\":\"BreadcrumbList\",\"@id\":\"https:\/\/peoplesphere.be\/fr\/face-a-sensation-generalisee-depuisement-a-fin-dune-journee-de-travail-jeunes-privilegient-lequilibre-prive-professionnel-salaire\/#breadcrumb\",\"itemListElement\":[{\"@type\":\"ListItem\",\"position\":1,\"name\":\"Accueil\",\"item\":\"https:\/\/peoplesphere.be\/fr\/\"},{\"@type\":\"ListItem\",\"position\":2,\"name\":\"Face \u00e0 la sensation g\u00e9n\u00e9ralis\u00e9e d&rsquo;\u00e9puisement \u00e0 la fin d&rsquo;une journ\u00e9e de travail, les jeunes privil\u00e9gient l&rsquo;\u00e9quilibre priv\u00e9\/professionnel au salaire.\"}]},{\"@type\":\"WebSite\",\"@id\":\"https:\/\/peoplesphere.be\/fr\/#website\",\"url\":\"https:\/\/peoplesphere.be\/fr\/\",\"name\":\"Peoplesphere\",\"description\":\"The People Managers Magazine\",\"publisher\":{\"@id\":\"https:\/\/peoplesphere.be\/fr\/#organization\"},\"potentialAction\":[{\"@type\":\"SearchAction\",\"target\":{\"@type\":\"EntryPoint\",\"urlTemplate\":\"https:\/\/peoplesphere.be\/fr\/?s={search_term_string}\"},\"query-input\":\"required name=search_term_string\"}],\"inLanguage\":\"fr-FR\"},{\"@type\":\"Organization\",\"@id\":\"https:\/\/peoplesphere.be\/fr\/#organization\",\"name\":\"Peoplesphere Company srl\",\"url\":\"https:\/\/peoplesphere.be\/fr\/\",\"logo\":{\"@type\":\"ImageObject\",\"inLanguage\":\"fr-FR\",\"@id\":\"https:\/\/peoplesphere.be\/fr\/#\/schema\/logo\/image\/\",\"url\":\"https:\/\/peoplesphere.be\/fr\/wp-content\/uploads\/2023\/07\/peoplesphere-lgo-new-generik.jpg\",\"contentUrl\":\"https:\/\/peoplesphere.be\/fr\/wp-content\/uploads\/2023\/07\/peoplesphere-lgo-new-generik.jpg\",\"width\":1031,\"height\":1479,\"caption\":\"Peoplesphere Company srl\"},\"image\":{\"@id\":\"https:\/\/peoplesphere.be\/fr\/#\/schema\/logo\/image\/\"},\"sameAs\":[\"https:\/\/www.facebook.com\/peoplesphere\",\"https:\/\/twitter.com\/PeoplesphereMag\",\"https:\/\/www.linkedin.com\/company\/7587361?trk\",\"http:\/\/youtube.com\/peoplesphere\"]},{\"@type\":\"Person\",\"@id\":\"https:\/\/peoplesphere.be\/fr\/#\/schema\/person\/7976225ff17988604334abb7b3536a7e\",\"name\":\"Jean-Paul Erhard\",\"image\":{\"@type\":\"ImageObject\",\"inLanguage\":\"fr-FR\",\"@id\":\"https:\/\/peoplesphere.be\/fr\/#\/schema\/person\/image\/\",\"url\":\"https:\/\/secure.gravatar.com\/avatar\/f941e681460179738071629a51574930?s=96&d=mm&r=g\",\"contentUrl\":\"https:\/\/secure.gravatar.com\/avatar\/f941e681460179738071629a51574930?s=96&d=mm&r=g\",\"caption\":\"Jean-Paul Erhard\"},\"url\":\"https:\/\/peoplesphere.be\/fr\/author\/jpe\/\"}]}<\/script>\n<!-- \/ Yoast SEO plugin. -->","yoast_head_json":{"title":"Face \u00e0 la sensation g\u00e9n\u00e9ralis\u00e9e d'\u00e9puisement \u00e0 la fin d'une journ\u00e9e de travail, les jeunes privil\u00e9gient l'\u00e9quilibre priv\u00e9\/professionnel au salaire. - Peoplesphere","robots":{"index":"index","follow":"follow","max-snippet":"max-snippet:-1","max-image-preview":"max-image-preview:large","max-video-preview":"max-video-preview:-1"},"canonical":"https:\/\/peoplesphere.be\/fr\/face-a-sensation-generalisee-depuisement-a-fin-dune-journee-de-travail-jeunes-privilegient-lequilibre-prive-professionnel-salaire\/","og_locale":"fr_FR","og_type":"article","og_title":"Face \u00e0 la sensation g\u00e9n\u00e9ralis\u00e9e d'\u00e9puisement \u00e0 la fin d'une journ\u00e9e de travail, les jeunes privil\u00e9gient l'\u00e9quilibre priv\u00e9\/professionnel au salaire. - Peoplesphere","og_description":"Un meilleur \u00e9quilibre entre travail et vie priv\u00e9e constitue la grande priorit\u00e9 des Belges actifs et prime m\u00eame sur la r\u00e9mun\u00e9ration. Car, bien que la plupart de nos compatriotes aiment leur travail (7 sur 10), la pression \u00e9lev\u00e9e reste un [&hellip;]","og_url":"https:\/\/peoplesphere.be\/fr\/face-a-sensation-generalisee-depuisement-a-fin-dune-journee-de-travail-jeunes-privilegient-lequilibre-prive-professionnel-salaire\/","og_site_name":"Peoplesphere","article_publisher":"https:\/\/www.facebook.com\/peoplesphere","article_published_time":"2023-01-31T05:42:34+00:00","article_modified_time":"2023-01-31T05:43:08+00:00","og_image":[{"width":800,"height":416,"url":"https:\/\/peoplesphere.be\/fr\/wp-content\/uploads\/2023\/01\/20230131exhausted.jpg","type":"image\/jpeg"}],"author":"Jean-Paul Erhard","twitter_card":"summary_large_image","twitter_creator":"@PeoplesphereMag","twitter_site":"@PeoplesphereMag","twitter_misc":{"\u00c9crit par":"Jean-Paul Erhard","Dur\u00e9e de lecture estim\u00e9e":"6 minutes"},"schema":{"@context":"https:\/\/schema.org","@graph":[{"@type":"Article","@id":"https:\/\/peoplesphere.be\/fr\/face-a-sensation-generalisee-depuisement-a-fin-dune-journee-de-travail-jeunes-privilegient-lequilibre-prive-professionnel-salaire\/#article","isPartOf":{"@id":"https:\/\/peoplesphere.be\/fr\/face-a-sensation-generalisee-depuisement-a-fin-dune-journee-de-travail-jeunes-privilegient-lequilibre-prive-professionnel-salaire\/"},"author":{"name":"Jean-Paul Erhard","@id":"https:\/\/peoplesphere.be\/fr\/#\/schema\/person\/7976225ff17988604334abb7b3536a7e"},"headline":"Face \u00e0 la sensation g\u00e9n\u00e9ralis\u00e9e d&rsquo;\u00e9puisement \u00e0 la fin d&rsquo;une journ\u00e9e de travail, les jeunes privil\u00e9gient l&rsquo;\u00e9quilibre priv\u00e9\/professionnel au salaire.","datePublished":"2023-01-31T05:42:34+00:00","dateModified":"2023-01-31T05:43:08+00:00","mainEntityOfPage":{"@id":"https:\/\/peoplesphere.be\/fr\/face-a-sensation-generalisee-depuisement-a-fin-dune-journee-de-travail-jeunes-privilegient-lequilibre-prive-professionnel-salaire\/"},"wordCount":1170,"publisher":{"@id":"https:\/\/peoplesphere.be\/fr\/#organization"},"keywords":["bien-\u00eatre","\u00e9quilibre priv\u00e9\/professionnel","salaire","Stress"],"articleSection":["Actualit\u00e9s","Digital"],"inLanguage":"fr-FR"},{"@type":"WebPage","@id":"https:\/\/peoplesphere.be\/fr\/face-a-sensation-generalisee-depuisement-a-fin-dune-journee-de-travail-jeunes-privilegient-lequilibre-prive-professionnel-salaire\/","url":"https:\/\/peoplesphere.be\/fr\/face-a-sensation-generalisee-depuisement-a-fin-dune-journee-de-travail-jeunes-privilegient-lequilibre-prive-professionnel-salaire\/","name":"Face \u00e0 la sensation g\u00e9n\u00e9ralis\u00e9e d'\u00e9puisement \u00e0 la fin d'une journ\u00e9e de travail, les jeunes privil\u00e9gient l'\u00e9quilibre priv\u00e9\/professionnel au salaire. - Peoplesphere","isPartOf":{"@id":"https:\/\/peoplesphere.be\/fr\/#website"},"datePublished":"2023-01-31T05:42:34+00:00","dateModified":"2023-01-31T05:43:08+00:00","breadcrumb":{"@id":"https:\/\/peoplesphere.be\/fr\/face-a-sensation-generalisee-depuisement-a-fin-dune-journee-de-travail-jeunes-privilegient-lequilibre-prive-professionnel-salaire\/#breadcrumb"},"inLanguage":"fr-FR","potentialAction":[{"@type":"ReadAction","target":["https:\/\/peoplesphere.be\/fr\/face-a-sensation-generalisee-depuisement-a-fin-dune-journee-de-travail-jeunes-privilegient-lequilibre-prive-professionnel-salaire\/"]}]},{"@type":"BreadcrumbList","@id":"https:\/\/peoplesphere.be\/fr\/face-a-sensation-generalisee-depuisement-a-fin-dune-journee-de-travail-jeunes-privilegient-lequilibre-prive-professionnel-salaire\/#breadcrumb","itemListElement":[{"@type":"ListItem","position":1,"name":"Accueil","item":"https:\/\/peoplesphere.be\/fr\/"},{"@type":"ListItem","position":2,"name":"Face \u00e0 la sensation g\u00e9n\u00e9ralis\u00e9e d&rsquo;\u00e9puisement \u00e0 la fin d&rsquo;une journ\u00e9e de travail, les jeunes privil\u00e9gient l&rsquo;\u00e9quilibre priv\u00e9\/professionnel au salaire."}]},{"@type":"WebSite","@id":"https:\/\/peoplesphere.be\/fr\/#website","url":"https:\/\/peoplesphere.be\/fr\/","name":"Peoplesphere","description":"The People Managers Magazine","publisher":{"@id":"https:\/\/peoplesphere.be\/fr\/#organization"},"potentialAction":[{"@type":"SearchAction","target":{"@type":"EntryPoint","urlTemplate":"https:\/\/peoplesphere.be\/fr\/?s={search_term_string}"},"query-input":"required name=search_term_string"}],"inLanguage":"fr-FR"},{"@type":"Organization","@id":"https:\/\/peoplesphere.be\/fr\/#organization","name":"Peoplesphere Company srl","url":"https:\/\/peoplesphere.be\/fr\/","logo":{"@type":"ImageObject","inLanguage":"fr-FR","@id":"https:\/\/peoplesphere.be\/fr\/#\/schema\/logo\/image\/","url":"https:\/\/peoplesphere.be\/fr\/wp-content\/uploads\/2023\/07\/peoplesphere-lgo-new-generik.jpg","contentUrl":"https:\/\/peoplesphere.be\/fr\/wp-content\/uploads\/2023\/07\/peoplesphere-lgo-new-generik.jpg","width":1031,"height":1479,"caption":"Peoplesphere Company srl"},"image":{"@id":"https:\/\/peoplesphere.be\/fr\/#\/schema\/logo\/image\/"},"sameAs":["https:\/\/www.facebook.com\/peoplesphere","https:\/\/twitter.com\/PeoplesphereMag","https:\/\/www.linkedin.com\/company\/7587361?trk","http:\/\/youtube.com\/peoplesphere"]},{"@type":"Person","@id":"https:\/\/peoplesphere.be\/fr\/#\/schema\/person\/7976225ff17988604334abb7b3536a7e","name":"Jean-Paul Erhard","image":{"@type":"ImageObject","inLanguage":"fr-FR","@id":"https:\/\/peoplesphere.be\/fr\/#\/schema\/person\/image\/","url":"https:\/\/secure.gravatar.com\/avatar\/f941e681460179738071629a51574930?s=96&d=mm&r=g","contentUrl":"https:\/\/secure.gravatar.com\/avatar\/f941e681460179738071629a51574930?s=96&d=mm&r=g","caption":"Jean-Paul Erhard"},"url":"https:\/\/peoplesphere.be\/fr\/author\/jpe\/"}]}},"_links":{"self":[{"href":"https:\/\/peoplesphere.be\/fr\/wp-json\/wp\/v2\/posts\/13978"}],"collection":[{"href":"https:\/\/peoplesphere.be\/fr\/wp-json\/wp\/v2\/posts"}],"about":[{"href":"https:\/\/peoplesphere.be\/fr\/wp-json\/wp\/v2\/types\/post"}],"author":[{"embeddable":true,"href":"https:\/\/peoplesphere.be\/fr\/wp-json\/wp\/v2\/users\/2"}],"replies":[{"embeddable":true,"href":"https:\/\/peoplesphere.be\/fr\/wp-json\/wp\/v2\/comments?post=13978"}],"version-history":[{"count":2,"href":"https:\/\/peoplesphere.be\/fr\/wp-json\/wp\/v2\/posts\/13978\/revisions"}],"predecessor-version":[{"id":13981,"href":"https:\/\/peoplesphere.be\/fr\/wp-json\/wp\/v2\/posts\/13978\/revisions\/13981"}],"wp:featuredmedia":[{"embeddable":true,"href":"https:\/\/peoplesphere.be\/fr\/wp-json\/wp\/v2\/media\/13979"}],"wp:attachment":[{"href":"https:\/\/peoplesphere.be\/fr\/wp-json\/wp\/v2\/media?parent=13978"}],"wp:term":[{"taxonomy":"category","embeddable":true,"href":"https:\/\/peoplesphere.be\/fr\/wp-json\/wp\/v2\/categories?post=13978"},{"taxonomy":"post_tag","embeddable":true,"href":"https:\/\/peoplesphere.be\/fr\/wp-json\/wp\/v2\/tags?post=13978"}],"curies":[{"name":"wp","href":"https:\/\/api.w.org\/{rel}","templated":true}]}}