









{"id":14171,"date":"2023-03-14T08:23:57","date_gmt":"2023-03-14T06:23:57","guid":{"rendered":"https:\/\/peoplesphere.be\/fr\/?p=14171"},"modified":"2023-03-14T08:23:57","modified_gmt":"2023-03-14T06:23:57","slug":"budget-mobilite-018-travailleurs-concernes-a-jour-malgre-linteret-employeurs-a-bruxelles","status":"publish","type":"post","link":"https:\/\/peoplesphere.be\/fr\/budget-mobilite-018-travailleurs-concernes-a-jour-malgre-linteret-employeurs-a-bruxelles\/","title":{"rendered":"Budget mobilit\u00e9: 0,18% des travailleurs seulement sont concern\u00e9s \u00e0 ce jour, malgr\u00e9 l&rsquo;int\u00e9r\u00eat des employeurs \u00e0 Bruxelles."},"content":{"rendered":"<p>La part de travailleurs ayant opt\u00e9 pour le budget mobilit\u00e9 a presque doubl\u00e9 en 2022, de 0,10% en 2021 \u00e0 0,18% en 2022. Un travailleur sur 500 a ainsi choisi d\u2019opter pour cette formule. Le budget f\u00e9d\u00e9ral de mobilit\u00e9 permet aux collaborateurs d\u2019\u00e9changer leur voiture de soci\u00e9t\u00e9 contre une somme d\u2019argent avec laquelle ils pourront choisir librement leurs moyens de d\u00e9placement. Pour l\u2019instant, cette mesure compensatoire ne concerne qu\u2019un employ\u00e9 sur 80 disposant d\u2019une voiture de soci\u00e9t\u00e9, soit 1,23 % des travailleurs. Pourtant, les entreprises bruxelloises montrent la voie : un employeur de la r\u00e9gion sur 40 a d\u00e9j\u00e0 opt\u00e9 pour ce syst\u00e8me.<!--more--><\/p>\n<p>Compte tenu de son application encore limit\u00e9e, le budget de mobilit\u00e9 reste un facteur de diff\u00e9renciation des entreprises pour attirer les talents sur le march\u00e9 du travail. En outre, ce sont les employeurs bruxellois qui montrent la voie. C\u2019est ce qui ressort de l\u2019analyse de SD Worx portant sur plus de 36 000 employeurs et plus de 1,1 million de travailleurs. Depuis le 1er mars 2023, le budget mobilit\u00e9 existe depuis 4 ans.<\/p>\n<p><strong><em>Les employeurs bruxellois en t\u00eate<\/em><\/strong><\/p>\n<p>Actuellement, les employeurs flamands proposent majoritairement des budgets mobilit\u00e9. N\u00e9anmoins, les employeurs de la r\u00e9gion de Bruxelles sont les plus nombreux \u00e0 offrir cet avantage, en tenant compte du nombre d\u2019employeurs par r\u00e9gion. 1 employeur sur 40 en moyenne a d\u2019ailleurs introduit ce syst\u00e8me sur l\u2019ann\u00e9e \u00e9coul\u00e9e.<\/p>\n<ul>\n<li>2,46% des employeurs bruxellois, contre 1,5% en 2021.<\/li>\n<li>0,58% des employeurs flamands (chiffre stable). Le Brabant flamand est en t\u00eate (avec 1,2%).<\/li>\n<li>0,35% des employeurs wallons (contre 0,25% en 2021) ; le Brabant wallon est en t\u00eate avec 0,87%.<\/li>\n<\/ul>\n<p>Alexia van Zuylen, Legal Consultant de SD Worx Belgique pr\u00e9cise :<em> \u00ab 2022 a vu doubler les budgets mobilit\u00e9. Ce budget peut d\u00e9sormais \u00eatre allou\u00e9 au remboursement du montant du loyer d\u2019habitation lorsque vous habitez dans un rayon de 10 km de votre lieu de travail habituel. Cela contribue certainement au succ\u00e8s de cette mesure. L\u2019\u00e9change de la voiture de fonction pour une prime mobilit\u00e9 est notamment le plus populaire chez les travailleurs entre 25 et 40 ans. Surtout si le travailleur n\u2019a pas vraiment besoin d\u2019une voiture ou s\u2019il a acc\u00e8s \u00e0 d\u2019autres alternatives, comme c\u2019est souvent le cas dans les villes. Bien entendu, l&#8217;employeur doit d&rsquo;abord pr\u00e9voir cette option.<\/em><br \/>\n<em>En outre, le budget mobilit\u00e9 remporte aussi le plus de succ\u00e8s parmi les employeurs bruxellois. C&rsquo;est logique : de nombreux employ\u00e9s travaillant \u00e0 Bruxelles b\u00e9n\u00e9ficient des transports publics, ce qui constitue une bonne alternative \u00e0 la voiture Les personnes qui n&rsquo;ont pas n\u00e9cessairement besoin d\u2019une voiture de soci\u00e9t\u00e9 pour leur usage priv\u00e9 s\u2019en passent plus facilement. En g\u00e9n\u00e9ral, plus l&rsquo;entreprise est grande, plus il est probable que le budget mobilit\u00e9 soit impl\u00e9ment\u00e9. Gr\u00e2ce \u00e0 cet avantage, les employeurs sont en mesure d\u2019offrir plus de flexibilit\u00e9 et de mieux r\u00e9pondre aux besoins individuels de leurs employ\u00e9s : un combo gagnant dans la recherche de nouveaux talents. \u00bb<\/em><\/p>\n<p>Certains secteurs se distinguent, comme celui de la publicit\u00e9 et des \u00e9tudes de march\u00e9, des TIC (programmation de logiciels), des activit\u00e9s des services administratifs, des conseils en gestion d&rsquo;entreprise, de l\u2019architecture et ing\u00e9nerie, des essais et tests techniques, ainsi que pour les travailleurs de l\u2019industrie du gaz et de l\u2019\u00e9lectricit\u00e9 (CP 326) des fabrications m\u00e9talliques (CP 209) et de l\u2019industrie chimique (CP 207).<\/p>\n<p>Amaury G\u00e9rard, CEO et fondateur de Mbrella, ajoute : \u00ab\u00a0<em>Nous aussi, nous constatons une croissance exponentielle de l\u2019utilisation du budget mobilit\u00e9. Cela est d\u00fb, en partie, au fait que les employ\u00e9s le demandent activement. Pour les employeurs c\u2019est donc une nouvelle fa\u00e7on d\u2019attirer des talents. L\u2019option la plus populaire est la possibilit\u00e9 de payer son loyer ou son pr\u00eat hypoth\u00e9caire avec son budget mobilit\u00e9, ce qui donne aux employ\u00e9s un confort suppl\u00e9mentaire dans des temps incertains comme aujourd\u2019hui. Les employeurs sont \u00e9galement de plus en plus motiv\u00e9s pour r\u00e9duire l\u2019empreinte carbone de leur entreprise, ce qui est bien s\u00fbr \u00e9galement notre mission.\u00a0\u00bb<\/em><\/p>\n<p>Plus l&rsquo;organisation est grande, plus elle est susceptible d\u2019offrir le budget mobilit\u00e9<br \/>\nPlus de 85 % des employeurs offrant un budget mobilit\u00e9 sont des PME (jusqu&rsquo;\u00e0 250 travailleurs). En tenant compte du nombre d&rsquo;entreprises par segment, le budget mobilit\u00e9 conna\u00eet le plus de succ\u00e8s -dans les plus grandes organisations. Par exemple, parmi les organisations comptant de 100 \u00e0 250 travailleurs, un employeur sur 24 dispose d&rsquo;un budget de mobilit\u00e9 (soit 4,15 %). Dans les organisations de plus de 1 000 travailleurs, la r\u00e9partition est deux fois plus importante, 8,25 % d\u2019entre elles ont d\u00e9j\u00e0 introduit le budget de mobilit\u00e9. De mani\u00e8re g\u00e9n\u00e9rale, plus l&rsquo;entreprise est grande, plus l&#8217;employeur a de chances de le proposer.<\/p>\n<p>&nbsp;<\/p>\n<p><em>Source: SD Worx<\/em><\/p>\n","protected":false},"excerpt":{"rendered":"<p>La part de travailleurs ayant opt\u00e9 pour le budget mobilit\u00e9 a presque doubl\u00e9 en 2022, de 0,10% en 2021 \u00e0 0,18% en 2022. Un travailleur sur 500 a ainsi choisi d\u2019opter pour cette formule. Le budget f\u00e9d\u00e9ral de mobilit\u00e9 permet [&hellip;]<\/p>\n","protected":false},"author":2,"featured_media":0,"comment_status":"closed","ping_status":"open","sticky":false,"template":"","format":"standard","meta":[],"categories":[65,10],"tags":[519,1269,220,228],"yoast_head":"<!-- This site is optimized with the Yoast SEO plugin v21.0 - https:\/\/yoast.com\/wordpress\/plugins\/seo\/ -->\n<title>Budget mobilit\u00e9: 0,18% des travailleurs seulement sont concern\u00e9s \u00e0 ce jour, malgr\u00e9 l&#039;int\u00e9r\u00eat des employeurs \u00e0 Bruxelles. - Peoplesphere<\/title>\n<meta name=\"robots\" content=\"index, follow, max-snippet:-1, max-image-preview:large, max-video-preview:-1\" \/>\n<link rel=\"canonical\" href=\"https:\/\/peoplesphere.be\/fr\/budget-mobilite-018-travailleurs-concernes-a-jour-malgre-linteret-employeurs-a-bruxelles\/\" \/>\n<meta property=\"og:locale\" content=\"fr_FR\" \/>\n<meta property=\"og:type\" content=\"article\" \/>\n<meta property=\"og:title\" content=\"Budget mobilit\u00e9: 0,18% des travailleurs seulement sont concern\u00e9s \u00e0 ce jour, malgr\u00e9 l&#039;int\u00e9r\u00eat des employeurs \u00e0 Bruxelles. - Peoplesphere\" \/>\n<meta property=\"og:description\" content=\"La part de travailleurs ayant opt\u00e9 pour le budget mobilit\u00e9 a presque doubl\u00e9 en 2022, de 0,10% en 2021 \u00e0 0,18% en 2022. Un travailleur sur 500 a ainsi choisi d\u2019opter pour cette formule. Le budget f\u00e9d\u00e9ral de mobilit\u00e9 permet [&hellip;]\" \/>\n<meta property=\"og:url\" content=\"https:\/\/peoplesphere.be\/fr\/budget-mobilite-018-travailleurs-concernes-a-jour-malgre-linteret-employeurs-a-bruxelles\/\" \/>\n<meta property=\"og:site_name\" content=\"Peoplesphere\" \/>\n<meta property=\"article:publisher\" content=\"https:\/\/www.facebook.com\/peoplesphere\" \/>\n<meta property=\"article:published_time\" content=\"2023-03-14T06:23:57+00:00\" \/>\n<meta property=\"og:image\" content=\"http:\/\/www.peoplesphere.be\/fr\/wp-content\/uploads\/2016\/07\/facebook-default-posting-1200x628px.jpg\" \/>\n<meta name=\"author\" content=\"Jean-Paul Erhard\" \/>\n<meta name=\"twitter:card\" content=\"summary_large_image\" \/>\n<meta name=\"twitter:creator\" content=\"@PeoplesphereMag\" \/>\n<meta name=\"twitter:site\" content=\"@PeoplesphereMag\" \/>\n<meta name=\"twitter:label1\" content=\"\u00c9crit par\" \/>\n\t<meta name=\"twitter:data1\" content=\"Jean-Paul Erhard\" \/>\n\t<meta name=\"twitter:label2\" content=\"Dur\u00e9e de lecture estim\u00e9e\" \/>\n\t<meta name=\"twitter:data2\" content=\"4 minutes\" \/>\n<script type=\"application\/ld+json\" class=\"yoast-schema-graph\">{\"@context\":\"https:\/\/schema.org\",\"@graph\":[{\"@type\":\"Article\",\"@id\":\"https:\/\/peoplesphere.be\/fr\/budget-mobilite-018-travailleurs-concernes-a-jour-malgre-linteret-employeurs-a-bruxelles\/#article\",\"isPartOf\":{\"@id\":\"https:\/\/peoplesphere.be\/fr\/budget-mobilite-018-travailleurs-concernes-a-jour-malgre-linteret-employeurs-a-bruxelles\/\"},\"author\":{\"name\":\"Jean-Paul Erhard\",\"@id\":\"https:\/\/peoplesphere.be\/fr\/#\/schema\/person\/7976225ff17988604334abb7b3536a7e\"},\"headline\":\"Budget mobilit\u00e9: 0,18% des travailleurs seulement sont concern\u00e9s \u00e0 ce jour, malgr\u00e9 l&rsquo;int\u00e9r\u00eat des employeurs \u00e0 Bruxelles.\",\"datePublished\":\"2023-03-14T06:23:57+00:00\",\"dateModified\":\"2023-03-14T06:23:57+00:00\",\"mainEntityOfPage\":{\"@id\":\"https:\/\/peoplesphere.be\/fr\/budget-mobilite-018-travailleurs-concernes-a-jour-malgre-linteret-employeurs-a-bruxelles\/\"},\"wordCount\":813,\"publisher\":{\"@id\":\"https:\/\/peoplesphere.be\/fr\/#organization\"},\"keywords\":[\"attractivit\u00e9\",\"budget mobilit\u00e9\",\"flexibilit\u00e9\",\"r\u00e9mun\u00e9ration alternative\"],\"articleSection\":[\"Actualit\u00e9s\",\"Digital\"],\"inLanguage\":\"fr-FR\"},{\"@type\":\"WebPage\",\"@id\":\"https:\/\/peoplesphere.be\/fr\/budget-mobilite-018-travailleurs-concernes-a-jour-malgre-linteret-employeurs-a-bruxelles\/\",\"url\":\"https:\/\/peoplesphere.be\/fr\/budget-mobilite-018-travailleurs-concernes-a-jour-malgre-linteret-employeurs-a-bruxelles\/\",\"name\":\"Budget mobilit\u00e9: 0,18% des travailleurs seulement sont concern\u00e9s \u00e0 ce jour, malgr\u00e9 l'int\u00e9r\u00eat des employeurs \u00e0 Bruxelles. - Peoplesphere\",\"isPartOf\":{\"@id\":\"https:\/\/peoplesphere.be\/fr\/#website\"},\"datePublished\":\"2023-03-14T06:23:57+00:00\",\"dateModified\":\"2023-03-14T06:23:57+00:00\",\"breadcrumb\":{\"@id\":\"https:\/\/peoplesphere.be\/fr\/budget-mobilite-018-travailleurs-concernes-a-jour-malgre-linteret-employeurs-a-bruxelles\/#breadcrumb\"},\"inLanguage\":\"fr-FR\",\"potentialAction\":[{\"@type\":\"ReadAction\",\"target\":[\"https:\/\/peoplesphere.be\/fr\/budget-mobilite-018-travailleurs-concernes-a-jour-malgre-linteret-employeurs-a-bruxelles\/\"]}]},{\"@type\":\"BreadcrumbList\",\"@id\":\"https:\/\/peoplesphere.be\/fr\/budget-mobilite-018-travailleurs-concernes-a-jour-malgre-linteret-employeurs-a-bruxelles\/#breadcrumb\",\"itemListElement\":[{\"@type\":\"ListItem\",\"position\":1,\"name\":\"Accueil\",\"item\":\"https:\/\/peoplesphere.be\/fr\/\"},{\"@type\":\"ListItem\",\"position\":2,\"name\":\"Budget mobilit\u00e9: 0,18% des travailleurs seulement sont concern\u00e9s \u00e0 ce jour, malgr\u00e9 l&rsquo;int\u00e9r\u00eat des employeurs \u00e0 Bruxelles.\"}]},{\"@type\":\"WebSite\",\"@id\":\"https:\/\/peoplesphere.be\/fr\/#website\",\"url\":\"https:\/\/peoplesphere.be\/fr\/\",\"name\":\"Peoplesphere\",\"description\":\"The People Managers Magazine\",\"publisher\":{\"@id\":\"https:\/\/peoplesphere.be\/fr\/#organization\"},\"potentialAction\":[{\"@type\":\"SearchAction\",\"target\":{\"@type\":\"EntryPoint\",\"urlTemplate\":\"https:\/\/peoplesphere.be\/fr\/?s={search_term_string}\"},\"query-input\":\"required name=search_term_string\"}],\"inLanguage\":\"fr-FR\"},{\"@type\":\"Organization\",\"@id\":\"https:\/\/peoplesphere.be\/fr\/#organization\",\"name\":\"Peoplesphere Company srl\",\"url\":\"https:\/\/peoplesphere.be\/fr\/\",\"logo\":{\"@type\":\"ImageObject\",\"inLanguage\":\"fr-FR\",\"@id\":\"https:\/\/peoplesphere.be\/fr\/#\/schema\/logo\/image\/\",\"url\":\"https:\/\/peoplesphere.be\/fr\/wp-content\/uploads\/2023\/07\/peoplesphere-lgo-new-generik.jpg\",\"contentUrl\":\"https:\/\/peoplesphere.be\/fr\/wp-content\/uploads\/2023\/07\/peoplesphere-lgo-new-generik.jpg\",\"width\":1031,\"height\":1479,\"caption\":\"Peoplesphere Company srl\"},\"image\":{\"@id\":\"https:\/\/peoplesphere.be\/fr\/#\/schema\/logo\/image\/\"},\"sameAs\":[\"https:\/\/www.facebook.com\/peoplesphere\",\"https:\/\/twitter.com\/PeoplesphereMag\",\"https:\/\/www.linkedin.com\/company\/7587361?trk\",\"http:\/\/youtube.com\/peoplesphere\"]},{\"@type\":\"Person\",\"@id\":\"https:\/\/peoplesphere.be\/fr\/#\/schema\/person\/7976225ff17988604334abb7b3536a7e\",\"name\":\"Jean-Paul Erhard\",\"image\":{\"@type\":\"ImageObject\",\"inLanguage\":\"fr-FR\",\"@id\":\"https:\/\/peoplesphere.be\/fr\/#\/schema\/person\/image\/\",\"url\":\"https:\/\/secure.gravatar.com\/avatar\/f941e681460179738071629a51574930?s=96&d=mm&r=g\",\"contentUrl\":\"https:\/\/secure.gravatar.com\/avatar\/f941e681460179738071629a51574930?s=96&d=mm&r=g\",\"caption\":\"Jean-Paul Erhard\"},\"url\":\"https:\/\/peoplesphere.be\/fr\/author\/jpe\/\"}]}<\/script>\n<!-- \/ Yoast SEO plugin. -->","yoast_head_json":{"title":"Budget mobilit\u00e9: 0,18% des travailleurs seulement sont concern\u00e9s \u00e0 ce jour, malgr\u00e9 l'int\u00e9r\u00eat des employeurs \u00e0 Bruxelles. - Peoplesphere","robots":{"index":"index","follow":"follow","max-snippet":"max-snippet:-1","max-image-preview":"max-image-preview:large","max-video-preview":"max-video-preview:-1"},"canonical":"https:\/\/peoplesphere.be\/fr\/budget-mobilite-018-travailleurs-concernes-a-jour-malgre-linteret-employeurs-a-bruxelles\/","og_locale":"fr_FR","og_type":"article","og_title":"Budget mobilit\u00e9: 0,18% des travailleurs seulement sont concern\u00e9s \u00e0 ce jour, malgr\u00e9 l'int\u00e9r\u00eat des employeurs \u00e0 Bruxelles. - Peoplesphere","og_description":"La part de travailleurs ayant opt\u00e9 pour le budget mobilit\u00e9 a presque doubl\u00e9 en 2022, de 0,10% en 2021 \u00e0 0,18% en 2022. Un travailleur sur 500 a ainsi choisi d\u2019opter pour cette formule. Le budget f\u00e9d\u00e9ral de mobilit\u00e9 permet [&hellip;]","og_url":"https:\/\/peoplesphere.be\/fr\/budget-mobilite-018-travailleurs-concernes-a-jour-malgre-linteret-employeurs-a-bruxelles\/","og_site_name":"Peoplesphere","article_publisher":"https:\/\/www.facebook.com\/peoplesphere","article_published_time":"2023-03-14T06:23:57+00:00","og_image":[{"url":"http:\/\/www.peoplesphere.be\/fr\/wp-content\/uploads\/2016\/07\/facebook-default-posting-1200x628px.jpg"}],"author":"Jean-Paul Erhard","twitter_card":"summary_large_image","twitter_creator":"@PeoplesphereMag","twitter_site":"@PeoplesphereMag","twitter_misc":{"\u00c9crit par":"Jean-Paul Erhard","Dur\u00e9e de lecture estim\u00e9e":"4 minutes"},"schema":{"@context":"https:\/\/schema.org","@graph":[{"@type":"Article","@id":"https:\/\/peoplesphere.be\/fr\/budget-mobilite-018-travailleurs-concernes-a-jour-malgre-linteret-employeurs-a-bruxelles\/#article","isPartOf":{"@id":"https:\/\/peoplesphere.be\/fr\/budget-mobilite-018-travailleurs-concernes-a-jour-malgre-linteret-employeurs-a-bruxelles\/"},"author":{"name":"Jean-Paul Erhard","@id":"https:\/\/peoplesphere.be\/fr\/#\/schema\/person\/7976225ff17988604334abb7b3536a7e"},"headline":"Budget mobilit\u00e9: 0,18% des travailleurs seulement sont concern\u00e9s \u00e0 ce jour, malgr\u00e9 l&rsquo;int\u00e9r\u00eat des employeurs \u00e0 Bruxelles.","datePublished":"2023-03-14T06:23:57+00:00","dateModified":"2023-03-14T06:23:57+00:00","mainEntityOfPage":{"@id":"https:\/\/peoplesphere.be\/fr\/budget-mobilite-018-travailleurs-concernes-a-jour-malgre-linteret-employeurs-a-bruxelles\/"},"wordCount":813,"publisher":{"@id":"https:\/\/peoplesphere.be\/fr\/#organization"},"keywords":["attractivit\u00e9","budget mobilit\u00e9","flexibilit\u00e9","r\u00e9mun\u00e9ration alternative"],"articleSection":["Actualit\u00e9s","Digital"],"inLanguage":"fr-FR"},{"@type":"WebPage","@id":"https:\/\/peoplesphere.be\/fr\/budget-mobilite-018-travailleurs-concernes-a-jour-malgre-linteret-employeurs-a-bruxelles\/","url":"https:\/\/peoplesphere.be\/fr\/budget-mobilite-018-travailleurs-concernes-a-jour-malgre-linteret-employeurs-a-bruxelles\/","name":"Budget mobilit\u00e9: 0,18% des travailleurs seulement sont concern\u00e9s \u00e0 ce jour, malgr\u00e9 l'int\u00e9r\u00eat des employeurs \u00e0 Bruxelles. - Peoplesphere","isPartOf":{"@id":"https:\/\/peoplesphere.be\/fr\/#website"},"datePublished":"2023-03-14T06:23:57+00:00","dateModified":"2023-03-14T06:23:57+00:00","breadcrumb":{"@id":"https:\/\/peoplesphere.be\/fr\/budget-mobilite-018-travailleurs-concernes-a-jour-malgre-linteret-employeurs-a-bruxelles\/#breadcrumb"},"inLanguage":"fr-FR","potentialAction":[{"@type":"ReadAction","target":["https:\/\/peoplesphere.be\/fr\/budget-mobilite-018-travailleurs-concernes-a-jour-malgre-linteret-employeurs-a-bruxelles\/"]}]},{"@type":"BreadcrumbList","@id":"https:\/\/peoplesphere.be\/fr\/budget-mobilite-018-travailleurs-concernes-a-jour-malgre-linteret-employeurs-a-bruxelles\/#breadcrumb","itemListElement":[{"@type":"ListItem","position":1,"name":"Accueil","item":"https:\/\/peoplesphere.be\/fr\/"},{"@type":"ListItem","position":2,"name":"Budget mobilit\u00e9: 0,18% des travailleurs seulement sont concern\u00e9s \u00e0 ce jour, malgr\u00e9 l&rsquo;int\u00e9r\u00eat des employeurs \u00e0 Bruxelles."}]},{"@type":"WebSite","@id":"https:\/\/peoplesphere.be\/fr\/#website","url":"https:\/\/peoplesphere.be\/fr\/","name":"Peoplesphere","description":"The People Managers Magazine","publisher":{"@id":"https:\/\/peoplesphere.be\/fr\/#organization"},"potentialAction":[{"@type":"SearchAction","target":{"@type":"EntryPoint","urlTemplate":"https:\/\/peoplesphere.be\/fr\/?s={search_term_string}"},"query-input":"required name=search_term_string"}],"inLanguage":"fr-FR"},{"@type":"Organization","@id":"https:\/\/peoplesphere.be\/fr\/#organization","name":"Peoplesphere Company srl","url":"https:\/\/peoplesphere.be\/fr\/","logo":{"@type":"ImageObject","inLanguage":"fr-FR","@id":"https:\/\/peoplesphere.be\/fr\/#\/schema\/logo\/image\/","url":"https:\/\/peoplesphere.be\/fr\/wp-content\/uploads\/2023\/07\/peoplesphere-lgo-new-generik.jpg","contentUrl":"https:\/\/peoplesphere.be\/fr\/wp-content\/uploads\/2023\/07\/peoplesphere-lgo-new-generik.jpg","width":1031,"height":1479,"caption":"Peoplesphere Company srl"},"image":{"@id":"https:\/\/peoplesphere.be\/fr\/#\/schema\/logo\/image\/"},"sameAs":["https:\/\/www.facebook.com\/peoplesphere","https:\/\/twitter.com\/PeoplesphereMag","https:\/\/www.linkedin.com\/company\/7587361?trk","http:\/\/youtube.com\/peoplesphere"]},{"@type":"Person","@id":"https:\/\/peoplesphere.be\/fr\/#\/schema\/person\/7976225ff17988604334abb7b3536a7e","name":"Jean-Paul Erhard","image":{"@type":"ImageObject","inLanguage":"fr-FR","@id":"https:\/\/peoplesphere.be\/fr\/#\/schema\/person\/image\/","url":"https:\/\/secure.gravatar.com\/avatar\/f941e681460179738071629a51574930?s=96&d=mm&r=g","contentUrl":"https:\/\/secure.gravatar.com\/avatar\/f941e681460179738071629a51574930?s=96&d=mm&r=g","caption":"Jean-Paul Erhard"},"url":"https:\/\/peoplesphere.be\/fr\/author\/jpe\/"}]}},"_links":{"self":[{"href":"https:\/\/peoplesphere.be\/fr\/wp-json\/wp\/v2\/posts\/14171"}],"collection":[{"href":"https:\/\/peoplesphere.be\/fr\/wp-json\/wp\/v2\/posts"}],"about":[{"href":"https:\/\/peoplesphere.be\/fr\/wp-json\/wp\/v2\/types\/post"}],"author":[{"embeddable":true,"href":"https:\/\/peoplesphere.be\/fr\/wp-json\/wp\/v2\/users\/2"}],"replies":[{"embeddable":true,"href":"https:\/\/peoplesphere.be\/fr\/wp-json\/wp\/v2\/comments?post=14171"}],"version-history":[{"count":1,"href":"https:\/\/peoplesphere.be\/fr\/wp-json\/wp\/v2\/posts\/14171\/revisions"}],"predecessor-version":[{"id":14172,"href":"https:\/\/peoplesphere.be\/fr\/wp-json\/wp\/v2\/posts\/14171\/revisions\/14172"}],"wp:attachment":[{"href":"https:\/\/peoplesphere.be\/fr\/wp-json\/wp\/v2\/media?parent=14171"}],"wp:term":[{"taxonomy":"category","embeddable":true,"href":"https:\/\/peoplesphere.be\/fr\/wp-json\/wp\/v2\/categories?post=14171"},{"taxonomy":"post_tag","embeddable":true,"href":"https:\/\/peoplesphere.be\/fr\/wp-json\/wp\/v2\/tags?post=14171"}],"curies":[{"name":"wp","href":"https:\/\/api.w.org\/{rel}","templated":true}]}}