









{"id":142,"date":"2014-08-27T11:54:34","date_gmt":"2014-08-27T09:54:34","guid":{"rendered":"http:\/\/www.peoplesphere.be\/wp\/?p=142"},"modified":"2014-10-03T14:46:20","modified_gmt":"2014-10-03T12:46:20","slug":"le-belge-regle-ses-paiements-au-travail-pour-le-moment","status":"publish","type":"post","link":"https:\/\/peoplesphere.be\/fr\/le-belge-regle-ses-paiements-au-travail-pour-le-moment\/","title":{"rendered":"Le Belge r\u00e8gle ses paiements au travail\u2026 pour le moment !"},"content":{"rendered":"<div class=\"chapeau\">Le Belge effectue ses paiements au travail. C\u2019est ce qui ressort des chiffres d\u2019utilisation de Zoomit. \u00ab La plupart des factures sont pay\u00e9es le matin, avec un pic absolu \u00e0 9 heures du matin \u00bb, explique Christian Luyten, porte-parole de Zoomit. Les chiffres d\u2019utilisation r\u00e9v\u00e8lent que le Belge paie principalement ses factures pendant les heures de travail.<!--more--><\/div>\n<p>Au total, pas moins de 79 % de tous les paiements ont lieu pendant la semaine de travail, repr\u00e9sentant quelque 109 877 paiements par semaine de travail. <em>\u00ab Tout porte \u00e0 croire que nous attendons tous d\u2019\u00eatre au travail pour effectuer nos paiements \u00bb<\/em>, indique Christian Luyten. <em>\u00ab Un pic de paiements est constat\u00e9 \u00e0 neuf heures du matin. C\u2019est alors qu\u2019en moyenne, 13 048 paiements sont r\u00e9alis\u00e9s, soit 217 par minute. Les heures qui suivent semblent \u00e9galement tr\u00e8s populaires. \u00c0 10 heures, quelque 11 072 paiements sont encore r\u00e9alis\u00e9s, tandis qu\u2019\u00e0 11 heures, le chiffre tombe \u00e0 9 803. \u00bb<\/em> La matin\u00e9e semble donc le moment pr\u00e9f\u00e9r\u00e9 du Belge pour traiter ses factures. Au total, 30 % de l\u2019ensemble des factures dans Zoomit sont pay\u00e9es entre neuf heures du matin et midi. <\/p>\n<p>Durant le week-end, 21 % \u00e0 peine de tous les paiements sont r\u00e9alis\u00e9s. C\u2019est pourtant les samedis et dimanches que nous avons justement beaucoup de temps libre \u00e0 consacrer notamment \u00e0 nos paiements. Payer ses factures semble \u00eatre une t\u00e2che que les gens associent au travail et non \u00e0 leur temps libre. Le fait que la plupart des paiements sont effectu\u00e9s en semaine en est une confirmation. Le jour le plus populaire est le mercredi, avec 17 % de tous les paiements. Suivent ensuite le lundi (16,5 %), le mardi (16 %), le jeudi (15 %) et le vendredi (14,5 %).<\/p>\n<p>Bien que ce soit principalement pendant les heures de travail que la plupart des paiements sont effectu\u00e9s, Zoomit constate cependant que le nombre de paiements aux heures de pointe a gagn\u00e9 en importance ces derni\u00e8res ann\u00e9es. <em>\u00ab Je m\u2019attends \u00e0 ce qu\u2019\u00e0 l\u2019avenir, le nombre de paiements pendant les heures o\u00f9 les Belges font la navette ne fera qu\u2019augmenter \u00bb<\/em>, indique Christian Luyten. <em>\u00ab Cette \u00e9volution s\u2019explique par la popularit\u00e9 croissante des applications de mobile banking. Ces applications permettent au consommateur de consulter et de payer ses factures dans le train ou les embouteillages. Le temps pass\u00e9 dans les trajets est ainsi utilement exploit\u00e9. \u00bb<\/em><\/p>\n","protected":false},"excerpt":{"rendered":"<p>Le Belge effectue ses paiements au travail. C\u2019est ce qui ressort des chiffres d\u2019utilisation de Zoomit. \u00ab La plupart des factures sont pay\u00e9es le matin, avec un pic absolu \u00e0 9 heures du matin \u00bb, explique Christian Luyten, porte-parole de [&hellip;]<\/p>\n","protected":false},"author":1,"featured_media":0,"comment_status":"closed","ping_status":"open","sticky":false,"template":"","format":"standard","meta":[],"categories":[65],"tags":[36,37,38,39,40],"yoast_head":"<!-- This site is optimized with the Yoast SEO plugin v21.0 - https:\/\/yoast.com\/wordpress\/plugins\/seo\/ -->\n<title>Le Belge r\u00e8gle ses paiements au travail\u2026 pour le moment ! - Peoplesphere<\/title>\n<meta name=\"robots\" content=\"index, follow, max-snippet:-1, max-image-preview:large, max-video-preview:-1\" \/>\n<link rel=\"canonical\" href=\"https:\/\/peoplesphere.be\/fr\/le-belge-regle-ses-paiements-au-travail-pour-le-moment\/\" \/>\n<meta property=\"og:locale\" content=\"fr_FR\" \/>\n<meta property=\"og:type\" content=\"article\" \/>\n<meta property=\"og:title\" content=\"Le Belge r\u00e8gle ses paiements au travail\u2026 pour le moment ! - Peoplesphere\" \/>\n<meta property=\"og:description\" content=\"Le Belge effectue ses paiements au travail. C\u2019est ce qui ressort des chiffres d\u2019utilisation de Zoomit. \u00ab La plupart des factures sont pay\u00e9es le matin, avec un pic absolu \u00e0 9 heures du matin \u00bb, explique Christian Luyten, porte-parole de [&hellip;]\" \/>\n<meta property=\"og:url\" content=\"https:\/\/peoplesphere.be\/fr\/le-belge-regle-ses-paiements-au-travail-pour-le-moment\/\" \/>\n<meta property=\"og:site_name\" content=\"Peoplesphere\" \/>\n<meta property=\"article:publisher\" content=\"https:\/\/www.facebook.com\/peoplesphere\" \/>\n<meta property=\"article:published_time\" content=\"2014-08-27T09:54:34+00:00\" \/>\n<meta property=\"article:modified_time\" content=\"2014-10-03T12:46:20+00:00\" \/>\n<meta property=\"og:image\" content=\"http:\/\/www.peoplesphere.be\/fr\/wp-content\/uploads\/2016\/07\/facebook-default-posting-1200x628px.jpg\" \/>\n<meta name=\"author\" content=\"admin\" \/>\n<meta name=\"twitter:card\" content=\"summary_large_image\" \/>\n<meta name=\"twitter:creator\" content=\"@PeoplesphereMag\" \/>\n<meta name=\"twitter:site\" content=\"@PeoplesphereMag\" \/>\n<meta name=\"twitter:label1\" content=\"\u00c9crit par\" \/>\n\t<meta name=\"twitter:data1\" content=\"admin\" \/>\n\t<meta name=\"twitter:label2\" content=\"Dur\u00e9e de lecture estim\u00e9e\" \/>\n\t<meta name=\"twitter:data2\" content=\"2 minutes\" \/>\n<script type=\"application\/ld+json\" class=\"yoast-schema-graph\">{\"@context\":\"https:\/\/schema.org\",\"@graph\":[{\"@type\":\"Article\",\"@id\":\"https:\/\/peoplesphere.be\/fr\/le-belge-regle-ses-paiements-au-travail-pour-le-moment\/#article\",\"isPartOf\":{\"@id\":\"https:\/\/peoplesphere.be\/fr\/le-belge-regle-ses-paiements-au-travail-pour-le-moment\/\"},\"author\":{\"name\":\"admin\",\"@id\":\"https:\/\/peoplesphere.be\/fr\/#\/schema\/person\/31e983479d7c6c2adc52372e64a85ae6\"},\"headline\":\"Le Belge r\u00e8gle ses paiements au travail\u2026 pour le moment !\",\"datePublished\":\"2014-08-27T09:54:34+00:00\",\"dateModified\":\"2014-10-03T12:46:20+00:00\",\"mainEntityOfPage\":{\"@id\":\"https:\/\/peoplesphere.be\/fr\/le-belge-regle-ses-paiements-au-travail-pour-le-moment\/\"},\"wordCount\":391,\"publisher\":{\"@id\":\"https:\/\/peoplesphere.be\/fr\/#organization\"},\"keywords\":[\"\u00e9quilibre\",\"mobile\",\"priv\u00e9\",\"temps de travail\",\"zoomit\"],\"articleSection\":[\"Actualit\u00e9s\"],\"inLanguage\":\"fr-FR\"},{\"@type\":\"WebPage\",\"@id\":\"https:\/\/peoplesphere.be\/fr\/le-belge-regle-ses-paiements-au-travail-pour-le-moment\/\",\"url\":\"https:\/\/peoplesphere.be\/fr\/le-belge-regle-ses-paiements-au-travail-pour-le-moment\/\",\"name\":\"Le Belge r\u00e8gle ses paiements au travail\u2026 pour le moment ! - Peoplesphere\",\"isPartOf\":{\"@id\":\"https:\/\/peoplesphere.be\/fr\/#website\"},\"datePublished\":\"2014-08-27T09:54:34+00:00\",\"dateModified\":\"2014-10-03T12:46:20+00:00\",\"breadcrumb\":{\"@id\":\"https:\/\/peoplesphere.be\/fr\/le-belge-regle-ses-paiements-au-travail-pour-le-moment\/#breadcrumb\"},\"inLanguage\":\"fr-FR\",\"potentialAction\":[{\"@type\":\"ReadAction\",\"target\":[\"https:\/\/peoplesphere.be\/fr\/le-belge-regle-ses-paiements-au-travail-pour-le-moment\/\"]}]},{\"@type\":\"BreadcrumbList\",\"@id\":\"https:\/\/peoplesphere.be\/fr\/le-belge-regle-ses-paiements-au-travail-pour-le-moment\/#breadcrumb\",\"itemListElement\":[{\"@type\":\"ListItem\",\"position\":1,\"name\":\"Accueil\",\"item\":\"https:\/\/peoplesphere.be\/fr\/\"},{\"@type\":\"ListItem\",\"position\":2,\"name\":\"Le Belge r\u00e8gle ses paiements au travail\u2026 pour le moment !\"}]},{\"@type\":\"WebSite\",\"@id\":\"https:\/\/peoplesphere.be\/fr\/#website\",\"url\":\"https:\/\/peoplesphere.be\/fr\/\",\"name\":\"Peoplesphere\",\"description\":\"The People Managers Magazine\",\"publisher\":{\"@id\":\"https:\/\/peoplesphere.be\/fr\/#organization\"},\"potentialAction\":[{\"@type\":\"SearchAction\",\"target\":{\"@type\":\"EntryPoint\",\"urlTemplate\":\"https:\/\/peoplesphere.be\/fr\/?s={search_term_string}\"},\"query-input\":\"required name=search_term_string\"}],\"inLanguage\":\"fr-FR\"},{\"@type\":\"Organization\",\"@id\":\"https:\/\/peoplesphere.be\/fr\/#organization\",\"name\":\"Peoplesphere Company srl\",\"url\":\"https:\/\/peoplesphere.be\/fr\/\",\"logo\":{\"@type\":\"ImageObject\",\"inLanguage\":\"fr-FR\",\"@id\":\"https:\/\/peoplesphere.be\/fr\/#\/schema\/logo\/image\/\",\"url\":\"https:\/\/peoplesphere.be\/fr\/wp-content\/uploads\/2023\/07\/peoplesphere-lgo-new-generik.jpg\",\"contentUrl\":\"https:\/\/peoplesphere.be\/fr\/wp-content\/uploads\/2023\/07\/peoplesphere-lgo-new-generik.jpg\",\"width\":1031,\"height\":1479,\"caption\":\"Peoplesphere Company srl\"},\"image\":{\"@id\":\"https:\/\/peoplesphere.be\/fr\/#\/schema\/logo\/image\/\"},\"sameAs\":[\"https:\/\/www.facebook.com\/peoplesphere\",\"https:\/\/twitter.com\/PeoplesphereMag\",\"https:\/\/www.linkedin.com\/company\/7587361?trk\",\"http:\/\/youtube.com\/peoplesphere\"]},{\"@type\":\"Person\",\"@id\":\"https:\/\/peoplesphere.be\/fr\/#\/schema\/person\/31e983479d7c6c2adc52372e64a85ae6\",\"name\":\"admin\",\"image\":{\"@type\":\"ImageObject\",\"inLanguage\":\"fr-FR\",\"@id\":\"https:\/\/peoplesphere.be\/fr\/#\/schema\/person\/image\/\",\"url\":\"https:\/\/secure.gravatar.com\/avatar\/d20f4a44ec8508c3a90cb5021a329512?s=96&d=mm&r=g\",\"contentUrl\":\"https:\/\/secure.gravatar.com\/avatar\/d20f4a44ec8508c3a90cb5021a329512?s=96&d=mm&r=g\",\"caption\":\"admin\"},\"url\":\"https:\/\/peoplesphere.be\/fr\/author\/admin\/\"}]}<\/script>\n<!-- \/ Yoast SEO plugin. -->","yoast_head_json":{"title":"Le Belge r\u00e8gle ses paiements au travail\u2026 pour le moment ! - Peoplesphere","robots":{"index":"index","follow":"follow","max-snippet":"max-snippet:-1","max-image-preview":"max-image-preview:large","max-video-preview":"max-video-preview:-1"},"canonical":"https:\/\/peoplesphere.be\/fr\/le-belge-regle-ses-paiements-au-travail-pour-le-moment\/","og_locale":"fr_FR","og_type":"article","og_title":"Le Belge r\u00e8gle ses paiements au travail\u2026 pour le moment ! - Peoplesphere","og_description":"Le Belge effectue ses paiements au travail. C\u2019est ce qui ressort des chiffres d\u2019utilisation de Zoomit. \u00ab La plupart des factures sont pay\u00e9es le matin, avec un pic absolu \u00e0 9 heures du matin \u00bb, explique Christian Luyten, porte-parole de [&hellip;]","og_url":"https:\/\/peoplesphere.be\/fr\/le-belge-regle-ses-paiements-au-travail-pour-le-moment\/","og_site_name":"Peoplesphere","article_publisher":"https:\/\/www.facebook.com\/peoplesphere","article_published_time":"2014-08-27T09:54:34+00:00","article_modified_time":"2014-10-03T12:46:20+00:00","og_image":[{"url":"http:\/\/www.peoplesphere.be\/fr\/wp-content\/uploads\/2016\/07\/facebook-default-posting-1200x628px.jpg"}],"author":"admin","twitter_card":"summary_large_image","twitter_creator":"@PeoplesphereMag","twitter_site":"@PeoplesphereMag","twitter_misc":{"\u00c9crit par":"admin","Dur\u00e9e de lecture estim\u00e9e":"2 minutes"},"schema":{"@context":"https:\/\/schema.org","@graph":[{"@type":"Article","@id":"https:\/\/peoplesphere.be\/fr\/le-belge-regle-ses-paiements-au-travail-pour-le-moment\/#article","isPartOf":{"@id":"https:\/\/peoplesphere.be\/fr\/le-belge-regle-ses-paiements-au-travail-pour-le-moment\/"},"author":{"name":"admin","@id":"https:\/\/peoplesphere.be\/fr\/#\/schema\/person\/31e983479d7c6c2adc52372e64a85ae6"},"headline":"Le Belge r\u00e8gle ses paiements au travail\u2026 pour le moment !","datePublished":"2014-08-27T09:54:34+00:00","dateModified":"2014-10-03T12:46:20+00:00","mainEntityOfPage":{"@id":"https:\/\/peoplesphere.be\/fr\/le-belge-regle-ses-paiements-au-travail-pour-le-moment\/"},"wordCount":391,"publisher":{"@id":"https:\/\/peoplesphere.be\/fr\/#organization"},"keywords":["\u00e9quilibre","mobile","priv\u00e9","temps de travail","zoomit"],"articleSection":["Actualit\u00e9s"],"inLanguage":"fr-FR"},{"@type":"WebPage","@id":"https:\/\/peoplesphere.be\/fr\/le-belge-regle-ses-paiements-au-travail-pour-le-moment\/","url":"https:\/\/peoplesphere.be\/fr\/le-belge-regle-ses-paiements-au-travail-pour-le-moment\/","name":"Le Belge r\u00e8gle ses paiements au travail\u2026 pour le moment ! - Peoplesphere","isPartOf":{"@id":"https:\/\/peoplesphere.be\/fr\/#website"},"datePublished":"2014-08-27T09:54:34+00:00","dateModified":"2014-10-03T12:46:20+00:00","breadcrumb":{"@id":"https:\/\/peoplesphere.be\/fr\/le-belge-regle-ses-paiements-au-travail-pour-le-moment\/#breadcrumb"},"inLanguage":"fr-FR","potentialAction":[{"@type":"ReadAction","target":["https:\/\/peoplesphere.be\/fr\/le-belge-regle-ses-paiements-au-travail-pour-le-moment\/"]}]},{"@type":"BreadcrumbList","@id":"https:\/\/peoplesphere.be\/fr\/le-belge-regle-ses-paiements-au-travail-pour-le-moment\/#breadcrumb","itemListElement":[{"@type":"ListItem","position":1,"name":"Accueil","item":"https:\/\/peoplesphere.be\/fr\/"},{"@type":"ListItem","position":2,"name":"Le Belge r\u00e8gle ses paiements au travail\u2026 pour le moment !"}]},{"@type":"WebSite","@id":"https:\/\/peoplesphere.be\/fr\/#website","url":"https:\/\/peoplesphere.be\/fr\/","name":"Peoplesphere","description":"The People Managers Magazine","publisher":{"@id":"https:\/\/peoplesphere.be\/fr\/#organization"},"potentialAction":[{"@type":"SearchAction","target":{"@type":"EntryPoint","urlTemplate":"https:\/\/peoplesphere.be\/fr\/?s={search_term_string}"},"query-input":"required name=search_term_string"}],"inLanguage":"fr-FR"},{"@type":"Organization","@id":"https:\/\/peoplesphere.be\/fr\/#organization","name":"Peoplesphere Company srl","url":"https:\/\/peoplesphere.be\/fr\/","logo":{"@type":"ImageObject","inLanguage":"fr-FR","@id":"https:\/\/peoplesphere.be\/fr\/#\/schema\/logo\/image\/","url":"https:\/\/peoplesphere.be\/fr\/wp-content\/uploads\/2023\/07\/peoplesphere-lgo-new-generik.jpg","contentUrl":"https:\/\/peoplesphere.be\/fr\/wp-content\/uploads\/2023\/07\/peoplesphere-lgo-new-generik.jpg","width":1031,"height":1479,"caption":"Peoplesphere Company srl"},"image":{"@id":"https:\/\/peoplesphere.be\/fr\/#\/schema\/logo\/image\/"},"sameAs":["https:\/\/www.facebook.com\/peoplesphere","https:\/\/twitter.com\/PeoplesphereMag","https:\/\/www.linkedin.com\/company\/7587361?trk","http:\/\/youtube.com\/peoplesphere"]},{"@type":"Person","@id":"https:\/\/peoplesphere.be\/fr\/#\/schema\/person\/31e983479d7c6c2adc52372e64a85ae6","name":"admin","image":{"@type":"ImageObject","inLanguage":"fr-FR","@id":"https:\/\/peoplesphere.be\/fr\/#\/schema\/person\/image\/","url":"https:\/\/secure.gravatar.com\/avatar\/d20f4a44ec8508c3a90cb5021a329512?s=96&d=mm&r=g","contentUrl":"https:\/\/secure.gravatar.com\/avatar\/d20f4a44ec8508c3a90cb5021a329512?s=96&d=mm&r=g","caption":"admin"},"url":"https:\/\/peoplesphere.be\/fr\/author\/admin\/"}]}},"_links":{"self":[{"href":"https:\/\/peoplesphere.be\/fr\/wp-json\/wp\/v2\/posts\/142"}],"collection":[{"href":"https:\/\/peoplesphere.be\/fr\/wp-json\/wp\/v2\/posts"}],"about":[{"href":"https:\/\/peoplesphere.be\/fr\/wp-json\/wp\/v2\/types\/post"}],"author":[{"embeddable":true,"href":"https:\/\/peoplesphere.be\/fr\/wp-json\/wp\/v2\/users\/1"}],"replies":[{"embeddable":true,"href":"https:\/\/peoplesphere.be\/fr\/wp-json\/wp\/v2\/comments?post=142"}],"version-history":[{"count":2,"href":"https:\/\/peoplesphere.be\/fr\/wp-json\/wp\/v2\/posts\/142\/revisions"}],"predecessor-version":[{"id":144,"href":"https:\/\/peoplesphere.be\/fr\/wp-json\/wp\/v2\/posts\/142\/revisions\/144"}],"wp:attachment":[{"href":"https:\/\/peoplesphere.be\/fr\/wp-json\/wp\/v2\/media?parent=142"}],"wp:term":[{"taxonomy":"category","embeddable":true,"href":"https:\/\/peoplesphere.be\/fr\/wp-json\/wp\/v2\/categories?post=142"},{"taxonomy":"post_tag","embeddable":true,"href":"https:\/\/peoplesphere.be\/fr\/wp-json\/wp\/v2\/tags?post=142"}],"curies":[{"name":"wp","href":"https:\/\/api.w.org\/{rel}","templated":true}]}}