









{"id":14202,"date":"2023-03-21T13:06:11","date_gmt":"2023-03-21T11:06:11","guid":{"rendered":"https:\/\/peoplesphere.be\/fr\/?p=14202"},"modified":"2023-07-29T07:20:38","modified_gmt":"2023-07-29T05:20:38","slug":"secteur-technologique-belgique-lui-menace-dune-prochaine-vague-de-licenciements","status":"publish","type":"post","link":"https:\/\/peoplesphere.be\/fr\/secteur-technologique-belgique-lui-menace-dune-prochaine-vague-de-licenciements\/","title":{"rendered":"Le secteur technologique en Belgique est-il lui aussi sous la menace d&rsquo;une prochaine vague de licenciements?"},"content":{"rendered":"<p>Ces derniers mois, les m\u00e9dias ont fait \u00e9tat d&rsquo;importantes vagues de licenciements dans le secteur de l\u2019IT aux \u00c9tats-Unis. Le cabinet de recrutement Michael Page a v\u00e9rifi\u00e9 si la vague de licenciements dans le secteur des technologies de l&rsquo;information pouvait \u00e9galement affecter le march\u00e9 du travail belge. Selon eux, le contexte sp\u00e9cifique propre \u00e0 la Belgique nous permettra d\u2019\u00e9viter ce ph\u00e9nom\u00e8ne. La forte pr\u00e9sence de soci\u00e9t\u00e9s biotechnologiques et pharmaceutiques en Belgique a un impact important sur le recrutement de profils technologiques et informatiques.<!--more--><\/p>\n<p>Pour ces deux secteurs, la technologie est indispensable pour soutenir et stimuler la recherche et l&rsquo;innovation. N\u00e9anmoins, l&rsquo;impact de l&rsquo;essor de l&rsquo;IA se fait \u00e9galement sentir sur le march\u00e9 du travail belge, bien que principalement pour certains emplois sp\u00e9cifiques.<\/p>\n<p><strong><em>Importantes vagues de licenciements dans le secteur technologique<\/em><\/strong><\/p>\n<p>Le secteur de la technologie et de l&rsquo;informatique a longtemps sembl\u00e9 \u00e0 l&rsquo;abri des changements \u00e9conomiques, mais une vague de licenciements inattendue a d\u00e9but\u00e9 en 2022 et s&rsquo;est poursuivie en 2023. D&rsquo;importantes s\u00e9ries de licenciements, avec des milliers d&#8217;emplois perdus, ont eu lieu principalement dans de grandes entreprises technologiques aux \u00c9tats-Unis. Selon les experts de Michael Page, il n&rsquo;existe pas de cause unique \u00e0 ces licenciements. <em>\u00ab\u00a0Les causes sont multiples : de la restructuration au sein d&rsquo;une entreprise, aux d\u00e9fis financiers ou \u00e0 la mont\u00e9e en puissance de l\u2019automatisation et de l&rsquo;IA de plus en plus importante\u00a0\u00bb<\/em>, explique Gregory Renardy, directeur g\u00e9n\u00e9ral chez Michael Page.<\/p>\n<p>Malgr\u00e9 les licenciements aux \u00c9tats-Unis, le cabinet de recrutement constate une croissance dans le secteur technologique belge. Gregory Renardy explique que l&rsquo;offre d&#8217;emploi dans le secteur est actuellement importante en Belgique. <em>\u00ab\u00a0Le nombre d&#8217;emplois est rest\u00e9 \u00e0 peu pr\u00e8s le m\u00eame, mais nous constatons des changements entre les secteurs. Alors que pendant la pand\u00e9mie, l&rsquo;accent a \u00e9t\u00e9 mis sur les m\u00e9dias sociaux et les achats en ligne, nous assistons aujourd&rsquo;hui \u00e0 une transformation num\u00e9rique plus pouss\u00e9e d&rsquo;industries telles que les soins de sant\u00e9, le commerce de d\u00e9tail et la finance.\u00a0\u00bb<\/em><\/p>\n<p><strong><em>Pourquoi observe-t-on des tendances diff\u00e9rentes sur le march\u00e9 belge?<\/em><\/strong><\/p>\n<p>Le contexte belge est tr\u00e8s sp\u00e9cifique. Par exemple, la Belgique a une forte pr\u00e9sence d&rsquo;entreprises biotechnologiques et pharmaceutiques. Outre les entreprises internationales ayant leur si\u00e8ge en Belgique, il existe \u00e9galement un certain nombre d&rsquo;entreprises pharmaceutiques belges telles qu\u2019UCB, Janssen Pharmaceutica et GSK. En plus, la Belgique dispose d&rsquo;un secteur biotechnologique solide, avec de nombreuses start-ups et entreprises d\u00e9riv\u00e9es d&rsquo;instituts de recherche universitaires. En outre, de nombreuses organisations de recherche clinique et entreprises sp\u00e9cialis\u00e9es dans les instruments m\u00e9dicaux sont bas\u00e9es dans notre pays.<\/p>\n<p>Cette forte pr\u00e9sence d&rsquo;entreprises biotechnologiques et pharmaceutiques en Belgique renforce la demande de profils informatiques et technologiques pour soutenir la recherche et stimuler de nouveaux d\u00e9veloppements. Par cons\u00e9quent, ces professionnels dot\u00e9s de connaissances sp\u00e9cialis\u00e9es et d&rsquo;exp\u00e9rience dans des domaines tels que la bio-informatique, la science des donn\u00e9es et le d\u00e9veloppement de logiciels sont tr\u00e8s demand\u00e9s en Belgique. Dans ces domaines, les profils informatiques dot\u00e9s de connaissances et de comp\u00e9tences sp\u00e9cifiques sont tr\u00e8s demand\u00e9s. C&rsquo;est pourquoi le march\u00e9 des technologies de l&rsquo;information en Belgique est tout simplement plus comp\u00e9titif dans ces domaines.<\/p>\n<p>La forte pr\u00e9sence d&rsquo;entreprises biotechnologiques et pharmaceutiques constitue un autre atout pour la Belgique: elle pourrait \u00e9galement conduire \u00e0 une plus grande collaboration entre les professionnels de l&rsquo;informatique et des sciences de la vie, la technologie devenant de plus en plus importante dans le cadre de la recherche biotechnologique et pharmaceutique.<\/p>\n<p><strong><em>N\u00e9anmoins, l&rsquo;influence de l&rsquo;IA se fait \u00e9galement sentir dans ce domaine<\/em><\/strong><\/p>\n<p>Dans le m\u00eame temps, la perc\u00e9e de l&rsquo;IA se fait sentir sur le march\u00e9 belge. Certains emplois pourraient \u00eatre remplac\u00e9s par l&rsquo;IA, mais les experts de Michael Page constatent que malgr\u00e9 tout, de nouvelles opportunit\u00e9s d&#8217;emploi apparaissent. <em>\u00ab\u00a0Nous remarquons sur le march\u00e9 belge de l&rsquo;IT qu&rsquo;il y a moins de demande pour les r\u00f4les o\u00f9 la valeur ajout\u00e9e est plut\u00f4t faible et o\u00f9 le travail est automatis\u00e9, par exemple la saisie de donn\u00e9es et le codage de routine. Mais en m\u00eame temps, la demande augmente pour les fonctions li\u00e9es \u00e0 l&rsquo;IA. Il suffit de penser \u00e0 l&rsquo;apprentissage automatique et aux \u00e9l\u00e9ments \u00e9mergents tels que la blockchain et l&rsquo;internet des objets\u00a0\u00bb<\/em>, ajoute ainsi Gregory Renardy. La r\u00e8gle d&rsquo;or pour les candidats est de se tenir au courant des tendances du march\u00e9 et des technologies informatiques, de continuer \u00e0 am\u00e9liorer leurs comp\u00e9tences et de se constituer un r\u00e9seau avec d&rsquo;autres professionnels.<\/p>\n","protected":false},"excerpt":{"rendered":"<p>Ces derniers mois, les m\u00e9dias ont fait \u00e9tat d&rsquo;importantes vagues de licenciements dans le secteur de l\u2019IT aux \u00c9tats-Unis. Le cabinet de recrutement Michael Page a v\u00e9rifi\u00e9 si la vague de licenciements dans le secteur des technologies de l&rsquo;information pouvait [&hellip;]<\/p>\n","protected":false},"author":2,"featured_media":14204,"comment_status":"closed","ping_status":"open","sticky":false,"template":"","format":"standard","meta":[],"categories":[65,10],"tags":[2928,514,1722,245],"yoast_head":"<!-- This site is optimized with the Yoast SEO plugin v21.0 - https:\/\/yoast.com\/wordpress\/plugins\/seo\/ -->\n<title>Le secteur technologique en Belgique est-il lui aussi sous la menace d&#039;une prochaine vague de licenciements? - Peoplesphere<\/title>\n<meta name=\"robots\" content=\"index, follow, max-snippet:-1, max-image-preview:large, max-video-preview:-1\" \/>\n<link rel=\"canonical\" href=\"https:\/\/peoplesphere.be\/fr\/secteur-technologique-belgique-lui-menace-dune-prochaine-vague-de-licenciements\/\" \/>\n<meta property=\"og:locale\" content=\"fr_FR\" \/>\n<meta property=\"og:type\" content=\"article\" \/>\n<meta property=\"og:title\" content=\"Le secteur technologique en Belgique est-il lui aussi sous la menace d&#039;une prochaine vague de licenciements? - Peoplesphere\" \/>\n<meta property=\"og:description\" content=\"Ces derniers mois, les m\u00e9dias ont fait \u00e9tat d&rsquo;importantes vagues de licenciements dans le secteur de l\u2019IT aux \u00c9tats-Unis. Le cabinet de recrutement Michael Page a v\u00e9rifi\u00e9 si la vague de licenciements dans le secteur des technologies de l&rsquo;information pouvait [&hellip;]\" \/>\n<meta property=\"og:url\" content=\"https:\/\/peoplesphere.be\/fr\/secteur-technologique-belgique-lui-menace-dune-prochaine-vague-de-licenciements\/\" \/>\n<meta property=\"og:site_name\" content=\"Peoplesphere\" \/>\n<meta property=\"article:publisher\" content=\"https:\/\/www.facebook.com\/peoplesphere\" \/>\n<meta property=\"article:published_time\" content=\"2023-03-21T11:06:11+00:00\" \/>\n<meta property=\"article:modified_time\" content=\"2023-07-29T05:20:38+00:00\" \/>\n<meta property=\"og:image\" content=\"https:\/\/peoplesphere.be\/fr\/wp-content\/uploads\/2023\/03\/20230321techjobs.jpg\" \/>\n\t<meta property=\"og:image:width\" content=\"1200\" \/>\n\t<meta property=\"og:image:height\" content=\"795\" \/>\n\t<meta property=\"og:image:type\" content=\"image\/jpeg\" \/>\n<meta name=\"author\" content=\"Jean-Paul Erhard\" \/>\n<meta name=\"twitter:card\" content=\"summary_large_image\" \/>\n<meta name=\"twitter:creator\" content=\"@PeoplesphereMag\" \/>\n<meta name=\"twitter:site\" content=\"@PeoplesphereMag\" \/>\n<meta name=\"twitter:label1\" content=\"\u00c9crit par\" \/>\n\t<meta name=\"twitter:data1\" content=\"Jean-Paul Erhard\" \/>\n\t<meta name=\"twitter:label2\" content=\"Dur\u00e9e de lecture estim\u00e9e\" \/>\n\t<meta name=\"twitter:data2\" content=\"4 minutes\" \/>\n<script type=\"application\/ld+json\" class=\"yoast-schema-graph\">{\"@context\":\"https:\/\/schema.org\",\"@graph\":[{\"@type\":\"Article\",\"@id\":\"https:\/\/peoplesphere.be\/fr\/secteur-technologique-belgique-lui-menace-dune-prochaine-vague-de-licenciements\/#article\",\"isPartOf\":{\"@id\":\"https:\/\/peoplesphere.be\/fr\/secteur-technologique-belgique-lui-menace-dune-prochaine-vague-de-licenciements\/\"},\"author\":{\"name\":\"Jean-Paul Erhard\",\"@id\":\"https:\/\/peoplesphere.be\/fr\/#\/schema\/person\/7976225ff17988604334abb7b3536a7e\"},\"headline\":\"Le secteur technologique en Belgique est-il lui aussi sous la menace d&rsquo;une prochaine vague de licenciements?\",\"datePublished\":\"2023-03-21T11:06:11+00:00\",\"dateModified\":\"2023-07-29T05:20:38+00:00\",\"mainEntityOfPage\":{\"@id\":\"https:\/\/peoplesphere.be\/fr\/secteur-technologique-belgique-lui-menace-dune-prochaine-vague-de-licenciements\/\"},\"wordCount\":793,\"publisher\":{\"@id\":\"https:\/\/peoplesphere.be\/fr\/#organization\"},\"keywords\":[\"biotech\",\"licenciements\",\"restructurations\",\"technologie\"],\"articleSection\":[\"Actualit\u00e9s\",\"Digital\"],\"inLanguage\":\"fr-FR\"},{\"@type\":\"WebPage\",\"@id\":\"https:\/\/peoplesphere.be\/fr\/secteur-technologique-belgique-lui-menace-dune-prochaine-vague-de-licenciements\/\",\"url\":\"https:\/\/peoplesphere.be\/fr\/secteur-technologique-belgique-lui-menace-dune-prochaine-vague-de-licenciements\/\",\"name\":\"Le secteur technologique en Belgique est-il lui aussi sous la menace d'une prochaine vague de licenciements? - Peoplesphere\",\"isPartOf\":{\"@id\":\"https:\/\/peoplesphere.be\/fr\/#website\"},\"datePublished\":\"2023-03-21T11:06:11+00:00\",\"dateModified\":\"2023-07-29T05:20:38+00:00\",\"breadcrumb\":{\"@id\":\"https:\/\/peoplesphere.be\/fr\/secteur-technologique-belgique-lui-menace-dune-prochaine-vague-de-licenciements\/#breadcrumb\"},\"inLanguage\":\"fr-FR\",\"potentialAction\":[{\"@type\":\"ReadAction\",\"target\":[\"https:\/\/peoplesphere.be\/fr\/secteur-technologique-belgique-lui-menace-dune-prochaine-vague-de-licenciements\/\"]}]},{\"@type\":\"BreadcrumbList\",\"@id\":\"https:\/\/peoplesphere.be\/fr\/secteur-technologique-belgique-lui-menace-dune-prochaine-vague-de-licenciements\/#breadcrumb\",\"itemListElement\":[{\"@type\":\"ListItem\",\"position\":1,\"name\":\"Accueil\",\"item\":\"https:\/\/peoplesphere.be\/fr\/\"},{\"@type\":\"ListItem\",\"position\":2,\"name\":\"Le secteur technologique en Belgique est-il lui aussi sous la menace d&rsquo;une prochaine vague de licenciements?\"}]},{\"@type\":\"WebSite\",\"@id\":\"https:\/\/peoplesphere.be\/fr\/#website\",\"url\":\"https:\/\/peoplesphere.be\/fr\/\",\"name\":\"Peoplesphere\",\"description\":\"The People Managers Magazine\",\"publisher\":{\"@id\":\"https:\/\/peoplesphere.be\/fr\/#organization\"},\"potentialAction\":[{\"@type\":\"SearchAction\",\"target\":{\"@type\":\"EntryPoint\",\"urlTemplate\":\"https:\/\/peoplesphere.be\/fr\/?s={search_term_string}\"},\"query-input\":\"required name=search_term_string\"}],\"inLanguage\":\"fr-FR\"},{\"@type\":\"Organization\",\"@id\":\"https:\/\/peoplesphere.be\/fr\/#organization\",\"name\":\"Peoplesphere Company srl\",\"url\":\"https:\/\/peoplesphere.be\/fr\/\",\"logo\":{\"@type\":\"ImageObject\",\"inLanguage\":\"fr-FR\",\"@id\":\"https:\/\/peoplesphere.be\/fr\/#\/schema\/logo\/image\/\",\"url\":\"https:\/\/peoplesphere.be\/fr\/wp-content\/uploads\/2023\/07\/peoplesphere-lgo-new-generik.jpg\",\"contentUrl\":\"https:\/\/peoplesphere.be\/fr\/wp-content\/uploads\/2023\/07\/peoplesphere-lgo-new-generik.jpg\",\"width\":1031,\"height\":1479,\"caption\":\"Peoplesphere Company srl\"},\"image\":{\"@id\":\"https:\/\/peoplesphere.be\/fr\/#\/schema\/logo\/image\/\"},\"sameAs\":[\"https:\/\/www.facebook.com\/peoplesphere\",\"https:\/\/twitter.com\/PeoplesphereMag\",\"https:\/\/www.linkedin.com\/company\/7587361?trk\",\"http:\/\/youtube.com\/peoplesphere\"]},{\"@type\":\"Person\",\"@id\":\"https:\/\/peoplesphere.be\/fr\/#\/schema\/person\/7976225ff17988604334abb7b3536a7e\",\"name\":\"Jean-Paul Erhard\",\"image\":{\"@type\":\"ImageObject\",\"inLanguage\":\"fr-FR\",\"@id\":\"https:\/\/peoplesphere.be\/fr\/#\/schema\/person\/image\/\",\"url\":\"https:\/\/secure.gravatar.com\/avatar\/f941e681460179738071629a51574930?s=96&d=mm&r=g\",\"contentUrl\":\"https:\/\/secure.gravatar.com\/avatar\/f941e681460179738071629a51574930?s=96&d=mm&r=g\",\"caption\":\"Jean-Paul Erhard\"},\"url\":\"https:\/\/peoplesphere.be\/fr\/author\/jpe\/\"}]}<\/script>\n<!-- \/ Yoast SEO plugin. -->","yoast_head_json":{"title":"Le secteur technologique en Belgique est-il lui aussi sous la menace d'une prochaine vague de licenciements? - Peoplesphere","robots":{"index":"index","follow":"follow","max-snippet":"max-snippet:-1","max-image-preview":"max-image-preview:large","max-video-preview":"max-video-preview:-1"},"canonical":"https:\/\/peoplesphere.be\/fr\/secteur-technologique-belgique-lui-menace-dune-prochaine-vague-de-licenciements\/","og_locale":"fr_FR","og_type":"article","og_title":"Le secteur technologique en Belgique est-il lui aussi sous la menace d'une prochaine vague de licenciements? - Peoplesphere","og_description":"Ces derniers mois, les m\u00e9dias ont fait \u00e9tat d&rsquo;importantes vagues de licenciements dans le secteur de l\u2019IT aux \u00c9tats-Unis. Le cabinet de recrutement Michael Page a v\u00e9rifi\u00e9 si la vague de licenciements dans le secteur des technologies de l&rsquo;information pouvait [&hellip;]","og_url":"https:\/\/peoplesphere.be\/fr\/secteur-technologique-belgique-lui-menace-dune-prochaine-vague-de-licenciements\/","og_site_name":"Peoplesphere","article_publisher":"https:\/\/www.facebook.com\/peoplesphere","article_published_time":"2023-03-21T11:06:11+00:00","article_modified_time":"2023-07-29T05:20:38+00:00","og_image":[{"width":1200,"height":795,"url":"https:\/\/peoplesphere.be\/fr\/wp-content\/uploads\/2023\/03\/20230321techjobs.jpg","type":"image\/jpeg"}],"author":"Jean-Paul Erhard","twitter_card":"summary_large_image","twitter_creator":"@PeoplesphereMag","twitter_site":"@PeoplesphereMag","twitter_misc":{"\u00c9crit par":"Jean-Paul Erhard","Dur\u00e9e de lecture estim\u00e9e":"4 minutes"},"schema":{"@context":"https:\/\/schema.org","@graph":[{"@type":"Article","@id":"https:\/\/peoplesphere.be\/fr\/secteur-technologique-belgique-lui-menace-dune-prochaine-vague-de-licenciements\/#article","isPartOf":{"@id":"https:\/\/peoplesphere.be\/fr\/secteur-technologique-belgique-lui-menace-dune-prochaine-vague-de-licenciements\/"},"author":{"name":"Jean-Paul Erhard","@id":"https:\/\/peoplesphere.be\/fr\/#\/schema\/person\/7976225ff17988604334abb7b3536a7e"},"headline":"Le secteur technologique en Belgique est-il lui aussi sous la menace d&rsquo;une prochaine vague de licenciements?","datePublished":"2023-03-21T11:06:11+00:00","dateModified":"2023-07-29T05:20:38+00:00","mainEntityOfPage":{"@id":"https:\/\/peoplesphere.be\/fr\/secteur-technologique-belgique-lui-menace-dune-prochaine-vague-de-licenciements\/"},"wordCount":793,"publisher":{"@id":"https:\/\/peoplesphere.be\/fr\/#organization"},"keywords":["biotech","licenciements","restructurations","technologie"],"articleSection":["Actualit\u00e9s","Digital"],"inLanguage":"fr-FR"},{"@type":"WebPage","@id":"https:\/\/peoplesphere.be\/fr\/secteur-technologique-belgique-lui-menace-dune-prochaine-vague-de-licenciements\/","url":"https:\/\/peoplesphere.be\/fr\/secteur-technologique-belgique-lui-menace-dune-prochaine-vague-de-licenciements\/","name":"Le secteur technologique en Belgique est-il lui aussi sous la menace d'une prochaine vague de licenciements? - Peoplesphere","isPartOf":{"@id":"https:\/\/peoplesphere.be\/fr\/#website"},"datePublished":"2023-03-21T11:06:11+00:00","dateModified":"2023-07-29T05:20:38+00:00","breadcrumb":{"@id":"https:\/\/peoplesphere.be\/fr\/secteur-technologique-belgique-lui-menace-dune-prochaine-vague-de-licenciements\/#breadcrumb"},"inLanguage":"fr-FR","potentialAction":[{"@type":"ReadAction","target":["https:\/\/peoplesphere.be\/fr\/secteur-technologique-belgique-lui-menace-dune-prochaine-vague-de-licenciements\/"]}]},{"@type":"BreadcrumbList","@id":"https:\/\/peoplesphere.be\/fr\/secteur-technologique-belgique-lui-menace-dune-prochaine-vague-de-licenciements\/#breadcrumb","itemListElement":[{"@type":"ListItem","position":1,"name":"Accueil","item":"https:\/\/peoplesphere.be\/fr\/"},{"@type":"ListItem","position":2,"name":"Le secteur technologique en Belgique est-il lui aussi sous la menace d&rsquo;une prochaine vague de licenciements?"}]},{"@type":"WebSite","@id":"https:\/\/peoplesphere.be\/fr\/#website","url":"https:\/\/peoplesphere.be\/fr\/","name":"Peoplesphere","description":"The People Managers Magazine","publisher":{"@id":"https:\/\/peoplesphere.be\/fr\/#organization"},"potentialAction":[{"@type":"SearchAction","target":{"@type":"EntryPoint","urlTemplate":"https:\/\/peoplesphere.be\/fr\/?s={search_term_string}"},"query-input":"required name=search_term_string"}],"inLanguage":"fr-FR"},{"@type":"Organization","@id":"https:\/\/peoplesphere.be\/fr\/#organization","name":"Peoplesphere Company srl","url":"https:\/\/peoplesphere.be\/fr\/","logo":{"@type":"ImageObject","inLanguage":"fr-FR","@id":"https:\/\/peoplesphere.be\/fr\/#\/schema\/logo\/image\/","url":"https:\/\/peoplesphere.be\/fr\/wp-content\/uploads\/2023\/07\/peoplesphere-lgo-new-generik.jpg","contentUrl":"https:\/\/peoplesphere.be\/fr\/wp-content\/uploads\/2023\/07\/peoplesphere-lgo-new-generik.jpg","width":1031,"height":1479,"caption":"Peoplesphere Company srl"},"image":{"@id":"https:\/\/peoplesphere.be\/fr\/#\/schema\/logo\/image\/"},"sameAs":["https:\/\/www.facebook.com\/peoplesphere","https:\/\/twitter.com\/PeoplesphereMag","https:\/\/www.linkedin.com\/company\/7587361?trk","http:\/\/youtube.com\/peoplesphere"]},{"@type":"Person","@id":"https:\/\/peoplesphere.be\/fr\/#\/schema\/person\/7976225ff17988604334abb7b3536a7e","name":"Jean-Paul Erhard","image":{"@type":"ImageObject","inLanguage":"fr-FR","@id":"https:\/\/peoplesphere.be\/fr\/#\/schema\/person\/image\/","url":"https:\/\/secure.gravatar.com\/avatar\/f941e681460179738071629a51574930?s=96&d=mm&r=g","contentUrl":"https:\/\/secure.gravatar.com\/avatar\/f941e681460179738071629a51574930?s=96&d=mm&r=g","caption":"Jean-Paul Erhard"},"url":"https:\/\/peoplesphere.be\/fr\/author\/jpe\/"}]}},"_links":{"self":[{"href":"https:\/\/peoplesphere.be\/fr\/wp-json\/wp\/v2\/posts\/14202"}],"collection":[{"href":"https:\/\/peoplesphere.be\/fr\/wp-json\/wp\/v2\/posts"}],"about":[{"href":"https:\/\/peoplesphere.be\/fr\/wp-json\/wp\/v2\/types\/post"}],"author":[{"embeddable":true,"href":"https:\/\/peoplesphere.be\/fr\/wp-json\/wp\/v2\/users\/2"}],"replies":[{"embeddable":true,"href":"https:\/\/peoplesphere.be\/fr\/wp-json\/wp\/v2\/comments?post=14202"}],"version-history":[{"count":1,"href":"https:\/\/peoplesphere.be\/fr\/wp-json\/wp\/v2\/posts\/14202\/revisions"}],"predecessor-version":[{"id":14203,"href":"https:\/\/peoplesphere.be\/fr\/wp-json\/wp\/v2\/posts\/14202\/revisions\/14203"}],"wp:featuredmedia":[{"embeddable":true,"href":"https:\/\/peoplesphere.be\/fr\/wp-json\/wp\/v2\/media\/14204"}],"wp:attachment":[{"href":"https:\/\/peoplesphere.be\/fr\/wp-json\/wp\/v2\/media?parent=14202"}],"wp:term":[{"taxonomy":"category","embeddable":true,"href":"https:\/\/peoplesphere.be\/fr\/wp-json\/wp\/v2\/categories?post=14202"},{"taxonomy":"post_tag","embeddable":true,"href":"https:\/\/peoplesphere.be\/fr\/wp-json\/wp\/v2\/tags?post=14202"}],"curies":[{"name":"wp","href":"https:\/\/api.w.org\/{rel}","templated":true}]}}