









{"id":14233,"date":"2023-03-27T14:13:40","date_gmt":"2023-03-27T12:13:40","guid":{"rendered":"https:\/\/peoplesphere.be\/fr\/?p=14233"},"modified":"2023-07-29T07:13:50","modified_gmt":"2023-07-29T05:13:50","slug":"semaine-europeenne-de-lintelligence-artificielle-nouveaux-metiers-lavenir-emplois-egalement-programme","status":"publish","type":"post","link":"https:\/\/peoplesphere.be\/fr\/semaine-europeenne-de-lintelligence-artificielle-nouveaux-metiers-lavenir-emplois-egalement-programme\/","title":{"rendered":"Semaine europ\u00e9enne de l&rsquo;Intelligence Artificielle: les nouveaux m\u00e9tiers et l&rsquo;avenir des emplois sont \u00e9galement au programme."},"content":{"rendered":"<p>Depuis ce lundi 27 mars et jusqu&rsquo;\u00e0 ce vendredi 31 se d\u00e9roule la Semaine europ\u00e9enne de l&rsquo;Intelligence Artificielle. Celle-ci vise \u00e0 appr\u00e9hender de nombreuses questions en vue de dessiner la perspective d&rsquo;une convergence des technologies pour construire ensemble un avenir inclusif et d\u00e9sirable.<!--more--><\/p>\n<p>Comment les soins de sant\u00e9 ou les services publics peuvent-ils \u00eatre am\u00e9lior\u00e9s par l&rsquo;IA ? Quel est le cadre de confiance d\u00e9velopp\u00e9 au sein de l&rsquo;Union europ\u00e9enne pour l\u2019utilisation \u00e9thique et responsable des technologies digitales ? Et quelles sont les initiatives concr\u00e8tes propos\u00e9es par nos gouvernements ?<\/p>\n<p>Comment utiliser ChatGPT et l\u2019IA g\u00e9n\u00e9rative en g\u00e9n\u00e9ral ? L\u2019intelligence artificielle est-elle capable de conscience? Comment les technologies digitales actuelles s\u2019int\u00e8grent-elles dans une m\u00eame matrice : l&rsquo;IA, la gestion des donn\u00e9es, l\u2019internet des objets, la blockchain, la cybers\u00e9curit\u00e9, le Web3? Quelles sont les comp\u00e9tences \u00e0 acqu\u00e9rir pour faire face aux changements rapides du march\u00e9 du travail? En tant que citoyen ou PME, comment puis-je faire face aux cyberattaques ? Comment pouvons-nous construire l&rsquo;avenir ensemble? La semaine europ\u00e9enne de l&rsquo;IA vous propose de r\u00e9pondre \u00e0 ces questions et \u00e0 bien d\u2019autres.<\/p>\n<p>La semaine europ\u00e9enne de l&rsquo;IA se d\u00e9roule du lundi 27 mars au vendredi 31 mars 2023. Le programme comprend des conf\u00e9rences inspirantes, de nouvelles publications et des d\u00e9bats au cours desquels vous pourrez poser vos questions et \u00e9changer avec des experts. Cette semaine, organis\u00e9e par le SPF BOSA et ses nombreux partenaires en Belgique, donnera \u00e0 chacun &#8211; citoyen ou PME &#8211; expert ou non &#8211; l&rsquo;occasion de d\u00e9couvrir les perspectives qu\u2019offre l&rsquo;intelligence artificielle et les diverses technologies num\u00e9riques, d\u00e9j\u00e0 pr\u00e9sentes dans notre vie quotidienne.<\/p>\n<p>Plusieurs interventions de ministres de nos gouvernements (f\u00e9d\u00e9ral et r\u00e9gionaux) interviendront lors de cette semaine, soutenue par le secr\u00e9taire d\u2019Etat \u00e0 la Digitalisation, \u00e0 la Protection de la vie priv\u00e9e et \u00e0 la Simplification administrative, Mathieu Michel, dans le cadre de sa politique #SmartNation.<\/p>\n<p><em>\u00ab\u00a0L&rsquo;intelligence artificielle est en train de r\u00e9volutionner tous les domaines de notre soci\u00e9t\u00e9, de l&rsquo;\u00e9conomie \u00e0 la sant\u00e9, en passant par l&rsquo;environnement et la culture. En Belgique et en Europe, nous assistons \u00e0 une explosion des initiatives dans ce domaine, avec des entreprises, des start-ups, des universit\u00e9s et des centres de recherche qui travaillent ensemble pour innover et cr\u00e9er des solutions d&rsquo;IA de pointe. Cette semaine de l&rsquo;IA vise \u00e0 mettre en lumi\u00e8re cette dynamique incroyable, en pr\u00e9sentant les projets les plus innovants et en facilitant les \u00e9changes et les collaborations entre les diff\u00e9rents acteurs. Mais l&rsquo;impact de l&rsquo;IA va bien au-del\u00e0 de la simple innovation technologique. En effet, cette technologie a le potentiel de transformer radicalement notre fa\u00e7on de vivre et de travailler, en cr\u00e9ant de nouveaux emplois, en am\u00e9liorant la productivit\u00e9 et en r\u00e9solvant des probl\u00e8mes complexes. Cependant, elle pose \u00e9galement des d\u00e9fis majeurs en termes d&rsquo;\u00e9thique, de s\u00e9curit\u00e9, de protection des donn\u00e9es et de responsabilit\u00e9 sociale, qui doivent \u00eatre pris en compte de mani\u00e8re proactive. C&rsquo;est pourquoi la semaine de l&rsquo;IA est \u00e9galement l&rsquo;occasion de discuter de ces questions importantes, et de favoriser un dialogue ouvert et transparent entre les parties prenantes.\u00a0\u00bb<\/em> d\u00e9clare Mathieu Michel, Secr\u00e9taire d\u2019\u00c9tat \u00e0 la Digitalisation.<\/p>\n<p>Apr\u00e8s le succ\u00e8s de l&rsquo;\u00e9dition pr\u00e9c\u00e9dente, l\u2019\u00e9cosyst\u00e8me AI4Belgium, en collaboration avec d\u2019autres \u00e9cosyst\u00e8mes tech (blockchain4Belgium, cyber, data, E-skills), et avec le soutien des Digital Minds for Belgium, est de nouveau sur les rails pour partager les r\u00e9alisations des entreprises, des citoyens et des institutions de recherche au cours de l\u2019ann\u00e9e \u00e9coul\u00e9e ainsi que leurs objectifs pour le futur.<\/p>\n<p>La semaine europ\u00e9enne de l&rsquo;IA couvre un large \u00e9ventail de sujets ainsi que la majorit\u00e9 des 9 objectifs cit\u00e9s dans le plan national de convergence de l\u2019IA. Les th\u00e8mes abord\u00e9s lors de la AI week 2023 sont les suivants.<\/p>\n<p><strong><em>Soins de sant\u00e9 &#8211;<\/em> <\/strong>Comme l&rsquo;indiquent les 10 ambitions des Digital Minds, la Belgique offre une multitudes d&rsquo;opportunit\u00e9s pour la recherche, l&rsquo;investissement et les affaires dans le domaine de l&rsquo;E-Health. Les attentes des citoyens \u00e0 l&rsquo;\u00e9gard de l&rsquo;IA dans le domaine m\u00e9dical sont \u00e9lev\u00e9es. Ils pourraient b\u00e9n\u00e9ficier d&rsquo;une m\u00e9decine pr\u00e9dictive, pr\u00e9ventive et personnalis\u00e9e. D\u2019autre part, le personnel de sant\u00e9 pourrait \u00eatre d\u00e9charg\u00e9 des t\u00e2ches administratives ou r\u00e9p\u00e9titives pour pouvoir se consacrer davantage aux patients.<br \/>\nAu cours de la semaine, le barom\u00e8tre de l&rsquo;adoption de l&rsquo;IA par les m\u00e9decins g\u00e9n\u00e9ralistes sera d\u00e9voil\u00e9 et une attention particuli\u00e8re sera port\u00e9e sur les applications de l\u2019IA \u00e0 la sant\u00e9 mentale.<\/p>\n<p><strong><em>Les comp\u00e9tences et l&rsquo;avenir des emplois &#8211;<\/em> <\/strong>Quel est l&rsquo;impact de l&rsquo;IA et des technologies num\u00e9riques sur les m\u00e9tiers actuels et quels sont les nouveaux m\u00e9tiers qui vont apparaitre ? Comment le syst\u00e8me \u00e9ducatif est-il amen\u00e9 \u00e0 \u00e9voluer ? De quoi r\u00eavent les jeunes dans un monde qui \u00e9volue sans cesse ? Comment leur donner plus la parole ?<br \/>\nLes 29 et 30 mars, vous pourrez assister \u00e0 plusieurs interventions qui r\u00e9pondront \u00e0 ces diff\u00e9rentes questions. Vous aurez aussi l\u2019occasion d&rsquo;exp\u00e9rimenter par vous-m\u00eame en testant des applications d&rsquo;IA ou de r\u00e9alit\u00e9 augment\u00e9e et de participer \u00e0 plusieurs d\u00e9bats (notamment apr\u00e8s la projection du film \u00ab The Best Option, de Serge Goriely).<\/p>\n<p><strong><em>\u00c9thique, droit et confiance &#8211;<\/em> <\/strong>Comment s&rsquo;assurer que les applications num\u00e9riques sont dignes de confiance ? De nombreux cadres \u00e9thiques et juridiques viennent d&rsquo;\u00eatre adopt\u00e9s ou sont encore en discussion au niveau europ\u00e9en (Data Act, Data Governance Act, AI Act, Cyber Act, &#8230;) afin de rendre le paysage technologique num\u00e9rique fiable. Au cours de la semaine, et en particulier le 28 mars, vous aurez l&rsquo;occasion de d\u00e9couvrir et de discuter des derniers d\u00e9veloppements sur ces sujets. Un nouvel outil d\u2019\u00ab assessment \u00bb des logiciels d\u2019IA pour \u00e9valuer si les exigences \u00e9thiques en mati\u00e8re de transparence, de biais, de non-discriminations sont respect\u00e9es, sera pr\u00e9sent\u00e9.<\/p>\n<p><strong><em>Cybers\u00e9curit\u00e9 &#8211;<\/em> <\/strong>Avec la num\u00e9risation de notre soci\u00e9t\u00e9, la menace cybern\u00e9tique ne cesse de cro\u00eetre. Les motivations des cybercriminels sont multiples : argent, espionnage, d\u00e9stabilisation d&rsquo;un Etat, etc. Les cyberattaques ne touchent pas seulement les administrations publiques ou les infrastructures critiques ! Chaque jour, les citoyens en sont \u00e9galement victimes. Les PME ne sont pas non plus \u00e9pargn\u00e9es. Il est donc plus que probable que nous soyons tous expos\u00e9s un jour ou l&rsquo;autre \u00e0 une cyberattaque. C\u2019est pourquoi, nous pr\u00e9senterons, au cours de la journ\u00e9e du 28 mars, plusieurs initiatives visant \u00e0 rendre notre cyberespace moins vuln\u00e9rable et plus r\u00e9silient face \u00e0 cette menace grandissante.<\/p>\n<p><strong><em>Les donn\u00e9es pour les PME &#8211;<\/em> <\/strong>Les donn\u00e9es sont au c\u0153ur de la valeur que les entreprises ou les services publics peuvent cr\u00e9er pour les citoyens. O\u00f9 les trouver ? Comment assurer leur protection et leur qualit\u00e9 ? Comment les enrichir ? L&rsquo;importance des donn\u00e9es dans les mod\u00e8les d&rsquo;IA est fondamentale. Nous l&rsquo;illustrerons \u00e0 travers de nombreux cas d&rsquo;utilisation concrets, pr\u00e9sent\u00e9s le 30 mars.<\/p>\n<p><strong><em>Blockchain &amp;web 3 &#8211;<\/em><\/strong> L&rsquo;IA permet de g\u00e9n\u00e9rer, d&rsquo;\u00e9changer, de reconna\u00eetre et de traiter une quantit\u00e9 tr\u00e8s importante de donn\u00e9es. Qu&rsquo;en est-il de la s\u00e9curit\u00e9 des donn\u00e9es et de leur circulation entre les acteurs ? En gardant une trace s\u00e9curis\u00e9e de tous les \u00e9changes par le biais d&rsquo;un immense \u00ab grand livre \u00bb tenu virtuellement par des milliers de personnes, la blockchain offre un niveau de s\u00e9curit\u00e9 qui pr\u00e9serve les donn\u00e9es de dommages, de la falsification et du piratage. Il s\u2019agit d\u2019un avantage non n\u00e9gligeable pour les citoyens, les entreprises et les services publics. Plus largement, le web3 &#8211; qui exploite la blockchain &#8211; ouvrent de plus en plus de perspectives pour sur une vision d\u00e9centralis\u00e9e du web et dans lequel le metaverse pourrait jouer une part importante.<\/p>\n<p>Le 30 mars, Blockchain4Belgium inspirera l\u2019\u00e9cosyst\u00e8me belge du web3 et de la blockchain et initiera huit groupes de travail qui formuleront des recommandations au gouvernement belge.<\/p>\n<p><strong><em>Plus fort gr\u00e2ce \u00e0 la coop\u00e9ration<\/em><\/strong><\/p>\n<p><em>\u00ab\u00a0L&rsquo;intelligence artificielle fait d\u00e9j\u00e0 partie de notre quotidien et continuera \u00e0 ouvrir des opportunit\u00e9s de d\u00e9veloppement que ce soit en mati\u00e8re de sciences, de sant\u00e9, de bien-\u00eatre, de mobilit\u00e9, \u2026 Une IA comprise, transparente, inclusive et \u00e9thique est essentielle. La AI week r\u00e9unira de nombreux experts et permettra d\u2019offrir une vue d\u2019ensemble des possibilit\u00e9s en mati\u00e8re d\u2019IA responsable aux b\u00e9n\u00e9fices des citoyens, des entreprises et des institutions publiques tout en abordant l\u2019importance de l\u2019\u00e9thique.\u00a0\u00bb<\/em> d\u00e9clare Jack Hamande, Directeur g\u00e9n\u00e9ral de la DG Simplification et Digitalisation du SPF BOSA<\/p>\n<p>Des experts inspirants partageront avec les participants les derni\u00e8res tendances et applications concr\u00e8tes li\u00e9es \u00e0 l&rsquo;IA et aux technologies num\u00e9riques : Peter Hinssen (Nexxworks), Major General Michel Van Strythem (Cyber Command), Marc Coeckelberg (University of Wien), Laurence Devillers (Paris Sorbonne &#8211; CNRS), Gregory Renard (NASA FDL), Ali Dalloul (Microsoft), Axel Legay (UCLouvain), Peggy Valcke (KU Leuven), Benoit Macq (UCLouvain), Thierry Dutoit (TRAIL Trusted AI Labs), Saskia Van Uffelen (Agoria), Nathalie Smuha (KU Leuven), Bart Becks (Conseil europ\u00e9en de l&rsquo;innovation), Luc Steels (VUB), Ann Now\u00e9 (VUB), Hugues Bersini (Universit\u00e9 Libre de Bruxelles), Kevin de Patoul (Keyrock), Daniel Du Seuil (EBSI), Tomaso Astasi (Blockchain4Europe), Gregory Lewkowicz (Centre Perelman), Patrice Latinne (EY), Pascal Coppens, Giovanni Briganti (UMons), Ann-Elise Delbecq (IBM), Rob Heyman (Data &amp; Maatschappij Kennis Centrum), Carl Morch &amp; Hans De Canck (FARI AI for the Common Good), Yves Poullet (UNamur), Olaf Wiktowski (Cross Road Labs), Nicolas Van Zeebroeck (ULB), C\u00e9line Thillou (R\u00e9seau Lieu), Nathanael Ackerman et bien d&rsquo;autres.<\/p>\n<p>La participation aux sessions est gratuite. Vous pouvez vous inscrire \u00e0 une ou plusieurs sessions via le site <a href=\"http:\/\/aiweek.bosa.belgium.be\">aiweek.bosa.belgium.be<\/a>.<\/p>\n","protected":false},"excerpt":{"rendered":"<p>Depuis ce lundi 27 mars et jusqu&rsquo;\u00e0 ce vendredi 31 se d\u00e9roule la Semaine europ\u00e9enne de l&rsquo;Intelligence Artificielle. Celle-ci vise \u00e0 appr\u00e9hender de nombreuses questions en vue de dessiner la perspective d&rsquo;une convergence des technologies pour construire ensemble un avenir [&hellip;]<\/p>\n","protected":false},"author":2,"featured_media":0,"comment_status":"closed","ping_status":"open","sticky":false,"template":"","format":"standard","meta":[],"categories":[65,10],"tags":[3801,116,1072,743,1551],"yoast_head":"<!-- This site is optimized with the Yoast SEO plugin v21.0 - https:\/\/yoast.com\/wordpress\/plugins\/seo\/ -->\n<title>Semaine europ\u00e9enne de l&#039;Intelligence Artificielle: les nouveaux m\u00e9tiers et l&#039;avenir des emplois sont \u00e9galement au programme. - Peoplesphere<\/title>\n<meta name=\"robots\" content=\"index, follow, max-snippet:-1, max-image-preview:large, max-video-preview:-1\" \/>\n<link rel=\"canonical\" href=\"https:\/\/peoplesphere.be\/fr\/semaine-europeenne-de-lintelligence-artificielle-nouveaux-metiers-lavenir-emplois-egalement-programme\/\" \/>\n<meta property=\"og:locale\" content=\"fr_FR\" \/>\n<meta property=\"og:type\" content=\"article\" \/>\n<meta property=\"og:title\" content=\"Semaine europ\u00e9enne de l&#039;Intelligence Artificielle: les nouveaux m\u00e9tiers et l&#039;avenir des emplois sont \u00e9galement au programme. - Peoplesphere\" \/>\n<meta property=\"og:description\" content=\"Depuis ce lundi 27 mars et jusqu&rsquo;\u00e0 ce vendredi 31 se d\u00e9roule la Semaine europ\u00e9enne de l&rsquo;Intelligence Artificielle. Celle-ci vise \u00e0 appr\u00e9hender de nombreuses questions en vue de dessiner la perspective d&rsquo;une convergence des technologies pour construire ensemble un avenir [&hellip;]\" \/>\n<meta property=\"og:url\" content=\"https:\/\/peoplesphere.be\/fr\/semaine-europeenne-de-lintelligence-artificielle-nouveaux-metiers-lavenir-emplois-egalement-programme\/\" \/>\n<meta property=\"og:site_name\" content=\"Peoplesphere\" \/>\n<meta property=\"article:publisher\" content=\"https:\/\/www.facebook.com\/peoplesphere\" \/>\n<meta property=\"article:published_time\" content=\"2023-03-27T12:13:40+00:00\" \/>\n<meta property=\"article:modified_time\" content=\"2023-07-29T05:13:50+00:00\" \/>\n<meta property=\"og:image\" content=\"http:\/\/www.peoplesphere.be\/fr\/wp-content\/uploads\/2016\/07\/facebook-default-posting-1200x628px.jpg\" \/>\n<meta name=\"author\" content=\"Jean-Paul Erhard\" \/>\n<meta name=\"twitter:card\" content=\"summary_large_image\" \/>\n<meta name=\"twitter:creator\" content=\"@PeoplesphereMag\" \/>\n<meta name=\"twitter:site\" content=\"@PeoplesphereMag\" \/>\n<meta name=\"twitter:label1\" content=\"\u00c9crit par\" \/>\n\t<meta name=\"twitter:data1\" content=\"Jean-Paul Erhard\" \/>\n\t<meta name=\"twitter:label2\" content=\"Dur\u00e9e de lecture estim\u00e9e\" \/>\n\t<meta name=\"twitter:data2\" content=\"8 minutes\" \/>\n<script type=\"application\/ld+json\" class=\"yoast-schema-graph\">{\"@context\":\"https:\/\/schema.org\",\"@graph\":[{\"@type\":\"Article\",\"@id\":\"https:\/\/peoplesphere.be\/fr\/semaine-europeenne-de-lintelligence-artificielle-nouveaux-metiers-lavenir-emplois-egalement-programme\/#article\",\"isPartOf\":{\"@id\":\"https:\/\/peoplesphere.be\/fr\/semaine-europeenne-de-lintelligence-artificielle-nouveaux-metiers-lavenir-emplois-egalement-programme\/\"},\"author\":{\"name\":\"Jean-Paul Erhard\",\"@id\":\"https:\/\/peoplesphere.be\/fr\/#\/schema\/person\/7976225ff17988604334abb7b3536a7e\"},\"headline\":\"Semaine europ\u00e9enne de l&rsquo;Intelligence Artificielle: les nouveaux m\u00e9tiers et l&rsquo;avenir des emplois sont \u00e9galement au programme.\",\"datePublished\":\"2023-03-27T12:13:40+00:00\",\"dateModified\":\"2023-07-29T05:13:50+00:00\",\"mainEntityOfPage\":{\"@id\":\"https:\/\/peoplesphere.be\/fr\/semaine-europeenne-de-lintelligence-artificielle-nouveaux-metiers-lavenir-emplois-egalement-programme\/\"},\"wordCount\":1683,\"publisher\":{\"@id\":\"https:\/\/peoplesphere.be\/fr\/#organization\"},\"keywords\":[\"blockchain\",\"comp\u00e9tences\",\"cybers\u00e9curit\u00e9\",\"\u00e9thique\",\"IA\"],\"articleSection\":[\"Actualit\u00e9s\",\"Digital\"],\"inLanguage\":\"fr-FR\"},{\"@type\":\"WebPage\",\"@id\":\"https:\/\/peoplesphere.be\/fr\/semaine-europeenne-de-lintelligence-artificielle-nouveaux-metiers-lavenir-emplois-egalement-programme\/\",\"url\":\"https:\/\/peoplesphere.be\/fr\/semaine-europeenne-de-lintelligence-artificielle-nouveaux-metiers-lavenir-emplois-egalement-programme\/\",\"name\":\"Semaine europ\u00e9enne de l'Intelligence Artificielle: les nouveaux m\u00e9tiers et l'avenir des emplois sont \u00e9galement au programme. - Peoplesphere\",\"isPartOf\":{\"@id\":\"https:\/\/peoplesphere.be\/fr\/#website\"},\"datePublished\":\"2023-03-27T12:13:40+00:00\",\"dateModified\":\"2023-07-29T05:13:50+00:00\",\"breadcrumb\":{\"@id\":\"https:\/\/peoplesphere.be\/fr\/semaine-europeenne-de-lintelligence-artificielle-nouveaux-metiers-lavenir-emplois-egalement-programme\/#breadcrumb\"},\"inLanguage\":\"fr-FR\",\"potentialAction\":[{\"@type\":\"ReadAction\",\"target\":[\"https:\/\/peoplesphere.be\/fr\/semaine-europeenne-de-lintelligence-artificielle-nouveaux-metiers-lavenir-emplois-egalement-programme\/\"]}]},{\"@type\":\"BreadcrumbList\",\"@id\":\"https:\/\/peoplesphere.be\/fr\/semaine-europeenne-de-lintelligence-artificielle-nouveaux-metiers-lavenir-emplois-egalement-programme\/#breadcrumb\",\"itemListElement\":[{\"@type\":\"ListItem\",\"position\":1,\"name\":\"Accueil\",\"item\":\"https:\/\/peoplesphere.be\/fr\/\"},{\"@type\":\"ListItem\",\"position\":2,\"name\":\"Semaine europ\u00e9enne de l&rsquo;Intelligence Artificielle: les nouveaux m\u00e9tiers et l&rsquo;avenir des emplois sont \u00e9galement au programme.\"}]},{\"@type\":\"WebSite\",\"@id\":\"https:\/\/peoplesphere.be\/fr\/#website\",\"url\":\"https:\/\/peoplesphere.be\/fr\/\",\"name\":\"Peoplesphere\",\"description\":\"The People Managers Magazine\",\"publisher\":{\"@id\":\"https:\/\/peoplesphere.be\/fr\/#organization\"},\"potentialAction\":[{\"@type\":\"SearchAction\",\"target\":{\"@type\":\"EntryPoint\",\"urlTemplate\":\"https:\/\/peoplesphere.be\/fr\/?s={search_term_string}\"},\"query-input\":\"required name=search_term_string\"}],\"inLanguage\":\"fr-FR\"},{\"@type\":\"Organization\",\"@id\":\"https:\/\/peoplesphere.be\/fr\/#organization\",\"name\":\"Peoplesphere Company srl\",\"url\":\"https:\/\/peoplesphere.be\/fr\/\",\"logo\":{\"@type\":\"ImageObject\",\"inLanguage\":\"fr-FR\",\"@id\":\"https:\/\/peoplesphere.be\/fr\/#\/schema\/logo\/image\/\",\"url\":\"https:\/\/peoplesphere.be\/fr\/wp-content\/uploads\/2023\/07\/peoplesphere-lgo-new-generik.jpg\",\"contentUrl\":\"https:\/\/peoplesphere.be\/fr\/wp-content\/uploads\/2023\/07\/peoplesphere-lgo-new-generik.jpg\",\"width\":1031,\"height\":1479,\"caption\":\"Peoplesphere Company srl\"},\"image\":{\"@id\":\"https:\/\/peoplesphere.be\/fr\/#\/schema\/logo\/image\/\"},\"sameAs\":[\"https:\/\/www.facebook.com\/peoplesphere\",\"https:\/\/twitter.com\/PeoplesphereMag\",\"https:\/\/www.linkedin.com\/company\/7587361?trk\",\"http:\/\/youtube.com\/peoplesphere\"]},{\"@type\":\"Person\",\"@id\":\"https:\/\/peoplesphere.be\/fr\/#\/schema\/person\/7976225ff17988604334abb7b3536a7e\",\"name\":\"Jean-Paul Erhard\",\"image\":{\"@type\":\"ImageObject\",\"inLanguage\":\"fr-FR\",\"@id\":\"https:\/\/peoplesphere.be\/fr\/#\/schema\/person\/image\/\",\"url\":\"https:\/\/secure.gravatar.com\/avatar\/f941e681460179738071629a51574930?s=96&d=mm&r=g\",\"contentUrl\":\"https:\/\/secure.gravatar.com\/avatar\/f941e681460179738071629a51574930?s=96&d=mm&r=g\",\"caption\":\"Jean-Paul Erhard\"},\"url\":\"https:\/\/peoplesphere.be\/fr\/author\/jpe\/\"}]}<\/script>\n<!-- \/ Yoast SEO plugin. -->","yoast_head_json":{"title":"Semaine europ\u00e9enne de l'Intelligence Artificielle: les nouveaux m\u00e9tiers et l'avenir des emplois sont \u00e9galement au programme. - Peoplesphere","robots":{"index":"index","follow":"follow","max-snippet":"max-snippet:-1","max-image-preview":"max-image-preview:large","max-video-preview":"max-video-preview:-1"},"canonical":"https:\/\/peoplesphere.be\/fr\/semaine-europeenne-de-lintelligence-artificielle-nouveaux-metiers-lavenir-emplois-egalement-programme\/","og_locale":"fr_FR","og_type":"article","og_title":"Semaine europ\u00e9enne de l'Intelligence Artificielle: les nouveaux m\u00e9tiers et l'avenir des emplois sont \u00e9galement au programme. - Peoplesphere","og_description":"Depuis ce lundi 27 mars et jusqu&rsquo;\u00e0 ce vendredi 31 se d\u00e9roule la Semaine europ\u00e9enne de l&rsquo;Intelligence Artificielle. Celle-ci vise \u00e0 appr\u00e9hender de nombreuses questions en vue de dessiner la perspective d&rsquo;une convergence des technologies pour construire ensemble un avenir [&hellip;]","og_url":"https:\/\/peoplesphere.be\/fr\/semaine-europeenne-de-lintelligence-artificielle-nouveaux-metiers-lavenir-emplois-egalement-programme\/","og_site_name":"Peoplesphere","article_publisher":"https:\/\/www.facebook.com\/peoplesphere","article_published_time":"2023-03-27T12:13:40+00:00","article_modified_time":"2023-07-29T05:13:50+00:00","og_image":[{"url":"http:\/\/www.peoplesphere.be\/fr\/wp-content\/uploads\/2016\/07\/facebook-default-posting-1200x628px.jpg"}],"author":"Jean-Paul Erhard","twitter_card":"summary_large_image","twitter_creator":"@PeoplesphereMag","twitter_site":"@PeoplesphereMag","twitter_misc":{"\u00c9crit par":"Jean-Paul Erhard","Dur\u00e9e de lecture estim\u00e9e":"8 minutes"},"schema":{"@context":"https:\/\/schema.org","@graph":[{"@type":"Article","@id":"https:\/\/peoplesphere.be\/fr\/semaine-europeenne-de-lintelligence-artificielle-nouveaux-metiers-lavenir-emplois-egalement-programme\/#article","isPartOf":{"@id":"https:\/\/peoplesphere.be\/fr\/semaine-europeenne-de-lintelligence-artificielle-nouveaux-metiers-lavenir-emplois-egalement-programme\/"},"author":{"name":"Jean-Paul Erhard","@id":"https:\/\/peoplesphere.be\/fr\/#\/schema\/person\/7976225ff17988604334abb7b3536a7e"},"headline":"Semaine europ\u00e9enne de l&rsquo;Intelligence Artificielle: les nouveaux m\u00e9tiers et l&rsquo;avenir des emplois sont \u00e9galement au programme.","datePublished":"2023-03-27T12:13:40+00:00","dateModified":"2023-07-29T05:13:50+00:00","mainEntityOfPage":{"@id":"https:\/\/peoplesphere.be\/fr\/semaine-europeenne-de-lintelligence-artificielle-nouveaux-metiers-lavenir-emplois-egalement-programme\/"},"wordCount":1683,"publisher":{"@id":"https:\/\/peoplesphere.be\/fr\/#organization"},"keywords":["blockchain","comp\u00e9tences","cybers\u00e9curit\u00e9","\u00e9thique","IA"],"articleSection":["Actualit\u00e9s","Digital"],"inLanguage":"fr-FR"},{"@type":"WebPage","@id":"https:\/\/peoplesphere.be\/fr\/semaine-europeenne-de-lintelligence-artificielle-nouveaux-metiers-lavenir-emplois-egalement-programme\/","url":"https:\/\/peoplesphere.be\/fr\/semaine-europeenne-de-lintelligence-artificielle-nouveaux-metiers-lavenir-emplois-egalement-programme\/","name":"Semaine europ\u00e9enne de l'Intelligence Artificielle: les nouveaux m\u00e9tiers et l'avenir des emplois sont \u00e9galement au programme. - Peoplesphere","isPartOf":{"@id":"https:\/\/peoplesphere.be\/fr\/#website"},"datePublished":"2023-03-27T12:13:40+00:00","dateModified":"2023-07-29T05:13:50+00:00","breadcrumb":{"@id":"https:\/\/peoplesphere.be\/fr\/semaine-europeenne-de-lintelligence-artificielle-nouveaux-metiers-lavenir-emplois-egalement-programme\/#breadcrumb"},"inLanguage":"fr-FR","potentialAction":[{"@type":"ReadAction","target":["https:\/\/peoplesphere.be\/fr\/semaine-europeenne-de-lintelligence-artificielle-nouveaux-metiers-lavenir-emplois-egalement-programme\/"]}]},{"@type":"BreadcrumbList","@id":"https:\/\/peoplesphere.be\/fr\/semaine-europeenne-de-lintelligence-artificielle-nouveaux-metiers-lavenir-emplois-egalement-programme\/#breadcrumb","itemListElement":[{"@type":"ListItem","position":1,"name":"Accueil","item":"https:\/\/peoplesphere.be\/fr\/"},{"@type":"ListItem","position":2,"name":"Semaine europ\u00e9enne de l&rsquo;Intelligence Artificielle: les nouveaux m\u00e9tiers et l&rsquo;avenir des emplois sont \u00e9galement au programme."}]},{"@type":"WebSite","@id":"https:\/\/peoplesphere.be\/fr\/#website","url":"https:\/\/peoplesphere.be\/fr\/","name":"Peoplesphere","description":"The People Managers Magazine","publisher":{"@id":"https:\/\/peoplesphere.be\/fr\/#organization"},"potentialAction":[{"@type":"SearchAction","target":{"@type":"EntryPoint","urlTemplate":"https:\/\/peoplesphere.be\/fr\/?s={search_term_string}"},"query-input":"required name=search_term_string"}],"inLanguage":"fr-FR"},{"@type":"Organization","@id":"https:\/\/peoplesphere.be\/fr\/#organization","name":"Peoplesphere Company srl","url":"https:\/\/peoplesphere.be\/fr\/","logo":{"@type":"ImageObject","inLanguage":"fr-FR","@id":"https:\/\/peoplesphere.be\/fr\/#\/schema\/logo\/image\/","url":"https:\/\/peoplesphere.be\/fr\/wp-content\/uploads\/2023\/07\/peoplesphere-lgo-new-generik.jpg","contentUrl":"https:\/\/peoplesphere.be\/fr\/wp-content\/uploads\/2023\/07\/peoplesphere-lgo-new-generik.jpg","width":1031,"height":1479,"caption":"Peoplesphere Company srl"},"image":{"@id":"https:\/\/peoplesphere.be\/fr\/#\/schema\/logo\/image\/"},"sameAs":["https:\/\/www.facebook.com\/peoplesphere","https:\/\/twitter.com\/PeoplesphereMag","https:\/\/www.linkedin.com\/company\/7587361?trk","http:\/\/youtube.com\/peoplesphere"]},{"@type":"Person","@id":"https:\/\/peoplesphere.be\/fr\/#\/schema\/person\/7976225ff17988604334abb7b3536a7e","name":"Jean-Paul Erhard","image":{"@type":"ImageObject","inLanguage":"fr-FR","@id":"https:\/\/peoplesphere.be\/fr\/#\/schema\/person\/image\/","url":"https:\/\/secure.gravatar.com\/avatar\/f941e681460179738071629a51574930?s=96&d=mm&r=g","contentUrl":"https:\/\/secure.gravatar.com\/avatar\/f941e681460179738071629a51574930?s=96&d=mm&r=g","caption":"Jean-Paul Erhard"},"url":"https:\/\/peoplesphere.be\/fr\/author\/jpe\/"}]}},"_links":{"self":[{"href":"https:\/\/peoplesphere.be\/fr\/wp-json\/wp\/v2\/posts\/14233"}],"collection":[{"href":"https:\/\/peoplesphere.be\/fr\/wp-json\/wp\/v2\/posts"}],"about":[{"href":"https:\/\/peoplesphere.be\/fr\/wp-json\/wp\/v2\/types\/post"}],"author":[{"embeddable":true,"href":"https:\/\/peoplesphere.be\/fr\/wp-json\/wp\/v2\/users\/2"}],"replies":[{"embeddable":true,"href":"https:\/\/peoplesphere.be\/fr\/wp-json\/wp\/v2\/comments?post=14233"}],"version-history":[{"count":1,"href":"https:\/\/peoplesphere.be\/fr\/wp-json\/wp\/v2\/posts\/14233\/revisions"}],"predecessor-version":[{"id":14234,"href":"https:\/\/peoplesphere.be\/fr\/wp-json\/wp\/v2\/posts\/14233\/revisions\/14234"}],"wp:attachment":[{"href":"https:\/\/peoplesphere.be\/fr\/wp-json\/wp\/v2\/media?parent=14233"}],"wp:term":[{"taxonomy":"category","embeddable":true,"href":"https:\/\/peoplesphere.be\/fr\/wp-json\/wp\/v2\/categories?post=14233"},{"taxonomy":"post_tag","embeddable":true,"href":"https:\/\/peoplesphere.be\/fr\/wp-json\/wp\/v2\/tags?post=14233"}],"curies":[{"name":"wp","href":"https:\/\/api.w.org\/{rel}","templated":true}]}}