









{"id":14249,"date":"2023-03-30T08:54:27","date_gmt":"2023-03-30T06:54:27","guid":{"rendered":"https:\/\/peoplesphere.be\/fr\/?p=14249"},"modified":"2023-03-30T08:54:27","modified_gmt":"2023-03-30T06:54:27","slug":"travailleurs-souhaitent-intensifier-recours-teletravail-15-jour-semaine-moyenne-nest-assez","status":"publish","type":"post","link":"https:\/\/peoplesphere.be\/fr\/travailleurs-souhaitent-intensifier-recours-teletravail-15-jour-semaine-moyenne-nest-assez\/","title":{"rendered":"Les travailleurs souhaitent intensifier le recours au t\u00e9l\u00e9travail: 1,5 jour par semaine en moyenne, ce n&rsquo;est pas assez!"},"content":{"rendered":"<p>Trois ans apr\u00e8s que le Covid-19 ait rendu le t\u00e9l\u00e9travail obligatoire, nous sommes encore nombreux \u00e0 travailler \u00e0 domicile. Actuellement, les Belges peuvent travailler en moyenne 1,5 jour par semaine depuis leur domicile. En Flandre, c\u2019est 1,6 jour, alors qu\u2019en Wallonie, c&rsquo;est 1 jour par semaine. Mais nous en souhaiterions davantage. En effet, les Belges veulent passer entre 2 et 3 jours \u00e0 travailler chez eux.<!--more--><\/p>\n<p>La raison principale est qu&rsquo;ils d\u00e9sirent \u00e9viter de se rendre au bureau. Ceux qui se rendent au bureau le font principalement par obligation ou pour travailler en pr\u00e9sence de leurs coll\u00e8gues.<\/p>\n<p>La soci\u00e9t\u00e9 RH Bright Plus a \u00e9valu\u00e9 la situation actuelle, trois ans apr\u00e8s la crise sanitaire, en termes de travail \u00e0 domicile en Belgique. Elle a cherch\u00e9 \u00e0 savoir pour combien de travailleurs belges cette option est r\u00e9ellement possible avec leur employeur actuel.<\/p>\n<p>Aujourd\u2019hui, 70% des travailleurs peuvent travailler \u00e0 domicile, bien que pour 13,4% d&rsquo;entre eux, cela ne soit autoris\u00e9 que dans des cas exceptionnels.<br \/>\nLe travail \u00e0 domicile est particuli\u00e8rement bien implant\u00e9 en Flandre et \u00e0 Bruxelles. Respectivement 59,3% et 55,4% des travailleurs peuvent travailler \u00e0 domicile dans des circonstances normales, contre 39,2% en Wallonie. Seule la moiti\u00e9 des organisations o\u00f9 le travail \u00e0 domicile est possible aujourd&rsquo;hui l\u2019autorisaient avant la crise sanitaire. <em>\u00ab\u00a0Un grand nombre d&rsquo;organisations, m\u00eame celles qui s&rsquo;en m\u00e9fiaient, ont d\u00e9couvert les avantages du t\u00e9l\u00e9travail pendant le confinement,\u00a0\u00bb<\/em> a d\u00e9clar\u00e9 Linda Cappelle, directrice g\u00e9n\u00e9rale de Bright Plus. <em>\u00ab\u00a0Alors que le travail \u00e0 domicile n&rsquo;\u00e9tait pas possible avant la pand\u00e9mie, de nombreuses entreprises ont choisi de continuer \u00e0 offrir cette option \u00e0 leurs employ\u00e9s une fois la crise pass\u00e9e,\u00a0\u00bb<\/em> pr\u00e9cise-t-elle.<\/p>\n<p><strong><em>Nous voulons travailler 2 \u00e0 3 jours \u00e0 domicile<\/em><\/strong><\/p>\n<p>En Flandre et \u00e0 Bruxelles, non seulement davantage de personnes peuvent travailler \u00e0 domicile, mais elles le font plus souvent. Les employ\u00e9s peuvent travailler \u00e0 domicile en moyenne 1,6 jour par semaine, contre 1 jour en Wallonie, pour une moyenne belge de 1,5 jour par semaine.<\/p>\n<p>Pourtant, c&rsquo;est moins que le nombre de jours souhait\u00e9s par les Flamands. La plupart d&rsquo;entre eux souhaiteraient passer 2 ou 3 jours \u00e0 t\u00e9l\u00e9travailler, tout comme les travailleurs en Wallonie et \u00e0 Bruxelles. En moyenne, les Belges opteraient donc pour 2,4 jours de travail \u00e0 domicile par semaine. C&rsquo;est surtout en Wallonie que l\u2019\u00e9cart entre le nombre de jours de t\u00e9l\u00e9travail souhait\u00e9s et la mise en pratique est le plus marqu\u00e9.<br \/>\nBright Plus observe un parall\u00e8le entre le nombre d&#8217;employeurs d\u00e9clarant faire confiance \u00e0 leurs employ\u00e9s et le recours au travail \u00e0 domicile. <em>\u00ab\u00a0Le travail \u00e0 domicile peut \u00eatre une strat\u00e9gie pour motiver vos employ\u00e9s. Si leur emploi leur permet de t\u00e9l\u00e9travailler et que la confiance est l\u00e0, les employ\u00e9s peuvent alors satisfaire leurs besoins d\u2019\u00e9quilibre bureau \/ domicile par le biais du travail hybride. Vous obtiendrez ainsi des employ\u00e9s motiv\u00e9s de mani\u00e8re optimale.<\/em>\u00a0\u00bb C&rsquo;est ce qu&rsquo;affirme Hermina Van Coillie, experte en motivation. En Flandre et \u00e0 Bruxelles, o\u00f9 le travail \u00e0 domicile est plus souvent autoris\u00e9, les employeurs sont plus nombreux \u00e0 faire confiance \u00e0 leur \u00e9quipe (respectivement 81,6% et 86,2%) qu&rsquo;en Wallonie (64,2%).<br \/>\nLes Belges sont d\u2019ailleurs tr\u00e8s favorables au travail \u00e0 domicile, pour diverses raisons. Ainsi, 69% d&rsquo;entre eux d\u00e9clarent qu&rsquo;ils aiment travailler \u00e0 domicile principalement parce que cela leur \u00e9vite de se d\u00e9placer. L&rsquo;\u00e9quilibre entre vie professionnelle et vie priv\u00e9e est \u00e9galement un motif important. 52% des personnes interrog\u00e9es d\u00e9clarent que le travail \u00e0 domicile leur permet de mieux concilier vie professionnelle et vie familiale. La concentration et la distraction jouent \u00e9galement un r\u00f4le. 37% pr\u00e9f\u00e8rent travailler \u00e0 la maison parce qu&rsquo;ils peuvent mieux s&rsquo;y concentrer.<\/p>\n<p><strong><em>Seule 1 personne sur 3 se rend au bureau parce qu&rsquo;elle aime le faire<\/em><\/strong><\/p>\n<p>Pourtant, nous continuons \u00e0 venir au bureau. Mais seulement 1 personne sur 3 le fait par plaisir. Il est int\u00e9ressant de noter que les jeunes employ\u00e9s pr\u00e9f\u00e8rent davantage venir au bureau compar\u00e9 \u00e0 leurs coll\u00e8gues plus \u00e2g\u00e9s (41,4% contre 24,1%). Pour 44% des personnes interrog\u00e9es, il s&rsquo;agit d&rsquo;une obligation de l&rsquo;organisation. Il existe \u00e9galement une pression externe de la part des managers et des coll\u00e8gues.<\/p>\n<p>Mais cette pression externe ne fonctionne pas, selon Hermina Van Coillie : <em>\u00ab\u00a0Je compare souvent la pression externe \u00e0 un radar. Les gens adoptent un comportement, ils viennent au bureau parce qu&rsquo;ils y sont oblig\u00e9s. Mais personne n&rsquo;aime \u00eatre mis sous pression. Si c\u2019est le cas, il y a de fortes chances que cela les stresse davantage, qu&rsquo;ils se sentent moins bien et qu&rsquo;en fin de compte, ils r\u00e9duisent m\u00eame leurs performances. La seule fa\u00e7on de convaincre les gens de venir au bureau est de donner un sens \u00e0 leur pr\u00e9sence. Expliquez-leur pourquoi leur pr\u00e9sence est importante.\u00a0\u00bb<\/em><\/p>\n<p>Parce qu&rsquo;elle l&rsquo;est. <em>\u00ab\u00a0Venir au bureau apporte beaucoup d&rsquo;avantages en termes d&rsquo;int\u00e9gration avec les coll\u00e8gues, de collaboration et de brainstorming,\u00a0\u00bb<\/em> ajoute Linda Cappelle. C&rsquo;est donc la raison pour laquelle la moiti\u00e9 des employ\u00e9s se rendent au bureau. L\u00e0 aussi, ce sont surtout les jeunes qui attachent de l&rsquo;importance au travail avec les coll\u00e8gues (54,9% contre 45,5%).<\/p>\n<p>&nbsp;<\/p>\n<p><em>Source: Bright Plus<\/em><\/p>\n","protected":false},"excerpt":{"rendered":"<p>Trois ans apr\u00e8s que le Covid-19 ait rendu le t\u00e9l\u00e9travail obligatoire, nous sommes encore nombreux \u00e0 travailler \u00e0 domicile. Actuellement, les Belges peuvent travailler en moyenne 1,5 jour par semaine depuis leur domicile. En Flandre, c\u2019est 1,6 jour, alors qu\u2019en [&hellip;]<\/p>\n","protected":false},"author":2,"featured_media":0,"comment_status":"closed","ping_status":"open","sticky":false,"template":"","format":"standard","meta":[],"categories":[65,10],"tags":[220,219,1164],"yoast_head":"<!-- This site is optimized with the Yoast SEO plugin v21.0 - https:\/\/yoast.com\/wordpress\/plugins\/seo\/ -->\n<title>Les travailleurs souhaitent intensifier le recours au t\u00e9l\u00e9travail: 1,5 jour par semaine en moyenne, ce n&#039;est pas assez! - Peoplesphere<\/title>\n<meta name=\"robots\" content=\"index, follow, max-snippet:-1, max-image-preview:large, max-video-preview:-1\" \/>\n<link rel=\"canonical\" href=\"https:\/\/peoplesphere.be\/fr\/travailleurs-souhaitent-intensifier-recours-teletravail-15-jour-semaine-moyenne-nest-assez\/\" \/>\n<meta property=\"og:locale\" content=\"fr_FR\" \/>\n<meta property=\"og:type\" content=\"article\" \/>\n<meta property=\"og:title\" content=\"Les travailleurs souhaitent intensifier le recours au t\u00e9l\u00e9travail: 1,5 jour par semaine en moyenne, ce n&#039;est pas assez! - Peoplesphere\" \/>\n<meta property=\"og:description\" content=\"Trois ans apr\u00e8s que le Covid-19 ait rendu le t\u00e9l\u00e9travail obligatoire, nous sommes encore nombreux \u00e0 travailler \u00e0 domicile. Actuellement, les Belges peuvent travailler en moyenne 1,5 jour par semaine depuis leur domicile. En Flandre, c\u2019est 1,6 jour, alors qu\u2019en [&hellip;]\" \/>\n<meta property=\"og:url\" content=\"https:\/\/peoplesphere.be\/fr\/travailleurs-souhaitent-intensifier-recours-teletravail-15-jour-semaine-moyenne-nest-assez\/\" \/>\n<meta property=\"og:site_name\" content=\"Peoplesphere\" \/>\n<meta property=\"article:publisher\" content=\"https:\/\/www.facebook.com\/peoplesphere\" \/>\n<meta property=\"article:published_time\" content=\"2023-03-30T06:54:27+00:00\" \/>\n<meta property=\"og:image\" content=\"http:\/\/www.peoplesphere.be\/fr\/wp-content\/uploads\/2016\/07\/facebook-default-posting-1200x628px.jpg\" \/>\n<meta name=\"author\" content=\"Jean-Paul Erhard\" \/>\n<meta name=\"twitter:card\" content=\"summary_large_image\" \/>\n<meta name=\"twitter:creator\" content=\"@PeoplesphereMag\" \/>\n<meta name=\"twitter:site\" content=\"@PeoplesphereMag\" \/>\n<meta name=\"twitter:label1\" content=\"\u00c9crit par\" \/>\n\t<meta name=\"twitter:data1\" content=\"Jean-Paul Erhard\" \/>\n\t<meta name=\"twitter:label2\" content=\"Dur\u00e9e de lecture estim\u00e9e\" \/>\n\t<meta name=\"twitter:data2\" content=\"4 minutes\" \/>\n<script type=\"application\/ld+json\" class=\"yoast-schema-graph\">{\"@context\":\"https:\/\/schema.org\",\"@graph\":[{\"@type\":\"Article\",\"@id\":\"https:\/\/peoplesphere.be\/fr\/travailleurs-souhaitent-intensifier-recours-teletravail-15-jour-semaine-moyenne-nest-assez\/#article\",\"isPartOf\":{\"@id\":\"https:\/\/peoplesphere.be\/fr\/travailleurs-souhaitent-intensifier-recours-teletravail-15-jour-semaine-moyenne-nest-assez\/\"},\"author\":{\"name\":\"Jean-Paul Erhard\",\"@id\":\"https:\/\/peoplesphere.be\/fr\/#\/schema\/person\/7976225ff17988604334abb7b3536a7e\"},\"headline\":\"Les travailleurs souhaitent intensifier le recours au t\u00e9l\u00e9travail: 1,5 jour par semaine en moyenne, ce n&rsquo;est pas assez!\",\"datePublished\":\"2023-03-30T06:54:27+00:00\",\"dateModified\":\"2023-03-30T06:54:27+00:00\",\"mainEntityOfPage\":{\"@id\":\"https:\/\/peoplesphere.be\/fr\/travailleurs-souhaitent-intensifier-recours-teletravail-15-jour-semaine-moyenne-nest-assez\/\"},\"wordCount\":857,\"publisher\":{\"@id\":\"https:\/\/peoplesphere.be\/fr\/#organization\"},\"keywords\":[\"flexibilit\u00e9\",\"t\u00e9l\u00e9travail\",\"travail \u00e0 domicile\"],\"articleSection\":[\"Actualit\u00e9s\",\"Digital\"],\"inLanguage\":\"fr-FR\"},{\"@type\":\"WebPage\",\"@id\":\"https:\/\/peoplesphere.be\/fr\/travailleurs-souhaitent-intensifier-recours-teletravail-15-jour-semaine-moyenne-nest-assez\/\",\"url\":\"https:\/\/peoplesphere.be\/fr\/travailleurs-souhaitent-intensifier-recours-teletravail-15-jour-semaine-moyenne-nest-assez\/\",\"name\":\"Les travailleurs souhaitent intensifier le recours au t\u00e9l\u00e9travail: 1,5 jour par semaine en moyenne, ce n'est pas assez! - Peoplesphere\",\"isPartOf\":{\"@id\":\"https:\/\/peoplesphere.be\/fr\/#website\"},\"datePublished\":\"2023-03-30T06:54:27+00:00\",\"dateModified\":\"2023-03-30T06:54:27+00:00\",\"breadcrumb\":{\"@id\":\"https:\/\/peoplesphere.be\/fr\/travailleurs-souhaitent-intensifier-recours-teletravail-15-jour-semaine-moyenne-nest-assez\/#breadcrumb\"},\"inLanguage\":\"fr-FR\",\"potentialAction\":[{\"@type\":\"ReadAction\",\"target\":[\"https:\/\/peoplesphere.be\/fr\/travailleurs-souhaitent-intensifier-recours-teletravail-15-jour-semaine-moyenne-nest-assez\/\"]}]},{\"@type\":\"BreadcrumbList\",\"@id\":\"https:\/\/peoplesphere.be\/fr\/travailleurs-souhaitent-intensifier-recours-teletravail-15-jour-semaine-moyenne-nest-assez\/#breadcrumb\",\"itemListElement\":[{\"@type\":\"ListItem\",\"position\":1,\"name\":\"Accueil\",\"item\":\"https:\/\/peoplesphere.be\/fr\/\"},{\"@type\":\"ListItem\",\"position\":2,\"name\":\"Les travailleurs souhaitent intensifier le recours au t\u00e9l\u00e9travail: 1,5 jour par semaine en moyenne, ce n&rsquo;est pas assez!\"}]},{\"@type\":\"WebSite\",\"@id\":\"https:\/\/peoplesphere.be\/fr\/#website\",\"url\":\"https:\/\/peoplesphere.be\/fr\/\",\"name\":\"Peoplesphere\",\"description\":\"The People Managers Magazine\",\"publisher\":{\"@id\":\"https:\/\/peoplesphere.be\/fr\/#organization\"},\"potentialAction\":[{\"@type\":\"SearchAction\",\"target\":{\"@type\":\"EntryPoint\",\"urlTemplate\":\"https:\/\/peoplesphere.be\/fr\/?s={search_term_string}\"},\"query-input\":\"required name=search_term_string\"}],\"inLanguage\":\"fr-FR\"},{\"@type\":\"Organization\",\"@id\":\"https:\/\/peoplesphere.be\/fr\/#organization\",\"name\":\"Peoplesphere Company srl\",\"url\":\"https:\/\/peoplesphere.be\/fr\/\",\"logo\":{\"@type\":\"ImageObject\",\"inLanguage\":\"fr-FR\",\"@id\":\"https:\/\/peoplesphere.be\/fr\/#\/schema\/logo\/image\/\",\"url\":\"https:\/\/peoplesphere.be\/fr\/wp-content\/uploads\/2023\/07\/peoplesphere-lgo-new-generik.jpg\",\"contentUrl\":\"https:\/\/peoplesphere.be\/fr\/wp-content\/uploads\/2023\/07\/peoplesphere-lgo-new-generik.jpg\",\"width\":1031,\"height\":1479,\"caption\":\"Peoplesphere Company srl\"},\"image\":{\"@id\":\"https:\/\/peoplesphere.be\/fr\/#\/schema\/logo\/image\/\"},\"sameAs\":[\"https:\/\/www.facebook.com\/peoplesphere\",\"https:\/\/twitter.com\/PeoplesphereMag\",\"https:\/\/www.linkedin.com\/company\/7587361?trk\",\"http:\/\/youtube.com\/peoplesphere\"]},{\"@type\":\"Person\",\"@id\":\"https:\/\/peoplesphere.be\/fr\/#\/schema\/person\/7976225ff17988604334abb7b3536a7e\",\"name\":\"Jean-Paul Erhard\",\"image\":{\"@type\":\"ImageObject\",\"inLanguage\":\"fr-FR\",\"@id\":\"https:\/\/peoplesphere.be\/fr\/#\/schema\/person\/image\/\",\"url\":\"https:\/\/secure.gravatar.com\/avatar\/f941e681460179738071629a51574930?s=96&d=mm&r=g\",\"contentUrl\":\"https:\/\/secure.gravatar.com\/avatar\/f941e681460179738071629a51574930?s=96&d=mm&r=g\",\"caption\":\"Jean-Paul Erhard\"},\"url\":\"https:\/\/peoplesphere.be\/fr\/author\/jpe\/\"}]}<\/script>\n<!-- \/ Yoast SEO plugin. -->","yoast_head_json":{"title":"Les travailleurs souhaitent intensifier le recours au t\u00e9l\u00e9travail: 1,5 jour par semaine en moyenne, ce n'est pas assez! - Peoplesphere","robots":{"index":"index","follow":"follow","max-snippet":"max-snippet:-1","max-image-preview":"max-image-preview:large","max-video-preview":"max-video-preview:-1"},"canonical":"https:\/\/peoplesphere.be\/fr\/travailleurs-souhaitent-intensifier-recours-teletravail-15-jour-semaine-moyenne-nest-assez\/","og_locale":"fr_FR","og_type":"article","og_title":"Les travailleurs souhaitent intensifier le recours au t\u00e9l\u00e9travail: 1,5 jour par semaine en moyenne, ce n'est pas assez! - Peoplesphere","og_description":"Trois ans apr\u00e8s que le Covid-19 ait rendu le t\u00e9l\u00e9travail obligatoire, nous sommes encore nombreux \u00e0 travailler \u00e0 domicile. Actuellement, les Belges peuvent travailler en moyenne 1,5 jour par semaine depuis leur domicile. En Flandre, c\u2019est 1,6 jour, alors qu\u2019en [&hellip;]","og_url":"https:\/\/peoplesphere.be\/fr\/travailleurs-souhaitent-intensifier-recours-teletravail-15-jour-semaine-moyenne-nest-assez\/","og_site_name":"Peoplesphere","article_publisher":"https:\/\/www.facebook.com\/peoplesphere","article_published_time":"2023-03-30T06:54:27+00:00","og_image":[{"url":"http:\/\/www.peoplesphere.be\/fr\/wp-content\/uploads\/2016\/07\/facebook-default-posting-1200x628px.jpg"}],"author":"Jean-Paul Erhard","twitter_card":"summary_large_image","twitter_creator":"@PeoplesphereMag","twitter_site":"@PeoplesphereMag","twitter_misc":{"\u00c9crit par":"Jean-Paul Erhard","Dur\u00e9e de lecture estim\u00e9e":"4 minutes"},"schema":{"@context":"https:\/\/schema.org","@graph":[{"@type":"Article","@id":"https:\/\/peoplesphere.be\/fr\/travailleurs-souhaitent-intensifier-recours-teletravail-15-jour-semaine-moyenne-nest-assez\/#article","isPartOf":{"@id":"https:\/\/peoplesphere.be\/fr\/travailleurs-souhaitent-intensifier-recours-teletravail-15-jour-semaine-moyenne-nest-assez\/"},"author":{"name":"Jean-Paul Erhard","@id":"https:\/\/peoplesphere.be\/fr\/#\/schema\/person\/7976225ff17988604334abb7b3536a7e"},"headline":"Les travailleurs souhaitent intensifier le recours au t\u00e9l\u00e9travail: 1,5 jour par semaine en moyenne, ce n&rsquo;est pas assez!","datePublished":"2023-03-30T06:54:27+00:00","dateModified":"2023-03-30T06:54:27+00:00","mainEntityOfPage":{"@id":"https:\/\/peoplesphere.be\/fr\/travailleurs-souhaitent-intensifier-recours-teletravail-15-jour-semaine-moyenne-nest-assez\/"},"wordCount":857,"publisher":{"@id":"https:\/\/peoplesphere.be\/fr\/#organization"},"keywords":["flexibilit\u00e9","t\u00e9l\u00e9travail","travail \u00e0 domicile"],"articleSection":["Actualit\u00e9s","Digital"],"inLanguage":"fr-FR"},{"@type":"WebPage","@id":"https:\/\/peoplesphere.be\/fr\/travailleurs-souhaitent-intensifier-recours-teletravail-15-jour-semaine-moyenne-nest-assez\/","url":"https:\/\/peoplesphere.be\/fr\/travailleurs-souhaitent-intensifier-recours-teletravail-15-jour-semaine-moyenne-nest-assez\/","name":"Les travailleurs souhaitent intensifier le recours au t\u00e9l\u00e9travail: 1,5 jour par semaine en moyenne, ce n'est pas assez! - Peoplesphere","isPartOf":{"@id":"https:\/\/peoplesphere.be\/fr\/#website"},"datePublished":"2023-03-30T06:54:27+00:00","dateModified":"2023-03-30T06:54:27+00:00","breadcrumb":{"@id":"https:\/\/peoplesphere.be\/fr\/travailleurs-souhaitent-intensifier-recours-teletravail-15-jour-semaine-moyenne-nest-assez\/#breadcrumb"},"inLanguage":"fr-FR","potentialAction":[{"@type":"ReadAction","target":["https:\/\/peoplesphere.be\/fr\/travailleurs-souhaitent-intensifier-recours-teletravail-15-jour-semaine-moyenne-nest-assez\/"]}]},{"@type":"BreadcrumbList","@id":"https:\/\/peoplesphere.be\/fr\/travailleurs-souhaitent-intensifier-recours-teletravail-15-jour-semaine-moyenne-nest-assez\/#breadcrumb","itemListElement":[{"@type":"ListItem","position":1,"name":"Accueil","item":"https:\/\/peoplesphere.be\/fr\/"},{"@type":"ListItem","position":2,"name":"Les travailleurs souhaitent intensifier le recours au t\u00e9l\u00e9travail: 1,5 jour par semaine en moyenne, ce n&rsquo;est pas assez!"}]},{"@type":"WebSite","@id":"https:\/\/peoplesphere.be\/fr\/#website","url":"https:\/\/peoplesphere.be\/fr\/","name":"Peoplesphere","description":"The People Managers Magazine","publisher":{"@id":"https:\/\/peoplesphere.be\/fr\/#organization"},"potentialAction":[{"@type":"SearchAction","target":{"@type":"EntryPoint","urlTemplate":"https:\/\/peoplesphere.be\/fr\/?s={search_term_string}"},"query-input":"required name=search_term_string"}],"inLanguage":"fr-FR"},{"@type":"Organization","@id":"https:\/\/peoplesphere.be\/fr\/#organization","name":"Peoplesphere Company srl","url":"https:\/\/peoplesphere.be\/fr\/","logo":{"@type":"ImageObject","inLanguage":"fr-FR","@id":"https:\/\/peoplesphere.be\/fr\/#\/schema\/logo\/image\/","url":"https:\/\/peoplesphere.be\/fr\/wp-content\/uploads\/2023\/07\/peoplesphere-lgo-new-generik.jpg","contentUrl":"https:\/\/peoplesphere.be\/fr\/wp-content\/uploads\/2023\/07\/peoplesphere-lgo-new-generik.jpg","width":1031,"height":1479,"caption":"Peoplesphere Company srl"},"image":{"@id":"https:\/\/peoplesphere.be\/fr\/#\/schema\/logo\/image\/"},"sameAs":["https:\/\/www.facebook.com\/peoplesphere","https:\/\/twitter.com\/PeoplesphereMag","https:\/\/www.linkedin.com\/company\/7587361?trk","http:\/\/youtube.com\/peoplesphere"]},{"@type":"Person","@id":"https:\/\/peoplesphere.be\/fr\/#\/schema\/person\/7976225ff17988604334abb7b3536a7e","name":"Jean-Paul Erhard","image":{"@type":"ImageObject","inLanguage":"fr-FR","@id":"https:\/\/peoplesphere.be\/fr\/#\/schema\/person\/image\/","url":"https:\/\/secure.gravatar.com\/avatar\/f941e681460179738071629a51574930?s=96&d=mm&r=g","contentUrl":"https:\/\/secure.gravatar.com\/avatar\/f941e681460179738071629a51574930?s=96&d=mm&r=g","caption":"Jean-Paul Erhard"},"url":"https:\/\/peoplesphere.be\/fr\/author\/jpe\/"}]}},"_links":{"self":[{"href":"https:\/\/peoplesphere.be\/fr\/wp-json\/wp\/v2\/posts\/14249"}],"collection":[{"href":"https:\/\/peoplesphere.be\/fr\/wp-json\/wp\/v2\/posts"}],"about":[{"href":"https:\/\/peoplesphere.be\/fr\/wp-json\/wp\/v2\/types\/post"}],"author":[{"embeddable":true,"href":"https:\/\/peoplesphere.be\/fr\/wp-json\/wp\/v2\/users\/2"}],"replies":[{"embeddable":true,"href":"https:\/\/peoplesphere.be\/fr\/wp-json\/wp\/v2\/comments?post=14249"}],"version-history":[{"count":1,"href":"https:\/\/peoplesphere.be\/fr\/wp-json\/wp\/v2\/posts\/14249\/revisions"}],"predecessor-version":[{"id":14250,"href":"https:\/\/peoplesphere.be\/fr\/wp-json\/wp\/v2\/posts\/14249\/revisions\/14250"}],"wp:attachment":[{"href":"https:\/\/peoplesphere.be\/fr\/wp-json\/wp\/v2\/media?parent=14249"}],"wp:term":[{"taxonomy":"category","embeddable":true,"href":"https:\/\/peoplesphere.be\/fr\/wp-json\/wp\/v2\/categories?post=14249"},{"taxonomy":"post_tag","embeddable":true,"href":"https:\/\/peoplesphere.be\/fr\/wp-json\/wp\/v2\/tags?post=14249"}],"curies":[{"name":"wp","href":"https:\/\/api.w.org\/{rel}","templated":true}]}}