









{"id":14251,"date":"2023-03-30T09:50:14","date_gmt":"2023-03-30T07:50:14","guid":{"rendered":"https:\/\/peoplesphere.be\/fr\/?p=14251"},"modified":"2023-03-30T10:18:09","modified_gmt":"2023-03-30T08:18:09","slug":"enquete-forces-de-travail-meilleurs-taux-demploi-de-chomage-enregistres-flandre-2022","status":"publish","type":"post","link":"https:\/\/peoplesphere.be\/fr\/enquete-forces-de-travail-meilleurs-taux-demploi-de-chomage-enregistres-flandre-2022\/","title":{"rendered":"Enqu\u00eate sur les forces de travail: les meilleurs taux d&#8217;emploi et de ch\u00f4mage sont enregistr\u00e9s en Flandre en 2022."},"content":{"rendered":"<p>Apr\u00e8s avoir publi\u00e9 la semaine derni\u00e8re les taux d&#8217;emploi et de ch\u00f4mage par r\u00e9gion, Statbel, l&rsquo;office belge de statistique, publie les r\u00e9sultats d\u00e9taill\u00e9s de l&rsquo;enqu\u00eate sur les forces de travail 2022.\u00a0Dans quatre provinces flamandes (Flandre orientale, Flandre occidentale, Anvers et Limbourg), 75 % ou plus de la population \u00e2g\u00e9e de 20 \u00e0 64 ans travaille. La Flandre orientale obtient le meilleur r\u00e9sultat avec un taux d&#8217;emploi de 80 %. Le Hainaut a le taux d\u2019emploi le plus faible (61,4%). \u00c0 Li\u00e8ge, Bruxelles et Namur \u00e9galement, moins de 68 % de la population \u00e2g\u00e9e de 20 \u00e0 64 ans est au travail.<!--more--><\/p>\n<p>Le taux d&#8217;emploi a augment\u00e9 dans toutes les provinces au cours des 20 derni\u00e8res ann\u00e9es, la plus forte hausse ayant \u00e9t\u00e9 enregistr\u00e9e en Flandre orientale (+10,9 points de pourcentage).<\/p>\n<p>Les cinq provinces flamandes m\u00e8nent le classement du plus bas taux de ch\u00f4mage chez les 15-64 ans. Une fois encore, c&rsquo;est la Flandre orientale qui obtient le meilleur r\u00e9sultat avec un taux de ch\u00f4mage de 2 %.<\/p>\n<p>La Belgique s\u2019est fix\u00e9 comme objectif un taux d\u2019emploi des 20-64 ans de 80% en 2030. Pour atteindre cet objectif, plus de 540.000 personnes suppl\u00e9mentaires devront toutefois travailler. Vu le nombre limit\u00e9 de ch\u00f4meurs BIT (272.000 dans la tranche d&rsquo;\u00e2ge des 20-64 ans), des personnes inactives devront \u00eatre (r\u00e9)activ\u00e9es. En 2022, la Belgique compte environ 1.619.000 inactifs \u00e2g\u00e9s de 20 \u00e0 64 ans. Cela repr\u00e9sente 24 % de la population totale de ce groupe d&rsquo;\u00e2ge. La plus grande cat\u00e9gorie d&rsquo;inactifs parmi les 20-64 ans se compose des personnes qui se consid\u00e8rent comme \u00e9tant en incapacit\u00e9 de travailler en raison de probl\u00e8mes de sant\u00e9 de longue dur\u00e9e. Ce groupe compte environ 450.000 personnes. Les \u00e9tudiants arrivent en deuxi\u00e8me position, avec 378.000 inactifs. Viennent ensuite les (pr\u00e9)retrait\u00e9s (314.000 personnes), les femmes et les hommes au foyer (279.000 personnes) et une cat\u00e9gorie r\u00e9siduelle d&rsquo;un petit 200.000 inactifs.<\/p>\n<p><strong><em>La Flandre orientale atteint un taux d&#8217;emploi de 80%<\/em><\/strong><\/p>\n<p>La Flandre orientale affiche le taux d&#8217;emploi le plus \u00e9lev\u00e9 (80 %). Elle est suivie de la Flandre occidentale (78 %). Les places 3 et 4 sont occup\u00e9es par deux autres provinces flamandes : Anvers (75,9 %) et le Limbourg (75 %). Le Hainaut occupe le bas du classement avec un taux d&#8217;emploi de 61,4%, juste devant Li\u00e8ge (64,8%) et Bruxelles (65,2%). Les autres provinces se situent dans la moyenne avec un taux d&#8217;emploi compris entre 67% et 75%. Le taux d&#8217;emploi des hommes varie entre 66,1% (Hainaut) et 83% (Flandre orientale), celui des femmes entre 56,7% (Hainaut) et 76,9% (Flandre orientale).<\/p>\n<p>Le taux d&#8217;emploi des 20-64 ans a augment\u00e9 dans toutes les provinces au cours des 20 derni\u00e8res ann\u00e9es. C&rsquo;est en Flandre orientale (+10,9 points de pourcentage), dans le Brabant wallon (+9,3 points de pourcentage) et \u00e0 Anvers (+9,2 points de pourcentage) que l&rsquo;augmentation a \u00e9t\u00e9 la plus forte. C&rsquo;est dans le Brabant flamand que le taux d&#8217;emploi a le moins augment\u00e9 (+1,9 point de pourcentage). Entre 2002 et 2012, le pourcentage de personnes occup\u00e9es au sein de la population \u00e2g\u00e9e de 20 \u00e0 64 ans a l\u00e9g\u00e8rement augment\u00e9 dans la plupart des provinces. Seule Bruxelles a connu un l\u00e9ger repli (-0,6 point de pourcentage). Entre 2012 et 2022, une augmentation l\u00e9g\u00e8rement plus marqu\u00e9e du taux d&#8217;emploi peut \u00eatre observ\u00e9e dans la plupart des provinces. Dans la province de Namur, l&rsquo;augmentation est l\u00e9g\u00e8rement plus limit\u00e9e qu&rsquo;au cours de la d\u00e9cennie pr\u00e9c\u00e9dente et dans le Brabant flamand, le taux d&#8217;emploi se stabilise.<\/p>\n<p><strong><em>Taux de ch\u00f4mage le plus bas en Flandre orientale<\/em><\/strong><\/p>\n<p>Comme pour le taux d&#8217;emploi, la Flandre orientale obtient le meilleur r\u00e9sultat pour le taux de ch\u00f4mage des 15-64 ans. En 2022, \u00e0 peine 2% de la population active de Flandre orientale est au ch\u00f4mage. La Flandre occidentale suit en deuxi\u00e8me position (2,7%) et le trio de t\u00eate est compl\u00e9t\u00e9 par le Limbourg (3,6%). Le Brabant flamand se situe juste en dessous du Limbourg, avec un taux de ch\u00f4mage \u00e9galement faible de 3,7%. En bas du classement, on trouve Bruxelles avec un taux de ch\u00f4mage de 11,5%. Le taux de ch\u00f4mage s\u2019\u00e9l\u00e8ve \u00e0 10,6% dans le Hainaut et 8,4% dans la province de Li\u00e8ge. Les autres provinces se situent au milieu avec un taux de ch\u00f4mage moyen compris entre 4,0% et 7,3%. Le taux de ch\u00f4mage des femmes varie entre 1,9% (Flandre orientale) et 11,2% (Bruxelles), celui des hommes entre 2,1% (Flandre orientale) et 11,8% (Bruxelles).<\/p>\n<p><strong><em>24 % de la population entre 20 et 64 ans est inactive<\/em><\/strong><\/p>\n<p>La Belgique s\u2019est fix\u00e9 comme objectif un taux d\u2019emploi des 20-64 ans de 80% en 2030. Pour atteindre cet objectif, plus de 540.000 personnes suppl\u00e9mentaires devront toutefois travailler. Vu le nombre limit\u00e9 de ch\u00f4meurs BIT (272.000), les personnes inactives devront \u00eatre (r\u00e9)activ\u00e9es. En 2022, la Belgique compte environ 1.619.000 inactifs \u00e2g\u00e9es de 20 \u00e0 64 ans. Cela repr\u00e9sente 24 % de la population totale de cette cat\u00e9gorie d&rsquo;\u00e2ge.<\/p>\n<p>Le pourcentage de personnes inactives dans la population \u00e2g\u00e9e de 20 \u00e0 64 ans varie fortement d&rsquo;une province \u00e0 l&rsquo;autre, allant de 18,7% en Flandre orientale \u00e0 31,7% dans le Hainaut.<\/p>\n<p><strong><em>Les personnes en incapacit\u00e9 de travail en raison de probl\u00e8mes de sant\u00e9 de longue dur\u00e9e sont le plus grand groupe d&rsquo;inactifs<\/em><\/strong><\/p>\n<p>Contrairement aux statuts de personne occup\u00e9e et de ch\u00f4meur, qui ont \u00e9t\u00e9 d\u00e9termin\u00e9s sur la base des d\u00e9finitions du BIT, nous utilisons, pour obtenir plus de d\u00e9tails sur l\u2019inactivit\u00e9, une question de l&rsquo;enqu\u00eate qui demande le statut que les personnes s&rsquo;attribuent \u00e0 elles-m\u00eames. Les cat\u00e9gories d\u2019inactifs que nous pouvons distinguer sont : \u2018\u00e9tudiant\u2019, \u2018femme\/homme au foyer\u2019, \u2018en incapacit\u00e9 de travail en raison de probl\u00e8mes de sant\u00e9 de longue dur\u00e9e\u2019, \u2018retrait\u00e9s\u2019 et une cat\u00e9gorie r\u00e9siduelle \u2018autres\u2019.<\/p>\n<p>La plus grande cat\u00e9gorie d&rsquo;inactifs au sein du groupe d\u2019\u00e2ge des 20-64 ans se compose des personnes qui se consid\u00e8rent comme \u00e9tant en incapacit\u00e9 de travail en raison de probl\u00e8mes de sant\u00e9 de longue dur\u00e9e. Ce groupe compte environ 450.000 personnes, dont 246.000 femmes et 204.000 hommes. Les \u00e9tudiants arrivent en deuxi\u00e8me position avec 378.000 personnes inactives. Ce nombre comprend 200.000 femmes et 178.000 hommes. Les \u00e9tudiants qui ont \u00e9galement travaill\u00e9 pendant la semaine de r\u00e9f\u00e9rence sont exclus de ce chiffre et sont compt\u00e9s parmi les personnes occup\u00e9es. Quelque 314.000 personnes inactives \u00e2g\u00e9es de 20 \u00e0 64 ans indiquent qu&rsquo;elles sont \u00e0 la (pr\u00e9)retraite (sans avoir un emploi r\u00e9mun\u00e9r\u00e9 par ailleurs). Ici, les hommes (167.000) sont davantage repr\u00e9sent\u00e9s que les femmes (147.000). 279.000 inactifs se consid\u00e8rent comme des femmes\/hommes au foyer. La grande majorit\u00e9 de cette cat\u00e9gorie est compos\u00e9e de femmes (260.000). Il existe ensuite une cat\u00e9gorie r\u00e9siduelle comptant un petit 200.000 inactifs. Il s&rsquo;agit de personnes qui ne se consid\u00e9raient pas comme appartenant \u00e0 l&rsquo;une des cat\u00e9gories ci-dessus, mais qui ont d\u00e9clar\u00e9, par exemple, qu&rsquo;elles \u00e9taient renti\u00e8res ou qu&rsquo;elles faisaient du b\u00e9n\u00e9volat, ou qui se consid\u00e8rent comme \u00e9tant au ch\u00f4mage mais ne r\u00e9pondent pas aux crit\u00e8res pour \u00eatre comptabilis\u00e9es parmi les ch\u00f4meurs BIT. En effet, pour \u00eatre comptabilis\u00e9 parmi les ch\u00f4meurs BIT, il faut \u00eatre sans emploi, \u00e0 la recherche active d&rsquo;un emploi et disponible pour commencer \u00e0 travailler dans les deux semaines qui suivent la semaine de r\u00e9f\u00e9rence au cours de laquelle on est interrog\u00e9.<\/p>\n<p>&nbsp;<\/p>\n<p><em>Source: Statbel<\/em><\/p>\n","protected":false},"excerpt":{"rendered":"<p>Apr\u00e8s avoir publi\u00e9 la semaine derni\u00e8re les taux d&#8217;emploi et de ch\u00f4mage par r\u00e9gion, Statbel, l&rsquo;office belge de statistique, publie les r\u00e9sultats d\u00e9taill\u00e9s de l&rsquo;enqu\u00eate sur les forces de travail 2022.\u00a0Dans quatre provinces flamandes (Flandre orientale, Flandre occidentale, Anvers et [&hellip;]<\/p>\n","protected":false},"author":2,"featured_media":0,"comment_status":"closed","ping_status":"open","sticky":false,"template":"","format":"standard","meta":[],"categories":[65,10],"tags":[501,394,703],"yoast_head":"<!-- This site is optimized with the Yoast SEO plugin v21.0 - https:\/\/yoast.com\/wordpress\/plugins\/seo\/ -->\n<title>Enqu\u00eate sur les forces de travail: les meilleurs taux d&#039;emploi et de ch\u00f4mage sont enregistr\u00e9s en Flandre en 2022. - Peoplesphere<\/title>\n<meta name=\"robots\" content=\"index, follow, max-snippet:-1, max-image-preview:large, max-video-preview:-1\" \/>\n<link rel=\"canonical\" href=\"https:\/\/peoplesphere.be\/fr\/enquete-forces-de-travail-meilleurs-taux-demploi-de-chomage-enregistres-flandre-2022\/\" \/>\n<meta property=\"og:locale\" content=\"fr_FR\" \/>\n<meta property=\"og:type\" content=\"article\" \/>\n<meta property=\"og:title\" content=\"Enqu\u00eate sur les forces de travail: les meilleurs taux d&#039;emploi et de ch\u00f4mage sont enregistr\u00e9s en Flandre en 2022. - Peoplesphere\" \/>\n<meta property=\"og:description\" content=\"Apr\u00e8s avoir publi\u00e9 la semaine derni\u00e8re les taux d&#8217;emploi et de ch\u00f4mage par r\u00e9gion, Statbel, l&rsquo;office belge de statistique, publie les r\u00e9sultats d\u00e9taill\u00e9s de l&rsquo;enqu\u00eate sur les forces de travail 2022.\u00a0Dans quatre provinces flamandes (Flandre orientale, Flandre occidentale, Anvers et [&hellip;]\" \/>\n<meta property=\"og:url\" content=\"https:\/\/peoplesphere.be\/fr\/enquete-forces-de-travail-meilleurs-taux-demploi-de-chomage-enregistres-flandre-2022\/\" \/>\n<meta property=\"og:site_name\" content=\"Peoplesphere\" \/>\n<meta property=\"article:publisher\" content=\"https:\/\/www.facebook.com\/peoplesphere\" \/>\n<meta property=\"article:published_time\" content=\"2023-03-30T07:50:14+00:00\" \/>\n<meta property=\"article:modified_time\" content=\"2023-03-30T08:18:09+00:00\" \/>\n<meta property=\"og:image\" content=\"http:\/\/www.peoplesphere.be\/fr\/wp-content\/uploads\/2016\/07\/facebook-default-posting-1200x628px.jpg\" \/>\n<meta name=\"author\" content=\"Jean-Paul Erhard\" \/>\n<meta name=\"twitter:card\" content=\"summary_large_image\" \/>\n<meta name=\"twitter:creator\" content=\"@PeoplesphereMag\" \/>\n<meta name=\"twitter:site\" content=\"@PeoplesphereMag\" \/>\n<meta name=\"twitter:label1\" content=\"\u00c9crit par\" \/>\n\t<meta name=\"twitter:data1\" content=\"Jean-Paul Erhard\" \/>\n\t<meta name=\"twitter:label2\" content=\"Dur\u00e9e de lecture estim\u00e9e\" \/>\n\t<meta name=\"twitter:data2\" content=\"6 minutes\" \/>\n<script type=\"application\/ld+json\" class=\"yoast-schema-graph\">{\"@context\":\"https:\/\/schema.org\",\"@graph\":[{\"@type\":\"Article\",\"@id\":\"https:\/\/peoplesphere.be\/fr\/enquete-forces-de-travail-meilleurs-taux-demploi-de-chomage-enregistres-flandre-2022\/#article\",\"isPartOf\":{\"@id\":\"https:\/\/peoplesphere.be\/fr\/enquete-forces-de-travail-meilleurs-taux-demploi-de-chomage-enregistres-flandre-2022\/\"},\"author\":{\"name\":\"Jean-Paul Erhard\",\"@id\":\"https:\/\/peoplesphere.be\/fr\/#\/schema\/person\/7976225ff17988604334abb7b3536a7e\"},\"headline\":\"Enqu\u00eate sur les forces de travail: les meilleurs taux d&#8217;emploi et de ch\u00f4mage sont enregistr\u00e9s en Flandre en 2022.\",\"datePublished\":\"2023-03-30T07:50:14+00:00\",\"dateModified\":\"2023-03-30T08:18:09+00:00\",\"mainEntityOfPage\":{\"@id\":\"https:\/\/peoplesphere.be\/fr\/enquete-forces-de-travail-meilleurs-taux-demploi-de-chomage-enregistres-flandre-2022\/\"},\"wordCount\":1218,\"publisher\":{\"@id\":\"https:\/\/peoplesphere.be\/fr\/#organization\"},\"keywords\":[\"malades de longue dur\u00e9e\",\"taux d'emploi\",\"taux de ch\u00f4mage\"],\"articleSection\":[\"Actualit\u00e9s\",\"Digital\"],\"inLanguage\":\"fr-FR\"},{\"@type\":\"WebPage\",\"@id\":\"https:\/\/peoplesphere.be\/fr\/enquete-forces-de-travail-meilleurs-taux-demploi-de-chomage-enregistres-flandre-2022\/\",\"url\":\"https:\/\/peoplesphere.be\/fr\/enquete-forces-de-travail-meilleurs-taux-demploi-de-chomage-enregistres-flandre-2022\/\",\"name\":\"Enqu\u00eate sur les forces de travail: les meilleurs taux d'emploi et de ch\u00f4mage sont enregistr\u00e9s en Flandre en 2022. - Peoplesphere\",\"isPartOf\":{\"@id\":\"https:\/\/peoplesphere.be\/fr\/#website\"},\"datePublished\":\"2023-03-30T07:50:14+00:00\",\"dateModified\":\"2023-03-30T08:18:09+00:00\",\"breadcrumb\":{\"@id\":\"https:\/\/peoplesphere.be\/fr\/enquete-forces-de-travail-meilleurs-taux-demploi-de-chomage-enregistres-flandre-2022\/#breadcrumb\"},\"inLanguage\":\"fr-FR\",\"potentialAction\":[{\"@type\":\"ReadAction\",\"target\":[\"https:\/\/peoplesphere.be\/fr\/enquete-forces-de-travail-meilleurs-taux-demploi-de-chomage-enregistres-flandre-2022\/\"]}]},{\"@type\":\"BreadcrumbList\",\"@id\":\"https:\/\/peoplesphere.be\/fr\/enquete-forces-de-travail-meilleurs-taux-demploi-de-chomage-enregistres-flandre-2022\/#breadcrumb\",\"itemListElement\":[{\"@type\":\"ListItem\",\"position\":1,\"name\":\"Accueil\",\"item\":\"https:\/\/peoplesphere.be\/fr\/\"},{\"@type\":\"ListItem\",\"position\":2,\"name\":\"Enqu\u00eate sur les forces de travail: les meilleurs taux d&#8217;emploi et de ch\u00f4mage sont enregistr\u00e9s en Flandre en 2022.\"}]},{\"@type\":\"WebSite\",\"@id\":\"https:\/\/peoplesphere.be\/fr\/#website\",\"url\":\"https:\/\/peoplesphere.be\/fr\/\",\"name\":\"Peoplesphere\",\"description\":\"The People Managers Magazine\",\"publisher\":{\"@id\":\"https:\/\/peoplesphere.be\/fr\/#organization\"},\"potentialAction\":[{\"@type\":\"SearchAction\",\"target\":{\"@type\":\"EntryPoint\",\"urlTemplate\":\"https:\/\/peoplesphere.be\/fr\/?s={search_term_string}\"},\"query-input\":\"required name=search_term_string\"}],\"inLanguage\":\"fr-FR\"},{\"@type\":\"Organization\",\"@id\":\"https:\/\/peoplesphere.be\/fr\/#organization\",\"name\":\"Peoplesphere Company srl\",\"url\":\"https:\/\/peoplesphere.be\/fr\/\",\"logo\":{\"@type\":\"ImageObject\",\"inLanguage\":\"fr-FR\",\"@id\":\"https:\/\/peoplesphere.be\/fr\/#\/schema\/logo\/image\/\",\"url\":\"https:\/\/peoplesphere.be\/fr\/wp-content\/uploads\/2023\/07\/peoplesphere-lgo-new-generik.jpg\",\"contentUrl\":\"https:\/\/peoplesphere.be\/fr\/wp-content\/uploads\/2023\/07\/peoplesphere-lgo-new-generik.jpg\",\"width\":1031,\"height\":1479,\"caption\":\"Peoplesphere Company srl\"},\"image\":{\"@id\":\"https:\/\/peoplesphere.be\/fr\/#\/schema\/logo\/image\/\"},\"sameAs\":[\"https:\/\/www.facebook.com\/peoplesphere\",\"https:\/\/twitter.com\/PeoplesphereMag\",\"https:\/\/www.linkedin.com\/company\/7587361?trk\",\"http:\/\/youtube.com\/peoplesphere\"]},{\"@type\":\"Person\",\"@id\":\"https:\/\/peoplesphere.be\/fr\/#\/schema\/person\/7976225ff17988604334abb7b3536a7e\",\"name\":\"Jean-Paul Erhard\",\"image\":{\"@type\":\"ImageObject\",\"inLanguage\":\"fr-FR\",\"@id\":\"https:\/\/peoplesphere.be\/fr\/#\/schema\/person\/image\/\",\"url\":\"https:\/\/secure.gravatar.com\/avatar\/f941e681460179738071629a51574930?s=96&d=mm&r=g\",\"contentUrl\":\"https:\/\/secure.gravatar.com\/avatar\/f941e681460179738071629a51574930?s=96&d=mm&r=g\",\"caption\":\"Jean-Paul Erhard\"},\"url\":\"https:\/\/peoplesphere.be\/fr\/author\/jpe\/\"}]}<\/script>\n<!-- \/ Yoast SEO plugin. -->","yoast_head_json":{"title":"Enqu\u00eate sur les forces de travail: les meilleurs taux d'emploi et de ch\u00f4mage sont enregistr\u00e9s en Flandre en 2022. - Peoplesphere","robots":{"index":"index","follow":"follow","max-snippet":"max-snippet:-1","max-image-preview":"max-image-preview:large","max-video-preview":"max-video-preview:-1"},"canonical":"https:\/\/peoplesphere.be\/fr\/enquete-forces-de-travail-meilleurs-taux-demploi-de-chomage-enregistres-flandre-2022\/","og_locale":"fr_FR","og_type":"article","og_title":"Enqu\u00eate sur les forces de travail: les meilleurs taux d'emploi et de ch\u00f4mage sont enregistr\u00e9s en Flandre en 2022. - Peoplesphere","og_description":"Apr\u00e8s avoir publi\u00e9 la semaine derni\u00e8re les taux d&#8217;emploi et de ch\u00f4mage par r\u00e9gion, Statbel, l&rsquo;office belge de statistique, publie les r\u00e9sultats d\u00e9taill\u00e9s de l&rsquo;enqu\u00eate sur les forces de travail 2022.\u00a0Dans quatre provinces flamandes (Flandre orientale, Flandre occidentale, Anvers et [&hellip;]","og_url":"https:\/\/peoplesphere.be\/fr\/enquete-forces-de-travail-meilleurs-taux-demploi-de-chomage-enregistres-flandre-2022\/","og_site_name":"Peoplesphere","article_publisher":"https:\/\/www.facebook.com\/peoplesphere","article_published_time":"2023-03-30T07:50:14+00:00","article_modified_time":"2023-03-30T08:18:09+00:00","og_image":[{"url":"http:\/\/www.peoplesphere.be\/fr\/wp-content\/uploads\/2016\/07\/facebook-default-posting-1200x628px.jpg"}],"author":"Jean-Paul Erhard","twitter_card":"summary_large_image","twitter_creator":"@PeoplesphereMag","twitter_site":"@PeoplesphereMag","twitter_misc":{"\u00c9crit par":"Jean-Paul Erhard","Dur\u00e9e de lecture estim\u00e9e":"6 minutes"},"schema":{"@context":"https:\/\/schema.org","@graph":[{"@type":"Article","@id":"https:\/\/peoplesphere.be\/fr\/enquete-forces-de-travail-meilleurs-taux-demploi-de-chomage-enregistres-flandre-2022\/#article","isPartOf":{"@id":"https:\/\/peoplesphere.be\/fr\/enquete-forces-de-travail-meilleurs-taux-demploi-de-chomage-enregistres-flandre-2022\/"},"author":{"name":"Jean-Paul Erhard","@id":"https:\/\/peoplesphere.be\/fr\/#\/schema\/person\/7976225ff17988604334abb7b3536a7e"},"headline":"Enqu\u00eate sur les forces de travail: les meilleurs taux d&#8217;emploi et de ch\u00f4mage sont enregistr\u00e9s en Flandre en 2022.","datePublished":"2023-03-30T07:50:14+00:00","dateModified":"2023-03-30T08:18:09+00:00","mainEntityOfPage":{"@id":"https:\/\/peoplesphere.be\/fr\/enquete-forces-de-travail-meilleurs-taux-demploi-de-chomage-enregistres-flandre-2022\/"},"wordCount":1218,"publisher":{"@id":"https:\/\/peoplesphere.be\/fr\/#organization"},"keywords":["malades de longue dur\u00e9e","taux d'emploi","taux de ch\u00f4mage"],"articleSection":["Actualit\u00e9s","Digital"],"inLanguage":"fr-FR"},{"@type":"WebPage","@id":"https:\/\/peoplesphere.be\/fr\/enquete-forces-de-travail-meilleurs-taux-demploi-de-chomage-enregistres-flandre-2022\/","url":"https:\/\/peoplesphere.be\/fr\/enquete-forces-de-travail-meilleurs-taux-demploi-de-chomage-enregistres-flandre-2022\/","name":"Enqu\u00eate sur les forces de travail: les meilleurs taux d'emploi et de ch\u00f4mage sont enregistr\u00e9s en Flandre en 2022. - Peoplesphere","isPartOf":{"@id":"https:\/\/peoplesphere.be\/fr\/#website"},"datePublished":"2023-03-30T07:50:14+00:00","dateModified":"2023-03-30T08:18:09+00:00","breadcrumb":{"@id":"https:\/\/peoplesphere.be\/fr\/enquete-forces-de-travail-meilleurs-taux-demploi-de-chomage-enregistres-flandre-2022\/#breadcrumb"},"inLanguage":"fr-FR","potentialAction":[{"@type":"ReadAction","target":["https:\/\/peoplesphere.be\/fr\/enquete-forces-de-travail-meilleurs-taux-demploi-de-chomage-enregistres-flandre-2022\/"]}]},{"@type":"BreadcrumbList","@id":"https:\/\/peoplesphere.be\/fr\/enquete-forces-de-travail-meilleurs-taux-demploi-de-chomage-enregistres-flandre-2022\/#breadcrumb","itemListElement":[{"@type":"ListItem","position":1,"name":"Accueil","item":"https:\/\/peoplesphere.be\/fr\/"},{"@type":"ListItem","position":2,"name":"Enqu\u00eate sur les forces de travail: les meilleurs taux d&#8217;emploi et de ch\u00f4mage sont enregistr\u00e9s en Flandre en 2022."}]},{"@type":"WebSite","@id":"https:\/\/peoplesphere.be\/fr\/#website","url":"https:\/\/peoplesphere.be\/fr\/","name":"Peoplesphere","description":"The People Managers Magazine","publisher":{"@id":"https:\/\/peoplesphere.be\/fr\/#organization"},"potentialAction":[{"@type":"SearchAction","target":{"@type":"EntryPoint","urlTemplate":"https:\/\/peoplesphere.be\/fr\/?s={search_term_string}"},"query-input":"required name=search_term_string"}],"inLanguage":"fr-FR"},{"@type":"Organization","@id":"https:\/\/peoplesphere.be\/fr\/#organization","name":"Peoplesphere Company srl","url":"https:\/\/peoplesphere.be\/fr\/","logo":{"@type":"ImageObject","inLanguage":"fr-FR","@id":"https:\/\/peoplesphere.be\/fr\/#\/schema\/logo\/image\/","url":"https:\/\/peoplesphere.be\/fr\/wp-content\/uploads\/2023\/07\/peoplesphere-lgo-new-generik.jpg","contentUrl":"https:\/\/peoplesphere.be\/fr\/wp-content\/uploads\/2023\/07\/peoplesphere-lgo-new-generik.jpg","width":1031,"height":1479,"caption":"Peoplesphere Company srl"},"image":{"@id":"https:\/\/peoplesphere.be\/fr\/#\/schema\/logo\/image\/"},"sameAs":["https:\/\/www.facebook.com\/peoplesphere","https:\/\/twitter.com\/PeoplesphereMag","https:\/\/www.linkedin.com\/company\/7587361?trk","http:\/\/youtube.com\/peoplesphere"]},{"@type":"Person","@id":"https:\/\/peoplesphere.be\/fr\/#\/schema\/person\/7976225ff17988604334abb7b3536a7e","name":"Jean-Paul Erhard","image":{"@type":"ImageObject","inLanguage":"fr-FR","@id":"https:\/\/peoplesphere.be\/fr\/#\/schema\/person\/image\/","url":"https:\/\/secure.gravatar.com\/avatar\/f941e681460179738071629a51574930?s=96&d=mm&r=g","contentUrl":"https:\/\/secure.gravatar.com\/avatar\/f941e681460179738071629a51574930?s=96&d=mm&r=g","caption":"Jean-Paul Erhard"},"url":"https:\/\/peoplesphere.be\/fr\/author\/jpe\/"}]}},"_links":{"self":[{"href":"https:\/\/peoplesphere.be\/fr\/wp-json\/wp\/v2\/posts\/14251"}],"collection":[{"href":"https:\/\/peoplesphere.be\/fr\/wp-json\/wp\/v2\/posts"}],"about":[{"href":"https:\/\/peoplesphere.be\/fr\/wp-json\/wp\/v2\/types\/post"}],"author":[{"embeddable":true,"href":"https:\/\/peoplesphere.be\/fr\/wp-json\/wp\/v2\/users\/2"}],"replies":[{"embeddable":true,"href":"https:\/\/peoplesphere.be\/fr\/wp-json\/wp\/v2\/comments?post=14251"}],"version-history":[{"count":2,"href":"https:\/\/peoplesphere.be\/fr\/wp-json\/wp\/v2\/posts\/14251\/revisions"}],"predecessor-version":[{"id":14253,"href":"https:\/\/peoplesphere.be\/fr\/wp-json\/wp\/v2\/posts\/14251\/revisions\/14253"}],"wp:attachment":[{"href":"https:\/\/peoplesphere.be\/fr\/wp-json\/wp\/v2\/media?parent=14251"}],"wp:term":[{"taxonomy":"category","embeddable":true,"href":"https:\/\/peoplesphere.be\/fr\/wp-json\/wp\/v2\/categories?post=14251"},{"taxonomy":"post_tag","embeddable":true,"href":"https:\/\/peoplesphere.be\/fr\/wp-json\/wp\/v2\/tags?post=14251"}],"curies":[{"name":"wp","href":"https:\/\/api.w.org\/{rel}","templated":true}]}}