









{"id":14268,"date":"2023-04-04T15:38:03","date_gmt":"2023-04-04T13:38:03","guid":{"rendered":"https:\/\/peoplesphere.be\/fr\/?p=14268"},"modified":"2023-04-04T15:59:05","modified_gmt":"2023-04-04T13:59:05","slug":"legere-hausse-cho%cc%82mage-global-meme-temps-diminution-serieuse-nombre-de-beneficiaires-allocations-de-chomage","status":"publish","type":"post","link":"https:\/\/peoplesphere.be\/fr\/legere-hausse-cho%cc%82mage-global-meme-temps-diminution-serieuse-nombre-de-beneficiaires-allocations-de-chomage\/","title":{"rendered":"L\u00e9g\u00e8re hausse du ch\u00f4mage global avec dans le m\u00eame temps une diminution s\u00e9rieuse du nombre de b\u00e9n\u00e9ficiaires des allocations de ch\u00f4mage."},"content":{"rendered":"<p>Par rapport a\u0300 mars 2022, le nombre de be\u0301ne\u0301ficiaires des allocations de cho\u0302mage poursuit sa diminution (- 3,7%). Le nombre de chercheurs d\u2019emploi, quant a\u0300 lui, est en le\u0301ge\u0300re hausse pour s\u2019e\u0301tablir a\u0300 88.032 chercheurs d\u2019emploi (+2,5%). Actiris a rec\u0327u directement 6.062 offres d\u2019emploi et diffuse\u0301 plus de 100.000 offres d\u2019emploi. Pendant ce temps, on observe toutefois une l\u00e9g\u00e8re hausse du ch\u00f4mage global, plus forte notamment chez les jeunes bruxellois.<!--more--><\/p>\n<p>Fin mars, Bruxelles compte 88.032 chercheurs d\u2019emploi pour un taux de cho\u0302mage de 15,3%. Cela signifie une augmentation de 2.154 personnes par rapport a\u0300 l\u2019anne\u0301e pre\u0301ce\u0301dente (+2,5%). En variation mensuelle, on constate une le\u0301ge\u0300re augmentation de 294 personnes (+0,3%). Le cho\u0302mage des jeunes atteint quant a\u0300 lui un taux de 24,1%. Bruxelles compte 9.298 jeunes chercheurs d\u2019emploi en mars 2022, soit 694 de plus que l\u2019an dernier (+8,1%).<\/p>\n<p><strong><em>Le taux de cho\u0302mage<\/em><\/strong><\/p>\n<p>Fin mars 2023, le taux de cho\u0302mage en Re\u0301gion bruxelloise s\u2019e\u0301tablit a\u0300 15,3% (14,7% pour les hommes et 16,1% pour les femmes). En mars 2022, le taux de cho\u0302mage s\u2019e\u0301tablissait a\u0300 14,9%.<br \/>\nLe taux de cho\u0302mage est mesure\u0301 sur la base de la population active la plus re\u0301cente, calcule\u0301e a\u0300 partir des donne\u0301es de la Banque nationale et de l\u2019Enque\u0302te sur les Forces de Travail du SPF E\u0301conomie. Le croisement de ces donne\u0301es nous indique que la population active a, en Re\u0301gion bruxelloise, augmente\u0301 en 2020 de 0,9% par rapport a\u0300 l\u2019anne\u0301e pre\u0301ce\u0301dente.<\/p>\n<p><strong><em>Caracte\u0301ristiques et e\u0301volution du nombre de chercheurs d\u2019emploi<\/em><\/strong><\/p>\n<p>Fin mars 2023, on de\u0301nombre en Re\u0301gion de Bruxelles-Capitale 88.032 chercheurs d\u2019emploi inoccupe\u0301s (DEI), soit une augmentation par rapport a\u0300 l\u2019anne\u0301e pre\u0301ce\u0301dente (+2.154 personnes, +2,5%).<br \/>\nOn compte au cours du mois de mars 9.593 entre\u0301es dans le cho\u0302mage (7.236 re\u0301inscriptions et 2.357 nouvelles inscriptions) contre 9.299 sorties, soit une augmentation sur une base mensuelle du nombre de DEI de 294 personnes (+0,3%).<\/p>\n<p>On de\u0301nombre en Re\u0301gion bruxelloise 51.370 chercheurs d\u2019emploi demandeurs d\u2019allocations (DEDA), 5.965 jeunes en stage d\u2019insertion professionnelle et 30.697 autres chercheurs d\u2019emploi inscrits librement ou obligatoirement.<br \/>\nOn retrouve dans cette dernie\u0300re cate\u0301gorie (\u00ab autres DEI \u00bb) des personnes qui n\u2019ont pas encore rec\u0327u d\u2019allocation de cho\u0302mage (qui ont introduit une demande aupre\u0300s de l\u2019Onem), des personnes ayant e\u0301te\u0301 exclues des allocations de cho\u0302mage et qui sont venues se re\u0301inscrire aupre\u0300s d\u2019Actiris, des personnes be\u0301ne\u0301ficiant d\u2019un revenu d\u2019inte\u0301gration sociale ou encore des personnes qui n\u2019ont aucun revenu de remplacement. Il est a\u0300 noter qu\u2019une partie importante de ces chercheurs d\u2019emploi de\u0301pendent des CPAS ou n\u2019ont encore aucun revenu de remplacement.<\/p>\n<p>Actiris peut, a\u0300 partir de l\u2019exploitation d\u2019un flux d\u2019information provenant directement du SPP Inte\u0301gration sociale, identifier les chercheurs d\u2019emploi ayant une ouverture de droit au revenu d\u2019inte\u0301gration sociale ou a\u0300 son e\u0301quivalent, actuellement ou dans un passe\u0301 proche. Ainsi, parmi les 88.032 DEI inscrits en mars 2023, 14.045 chercheurs d\u2019emploi sont usagers du CPAS (soit 16,0% du total des DEI). Ce pourcentage est plus e\u0301leve\u0301 parmi les jeunes : sur les 9.298 jeunes DEI, 2.495 sont usagers du CPAS, soit 26,8%.<br \/>\nOn constate une diminution de -3,7% sur une base annuelle du nombre de chercheurs d\u2019emploi indemnise\u0301s (DEDA). On constate une augmentation annuelle du nombre de jeunes en stage d\u2019insertion professionnelle (+839 unite\u0301s, +16,4%). Le nombre des autres chercheurs d\u2019emploi a augmente\u0301 de 12,0% sur une base annuelle.<\/p>\n<p><strong><em>Diminution du volume d\u2019offres d\u2019emploi directement rec\u0327ues par Actiris<\/em><\/strong><\/p>\n<p>Actiris a rec\u0327u 6.062 offres d\u2019emploi (OE) en mars 2023. On observe une diminution de 17,2% du nombre d\u2019offres d\u2019emploi rec\u0327ues par rapport au mois de mars 2022. Sans tenir compte des offres d\u2019emploi de type inte\u0301rim, le nombre d\u2019offres d\u2019emploi passe au-dessus du niveau du mois de mars 2022 (+3,9%).<br \/>\nAlors que depuis 2021 on voyait le volume des offres d\u2019emploi rec\u0327ues directement par Actiris augmenter fortement, on constate a\u0300 nouveau une diminution les derniers mois. La principale explication est lie\u0301e au ralentissement de l\u2019e\u0301conomie cause\u0301 par la crise e\u0301nerge\u0301tique et inflationniste.<br \/>\nOn constate une stabilisation du nombre d\u2019offres d\u2019emploi rec\u0327ues total (y compris les OE rec\u0327ues par l\u2019interme\u0301diaire du VDAB et Forem et des sites partenaires) -0,2% par rapport au mois passe\u0301 et une augmentation de 13,6% par rapport a\u0300 l\u2019anne\u0301e dernie\u0300re.<\/p>\n<p>&nbsp;<\/p>\n<p><em>Source: Actiris, calculs view.brussels<\/em><\/p>\n","protected":false},"excerpt":{"rendered":"<p>Par rapport a\u0300 mars 2022, le nombre de be\u0301ne\u0301ficiaires des allocations de cho\u0302mage poursuit sa diminution (- 3,7%). Le nombre de chercheurs d\u2019emploi, quant a\u0300 lui, est en le\u0301ge\u0300re hausse pour s\u2019e\u0301tablir a\u0300 88.032 chercheurs d\u2019emploi (+2,5%). Actiris a rec\u0327u [&hellip;]<\/p>\n","protected":false},"author":2,"featured_media":0,"comment_status":"closed","ping_status":"open","sticky":false,"template":"","format":"standard","meta":[],"categories":[65,10],"tags":[226,3802,653,703],"yoast_head":"<!-- This site is optimized with the Yoast SEO plugin v21.0 - https:\/\/yoast.com\/wordpress\/plugins\/seo\/ -->\n<title>L\u00e9g\u00e8re hausse du ch\u00f4mage global avec dans le m\u00eame temps une diminution s\u00e9rieuse du nombre de b\u00e9n\u00e9ficiaires des allocations de ch\u00f4mage. - Peoplesphere<\/title>\n<meta name=\"robots\" content=\"index, follow, max-snippet:-1, max-image-preview:large, max-video-preview:-1\" \/>\n<link rel=\"canonical\" href=\"https:\/\/peoplesphere.be\/fr\/legere-hausse-cho\u0302mage-global-meme-temps-diminution-serieuse-nombre-de-beneficiaires-allocations-de-chomage\/\" \/>\n<meta property=\"og:locale\" content=\"fr_FR\" \/>\n<meta property=\"og:type\" content=\"article\" \/>\n<meta property=\"og:title\" content=\"L\u00e9g\u00e8re hausse du ch\u00f4mage global avec dans le m\u00eame temps une diminution s\u00e9rieuse du nombre de b\u00e9n\u00e9ficiaires des allocations de ch\u00f4mage. - Peoplesphere\" \/>\n<meta property=\"og:description\" content=\"Par rapport a\u0300 mars 2022, le nombre de be\u0301ne\u0301ficiaires des allocations de cho\u0302mage poursuit sa diminution (- 3,7%). Le nombre de chercheurs d\u2019emploi, quant a\u0300 lui, est en le\u0301ge\u0300re hausse pour s\u2019e\u0301tablir a\u0300 88.032 chercheurs d\u2019emploi (+2,5%). Actiris a rec\u0327u [&hellip;]\" \/>\n<meta property=\"og:url\" content=\"https:\/\/peoplesphere.be\/fr\/legere-hausse-cho\u0302mage-global-meme-temps-diminution-serieuse-nombre-de-beneficiaires-allocations-de-chomage\/\" \/>\n<meta property=\"og:site_name\" content=\"Peoplesphere\" \/>\n<meta property=\"article:publisher\" content=\"https:\/\/www.facebook.com\/peoplesphere\" \/>\n<meta property=\"article:published_time\" content=\"2023-04-04T13:38:03+00:00\" \/>\n<meta property=\"article:modified_time\" content=\"2023-04-04T13:59:05+00:00\" \/>\n<meta property=\"og:image\" content=\"http:\/\/www.peoplesphere.be\/fr\/wp-content\/uploads\/2016\/07\/facebook-default-posting-1200x628px.jpg\" \/>\n<meta name=\"author\" content=\"Jean-Paul Erhard\" \/>\n<meta name=\"twitter:card\" content=\"summary_large_image\" \/>\n<meta name=\"twitter:creator\" content=\"@PeoplesphereMag\" \/>\n<meta name=\"twitter:site\" content=\"@PeoplesphereMag\" \/>\n<meta name=\"twitter:label1\" content=\"\u00c9crit par\" \/>\n\t<meta name=\"twitter:data1\" content=\"Jean-Paul Erhard\" \/>\n\t<meta name=\"twitter:label2\" content=\"Dur\u00e9e de lecture estim\u00e9e\" \/>\n\t<meta name=\"twitter:data2\" content=\"4 minutes\" \/>\n<script type=\"application\/ld+json\" class=\"yoast-schema-graph\">{\"@context\":\"https:\/\/schema.org\",\"@graph\":[{\"@type\":\"Article\",\"@id\":\"https:\/\/peoplesphere.be\/fr\/legere-hausse-cho%cc%82mage-global-meme-temps-diminution-serieuse-nombre-de-beneficiaires-allocations-de-chomage\/#article\",\"isPartOf\":{\"@id\":\"https:\/\/peoplesphere.be\/fr\/legere-hausse-cho%cc%82mage-global-meme-temps-diminution-serieuse-nombre-de-beneficiaires-allocations-de-chomage\/\"},\"author\":{\"name\":\"Jean-Paul Erhard\",\"@id\":\"https:\/\/peoplesphere.be\/fr\/#\/schema\/person\/7976225ff17988604334abb7b3536a7e\"},\"headline\":\"L\u00e9g\u00e8re hausse du ch\u00f4mage global avec dans le m\u00eame temps une diminution s\u00e9rieuse du nombre de b\u00e9n\u00e9ficiaires des allocations de ch\u00f4mage.\",\"datePublished\":\"2023-04-04T13:38:03+00:00\",\"dateModified\":\"2023-04-04T13:59:05+00:00\",\"mainEntityOfPage\":{\"@id\":\"https:\/\/peoplesphere.be\/fr\/legere-hausse-cho%cc%82mage-global-meme-temps-diminution-serieuse-nombre-de-beneficiaires-allocations-de-chomage\/\"},\"wordCount\":794,\"publisher\":{\"@id\":\"https:\/\/peoplesphere.be\/fr\/#organization\"},\"keywords\":[\"actiris\",\"b\u00e9n\u00e9ficiaires d'allocations\",\"demandeurs d'emploi\",\"taux de ch\u00f4mage\"],\"articleSection\":[\"Actualit\u00e9s\",\"Digital\"],\"inLanguage\":\"fr-FR\"},{\"@type\":\"WebPage\",\"@id\":\"https:\/\/peoplesphere.be\/fr\/legere-hausse-cho%cc%82mage-global-meme-temps-diminution-serieuse-nombre-de-beneficiaires-allocations-de-chomage\/\",\"url\":\"https:\/\/peoplesphere.be\/fr\/legere-hausse-cho%cc%82mage-global-meme-temps-diminution-serieuse-nombre-de-beneficiaires-allocations-de-chomage\/\",\"name\":\"L\u00e9g\u00e8re hausse du ch\u00f4mage global avec dans le m\u00eame temps une diminution s\u00e9rieuse du nombre de b\u00e9n\u00e9ficiaires des allocations de ch\u00f4mage. - Peoplesphere\",\"isPartOf\":{\"@id\":\"https:\/\/peoplesphere.be\/fr\/#website\"},\"datePublished\":\"2023-04-04T13:38:03+00:00\",\"dateModified\":\"2023-04-04T13:59:05+00:00\",\"breadcrumb\":{\"@id\":\"https:\/\/peoplesphere.be\/fr\/legere-hausse-cho%cc%82mage-global-meme-temps-diminution-serieuse-nombre-de-beneficiaires-allocations-de-chomage\/#breadcrumb\"},\"inLanguage\":\"fr-FR\",\"potentialAction\":[{\"@type\":\"ReadAction\",\"target\":[\"https:\/\/peoplesphere.be\/fr\/legere-hausse-cho%cc%82mage-global-meme-temps-diminution-serieuse-nombre-de-beneficiaires-allocations-de-chomage\/\"]}]},{\"@type\":\"BreadcrumbList\",\"@id\":\"https:\/\/peoplesphere.be\/fr\/legere-hausse-cho%cc%82mage-global-meme-temps-diminution-serieuse-nombre-de-beneficiaires-allocations-de-chomage\/#breadcrumb\",\"itemListElement\":[{\"@type\":\"ListItem\",\"position\":1,\"name\":\"Accueil\",\"item\":\"https:\/\/peoplesphere.be\/fr\/\"},{\"@type\":\"ListItem\",\"position\":2,\"name\":\"L\u00e9g\u00e8re hausse du ch\u00f4mage global avec dans le m\u00eame temps une diminution s\u00e9rieuse du nombre de b\u00e9n\u00e9ficiaires des allocations de ch\u00f4mage.\"}]},{\"@type\":\"WebSite\",\"@id\":\"https:\/\/peoplesphere.be\/fr\/#website\",\"url\":\"https:\/\/peoplesphere.be\/fr\/\",\"name\":\"Peoplesphere\",\"description\":\"The People Managers Magazine\",\"publisher\":{\"@id\":\"https:\/\/peoplesphere.be\/fr\/#organization\"},\"potentialAction\":[{\"@type\":\"SearchAction\",\"target\":{\"@type\":\"EntryPoint\",\"urlTemplate\":\"https:\/\/peoplesphere.be\/fr\/?s={search_term_string}\"},\"query-input\":\"required name=search_term_string\"}],\"inLanguage\":\"fr-FR\"},{\"@type\":\"Organization\",\"@id\":\"https:\/\/peoplesphere.be\/fr\/#organization\",\"name\":\"Peoplesphere Company srl\",\"url\":\"https:\/\/peoplesphere.be\/fr\/\",\"logo\":{\"@type\":\"ImageObject\",\"inLanguage\":\"fr-FR\",\"@id\":\"https:\/\/peoplesphere.be\/fr\/#\/schema\/logo\/image\/\",\"url\":\"https:\/\/peoplesphere.be\/fr\/wp-content\/uploads\/2023\/07\/peoplesphere-lgo-new-generik.jpg\",\"contentUrl\":\"https:\/\/peoplesphere.be\/fr\/wp-content\/uploads\/2023\/07\/peoplesphere-lgo-new-generik.jpg\",\"width\":1031,\"height\":1479,\"caption\":\"Peoplesphere Company srl\"},\"image\":{\"@id\":\"https:\/\/peoplesphere.be\/fr\/#\/schema\/logo\/image\/\"},\"sameAs\":[\"https:\/\/www.facebook.com\/peoplesphere\",\"https:\/\/twitter.com\/PeoplesphereMag\",\"https:\/\/www.linkedin.com\/company\/7587361?trk\",\"http:\/\/youtube.com\/peoplesphere\"]},{\"@type\":\"Person\",\"@id\":\"https:\/\/peoplesphere.be\/fr\/#\/schema\/person\/7976225ff17988604334abb7b3536a7e\",\"name\":\"Jean-Paul Erhard\",\"image\":{\"@type\":\"ImageObject\",\"inLanguage\":\"fr-FR\",\"@id\":\"https:\/\/peoplesphere.be\/fr\/#\/schema\/person\/image\/\",\"url\":\"https:\/\/secure.gravatar.com\/avatar\/f941e681460179738071629a51574930?s=96&d=mm&r=g\",\"contentUrl\":\"https:\/\/secure.gravatar.com\/avatar\/f941e681460179738071629a51574930?s=96&d=mm&r=g\",\"caption\":\"Jean-Paul Erhard\"},\"url\":\"https:\/\/peoplesphere.be\/fr\/author\/jpe\/\"}]}<\/script>\n<!-- \/ Yoast SEO plugin. -->","yoast_head_json":{"title":"L\u00e9g\u00e8re hausse du ch\u00f4mage global avec dans le m\u00eame temps une diminution s\u00e9rieuse du nombre de b\u00e9n\u00e9ficiaires des allocations de ch\u00f4mage. - Peoplesphere","robots":{"index":"index","follow":"follow","max-snippet":"max-snippet:-1","max-image-preview":"max-image-preview:large","max-video-preview":"max-video-preview:-1"},"canonical":"https:\/\/peoplesphere.be\/fr\/legere-hausse-cho\u0302mage-global-meme-temps-diminution-serieuse-nombre-de-beneficiaires-allocations-de-chomage\/","og_locale":"fr_FR","og_type":"article","og_title":"L\u00e9g\u00e8re hausse du ch\u00f4mage global avec dans le m\u00eame temps une diminution s\u00e9rieuse du nombre de b\u00e9n\u00e9ficiaires des allocations de ch\u00f4mage. - Peoplesphere","og_description":"Par rapport a\u0300 mars 2022, le nombre de be\u0301ne\u0301ficiaires des allocations de cho\u0302mage poursuit sa diminution (- 3,7%). Le nombre de chercheurs d\u2019emploi, quant a\u0300 lui, est en le\u0301ge\u0300re hausse pour s\u2019e\u0301tablir a\u0300 88.032 chercheurs d\u2019emploi (+2,5%). Actiris a rec\u0327u [&hellip;]","og_url":"https:\/\/peoplesphere.be\/fr\/legere-hausse-cho\u0302mage-global-meme-temps-diminution-serieuse-nombre-de-beneficiaires-allocations-de-chomage\/","og_site_name":"Peoplesphere","article_publisher":"https:\/\/www.facebook.com\/peoplesphere","article_published_time":"2023-04-04T13:38:03+00:00","article_modified_time":"2023-04-04T13:59:05+00:00","og_image":[{"url":"http:\/\/www.peoplesphere.be\/fr\/wp-content\/uploads\/2016\/07\/facebook-default-posting-1200x628px.jpg"}],"author":"Jean-Paul Erhard","twitter_card":"summary_large_image","twitter_creator":"@PeoplesphereMag","twitter_site":"@PeoplesphereMag","twitter_misc":{"\u00c9crit par":"Jean-Paul Erhard","Dur\u00e9e de lecture estim\u00e9e":"4 minutes"},"schema":{"@context":"https:\/\/schema.org","@graph":[{"@type":"Article","@id":"https:\/\/peoplesphere.be\/fr\/legere-hausse-cho%cc%82mage-global-meme-temps-diminution-serieuse-nombre-de-beneficiaires-allocations-de-chomage\/#article","isPartOf":{"@id":"https:\/\/peoplesphere.be\/fr\/legere-hausse-cho%cc%82mage-global-meme-temps-diminution-serieuse-nombre-de-beneficiaires-allocations-de-chomage\/"},"author":{"name":"Jean-Paul Erhard","@id":"https:\/\/peoplesphere.be\/fr\/#\/schema\/person\/7976225ff17988604334abb7b3536a7e"},"headline":"L\u00e9g\u00e8re hausse du ch\u00f4mage global avec dans le m\u00eame temps une diminution s\u00e9rieuse du nombre de b\u00e9n\u00e9ficiaires des allocations de ch\u00f4mage.","datePublished":"2023-04-04T13:38:03+00:00","dateModified":"2023-04-04T13:59:05+00:00","mainEntityOfPage":{"@id":"https:\/\/peoplesphere.be\/fr\/legere-hausse-cho%cc%82mage-global-meme-temps-diminution-serieuse-nombre-de-beneficiaires-allocations-de-chomage\/"},"wordCount":794,"publisher":{"@id":"https:\/\/peoplesphere.be\/fr\/#organization"},"keywords":["actiris","b\u00e9n\u00e9ficiaires d'allocations","demandeurs d'emploi","taux de ch\u00f4mage"],"articleSection":["Actualit\u00e9s","Digital"],"inLanguage":"fr-FR"},{"@type":"WebPage","@id":"https:\/\/peoplesphere.be\/fr\/legere-hausse-cho%cc%82mage-global-meme-temps-diminution-serieuse-nombre-de-beneficiaires-allocations-de-chomage\/","url":"https:\/\/peoplesphere.be\/fr\/legere-hausse-cho%cc%82mage-global-meme-temps-diminution-serieuse-nombre-de-beneficiaires-allocations-de-chomage\/","name":"L\u00e9g\u00e8re hausse du ch\u00f4mage global avec dans le m\u00eame temps une diminution s\u00e9rieuse du nombre de b\u00e9n\u00e9ficiaires des allocations de ch\u00f4mage. - Peoplesphere","isPartOf":{"@id":"https:\/\/peoplesphere.be\/fr\/#website"},"datePublished":"2023-04-04T13:38:03+00:00","dateModified":"2023-04-04T13:59:05+00:00","breadcrumb":{"@id":"https:\/\/peoplesphere.be\/fr\/legere-hausse-cho%cc%82mage-global-meme-temps-diminution-serieuse-nombre-de-beneficiaires-allocations-de-chomage\/#breadcrumb"},"inLanguage":"fr-FR","potentialAction":[{"@type":"ReadAction","target":["https:\/\/peoplesphere.be\/fr\/legere-hausse-cho%cc%82mage-global-meme-temps-diminution-serieuse-nombre-de-beneficiaires-allocations-de-chomage\/"]}]},{"@type":"BreadcrumbList","@id":"https:\/\/peoplesphere.be\/fr\/legere-hausse-cho%cc%82mage-global-meme-temps-diminution-serieuse-nombre-de-beneficiaires-allocations-de-chomage\/#breadcrumb","itemListElement":[{"@type":"ListItem","position":1,"name":"Accueil","item":"https:\/\/peoplesphere.be\/fr\/"},{"@type":"ListItem","position":2,"name":"L\u00e9g\u00e8re hausse du ch\u00f4mage global avec dans le m\u00eame temps une diminution s\u00e9rieuse du nombre de b\u00e9n\u00e9ficiaires des allocations de ch\u00f4mage."}]},{"@type":"WebSite","@id":"https:\/\/peoplesphere.be\/fr\/#website","url":"https:\/\/peoplesphere.be\/fr\/","name":"Peoplesphere","description":"The People Managers Magazine","publisher":{"@id":"https:\/\/peoplesphere.be\/fr\/#organization"},"potentialAction":[{"@type":"SearchAction","target":{"@type":"EntryPoint","urlTemplate":"https:\/\/peoplesphere.be\/fr\/?s={search_term_string}"},"query-input":"required name=search_term_string"}],"inLanguage":"fr-FR"},{"@type":"Organization","@id":"https:\/\/peoplesphere.be\/fr\/#organization","name":"Peoplesphere Company srl","url":"https:\/\/peoplesphere.be\/fr\/","logo":{"@type":"ImageObject","inLanguage":"fr-FR","@id":"https:\/\/peoplesphere.be\/fr\/#\/schema\/logo\/image\/","url":"https:\/\/peoplesphere.be\/fr\/wp-content\/uploads\/2023\/07\/peoplesphere-lgo-new-generik.jpg","contentUrl":"https:\/\/peoplesphere.be\/fr\/wp-content\/uploads\/2023\/07\/peoplesphere-lgo-new-generik.jpg","width":1031,"height":1479,"caption":"Peoplesphere Company srl"},"image":{"@id":"https:\/\/peoplesphere.be\/fr\/#\/schema\/logo\/image\/"},"sameAs":["https:\/\/www.facebook.com\/peoplesphere","https:\/\/twitter.com\/PeoplesphereMag","https:\/\/www.linkedin.com\/company\/7587361?trk","http:\/\/youtube.com\/peoplesphere"]},{"@type":"Person","@id":"https:\/\/peoplesphere.be\/fr\/#\/schema\/person\/7976225ff17988604334abb7b3536a7e","name":"Jean-Paul Erhard","image":{"@type":"ImageObject","inLanguage":"fr-FR","@id":"https:\/\/peoplesphere.be\/fr\/#\/schema\/person\/image\/","url":"https:\/\/secure.gravatar.com\/avatar\/f941e681460179738071629a51574930?s=96&d=mm&r=g","contentUrl":"https:\/\/secure.gravatar.com\/avatar\/f941e681460179738071629a51574930?s=96&d=mm&r=g","caption":"Jean-Paul Erhard"},"url":"https:\/\/peoplesphere.be\/fr\/author\/jpe\/"}]}},"_links":{"self":[{"href":"https:\/\/peoplesphere.be\/fr\/wp-json\/wp\/v2\/posts\/14268"}],"collection":[{"href":"https:\/\/peoplesphere.be\/fr\/wp-json\/wp\/v2\/posts"}],"about":[{"href":"https:\/\/peoplesphere.be\/fr\/wp-json\/wp\/v2\/types\/post"}],"author":[{"embeddable":true,"href":"https:\/\/peoplesphere.be\/fr\/wp-json\/wp\/v2\/users\/2"}],"replies":[{"embeddable":true,"href":"https:\/\/peoplesphere.be\/fr\/wp-json\/wp\/v2\/comments?post=14268"}],"version-history":[{"count":2,"href":"https:\/\/peoplesphere.be\/fr\/wp-json\/wp\/v2\/posts\/14268\/revisions"}],"predecessor-version":[{"id":14270,"href":"https:\/\/peoplesphere.be\/fr\/wp-json\/wp\/v2\/posts\/14268\/revisions\/14270"}],"wp:attachment":[{"href":"https:\/\/peoplesphere.be\/fr\/wp-json\/wp\/v2\/media?parent=14268"}],"wp:term":[{"taxonomy":"category","embeddable":true,"href":"https:\/\/peoplesphere.be\/fr\/wp-json\/wp\/v2\/categories?post=14268"},{"taxonomy":"post_tag","embeddable":true,"href":"https:\/\/peoplesphere.be\/fr\/wp-json\/wp\/v2\/tags?post=14268"}],"curies":[{"name":"wp","href":"https:\/\/api.w.org\/{rel}","templated":true}]}}