









{"id":14302,"date":"2023-04-10T07:39:10","date_gmt":"2023-04-10T05:39:10","guid":{"rendered":"https:\/\/peoplesphere.be\/fr\/?p=14302"},"modified":"2023-04-12T07:46:14","modified_gmt":"2023-04-12T05:46:14","slug":"taux-de-chomage-wallonie-nombre-de-beneficiaires-allocations-sociales-continue-de-baisser","status":"publish","type":"post","link":"https:\/\/peoplesphere.be\/fr\/taux-de-chomage-wallonie-nombre-de-beneficiaires-allocations-sociales-continue-de-baisser\/","title":{"rendered":"Taux de ch\u00f4mage en Wallonie : le nombre de b\u00e9n\u00e9ficiaires des allocations sociales continue de baisser."},"content":{"rendered":"<p>Par rapport \u00e0 l\u2019an dernier, le nombre de b\u00e9n\u00e9ficiaires des allocations de ch\u00f4mage poursuit sa diminution (- 0,8 %). Le taux de la demande d\u2019emploi s\u2019\u00e9tablit \u00e0 13,3 % \u00e0 fin mars 2023. Le Forem a par ailleurs diffus\u00e9 pr\u00e8s de 31.000 offres d\u2019emploi durant le mois \u00e9coul\u00e9.<br \/>\n\u00c0 la fin de ce mois de mars, la Wallonie comptait 213.690 demandeurs d\u2019emploi inoccup\u00e9s (DEI).<!--more--><\/p>\n<p>Ce nombre comprend 119.571 demandeurs d\u2019emploi demandeurs d\u2019allocations (dont 1.329 en Communaut\u00e9 germanophone) et 38.029 jeunes en stage d\u2019insertion professionnelle (dont 149 en Communaut\u00e9 germanophone). S\u2019y ajoutaient 24.748 demandeurs d\u2019emploi inscrits obligatoirement et 31.342 demandeurs d\u2019emploi inscrits librement.<\/p>\n<p>Parmi ces 213.690 DEI :<br \/>\n\u2022 53 % sont des hommes ;<br \/>\n\u2022 19 % sont \u00e2g\u00e9s de moins de 25 ans, 24 % ont 50 ans et plus ;<br \/>\n\u2022 43 % sont au plus dipl\u00f4m\u00e9s de l\u2019enseignement secondaire du 2e degr\u00e9 ;<br \/>\n\u2022 22 % sont inoccup\u00e9s depuis moins de six mois et 44 % depuis deux ans et plus.<\/p>\n<p><strong><em>\u00c9cart mensuel<\/em><\/strong><br \/>\nPar rapport \u00e0 la fin du mois de f\u00e9vrier, le nombre de demandeurs d\u2019emploi demandeurs d\u2019allocations et de jeunes en stage d\u2019insertion professionnelle a connu une baisse de 3,9 %. On d\u00e9nombre ainsi 6.459 personnes de moins en un mois.<br \/>\nAvec les deux autres cat\u00e9gories \u00ab administratives \u00bb (demandeurs d\u2019emploi inscrits obligatoirement et librement), la baisse de la demande d\u2019emploi \u00e0 un mois d\u2019\u00e9cart est de &#8211; 2,3 % (4.963 personnes de moins \u00e0 fin mars par rapport \u00e0 fin f\u00e9vrier).<\/p>\n<p><em><strong>\u00c9cart annuel<\/strong><\/em><br \/>\nEntre mars 2022 et mars 2023, la demande d\u2019emploi a connu une hausse de 8,8 %. Cela repr\u00e9sente une augmentation de 17.317 personnes \u00e0 un an d\u2019intervalle. Une analyse plus fine sur les plans socio-d\u00e9mographique et administratif r\u00e9v\u00e8le des tendances contrast\u00e9es :<\/p>\n<ul>\n<li>La diminution du nombre de demandeurs d\u2019emploi demandeurs d\u2019allocations par rapport \u00e0 l\u2019an dernier s\u2019est poursuivie : &#8211; 0,8 %, soit 951 personnes de moins en demande d\u2019allocations qu\u2019\u00e0 fin mars 2022.<\/li>\n<li>Le nombre de jeunes en stage d\u2019insertion a connu une augmentation de 13,6 % entre la fin des mois de mars 2022 et mars 2023, \u00e9volution en partie due aux cons\u00e9quences de la crise sanitaire. Cette hausse \u00e9quivaut \u00e0 un volume net de 4.563 personnes suppl\u00e9mentaires inscrites. Si le nombre de jeunes reste en hausse \u00e0 un an d\u2019\u00e9cart, on constate une r\u00e9duction du nombre de jeunes en stage d\u2019insertion par rapport aux pr\u00e9c\u00e9dent mois.<\/li>\n<li>Les demandeurs d\u2019emploi inscrits obligatoirement ont encore vu leurs effectifs diminuer : 1.752 personnes de moins \u00e0 un an d\u2019\u00e9cart (- 6,6 %).<\/li>\n<li>Il est \u00e0 noter que l\u2019augmentation du nombre de personnes librement inscrites dans la demande d\u2019emploi de 15.457 unit\u00e9s entre mars 2022 et 2023 est pour l\u2019essentiel de nature purement administrative, et due au maintien automatique de l\u2019inscription sous cette cat\u00e9gorie depuis le 1er janvier 2022.<\/li>\n<\/ul>\n<p><strong><em>Diffusion d\u2019offres d\u2019emploi<\/em><\/strong><br \/>\nAu cours du mois de mars 2023, le Forem a diffus\u00e9 pr\u00e8s de 31.000 offres d\u2019emploi (ce volume ne comprend pas les offres \u00e9manant d\u2019autres services publics de l\u2019emploi).<br \/>\nLes m\u00e9tiers les plus recherch\u00e9s (250 postes minimum) durant le mois \u00e9coul\u00e9 sont :<\/p>\n<ul>\n<li>Conducteur \/ Conductrice d&rsquo;autobus<\/li>\n<li>Aide m\u00e9nager \/ m\u00e9nag\u00e8re \u00e0 domicile<\/li>\n<li>Magasinier \/ Magasini\u00e8re<\/li>\n<li>\u00c9lectrom\u00e9canicien \/ \u00c9lectrom\u00e9canicienne de maintenance industrielle<\/li>\n<li>Agent administratif \/ Agente administrative<\/li>\n<li>Nettoyeur \/ Nettoyeuse de locaux et de grandes surfaces<\/li>\n<li>Infirmier \/ Infirmi\u00e8re<\/li>\n<li>Ouvrier \/ Ouvri\u00e8re de production<\/li>\n<li>Vendeur \/ Vendeuse de denr\u00e9es alimentaires dans le commerce de d\u00e9tail<\/li>\n<li>M\u00e9canicien \/ M\u00e9canicienne de maintenance<\/li>\n<li>\u00c9lectricien \/ \u00c9lectricienne de maintenance<\/li>\n<li>Comptable<\/li>\n<li>M\u00e9canicien \/ M\u00e9canicienne pour voitures particuli\u00e8res et v\u00e9hicules utilitaires l\u00e9gers (- 3,5 T)<\/li>\n<\/ul>\n","protected":false},"excerpt":{"rendered":"<p>Par rapport \u00e0 l\u2019an dernier, le nombre de b\u00e9n\u00e9ficiaires des allocations de ch\u00f4mage poursuit sa diminution (- 0,8 %). Le taux de la demande d\u2019emploi s\u2019\u00e9tablit \u00e0 13,3 % \u00e0 fin mars 2023. Le Forem a par ailleurs diffus\u00e9 pr\u00e8s [&hellip;]<\/p>\n","protected":false},"author":2,"featured_media":0,"comment_status":"closed","ping_status":"open","sticky":false,"template":"","format":"standard","meta":[],"categories":[65,10],"tags":[653,703,28],"yoast_head":"<!-- This site is optimized with the Yoast SEO plugin v21.0 - https:\/\/yoast.com\/wordpress\/plugins\/seo\/ -->\n<title>Taux de ch\u00f4mage en Wallonie : le nombre de b\u00e9n\u00e9ficiaires des allocations sociales continue de baisser. - Peoplesphere<\/title>\n<meta name=\"robots\" content=\"index, follow, max-snippet:-1, max-image-preview:large, max-video-preview:-1\" \/>\n<link rel=\"canonical\" href=\"https:\/\/peoplesphere.be\/fr\/taux-de-chomage-wallonie-nombre-de-beneficiaires-allocations-sociales-continue-de-baisser\/\" \/>\n<meta property=\"og:locale\" content=\"fr_FR\" \/>\n<meta property=\"og:type\" content=\"article\" \/>\n<meta property=\"og:title\" content=\"Taux de ch\u00f4mage en Wallonie : le nombre de b\u00e9n\u00e9ficiaires des allocations sociales continue de baisser. - Peoplesphere\" \/>\n<meta property=\"og:description\" content=\"Par rapport \u00e0 l\u2019an dernier, le nombre de b\u00e9n\u00e9ficiaires des allocations de ch\u00f4mage poursuit sa diminution (- 0,8 %). Le taux de la demande d\u2019emploi s\u2019\u00e9tablit \u00e0 13,3 % \u00e0 fin mars 2023. Le Forem a par ailleurs diffus\u00e9 pr\u00e8s [&hellip;]\" \/>\n<meta property=\"og:url\" content=\"https:\/\/peoplesphere.be\/fr\/taux-de-chomage-wallonie-nombre-de-beneficiaires-allocations-sociales-continue-de-baisser\/\" \/>\n<meta property=\"og:site_name\" content=\"Peoplesphere\" \/>\n<meta property=\"article:publisher\" content=\"https:\/\/www.facebook.com\/peoplesphere\" \/>\n<meta property=\"article:published_time\" content=\"2023-04-10T05:39:10+00:00\" \/>\n<meta property=\"article:modified_time\" content=\"2023-04-12T05:46:14+00:00\" \/>\n<meta property=\"og:image\" content=\"http:\/\/www.peoplesphere.be\/fr\/wp-content\/uploads\/2016\/07\/facebook-default-posting-1200x628px.jpg\" \/>\n<meta name=\"author\" content=\"Jean-Paul Erhard\" \/>\n<meta name=\"twitter:card\" content=\"summary_large_image\" \/>\n<meta name=\"twitter:creator\" content=\"@PeoplesphereMag\" \/>\n<meta name=\"twitter:site\" content=\"@PeoplesphereMag\" \/>\n<meta name=\"twitter:label1\" content=\"\u00c9crit par\" \/>\n\t<meta name=\"twitter:data1\" content=\"Jean-Paul Erhard\" \/>\n\t<meta name=\"twitter:label2\" content=\"Dur\u00e9e de lecture estim\u00e9e\" \/>\n\t<meta name=\"twitter:data2\" content=\"3 minutes\" \/>\n<script type=\"application\/ld+json\" class=\"yoast-schema-graph\">{\"@context\":\"https:\/\/schema.org\",\"@graph\":[{\"@type\":\"Article\",\"@id\":\"https:\/\/peoplesphere.be\/fr\/taux-de-chomage-wallonie-nombre-de-beneficiaires-allocations-sociales-continue-de-baisser\/#article\",\"isPartOf\":{\"@id\":\"https:\/\/peoplesphere.be\/fr\/taux-de-chomage-wallonie-nombre-de-beneficiaires-allocations-sociales-continue-de-baisser\/\"},\"author\":{\"name\":\"Jean-Paul Erhard\",\"@id\":\"https:\/\/peoplesphere.be\/fr\/#\/schema\/person\/7976225ff17988604334abb7b3536a7e\"},\"headline\":\"Taux de ch\u00f4mage en Wallonie : le nombre de b\u00e9n\u00e9ficiaires des allocations sociales continue de baisser.\",\"datePublished\":\"2023-04-10T05:39:10+00:00\",\"dateModified\":\"2023-04-12T05:46:14+00:00\",\"mainEntityOfPage\":{\"@id\":\"https:\/\/peoplesphere.be\/fr\/taux-de-chomage-wallonie-nombre-de-beneficiaires-allocations-sociales-continue-de-baisser\/\"},\"wordCount\":591,\"publisher\":{\"@id\":\"https:\/\/peoplesphere.be\/fr\/#organization\"},\"keywords\":[\"demandeurs d'emploi\",\"taux de ch\u00f4mage\",\"Wallonie\"],\"articleSection\":[\"Actualit\u00e9s\",\"Digital\"],\"inLanguage\":\"fr-FR\"},{\"@type\":\"WebPage\",\"@id\":\"https:\/\/peoplesphere.be\/fr\/taux-de-chomage-wallonie-nombre-de-beneficiaires-allocations-sociales-continue-de-baisser\/\",\"url\":\"https:\/\/peoplesphere.be\/fr\/taux-de-chomage-wallonie-nombre-de-beneficiaires-allocations-sociales-continue-de-baisser\/\",\"name\":\"Taux de ch\u00f4mage en Wallonie : le nombre de b\u00e9n\u00e9ficiaires des allocations sociales continue de baisser. - Peoplesphere\",\"isPartOf\":{\"@id\":\"https:\/\/peoplesphere.be\/fr\/#website\"},\"datePublished\":\"2023-04-10T05:39:10+00:00\",\"dateModified\":\"2023-04-12T05:46:14+00:00\",\"breadcrumb\":{\"@id\":\"https:\/\/peoplesphere.be\/fr\/taux-de-chomage-wallonie-nombre-de-beneficiaires-allocations-sociales-continue-de-baisser\/#breadcrumb\"},\"inLanguage\":\"fr-FR\",\"potentialAction\":[{\"@type\":\"ReadAction\",\"target\":[\"https:\/\/peoplesphere.be\/fr\/taux-de-chomage-wallonie-nombre-de-beneficiaires-allocations-sociales-continue-de-baisser\/\"]}]},{\"@type\":\"BreadcrumbList\",\"@id\":\"https:\/\/peoplesphere.be\/fr\/taux-de-chomage-wallonie-nombre-de-beneficiaires-allocations-sociales-continue-de-baisser\/#breadcrumb\",\"itemListElement\":[{\"@type\":\"ListItem\",\"position\":1,\"name\":\"Accueil\",\"item\":\"https:\/\/peoplesphere.be\/fr\/\"},{\"@type\":\"ListItem\",\"position\":2,\"name\":\"Taux de ch\u00f4mage en Wallonie : le nombre de b\u00e9n\u00e9ficiaires des allocations sociales continue de baisser.\"}]},{\"@type\":\"WebSite\",\"@id\":\"https:\/\/peoplesphere.be\/fr\/#website\",\"url\":\"https:\/\/peoplesphere.be\/fr\/\",\"name\":\"Peoplesphere\",\"description\":\"The People Managers Magazine\",\"publisher\":{\"@id\":\"https:\/\/peoplesphere.be\/fr\/#organization\"},\"potentialAction\":[{\"@type\":\"SearchAction\",\"target\":{\"@type\":\"EntryPoint\",\"urlTemplate\":\"https:\/\/peoplesphere.be\/fr\/?s={search_term_string}\"},\"query-input\":\"required name=search_term_string\"}],\"inLanguage\":\"fr-FR\"},{\"@type\":\"Organization\",\"@id\":\"https:\/\/peoplesphere.be\/fr\/#organization\",\"name\":\"Peoplesphere Company srl\",\"url\":\"https:\/\/peoplesphere.be\/fr\/\",\"logo\":{\"@type\":\"ImageObject\",\"inLanguage\":\"fr-FR\",\"@id\":\"https:\/\/peoplesphere.be\/fr\/#\/schema\/logo\/image\/\",\"url\":\"https:\/\/peoplesphere.be\/fr\/wp-content\/uploads\/2023\/07\/peoplesphere-lgo-new-generik.jpg\",\"contentUrl\":\"https:\/\/peoplesphere.be\/fr\/wp-content\/uploads\/2023\/07\/peoplesphere-lgo-new-generik.jpg\",\"width\":1031,\"height\":1479,\"caption\":\"Peoplesphere Company srl\"},\"image\":{\"@id\":\"https:\/\/peoplesphere.be\/fr\/#\/schema\/logo\/image\/\"},\"sameAs\":[\"https:\/\/www.facebook.com\/peoplesphere\",\"https:\/\/twitter.com\/PeoplesphereMag\",\"https:\/\/www.linkedin.com\/company\/7587361?trk\",\"http:\/\/youtube.com\/peoplesphere\"]},{\"@type\":\"Person\",\"@id\":\"https:\/\/peoplesphere.be\/fr\/#\/schema\/person\/7976225ff17988604334abb7b3536a7e\",\"name\":\"Jean-Paul Erhard\",\"image\":{\"@type\":\"ImageObject\",\"inLanguage\":\"fr-FR\",\"@id\":\"https:\/\/peoplesphere.be\/fr\/#\/schema\/person\/image\/\",\"url\":\"https:\/\/secure.gravatar.com\/avatar\/f941e681460179738071629a51574930?s=96&d=mm&r=g\",\"contentUrl\":\"https:\/\/secure.gravatar.com\/avatar\/f941e681460179738071629a51574930?s=96&d=mm&r=g\",\"caption\":\"Jean-Paul Erhard\"},\"url\":\"https:\/\/peoplesphere.be\/fr\/author\/jpe\/\"}]}<\/script>\n<!-- \/ Yoast SEO plugin. -->","yoast_head_json":{"title":"Taux de ch\u00f4mage en Wallonie : le nombre de b\u00e9n\u00e9ficiaires des allocations sociales continue de baisser. - Peoplesphere","robots":{"index":"index","follow":"follow","max-snippet":"max-snippet:-1","max-image-preview":"max-image-preview:large","max-video-preview":"max-video-preview:-1"},"canonical":"https:\/\/peoplesphere.be\/fr\/taux-de-chomage-wallonie-nombre-de-beneficiaires-allocations-sociales-continue-de-baisser\/","og_locale":"fr_FR","og_type":"article","og_title":"Taux de ch\u00f4mage en Wallonie : le nombre de b\u00e9n\u00e9ficiaires des allocations sociales continue de baisser. - Peoplesphere","og_description":"Par rapport \u00e0 l\u2019an dernier, le nombre de b\u00e9n\u00e9ficiaires des allocations de ch\u00f4mage poursuit sa diminution (- 0,8 %). Le taux de la demande d\u2019emploi s\u2019\u00e9tablit \u00e0 13,3 % \u00e0 fin mars 2023. Le Forem a par ailleurs diffus\u00e9 pr\u00e8s [&hellip;]","og_url":"https:\/\/peoplesphere.be\/fr\/taux-de-chomage-wallonie-nombre-de-beneficiaires-allocations-sociales-continue-de-baisser\/","og_site_name":"Peoplesphere","article_publisher":"https:\/\/www.facebook.com\/peoplesphere","article_published_time":"2023-04-10T05:39:10+00:00","article_modified_time":"2023-04-12T05:46:14+00:00","og_image":[{"url":"http:\/\/www.peoplesphere.be\/fr\/wp-content\/uploads\/2016\/07\/facebook-default-posting-1200x628px.jpg"}],"author":"Jean-Paul Erhard","twitter_card":"summary_large_image","twitter_creator":"@PeoplesphereMag","twitter_site":"@PeoplesphereMag","twitter_misc":{"\u00c9crit par":"Jean-Paul Erhard","Dur\u00e9e de lecture estim\u00e9e":"3 minutes"},"schema":{"@context":"https:\/\/schema.org","@graph":[{"@type":"Article","@id":"https:\/\/peoplesphere.be\/fr\/taux-de-chomage-wallonie-nombre-de-beneficiaires-allocations-sociales-continue-de-baisser\/#article","isPartOf":{"@id":"https:\/\/peoplesphere.be\/fr\/taux-de-chomage-wallonie-nombre-de-beneficiaires-allocations-sociales-continue-de-baisser\/"},"author":{"name":"Jean-Paul Erhard","@id":"https:\/\/peoplesphere.be\/fr\/#\/schema\/person\/7976225ff17988604334abb7b3536a7e"},"headline":"Taux de ch\u00f4mage en Wallonie : le nombre de b\u00e9n\u00e9ficiaires des allocations sociales continue de baisser.","datePublished":"2023-04-10T05:39:10+00:00","dateModified":"2023-04-12T05:46:14+00:00","mainEntityOfPage":{"@id":"https:\/\/peoplesphere.be\/fr\/taux-de-chomage-wallonie-nombre-de-beneficiaires-allocations-sociales-continue-de-baisser\/"},"wordCount":591,"publisher":{"@id":"https:\/\/peoplesphere.be\/fr\/#organization"},"keywords":["demandeurs d'emploi","taux de ch\u00f4mage","Wallonie"],"articleSection":["Actualit\u00e9s","Digital"],"inLanguage":"fr-FR"},{"@type":"WebPage","@id":"https:\/\/peoplesphere.be\/fr\/taux-de-chomage-wallonie-nombre-de-beneficiaires-allocations-sociales-continue-de-baisser\/","url":"https:\/\/peoplesphere.be\/fr\/taux-de-chomage-wallonie-nombre-de-beneficiaires-allocations-sociales-continue-de-baisser\/","name":"Taux de ch\u00f4mage en Wallonie : le nombre de b\u00e9n\u00e9ficiaires des allocations sociales continue de baisser. - Peoplesphere","isPartOf":{"@id":"https:\/\/peoplesphere.be\/fr\/#website"},"datePublished":"2023-04-10T05:39:10+00:00","dateModified":"2023-04-12T05:46:14+00:00","breadcrumb":{"@id":"https:\/\/peoplesphere.be\/fr\/taux-de-chomage-wallonie-nombre-de-beneficiaires-allocations-sociales-continue-de-baisser\/#breadcrumb"},"inLanguage":"fr-FR","potentialAction":[{"@type":"ReadAction","target":["https:\/\/peoplesphere.be\/fr\/taux-de-chomage-wallonie-nombre-de-beneficiaires-allocations-sociales-continue-de-baisser\/"]}]},{"@type":"BreadcrumbList","@id":"https:\/\/peoplesphere.be\/fr\/taux-de-chomage-wallonie-nombre-de-beneficiaires-allocations-sociales-continue-de-baisser\/#breadcrumb","itemListElement":[{"@type":"ListItem","position":1,"name":"Accueil","item":"https:\/\/peoplesphere.be\/fr\/"},{"@type":"ListItem","position":2,"name":"Taux de ch\u00f4mage en Wallonie : le nombre de b\u00e9n\u00e9ficiaires des allocations sociales continue de baisser."}]},{"@type":"WebSite","@id":"https:\/\/peoplesphere.be\/fr\/#website","url":"https:\/\/peoplesphere.be\/fr\/","name":"Peoplesphere","description":"The People Managers Magazine","publisher":{"@id":"https:\/\/peoplesphere.be\/fr\/#organization"},"potentialAction":[{"@type":"SearchAction","target":{"@type":"EntryPoint","urlTemplate":"https:\/\/peoplesphere.be\/fr\/?s={search_term_string}"},"query-input":"required name=search_term_string"}],"inLanguage":"fr-FR"},{"@type":"Organization","@id":"https:\/\/peoplesphere.be\/fr\/#organization","name":"Peoplesphere Company srl","url":"https:\/\/peoplesphere.be\/fr\/","logo":{"@type":"ImageObject","inLanguage":"fr-FR","@id":"https:\/\/peoplesphere.be\/fr\/#\/schema\/logo\/image\/","url":"https:\/\/peoplesphere.be\/fr\/wp-content\/uploads\/2023\/07\/peoplesphere-lgo-new-generik.jpg","contentUrl":"https:\/\/peoplesphere.be\/fr\/wp-content\/uploads\/2023\/07\/peoplesphere-lgo-new-generik.jpg","width":1031,"height":1479,"caption":"Peoplesphere Company srl"},"image":{"@id":"https:\/\/peoplesphere.be\/fr\/#\/schema\/logo\/image\/"},"sameAs":["https:\/\/www.facebook.com\/peoplesphere","https:\/\/twitter.com\/PeoplesphereMag","https:\/\/www.linkedin.com\/company\/7587361?trk","http:\/\/youtube.com\/peoplesphere"]},{"@type":"Person","@id":"https:\/\/peoplesphere.be\/fr\/#\/schema\/person\/7976225ff17988604334abb7b3536a7e","name":"Jean-Paul Erhard","image":{"@type":"ImageObject","inLanguage":"fr-FR","@id":"https:\/\/peoplesphere.be\/fr\/#\/schema\/person\/image\/","url":"https:\/\/secure.gravatar.com\/avatar\/f941e681460179738071629a51574930?s=96&d=mm&r=g","contentUrl":"https:\/\/secure.gravatar.com\/avatar\/f941e681460179738071629a51574930?s=96&d=mm&r=g","caption":"Jean-Paul Erhard"},"url":"https:\/\/peoplesphere.be\/fr\/author\/jpe\/"}]}},"_links":{"self":[{"href":"https:\/\/peoplesphere.be\/fr\/wp-json\/wp\/v2\/posts\/14302"}],"collection":[{"href":"https:\/\/peoplesphere.be\/fr\/wp-json\/wp\/v2\/posts"}],"about":[{"href":"https:\/\/peoplesphere.be\/fr\/wp-json\/wp\/v2\/types\/post"}],"author":[{"embeddable":true,"href":"https:\/\/peoplesphere.be\/fr\/wp-json\/wp\/v2\/users\/2"}],"replies":[{"embeddable":true,"href":"https:\/\/peoplesphere.be\/fr\/wp-json\/wp\/v2\/comments?post=14302"}],"version-history":[{"count":1,"href":"https:\/\/peoplesphere.be\/fr\/wp-json\/wp\/v2\/posts\/14302\/revisions"}],"predecessor-version":[{"id":14303,"href":"https:\/\/peoplesphere.be\/fr\/wp-json\/wp\/v2\/posts\/14302\/revisions\/14303"}],"wp:attachment":[{"href":"https:\/\/peoplesphere.be\/fr\/wp-json\/wp\/v2\/media?parent=14302"}],"wp:term":[{"taxonomy":"category","embeddable":true,"href":"https:\/\/peoplesphere.be\/fr\/wp-json\/wp\/v2\/categories?post=14302"},{"taxonomy":"post_tag","embeddable":true,"href":"https:\/\/peoplesphere.be\/fr\/wp-json\/wp\/v2\/tags?post=14302"}],"curies":[{"name":"wp","href":"https:\/\/api.w.org\/{rel}","templated":true}]}}