









{"id":14305,"date":"2023-04-12T19:18:43","date_gmt":"2023-04-12T17:18:43","guid":{"rendered":"https:\/\/peoplesphere.be\/fr\/?p=14305"},"modified":"2023-04-13T02:41:50","modified_gmt":"2023-04-13T00:41:50","slug":"global-human-capital-trends-focus-indispensable-talents-creation-de-nouveaux-modeles-prosperer-monde-evolution-constante","status":"publish","type":"post","link":"https:\/\/peoplesphere.be\/fr\/global-human-capital-trends-focus-indispensable-talents-creation-de-nouveaux-modeles-prosperer-monde-evolution-constante\/","title":{"rendered":"Global Human Capital Trends: focus indispensable sur les talents et sur la cr\u00e9ation de nouveaux mod\u00e8les pour prosp\u00e9rer dans un monde en \u00e9volution constante."},"content":{"rendered":"<p>Le rapport 2023 <em>Global Human Capital Trends de Deloitte, New fundamentals for a boundaryless world<\/em>, analyse comment les dirigeants peuvent prosp\u00e9rer dans un environnement en constante \u00e9volution. Les tendances mondiales, \u00e9conomiques et soci\u00e9tales remettent en question les fondements m\u00eames de la mani\u00e8re, du lieu et de la raison de notre travail. N&rsquo;ayant pas la possibilit\u00e9 de revenir aux anciennes m\u00e9thodes de travail, les organisations doivent d\u00e9finir de nouveaux principes fondamentaux pour un monde sans fronti\u00e8res.<!--more--><\/p>\n<p>\u00c0 court terme, pr\u00e8s de 60% de tous les cadres belges d\u00e9clarent avoir r\u00e9orient\u00e9 leur objectif de transformation de l&rsquo;optimisation vers la r\u00e9-imagination : construire de nouveaux mod\u00e8les et de nouvelles approches, et piloter les changements. Ce qui implique, notamment, de nouveaux mod\u00e8les de main-d\u2019\u0153uvre et des combinaisons \u2018effectifs-technologie\u2019 nouvelles ou diff\u00e9rentes. Selon les cadres belges, les trois principales tendances critiques dans ces \u00e9tapes de transformation sont l&rsquo;ad\u00e9quation entre les comp\u00e9tences et les priorit\u00e9s de l&rsquo;organisation (45,12% consid\u00e8rent cela comme tr\u00e8s important pour le succ\u00e8s de l&rsquo;organisation), les capacit\u00e9s de leadership et l&rsquo;efficacit\u00e9 du leadership dans un monde perturb\u00e9 (44,3%), et la prise en compte de la \u00ab voix des travailleurs \u00bb (40,74%).<\/p>\n<p>Yves Van Durme, Global Organisation Transformation Leader chez Deloitte et co-auteur du rapport : <em>\u00ab\u00a0Dans l&rsquo;ensemble, les personnes interrog\u00e9es dans le cadre de l&rsquo;enqu\u00eate sur les tendances du capital humain reconnaissent que les r\u00e9alit\u00e9s de l&rsquo;entreprise peuvent changer en un instant et qu&rsquo;il n&rsquo;est pas possible de revenir au mode de fonctionnement ant\u00e9rieur. La fa\u00e7on dont les emplois sont d\u00e9finis, les lieux de travail et les personnes qualifi\u00e9es pour des r\u00f4les sp\u00e9cifiques &#8211; les r\u00e8gles traditionnelles du travail &#8211; sont en train de dispara\u00eetre. Les cadres belges savent que les organisations doivent d\u00e9finir de nouveaux principes fondamentaux pour ce monde sans fronti\u00e8res, mais pour r\u00e9ussir, ils devront eux aussi \u00e9voluer.\u00a0\u00bb<\/em><\/p>\n<p><strong><em>Se concentrer sur les comp\u00e9tences est essentiel<\/em><\/strong><\/p>\n<p>Aujourd&rsquo;hui, le travail est encore principalement d\u00e9fini par des emplois et des descriptions de t\u00e2ches sp\u00e9cifiques, mais 86,6% des cadres belges interrog\u00e9s estiment que l&rsquo;ad\u00e9quation entre les comp\u00e9tences des travailleurs et les priorit\u00e9s de l&rsquo;organisation est importante ou tr\u00e8s importante pour le succ\u00e8s de leur organisation. Il semble \u00e9vident qu&rsquo;il faille \u00e0 pr\u00e9sent se concentrer sur les comp\u00e9tences plut\u00f4t que sur des descriptions de poste fig\u00e9es : pour la plupart des cadres belges, leur organisation conna\u00eetra sans doute des p\u00e9nuries de comp\u00e9tences essentielles au cours des deux prochaines ann\u00e9es (76%), et peu d&rsquo;entre eux pensent que leur organisation est actuellement en mesure d&rsquo;utiliser les comp\u00e9tences de sa main-d&rsquo;\u0153uvre au maximum de son potentiel (22,2%).<\/p>\n<p>Alors qu&rsquo;au niveau mondial, jusqu&rsquo;\u00e0 54% des dirigeants consid\u00e8rent les comp\u00e9tences comme une priorit\u00e9 essentielle, ce qui en fait la deuxi\u00e8me tendance. L\u2019\u00e9cart entre l\u2019importance qui lui est accord\u00e9e et le niveau de pr\u00e9paration en Belgique est moins important : seuls 21% des cadres mondiaux se sentent tout \u00e0 fait pr\u00eats \u00e0 relever ce d\u00e9fi, contre 35% en Belgique.<\/p>\n<p><strong><em>Outre les comp\u00e9tences, la technologie peut lib\u00e9rer tout le potentiel de la main-d&rsquo;\u0153uvre<\/em><\/strong><\/p>\n<p>Parmi les dirigeants belges, 81% indiquent que le recours \u00e0 la technologie pour am\u00e9liorer les r\u00e9sultats du travail et les performances des \u00e9quipes est important ou tr\u00e8s important pour le succ\u00e8s de leur organisation et constitue un v\u00e9ritable atout pour lib\u00e9rer tout le potentiel de leur main-d&rsquo;\u0153uvre.<\/p>\n<p>Il est int\u00e9ressant de noter que nos chefs d&rsquo;entreprise ne consid\u00e8rent pas seulement la technologie comme une force permettant d&rsquo;automatiser le travail et d&rsquo;am\u00e9liorer ainsi la productivit\u00e9, mais qu&rsquo;elle peut \u00e9galement am\u00e9liorer les performances humaines et collectives et aider les travailleurs \u00e0 s&rsquo;am\u00e9liorer eux-m\u00eames.<\/p>\n<p>Selon une \u00e9tude r\u00e9alis\u00e9e par Agoria, VBO (F\u00e9d\u00e9ration des entreprises belges) et Deloitte Belgique sur l&rsquo;avenir du travail : Strategies for the digital transition, la num\u00e9risation est l&rsquo;un des principaux moteurs de la cr\u00e9ation d&#8217;emplois suppl\u00e9mentaires, avec 45 000 profils d&rsquo;experts num\u00e9riques suppl\u00e9mentaires attendus d&rsquo;ici \u00e0 2030 en Belgique. Cela ne se limite pas \u00e0 l&#8217;embauche d&rsquo;experts num\u00e9riques. Il s&rsquo;agit \u00e9galement de r\u00e9\u00e9valuer les comp\u00e9tences n\u00e9cessaires pour les employ\u00e9s qui sont les utilisateurs de ces processus de num\u00e9risation et d&rsquo;automatisation. En effet, quelque 7 600 d&rsquo;entre eux seront confront\u00e9s \u00e0 la sensibilisation aux donn\u00e9es dans le cadre d&rsquo;un processus ou d&rsquo;un projet et devront effectuer des t\u00e2ches de soutien pour la collecte de donn\u00e9es structur\u00e9es et le contr\u00f4le de la qualit\u00e9 des donn\u00e9es. Cela signifie \u00e9galement que plus des trois quarts des experts num\u00e9riques suppl\u00e9mentaires dont nous avons besoin rempliront un r\u00f4le num\u00e9rique dans une entreprise ayant une autre activit\u00e9 principale.<\/p>\n<p>L&rsquo;exploitation de tout le potentiel de la main-d&rsquo;\u0153uvre d\u00e9pend de nombreux aspects. L&rsquo;analyse sera capitale pour obtenir des informations sur les comp\u00e9tences actuelles et potentielles des travailleurs. En examinant les comp\u00e9tences et en ne basant pas les d\u00e9cisions d&#8217;embauche et de promotion uniquement sur le titre du poste, le CV et les dipl\u00f4mes, l&rsquo;on peut \u00e9largir la r\u00e9serve de talents et disposer d&rsquo;une plus grande agilit\u00e9 pour r\u00e9pondre aux priorit\u00e9s de l&rsquo;organisation. Il est \u00e9galement important de saisir l&rsquo;occasion d&rsquo;exploiter le potentiel de la technologie (intelligente) pour favoriser l&rsquo;impact sur l&rsquo;homme et l&rsquo;\u00e9quipe.<\/p>\n<p><strong><em>Tenir compte de l&rsquo;influence croissante des travailleurs : les avantages l&#8217;emportent sur les d\u00e9fis<\/em><\/strong><\/p>\n<p>Pour 79% des r\u00e9pondants \u00e0 notre enqu\u00eate, il est important ou tr\u00e8s important d&rsquo;exploiter l&rsquo;influence des travailleurs pour assurer le succ\u00e8s de leur organisation, ce qui en fait l&rsquo;une des trois principales tendances parmi les cadres belges. Pourtant, seuls 32,5% d\u00e9clarent \u00eatre tout \u00e0 fait pr\u00eats \u00e0 relever ce d\u00e9fi.<\/p>\n<p>Les travailleurs ont davantage de choix et d&rsquo;influence sur le travail qu&rsquo;ils effectuent, comme nous avons pu le constater r\u00e9cemment dans le contexte du retour au travail. Cependant, la voix des travailleurs ne couvre pas seulement les pr\u00e9f\u00e9rences en mati\u00e8re de lieu de travail. L&rsquo;enqu\u00eate 2022 de Deloitte Gen Z and Millennial indiquait d\u00e9j\u00e0 que l&rsquo;appel \u00e0 la flexibilit\u00e9 parmi la plus jeune g\u00e9n\u00e9ration de travailleurs va au-del\u00e0 de la possibilit\u00e9 de travailler \u00e0 domicile. Seuls 15 % des cadres belges indiquent que la technologie (c&rsquo;est-\u00e0-dire le lieu de travail num\u00e9rique) est un attribut cl\u00e9 dans la conception du lieu de travail de l&rsquo;avenir.<\/p>\n<p>En r\u00e9alit\u00e9, la voix des travailleurs a de multiples facettes. L&rsquo;une d&rsquo;entre elles est l&rsquo;autod\u00e9termination : les travailleurs veulent avoir un choix et une influence significatifs sur le travail qu&rsquo;ils effectuent, ainsi que sur la mani\u00e8re, le moment et le lieu o\u00f9 ils travaillent. Autre facette : l&rsquo;activisme des travailleurs, qui souhaitent que les valeurs, les strat\u00e9gies, les politiques et les actions de leur organisation s&rsquo;alignent sur leurs propres valeurs personnelles dans un large \u00e9ventail de pratiques environnementales et soci\u00e9tales.<br \/>\n<em>\u00ab\u00a0Depuis la pand\u00e9mie, la voix des travailleurs se concentre sur des th\u00e8mes mat\u00e9riels &#8211; lieu de travail, r\u00e9mun\u00e9ration et heures de travail &#8211; comme domaines prioritaires. Afin d&rsquo;exploiter v\u00e9ritablement la voix des travailleurs et d&rsquo;augmenter la valeur ajout\u00e9e, il faut se concentrer sur des domaines tels que l&rsquo;objectif et le travail. Notre enqu\u00eate 2022 Gen Z and Millennial montre que la plus jeune g\u00e9n\u00e9ration de travailleurs est d\u00e9sireuse d&rsquo;utiliser sa nouvelle influence pour contribuer \u00e0 fa\u00e7onner l&rsquo;agenda de son organisation et exiger des entreprises qu&rsquo;elles entreprennent des actions significatives en mati\u00e8re de durabilit\u00e9, de bien-\u00eatre mental, etc.\u00a0\u00bb<\/em>, a ajout\u00e9 Yves Van Durme.<\/p>\n<p><strong><em>\u00c9voluer dans un monde sans fronti\u00e8res<\/em><\/strong><\/p>\n<p>Quatre-vingt-six pour cent des personnes interrog\u00e9es estiment que les capacit\u00e9s et l&rsquo;efficacit\u00e9 des dirigeants seront importantes ou tr\u00e8s importantes pour la r\u00e9ussite de leur organisation. Mais tout leadership &#8211; qu&rsquo;il s&rsquo;agisse du leadership commercial ou du leadership en mati\u00e8re de ressources humaines &#8211; dans un monde sans fronti\u00e8res exige de nouveaux r\u00f4les et un nouvel ensemble de comp\u00e9tences et d&rsquo;\u00e9tat d&rsquo;esprit. Selon les dirigeants belges, les r\u00f4les essentiels des dirigeants dans les ann\u00e9es \u00e0 venir sont d&rsquo;acc\u00e9der, d&rsquo;engager et de d\u00e9velopper les talents (27,6%), de cr\u00e9er une main-d&rsquo;\u0153uvre r\u00e9siliente (23,6%) et de relier les \u00e9quipes\/d\u00e9partements\/territoires afin d&rsquo;am\u00e9liorer les r\u00e9sultats (23,6%).<\/p>\n<p>Il est int\u00e9ressant de noter que les cadres citent un trop grand nombre de changements \u00e0 la fois comme le plus gros obstacle \u00e0 la capacit\u00e9 et \u00e0 l&rsquo;efficacit\u00e9 d&rsquo;un dirigeant \u00e0 g\u00e9rer un monde en constante \u00e9volution (32,9%). En revanche, les non-cadres estiment que les dirigeants eux-m\u00eames sont r\u00e9sistants au changement (38,5%).<\/p>\n<p><em>\u00ab\u00a0Le leadership repose sur de nouveaux principes fondamentaux. \u00c0 mesure que la main-d&rsquo;\u0153uvre et le lieu de travail \u00e9voluent dans un monde sans fronti\u00e8res, les dirigeants doivent eux aussi \u00e9voluer. Tout d&rsquo;abord, ils doivent penser comme des chercheurs. Cela signifie qu&rsquo;ils doivent faire preuve de curiosit\u00e9, d&rsquo;ouverture d&rsquo;esprit et \u00eatre capables de formuler les probl\u00e8mes et les d\u00e9fis. Deuxi\u00e8mement, ils doivent co-cr\u00e9er des relations, investir dans l&rsquo;\u00e9tablissement de relations avec les travailleurs pour tirer parti de l&rsquo;ensemble de leurs connaissances et de leur exp\u00e9rience. Enfin, ils doivent donner la priorit\u00e9 aux r\u00e9sultats humains. Cela signifie qu&rsquo;ils doivent favoriser un environnement o\u00f9 les travailleurs peuvent exp\u00e9rimenter et apprendre et o\u00f9 l&rsquo;on peut r\u00e9guli\u00e8rement remettre en question les m\u00e9thodes de travail traditionnelles. C&rsquo;est un imp\u00e9ratif pour tous les dirigeants\u00a0\u00bb,<\/em> a conclu Yves Van Durme.<\/p>\n<p>&nbsp;<\/p>\n<p><em>Source: Rapport 2023 Global Human Capital Trends &#8211; Les perceptions recueillies pour l&rsquo;\u00e9tablissement de ce rapport s&rsquo;appuient sur la m\u00e9thodologie de planification de sc\u00e9narios de Deloitte et sont aliment\u00e9es par des r\u00e9sultats de recherche provenant d&rsquo;une combinaison de sondages sur les r\u00e9seaux sociaux, de sondages en direct, de groupes de discussion bas\u00e9s sur l&rsquo;IA, d&rsquo;entretiens avec des dirigeants d&rsquo;entreprise et des responsables des ressources humaines de diff\u00e9rents secteurs et &#8211; pour la premi\u00e8re fois en 11 ans d&rsquo;histoire du rapport Global Human Capital Trends de Deloitte &#8211; de dialogues avec des centaines de travailleurs du monde entier. En Belgique, 414 r\u00e9pondants, dont 102 cadres sup\u00e9rieurs et membres de conseils d&rsquo;administration ou \u00e9quivalents d&rsquo;organisations mondiales, r\u00e9gionales, nationales et locales, ont particip\u00e9 \u00e0 l&rsquo;enqu\u00eate mondiale au cours de l&rsquo;\u00e9t\u00e9 et de l&rsquo;automne 2022.<\/em><\/p>\n","protected":false},"excerpt":{"rendered":"<p>Le rapport 2023 Global Human Capital Trends de Deloitte, New fundamentals for a boundaryless world, analyse comment les dirigeants peuvent prosp\u00e9rer dans un environnement en constante \u00e9volution. Les tendances mondiales, \u00e9conomiques et soci\u00e9tales remettent en question les fondements m\u00eames de [&hellip;]<\/p>\n","protected":false},"author":2,"featured_media":14307,"comment_status":"closed","ping_status":"open","sticky":false,"template":"","format":"standard","meta":[],"categories":[65,10],"tags":[1360,116,189,3809,245],"yoast_head":"<!-- This site is optimized with the Yoast SEO plugin v21.0 - https:\/\/yoast.com\/wordpress\/plugins\/seo\/ -->\n<title>Global Human Capital Trends: focus indispensable sur les talents et sur la cr\u00e9ation de nouveaux mod\u00e8les pour prosp\u00e9rer dans un monde en \u00e9volution constante. - Peoplesphere<\/title>\n<meta name=\"robots\" content=\"index, follow, max-snippet:-1, max-image-preview:large, max-video-preview:-1\" \/>\n<link rel=\"canonical\" href=\"https:\/\/peoplesphere.be\/fr\/global-human-capital-trends-focus-indispensable-talents-creation-de-nouveaux-modeles-prosperer-monde-evolution-constante\/\" \/>\n<meta property=\"og:locale\" content=\"fr_FR\" \/>\n<meta property=\"og:type\" content=\"article\" \/>\n<meta property=\"og:title\" content=\"Global Human Capital Trends: focus indispensable sur les talents et sur la cr\u00e9ation de nouveaux mod\u00e8les pour prosp\u00e9rer dans un monde en \u00e9volution constante. - Peoplesphere\" \/>\n<meta property=\"og:description\" content=\"Le rapport 2023 Global Human Capital Trends de Deloitte, New fundamentals for a boundaryless world, analyse comment les dirigeants peuvent prosp\u00e9rer dans un environnement en constante \u00e9volution. Les tendances mondiales, \u00e9conomiques et soci\u00e9tales remettent en question les fondements m\u00eames de [&hellip;]\" \/>\n<meta property=\"og:url\" content=\"https:\/\/peoplesphere.be\/fr\/global-human-capital-trends-focus-indispensable-talents-creation-de-nouveaux-modeles-prosperer-monde-evolution-constante\/\" \/>\n<meta property=\"og:site_name\" content=\"Peoplesphere\" \/>\n<meta property=\"article:publisher\" content=\"https:\/\/www.facebook.com\/peoplesphere\" \/>\n<meta property=\"article:published_time\" content=\"2023-04-12T17:18:43+00:00\" \/>\n<meta property=\"article:modified_time\" content=\"2023-04-13T00:41:50+00:00\" \/>\n<meta property=\"og:image\" content=\"https:\/\/peoplesphere.be\/fr\/wp-content\/uploads\/2023\/04\/Capture-d\u2019e\u0301cran-2023-04-13-a\u0300-02.34.11.png\" \/>\n\t<meta property=\"og:image:width\" content=\"800\" \/>\n\t<meta property=\"og:image:height\" content=\"234\" \/>\n\t<meta property=\"og:image:type\" content=\"image\/png\" \/>\n<meta name=\"author\" content=\"Jean-Paul Erhard\" \/>\n<meta name=\"twitter:card\" content=\"summary_large_image\" \/>\n<meta name=\"twitter:creator\" content=\"@PeoplesphereMag\" \/>\n<meta name=\"twitter:site\" content=\"@PeoplesphereMag\" \/>\n<meta name=\"twitter:label1\" content=\"\u00c9crit par\" \/>\n\t<meta name=\"twitter:data1\" content=\"Jean-Paul Erhard\" \/>\n\t<meta name=\"twitter:label2\" content=\"Dur\u00e9e de lecture estim\u00e9e\" \/>\n\t<meta name=\"twitter:data2\" content=\"9 minutes\" \/>\n<script type=\"application\/ld+json\" class=\"yoast-schema-graph\">{\"@context\":\"https:\/\/schema.org\",\"@graph\":[{\"@type\":\"Article\",\"@id\":\"https:\/\/peoplesphere.be\/fr\/global-human-capital-trends-focus-indispensable-talents-creation-de-nouveaux-modeles-prosperer-monde-evolution-constante\/#article\",\"isPartOf\":{\"@id\":\"https:\/\/peoplesphere.be\/fr\/global-human-capital-trends-focus-indispensable-talents-creation-de-nouveaux-modeles-prosperer-monde-evolution-constante\/\"},\"author\":{\"name\":\"Jean-Paul Erhard\",\"@id\":\"https:\/\/peoplesphere.be\/fr\/#\/schema\/person\/7976225ff17988604334abb7b3536a7e\"},\"headline\":\"Global Human Capital Trends: focus indispensable sur les talents et sur la cr\u00e9ation de nouveaux mod\u00e8les pour prosp\u00e9rer dans un monde en \u00e9volution constante.\",\"datePublished\":\"2023-04-12T17:18:43+00:00\",\"dateModified\":\"2023-04-13T00:41:50+00:00\",\"mainEntityOfPage\":{\"@id\":\"https:\/\/peoplesphere.be\/fr\/global-human-capital-trends-focus-indispensable-talents-creation-de-nouveaux-modeles-prosperer-monde-evolution-constante\/\"},\"wordCount\":1770,\"publisher\":{\"@id\":\"https:\/\/peoplesphere.be\/fr\/#organization\"},\"keywords\":[\"capital humain\",\"comp\u00e9tences\",\"leadership\",\"post pand\u00e9mie\",\"technologie\"],\"articleSection\":[\"Actualit\u00e9s\",\"Digital\"],\"inLanguage\":\"fr-FR\"},{\"@type\":\"WebPage\",\"@id\":\"https:\/\/peoplesphere.be\/fr\/global-human-capital-trends-focus-indispensable-talents-creation-de-nouveaux-modeles-prosperer-monde-evolution-constante\/\",\"url\":\"https:\/\/peoplesphere.be\/fr\/global-human-capital-trends-focus-indispensable-talents-creation-de-nouveaux-modeles-prosperer-monde-evolution-constante\/\",\"name\":\"Global Human Capital Trends: focus indispensable sur les talents et sur la cr\u00e9ation de nouveaux mod\u00e8les pour prosp\u00e9rer dans un monde en \u00e9volution constante. - Peoplesphere\",\"isPartOf\":{\"@id\":\"https:\/\/peoplesphere.be\/fr\/#website\"},\"datePublished\":\"2023-04-12T17:18:43+00:00\",\"dateModified\":\"2023-04-13T00:41:50+00:00\",\"breadcrumb\":{\"@id\":\"https:\/\/peoplesphere.be\/fr\/global-human-capital-trends-focus-indispensable-talents-creation-de-nouveaux-modeles-prosperer-monde-evolution-constante\/#breadcrumb\"},\"inLanguage\":\"fr-FR\",\"potentialAction\":[{\"@type\":\"ReadAction\",\"target\":[\"https:\/\/peoplesphere.be\/fr\/global-human-capital-trends-focus-indispensable-talents-creation-de-nouveaux-modeles-prosperer-monde-evolution-constante\/\"]}]},{\"@type\":\"BreadcrumbList\",\"@id\":\"https:\/\/peoplesphere.be\/fr\/global-human-capital-trends-focus-indispensable-talents-creation-de-nouveaux-modeles-prosperer-monde-evolution-constante\/#breadcrumb\",\"itemListElement\":[{\"@type\":\"ListItem\",\"position\":1,\"name\":\"Accueil\",\"item\":\"https:\/\/peoplesphere.be\/fr\/\"},{\"@type\":\"ListItem\",\"position\":2,\"name\":\"Global Human Capital Trends: focus indispensable sur les talents et sur la cr\u00e9ation de nouveaux mod\u00e8les pour prosp\u00e9rer dans un monde en \u00e9volution constante.\"}]},{\"@type\":\"WebSite\",\"@id\":\"https:\/\/peoplesphere.be\/fr\/#website\",\"url\":\"https:\/\/peoplesphere.be\/fr\/\",\"name\":\"Peoplesphere\",\"description\":\"The People Managers Magazine\",\"publisher\":{\"@id\":\"https:\/\/peoplesphere.be\/fr\/#organization\"},\"potentialAction\":[{\"@type\":\"SearchAction\",\"target\":{\"@type\":\"EntryPoint\",\"urlTemplate\":\"https:\/\/peoplesphere.be\/fr\/?s={search_term_string}\"},\"query-input\":\"required name=search_term_string\"}],\"inLanguage\":\"fr-FR\"},{\"@type\":\"Organization\",\"@id\":\"https:\/\/peoplesphere.be\/fr\/#organization\",\"name\":\"Peoplesphere Company srl\",\"url\":\"https:\/\/peoplesphere.be\/fr\/\",\"logo\":{\"@type\":\"ImageObject\",\"inLanguage\":\"fr-FR\",\"@id\":\"https:\/\/peoplesphere.be\/fr\/#\/schema\/logo\/image\/\",\"url\":\"https:\/\/peoplesphere.be\/fr\/wp-content\/uploads\/2023\/07\/peoplesphere-lgo-new-generik.jpg\",\"contentUrl\":\"https:\/\/peoplesphere.be\/fr\/wp-content\/uploads\/2023\/07\/peoplesphere-lgo-new-generik.jpg\",\"width\":1031,\"height\":1479,\"caption\":\"Peoplesphere Company srl\"},\"image\":{\"@id\":\"https:\/\/peoplesphere.be\/fr\/#\/schema\/logo\/image\/\"},\"sameAs\":[\"https:\/\/www.facebook.com\/peoplesphere\",\"https:\/\/twitter.com\/PeoplesphereMag\",\"https:\/\/www.linkedin.com\/company\/7587361?trk\",\"http:\/\/youtube.com\/peoplesphere\"]},{\"@type\":\"Person\",\"@id\":\"https:\/\/peoplesphere.be\/fr\/#\/schema\/person\/7976225ff17988604334abb7b3536a7e\",\"name\":\"Jean-Paul Erhard\",\"image\":{\"@type\":\"ImageObject\",\"inLanguage\":\"fr-FR\",\"@id\":\"https:\/\/peoplesphere.be\/fr\/#\/schema\/person\/image\/\",\"url\":\"https:\/\/secure.gravatar.com\/avatar\/f941e681460179738071629a51574930?s=96&d=mm&r=g\",\"contentUrl\":\"https:\/\/secure.gravatar.com\/avatar\/f941e681460179738071629a51574930?s=96&d=mm&r=g\",\"caption\":\"Jean-Paul Erhard\"},\"url\":\"https:\/\/peoplesphere.be\/fr\/author\/jpe\/\"}]}<\/script>\n<!-- \/ Yoast SEO plugin. -->","yoast_head_json":{"title":"Global Human Capital Trends: focus indispensable sur les talents et sur la cr\u00e9ation de nouveaux mod\u00e8les pour prosp\u00e9rer dans un monde en \u00e9volution constante. - Peoplesphere","robots":{"index":"index","follow":"follow","max-snippet":"max-snippet:-1","max-image-preview":"max-image-preview:large","max-video-preview":"max-video-preview:-1"},"canonical":"https:\/\/peoplesphere.be\/fr\/global-human-capital-trends-focus-indispensable-talents-creation-de-nouveaux-modeles-prosperer-monde-evolution-constante\/","og_locale":"fr_FR","og_type":"article","og_title":"Global Human Capital Trends: focus indispensable sur les talents et sur la cr\u00e9ation de nouveaux mod\u00e8les pour prosp\u00e9rer dans un monde en \u00e9volution constante. - Peoplesphere","og_description":"Le rapport 2023 Global Human Capital Trends de Deloitte, New fundamentals for a boundaryless world, analyse comment les dirigeants peuvent prosp\u00e9rer dans un environnement en constante \u00e9volution. Les tendances mondiales, \u00e9conomiques et soci\u00e9tales remettent en question les fondements m\u00eames de [&hellip;]","og_url":"https:\/\/peoplesphere.be\/fr\/global-human-capital-trends-focus-indispensable-talents-creation-de-nouveaux-modeles-prosperer-monde-evolution-constante\/","og_site_name":"Peoplesphere","article_publisher":"https:\/\/www.facebook.com\/peoplesphere","article_published_time":"2023-04-12T17:18:43+00:00","article_modified_time":"2023-04-13T00:41:50+00:00","og_image":[{"width":800,"height":234,"url":"https:\/\/peoplesphere.be\/fr\/wp-content\/uploads\/2023\/04\/Capture-d\u2019e\u0301cran-2023-04-13-a\u0300-02.34.11.png","type":"image\/png"}],"author":"Jean-Paul Erhard","twitter_card":"summary_large_image","twitter_creator":"@PeoplesphereMag","twitter_site":"@PeoplesphereMag","twitter_misc":{"\u00c9crit par":"Jean-Paul Erhard","Dur\u00e9e de lecture estim\u00e9e":"9 minutes"},"schema":{"@context":"https:\/\/schema.org","@graph":[{"@type":"Article","@id":"https:\/\/peoplesphere.be\/fr\/global-human-capital-trends-focus-indispensable-talents-creation-de-nouveaux-modeles-prosperer-monde-evolution-constante\/#article","isPartOf":{"@id":"https:\/\/peoplesphere.be\/fr\/global-human-capital-trends-focus-indispensable-talents-creation-de-nouveaux-modeles-prosperer-monde-evolution-constante\/"},"author":{"name":"Jean-Paul Erhard","@id":"https:\/\/peoplesphere.be\/fr\/#\/schema\/person\/7976225ff17988604334abb7b3536a7e"},"headline":"Global Human Capital Trends: focus indispensable sur les talents et sur la cr\u00e9ation de nouveaux mod\u00e8les pour prosp\u00e9rer dans un monde en \u00e9volution constante.","datePublished":"2023-04-12T17:18:43+00:00","dateModified":"2023-04-13T00:41:50+00:00","mainEntityOfPage":{"@id":"https:\/\/peoplesphere.be\/fr\/global-human-capital-trends-focus-indispensable-talents-creation-de-nouveaux-modeles-prosperer-monde-evolution-constante\/"},"wordCount":1770,"publisher":{"@id":"https:\/\/peoplesphere.be\/fr\/#organization"},"keywords":["capital humain","comp\u00e9tences","leadership","post pand\u00e9mie","technologie"],"articleSection":["Actualit\u00e9s","Digital"],"inLanguage":"fr-FR"},{"@type":"WebPage","@id":"https:\/\/peoplesphere.be\/fr\/global-human-capital-trends-focus-indispensable-talents-creation-de-nouveaux-modeles-prosperer-monde-evolution-constante\/","url":"https:\/\/peoplesphere.be\/fr\/global-human-capital-trends-focus-indispensable-talents-creation-de-nouveaux-modeles-prosperer-monde-evolution-constante\/","name":"Global Human Capital Trends: focus indispensable sur les talents et sur la cr\u00e9ation de nouveaux mod\u00e8les pour prosp\u00e9rer dans un monde en \u00e9volution constante. - Peoplesphere","isPartOf":{"@id":"https:\/\/peoplesphere.be\/fr\/#website"},"datePublished":"2023-04-12T17:18:43+00:00","dateModified":"2023-04-13T00:41:50+00:00","breadcrumb":{"@id":"https:\/\/peoplesphere.be\/fr\/global-human-capital-trends-focus-indispensable-talents-creation-de-nouveaux-modeles-prosperer-monde-evolution-constante\/#breadcrumb"},"inLanguage":"fr-FR","potentialAction":[{"@type":"ReadAction","target":["https:\/\/peoplesphere.be\/fr\/global-human-capital-trends-focus-indispensable-talents-creation-de-nouveaux-modeles-prosperer-monde-evolution-constante\/"]}]},{"@type":"BreadcrumbList","@id":"https:\/\/peoplesphere.be\/fr\/global-human-capital-trends-focus-indispensable-talents-creation-de-nouveaux-modeles-prosperer-monde-evolution-constante\/#breadcrumb","itemListElement":[{"@type":"ListItem","position":1,"name":"Accueil","item":"https:\/\/peoplesphere.be\/fr\/"},{"@type":"ListItem","position":2,"name":"Global Human Capital Trends: focus indispensable sur les talents et sur la cr\u00e9ation de nouveaux mod\u00e8les pour prosp\u00e9rer dans un monde en \u00e9volution constante."}]},{"@type":"WebSite","@id":"https:\/\/peoplesphere.be\/fr\/#website","url":"https:\/\/peoplesphere.be\/fr\/","name":"Peoplesphere","description":"The People Managers Magazine","publisher":{"@id":"https:\/\/peoplesphere.be\/fr\/#organization"},"potentialAction":[{"@type":"SearchAction","target":{"@type":"EntryPoint","urlTemplate":"https:\/\/peoplesphere.be\/fr\/?s={search_term_string}"},"query-input":"required name=search_term_string"}],"inLanguage":"fr-FR"},{"@type":"Organization","@id":"https:\/\/peoplesphere.be\/fr\/#organization","name":"Peoplesphere Company srl","url":"https:\/\/peoplesphere.be\/fr\/","logo":{"@type":"ImageObject","inLanguage":"fr-FR","@id":"https:\/\/peoplesphere.be\/fr\/#\/schema\/logo\/image\/","url":"https:\/\/peoplesphere.be\/fr\/wp-content\/uploads\/2023\/07\/peoplesphere-lgo-new-generik.jpg","contentUrl":"https:\/\/peoplesphere.be\/fr\/wp-content\/uploads\/2023\/07\/peoplesphere-lgo-new-generik.jpg","width":1031,"height":1479,"caption":"Peoplesphere Company srl"},"image":{"@id":"https:\/\/peoplesphere.be\/fr\/#\/schema\/logo\/image\/"},"sameAs":["https:\/\/www.facebook.com\/peoplesphere","https:\/\/twitter.com\/PeoplesphereMag","https:\/\/www.linkedin.com\/company\/7587361?trk","http:\/\/youtube.com\/peoplesphere"]},{"@type":"Person","@id":"https:\/\/peoplesphere.be\/fr\/#\/schema\/person\/7976225ff17988604334abb7b3536a7e","name":"Jean-Paul Erhard","image":{"@type":"ImageObject","inLanguage":"fr-FR","@id":"https:\/\/peoplesphere.be\/fr\/#\/schema\/person\/image\/","url":"https:\/\/secure.gravatar.com\/avatar\/f941e681460179738071629a51574930?s=96&d=mm&r=g","contentUrl":"https:\/\/secure.gravatar.com\/avatar\/f941e681460179738071629a51574930?s=96&d=mm&r=g","caption":"Jean-Paul Erhard"},"url":"https:\/\/peoplesphere.be\/fr\/author\/jpe\/"}]}},"_links":{"self":[{"href":"https:\/\/peoplesphere.be\/fr\/wp-json\/wp\/v2\/posts\/14305"}],"collection":[{"href":"https:\/\/peoplesphere.be\/fr\/wp-json\/wp\/v2\/posts"}],"about":[{"href":"https:\/\/peoplesphere.be\/fr\/wp-json\/wp\/v2\/types\/post"}],"author":[{"embeddable":true,"href":"https:\/\/peoplesphere.be\/fr\/wp-json\/wp\/v2\/users\/2"}],"replies":[{"embeddable":true,"href":"https:\/\/peoplesphere.be\/fr\/wp-json\/wp\/v2\/comments?post=14305"}],"version-history":[{"count":1,"href":"https:\/\/peoplesphere.be\/fr\/wp-json\/wp\/v2\/posts\/14305\/revisions"}],"predecessor-version":[{"id":14306,"href":"https:\/\/peoplesphere.be\/fr\/wp-json\/wp\/v2\/posts\/14305\/revisions\/14306"}],"wp:featuredmedia":[{"embeddable":true,"href":"https:\/\/peoplesphere.be\/fr\/wp-json\/wp\/v2\/media\/14307"}],"wp:attachment":[{"href":"https:\/\/peoplesphere.be\/fr\/wp-json\/wp\/v2\/media?parent=14305"}],"wp:term":[{"taxonomy":"category","embeddable":true,"href":"https:\/\/peoplesphere.be\/fr\/wp-json\/wp\/v2\/categories?post=14305"},{"taxonomy":"post_tag","embeddable":true,"href":"https:\/\/peoplesphere.be\/fr\/wp-json\/wp\/v2\/tags?post=14305"}],"curies":[{"name":"wp","href":"https:\/\/api.w.org\/{rel}","templated":true}]}}