









{"id":14342,"date":"2023-04-20T14:36:22","date_gmt":"2023-04-20T12:36:22","guid":{"rendered":"https:\/\/peoplesphere.be\/fr\/?p=14342"},"modified":"2023-04-20T14:36:22","modified_gmt":"2023-04-20T12:36:22","slug":"mutualite-chretienne-veut-conge-de-maternite-de-paternite-dun-an-a-repartir-deux-parents","status":"publish","type":"post","link":"https:\/\/peoplesphere.be\/fr\/mutualite-chretienne-veut-conge-de-maternite-de-paternite-dun-an-a-repartir-deux-parents\/","title":{"rendered":"La Mutualit\u00e9 Chr\u00e9tienne veut un cong\u00e9 de maternit\u00e9 et de paternit\u00e9 d&rsquo;un an (\u00e0 r\u00e9partir sur les deux parents)."},"content":{"rendered":"<p>La vice-pr\u00e9sidente de la Mutualit\u00e9 chr\u00e9tienne Elisabeth Degryse a annonc\u00e9 hier sur la RTBFvouloir mettre en place un cong\u00e9 de coparentalit\u00e9 d\u2019un an. <em>\u00ab\u00a0L\u2019augmentation du cong\u00e9 de paternit\u00e9 d\u2019une \u00e0 deux semaines a permis une am\u00e9lioration de la sant\u00e9 des femmes, c\u2019est une \u00e9tude de Dulbea qui le d\u00e9montre\u00a0\u00bb<\/em>, affirme-t-elle. Les premi\u00e8res r\u00e9actions politiques sont prudentes quant \u00e0 la faisabilit\u00e9 financi\u00e8re de cette id\u00e9e.<!--more--><\/p>\n<p><em>\u00ab\u00a0Nous voulons aller plus loin : jusqu\u2019\u00e0 un an de cong\u00e9 de paternit\u00e9 et de maternit\u00e9 \u00e0 r\u00e9partir sur les deux parents ou coparents peu importe leur sexe pour accompagner un enfant.\u00a0<\/em><em>La litt\u00e9rature montre que plus un enfant est accompagn\u00e9 par ses proches dans les 1000 premiers jours de sa vie, moins ils auront de probl\u00e8me de sant\u00e9 mentale et de sant\u00e9 physique plus tard.\u00a0\u00bb<\/em><\/p>\n<p><em>\u00ab\u00a0Si on veut renforcer la pr\u00e9sence des femmes sur le march\u00e9 du travail et en m\u00eame temps pouvoir garantir un accompagnement correct des enfants dans leur premi\u00e8re ann\u00e9e de vie, il faut qu\u2019on puisse \u00eatre innovants.\u00a0\u00bb<\/em><\/p>\n<p>Et cette proposition a-t-elle des chances d\u2019\u00eatre suivie ? S\u2019il est encore trop t\u00f4t pour le dire, la vice-pr\u00e9sidente est optimiste : <em>\u00ab\u00a0En 2019, nous avions inscrit dans notre m\u00e9morandum qu\u2019il fallait supprimer les certificats m\u00e9dicaux de deux \u00e0 trois jours. La suppression de 3&#215;1 jour de certificat est pass\u00e9e fin de l\u2019ann\u00e9e derni\u00e8re et Ecolo va maintenant sur une suppression de 3x3jours. Nous g\u00e9n\u00e9rons de l\u2019inspiration. Notre proposition ne se r\u00e9alisera sans doute pas du jour au lendemain, mais elle suscitera un d\u00e9bat, permettra des propositions qui iront dans le sens de celles du PS de faire un cong\u00e9 de paternit\u00e9 \u00e9quivalent au cong\u00e9 de maternit\u00e9.\u00a0\u00bb<\/em><\/p>\n<p>Alexia Bertrand (Open Vld), la secr\u00e9taire d\u2019\u00c9tat au Budget, se montre par contre plus prudente. <em>\u00ab\u00a0Le gouvernement vient de doubler le cong\u00e9 de paternit\u00e9 de 10 \u00e0 20 jours. En tant que femme, je suis demanderesse d\u2019aller vers plus d\u2019\u00e9galit\u00e9, mais avec ma casquette de secr\u00e9taire d\u2019\u00c9tat au budget, je r\u00e9pondrais qu\u2019il faut d\u2019abord analyser les co\u00fbts des derni\u00e8res politiques publiques.\u00a0\u00bb<\/em><\/p>\n<p>&nbsp;<\/p>\n<p><em>Source: RTBF<\/em><\/p>\n","protected":false},"excerpt":{"rendered":"<p>La vice-pr\u00e9sidente de la Mutualit\u00e9 chr\u00e9tienne Elisabeth Degryse a annonc\u00e9 hier sur la RTBFvouloir mettre en place un cong\u00e9 de coparentalit\u00e9 d\u2019un an. \u00ab\u00a0L\u2019augmentation du cong\u00e9 de paternit\u00e9 d\u2019une \u00e0 deux semaines a permis une am\u00e9lioration de la sant\u00e9 des [&hellip;]<\/p>\n","protected":false},"author":2,"featured_media":0,"comment_status":"closed","ping_status":"open","sticky":false,"template":"","format":"standard","meta":[],"categories":[65,10],"tags":[96,474,551,292,1623,3818],"yoast_head":"<!-- This site is optimized with the Yoast SEO plugin v21.0 - https:\/\/yoast.com\/wordpress\/plugins\/seo\/ -->\n<title>La Mutualit\u00e9 Chr\u00e9tienne veut un cong\u00e9 de maternit\u00e9 et de paternit\u00e9 d&#039;un an (\u00e0 r\u00e9partir sur les deux parents). - Peoplesphere<\/title>\n<meta name=\"robots\" content=\"index, follow, max-snippet:-1, max-image-preview:large, max-video-preview:-1\" \/>\n<link rel=\"canonical\" href=\"https:\/\/peoplesphere.be\/fr\/mutualite-chretienne-veut-conge-de-maternite-de-paternite-dun-an-a-repartir-deux-parents\/\" \/>\n<meta property=\"og:locale\" content=\"fr_FR\" \/>\n<meta property=\"og:type\" content=\"article\" \/>\n<meta property=\"og:title\" content=\"La Mutualit\u00e9 Chr\u00e9tienne veut un cong\u00e9 de maternit\u00e9 et de paternit\u00e9 d&#039;un an (\u00e0 r\u00e9partir sur les deux parents). - Peoplesphere\" \/>\n<meta property=\"og:description\" content=\"La vice-pr\u00e9sidente de la Mutualit\u00e9 chr\u00e9tienne Elisabeth Degryse a annonc\u00e9 hier sur la RTBFvouloir mettre en place un cong\u00e9 de coparentalit\u00e9 d\u2019un an. \u00ab\u00a0L\u2019augmentation du cong\u00e9 de paternit\u00e9 d\u2019une \u00e0 deux semaines a permis une am\u00e9lioration de la sant\u00e9 des [&hellip;]\" \/>\n<meta property=\"og:url\" content=\"https:\/\/peoplesphere.be\/fr\/mutualite-chretienne-veut-conge-de-maternite-de-paternite-dun-an-a-repartir-deux-parents\/\" \/>\n<meta property=\"og:site_name\" content=\"Peoplesphere\" \/>\n<meta property=\"article:publisher\" content=\"https:\/\/www.facebook.com\/peoplesphere\" \/>\n<meta property=\"article:published_time\" content=\"2023-04-20T12:36:22+00:00\" \/>\n<meta property=\"og:image\" content=\"http:\/\/www.peoplesphere.be\/fr\/wp-content\/uploads\/2016\/07\/facebook-default-posting-1200x628px.jpg\" \/>\n<meta name=\"author\" content=\"Jean-Paul Erhard\" \/>\n<meta name=\"twitter:card\" content=\"summary_large_image\" \/>\n<meta name=\"twitter:creator\" content=\"@PeoplesphereMag\" \/>\n<meta name=\"twitter:site\" content=\"@PeoplesphereMag\" \/>\n<meta name=\"twitter:label1\" content=\"\u00c9crit par\" \/>\n\t<meta name=\"twitter:data1\" content=\"Jean-Paul Erhard\" \/>\n\t<meta name=\"twitter:label2\" content=\"Dur\u00e9e de lecture estim\u00e9e\" \/>\n\t<meta name=\"twitter:data2\" content=\"2 minutes\" \/>\n<script type=\"application\/ld+json\" class=\"yoast-schema-graph\">{\"@context\":\"https:\/\/schema.org\",\"@graph\":[{\"@type\":\"Article\",\"@id\":\"https:\/\/peoplesphere.be\/fr\/mutualite-chretienne-veut-conge-de-maternite-de-paternite-dun-an-a-repartir-deux-parents\/#article\",\"isPartOf\":{\"@id\":\"https:\/\/peoplesphere.be\/fr\/mutualite-chretienne-veut-conge-de-maternite-de-paternite-dun-an-a-repartir-deux-parents\/\"},\"author\":{\"name\":\"Jean-Paul Erhard\",\"@id\":\"https:\/\/peoplesphere.be\/fr\/#\/schema\/person\/7976225ff17988604334abb7b3536a7e\"},\"headline\":\"La Mutualit\u00e9 Chr\u00e9tienne veut un cong\u00e9 de maternit\u00e9 et de paternit\u00e9 d&rsquo;un an (\u00e0 r\u00e9partir sur les deux parents).\",\"datePublished\":\"2023-04-20T12:36:22+00:00\",\"dateModified\":\"2023-04-20T12:36:22+00:00\",\"mainEntityOfPage\":{\"@id\":\"https:\/\/peoplesphere.be\/fr\/mutualite-chretienne-veut-conge-de-maternite-de-paternite-dun-an-a-repartir-deux-parents\/\"},\"wordCount\":393,\"publisher\":{\"@id\":\"https:\/\/peoplesphere.be\/fr\/#organization\"},\"keywords\":[\"bien-\u00eatre\",\"cong\u00e9 parental\",\"\u00e9galit\u00e9 des chances\",\"\u00e9galit\u00e9 des genres\",\"maternit\u00e9\",\"paternit\u00e9\"],\"articleSection\":[\"Actualit\u00e9s\",\"Digital\"],\"inLanguage\":\"fr-FR\"},{\"@type\":\"WebPage\",\"@id\":\"https:\/\/peoplesphere.be\/fr\/mutualite-chretienne-veut-conge-de-maternite-de-paternite-dun-an-a-repartir-deux-parents\/\",\"url\":\"https:\/\/peoplesphere.be\/fr\/mutualite-chretienne-veut-conge-de-maternite-de-paternite-dun-an-a-repartir-deux-parents\/\",\"name\":\"La Mutualit\u00e9 Chr\u00e9tienne veut un cong\u00e9 de maternit\u00e9 et de paternit\u00e9 d'un an (\u00e0 r\u00e9partir sur les deux parents). - Peoplesphere\",\"isPartOf\":{\"@id\":\"https:\/\/peoplesphere.be\/fr\/#website\"},\"datePublished\":\"2023-04-20T12:36:22+00:00\",\"dateModified\":\"2023-04-20T12:36:22+00:00\",\"breadcrumb\":{\"@id\":\"https:\/\/peoplesphere.be\/fr\/mutualite-chretienne-veut-conge-de-maternite-de-paternite-dun-an-a-repartir-deux-parents\/#breadcrumb\"},\"inLanguage\":\"fr-FR\",\"potentialAction\":[{\"@type\":\"ReadAction\",\"target\":[\"https:\/\/peoplesphere.be\/fr\/mutualite-chretienne-veut-conge-de-maternite-de-paternite-dun-an-a-repartir-deux-parents\/\"]}]},{\"@type\":\"BreadcrumbList\",\"@id\":\"https:\/\/peoplesphere.be\/fr\/mutualite-chretienne-veut-conge-de-maternite-de-paternite-dun-an-a-repartir-deux-parents\/#breadcrumb\",\"itemListElement\":[{\"@type\":\"ListItem\",\"position\":1,\"name\":\"Accueil\",\"item\":\"https:\/\/peoplesphere.be\/fr\/\"},{\"@type\":\"ListItem\",\"position\":2,\"name\":\"La Mutualit\u00e9 Chr\u00e9tienne veut un cong\u00e9 de maternit\u00e9 et de paternit\u00e9 d&rsquo;un an (\u00e0 r\u00e9partir sur les deux parents).\"}]},{\"@type\":\"WebSite\",\"@id\":\"https:\/\/peoplesphere.be\/fr\/#website\",\"url\":\"https:\/\/peoplesphere.be\/fr\/\",\"name\":\"Peoplesphere\",\"description\":\"The People Managers Magazine\",\"publisher\":{\"@id\":\"https:\/\/peoplesphere.be\/fr\/#organization\"},\"potentialAction\":[{\"@type\":\"SearchAction\",\"target\":{\"@type\":\"EntryPoint\",\"urlTemplate\":\"https:\/\/peoplesphere.be\/fr\/?s={search_term_string}\"},\"query-input\":\"required name=search_term_string\"}],\"inLanguage\":\"fr-FR\"},{\"@type\":\"Organization\",\"@id\":\"https:\/\/peoplesphere.be\/fr\/#organization\",\"name\":\"Peoplesphere Company srl\",\"url\":\"https:\/\/peoplesphere.be\/fr\/\",\"logo\":{\"@type\":\"ImageObject\",\"inLanguage\":\"fr-FR\",\"@id\":\"https:\/\/peoplesphere.be\/fr\/#\/schema\/logo\/image\/\",\"url\":\"https:\/\/peoplesphere.be\/fr\/wp-content\/uploads\/2023\/07\/peoplesphere-lgo-new-generik.jpg\",\"contentUrl\":\"https:\/\/peoplesphere.be\/fr\/wp-content\/uploads\/2023\/07\/peoplesphere-lgo-new-generik.jpg\",\"width\":1031,\"height\":1479,\"caption\":\"Peoplesphere Company srl\"},\"image\":{\"@id\":\"https:\/\/peoplesphere.be\/fr\/#\/schema\/logo\/image\/\"},\"sameAs\":[\"https:\/\/www.facebook.com\/peoplesphere\",\"https:\/\/twitter.com\/PeoplesphereMag\",\"https:\/\/www.linkedin.com\/company\/7587361?trk\",\"http:\/\/youtube.com\/peoplesphere\"]},{\"@type\":\"Person\",\"@id\":\"https:\/\/peoplesphere.be\/fr\/#\/schema\/person\/7976225ff17988604334abb7b3536a7e\",\"name\":\"Jean-Paul Erhard\",\"image\":{\"@type\":\"ImageObject\",\"inLanguage\":\"fr-FR\",\"@id\":\"https:\/\/peoplesphere.be\/fr\/#\/schema\/person\/image\/\",\"url\":\"https:\/\/secure.gravatar.com\/avatar\/f941e681460179738071629a51574930?s=96&d=mm&r=g\",\"contentUrl\":\"https:\/\/secure.gravatar.com\/avatar\/f941e681460179738071629a51574930?s=96&d=mm&r=g\",\"caption\":\"Jean-Paul Erhard\"},\"url\":\"https:\/\/peoplesphere.be\/fr\/author\/jpe\/\"}]}<\/script>\n<!-- \/ Yoast SEO plugin. -->","yoast_head_json":{"title":"La Mutualit\u00e9 Chr\u00e9tienne veut un cong\u00e9 de maternit\u00e9 et de paternit\u00e9 d'un an (\u00e0 r\u00e9partir sur les deux parents). - Peoplesphere","robots":{"index":"index","follow":"follow","max-snippet":"max-snippet:-1","max-image-preview":"max-image-preview:large","max-video-preview":"max-video-preview:-1"},"canonical":"https:\/\/peoplesphere.be\/fr\/mutualite-chretienne-veut-conge-de-maternite-de-paternite-dun-an-a-repartir-deux-parents\/","og_locale":"fr_FR","og_type":"article","og_title":"La Mutualit\u00e9 Chr\u00e9tienne veut un cong\u00e9 de maternit\u00e9 et de paternit\u00e9 d'un an (\u00e0 r\u00e9partir sur les deux parents). - Peoplesphere","og_description":"La vice-pr\u00e9sidente de la Mutualit\u00e9 chr\u00e9tienne Elisabeth Degryse a annonc\u00e9 hier sur la RTBFvouloir mettre en place un cong\u00e9 de coparentalit\u00e9 d\u2019un an. \u00ab\u00a0L\u2019augmentation du cong\u00e9 de paternit\u00e9 d\u2019une \u00e0 deux semaines a permis une am\u00e9lioration de la sant\u00e9 des [&hellip;]","og_url":"https:\/\/peoplesphere.be\/fr\/mutualite-chretienne-veut-conge-de-maternite-de-paternite-dun-an-a-repartir-deux-parents\/","og_site_name":"Peoplesphere","article_publisher":"https:\/\/www.facebook.com\/peoplesphere","article_published_time":"2023-04-20T12:36:22+00:00","og_image":[{"url":"http:\/\/www.peoplesphere.be\/fr\/wp-content\/uploads\/2016\/07\/facebook-default-posting-1200x628px.jpg"}],"author":"Jean-Paul Erhard","twitter_card":"summary_large_image","twitter_creator":"@PeoplesphereMag","twitter_site":"@PeoplesphereMag","twitter_misc":{"\u00c9crit par":"Jean-Paul Erhard","Dur\u00e9e de lecture estim\u00e9e":"2 minutes"},"schema":{"@context":"https:\/\/schema.org","@graph":[{"@type":"Article","@id":"https:\/\/peoplesphere.be\/fr\/mutualite-chretienne-veut-conge-de-maternite-de-paternite-dun-an-a-repartir-deux-parents\/#article","isPartOf":{"@id":"https:\/\/peoplesphere.be\/fr\/mutualite-chretienne-veut-conge-de-maternite-de-paternite-dun-an-a-repartir-deux-parents\/"},"author":{"name":"Jean-Paul Erhard","@id":"https:\/\/peoplesphere.be\/fr\/#\/schema\/person\/7976225ff17988604334abb7b3536a7e"},"headline":"La Mutualit\u00e9 Chr\u00e9tienne veut un cong\u00e9 de maternit\u00e9 et de paternit\u00e9 d&rsquo;un an (\u00e0 r\u00e9partir sur les deux parents).","datePublished":"2023-04-20T12:36:22+00:00","dateModified":"2023-04-20T12:36:22+00:00","mainEntityOfPage":{"@id":"https:\/\/peoplesphere.be\/fr\/mutualite-chretienne-veut-conge-de-maternite-de-paternite-dun-an-a-repartir-deux-parents\/"},"wordCount":393,"publisher":{"@id":"https:\/\/peoplesphere.be\/fr\/#organization"},"keywords":["bien-\u00eatre","cong\u00e9 parental","\u00e9galit\u00e9 des chances","\u00e9galit\u00e9 des genres","maternit\u00e9","paternit\u00e9"],"articleSection":["Actualit\u00e9s","Digital"],"inLanguage":"fr-FR"},{"@type":"WebPage","@id":"https:\/\/peoplesphere.be\/fr\/mutualite-chretienne-veut-conge-de-maternite-de-paternite-dun-an-a-repartir-deux-parents\/","url":"https:\/\/peoplesphere.be\/fr\/mutualite-chretienne-veut-conge-de-maternite-de-paternite-dun-an-a-repartir-deux-parents\/","name":"La Mutualit\u00e9 Chr\u00e9tienne veut un cong\u00e9 de maternit\u00e9 et de paternit\u00e9 d'un an (\u00e0 r\u00e9partir sur les deux parents). - Peoplesphere","isPartOf":{"@id":"https:\/\/peoplesphere.be\/fr\/#website"},"datePublished":"2023-04-20T12:36:22+00:00","dateModified":"2023-04-20T12:36:22+00:00","breadcrumb":{"@id":"https:\/\/peoplesphere.be\/fr\/mutualite-chretienne-veut-conge-de-maternite-de-paternite-dun-an-a-repartir-deux-parents\/#breadcrumb"},"inLanguage":"fr-FR","potentialAction":[{"@type":"ReadAction","target":["https:\/\/peoplesphere.be\/fr\/mutualite-chretienne-veut-conge-de-maternite-de-paternite-dun-an-a-repartir-deux-parents\/"]}]},{"@type":"BreadcrumbList","@id":"https:\/\/peoplesphere.be\/fr\/mutualite-chretienne-veut-conge-de-maternite-de-paternite-dun-an-a-repartir-deux-parents\/#breadcrumb","itemListElement":[{"@type":"ListItem","position":1,"name":"Accueil","item":"https:\/\/peoplesphere.be\/fr\/"},{"@type":"ListItem","position":2,"name":"La Mutualit\u00e9 Chr\u00e9tienne veut un cong\u00e9 de maternit\u00e9 et de paternit\u00e9 d&rsquo;un an (\u00e0 r\u00e9partir sur les deux parents)."}]},{"@type":"WebSite","@id":"https:\/\/peoplesphere.be\/fr\/#website","url":"https:\/\/peoplesphere.be\/fr\/","name":"Peoplesphere","description":"The People Managers Magazine","publisher":{"@id":"https:\/\/peoplesphere.be\/fr\/#organization"},"potentialAction":[{"@type":"SearchAction","target":{"@type":"EntryPoint","urlTemplate":"https:\/\/peoplesphere.be\/fr\/?s={search_term_string}"},"query-input":"required name=search_term_string"}],"inLanguage":"fr-FR"},{"@type":"Organization","@id":"https:\/\/peoplesphere.be\/fr\/#organization","name":"Peoplesphere Company srl","url":"https:\/\/peoplesphere.be\/fr\/","logo":{"@type":"ImageObject","inLanguage":"fr-FR","@id":"https:\/\/peoplesphere.be\/fr\/#\/schema\/logo\/image\/","url":"https:\/\/peoplesphere.be\/fr\/wp-content\/uploads\/2023\/07\/peoplesphere-lgo-new-generik.jpg","contentUrl":"https:\/\/peoplesphere.be\/fr\/wp-content\/uploads\/2023\/07\/peoplesphere-lgo-new-generik.jpg","width":1031,"height":1479,"caption":"Peoplesphere Company srl"},"image":{"@id":"https:\/\/peoplesphere.be\/fr\/#\/schema\/logo\/image\/"},"sameAs":["https:\/\/www.facebook.com\/peoplesphere","https:\/\/twitter.com\/PeoplesphereMag","https:\/\/www.linkedin.com\/company\/7587361?trk","http:\/\/youtube.com\/peoplesphere"]},{"@type":"Person","@id":"https:\/\/peoplesphere.be\/fr\/#\/schema\/person\/7976225ff17988604334abb7b3536a7e","name":"Jean-Paul Erhard","image":{"@type":"ImageObject","inLanguage":"fr-FR","@id":"https:\/\/peoplesphere.be\/fr\/#\/schema\/person\/image\/","url":"https:\/\/secure.gravatar.com\/avatar\/f941e681460179738071629a51574930?s=96&d=mm&r=g","contentUrl":"https:\/\/secure.gravatar.com\/avatar\/f941e681460179738071629a51574930?s=96&d=mm&r=g","caption":"Jean-Paul Erhard"},"url":"https:\/\/peoplesphere.be\/fr\/author\/jpe\/"}]}},"_links":{"self":[{"href":"https:\/\/peoplesphere.be\/fr\/wp-json\/wp\/v2\/posts\/14342"}],"collection":[{"href":"https:\/\/peoplesphere.be\/fr\/wp-json\/wp\/v2\/posts"}],"about":[{"href":"https:\/\/peoplesphere.be\/fr\/wp-json\/wp\/v2\/types\/post"}],"author":[{"embeddable":true,"href":"https:\/\/peoplesphere.be\/fr\/wp-json\/wp\/v2\/users\/2"}],"replies":[{"embeddable":true,"href":"https:\/\/peoplesphere.be\/fr\/wp-json\/wp\/v2\/comments?post=14342"}],"version-history":[{"count":1,"href":"https:\/\/peoplesphere.be\/fr\/wp-json\/wp\/v2\/posts\/14342\/revisions"}],"predecessor-version":[{"id":14343,"href":"https:\/\/peoplesphere.be\/fr\/wp-json\/wp\/v2\/posts\/14342\/revisions\/14343"}],"wp:attachment":[{"href":"https:\/\/peoplesphere.be\/fr\/wp-json\/wp\/v2\/media?parent=14342"}],"wp:term":[{"taxonomy":"category","embeddable":true,"href":"https:\/\/peoplesphere.be\/fr\/wp-json\/wp\/v2\/categories?post=14342"},{"taxonomy":"post_tag","embeddable":true,"href":"https:\/\/peoplesphere.be\/fr\/wp-json\/wp\/v2\/tags?post=14342"}],"curies":[{"name":"wp","href":"https:\/\/api.w.org\/{rel}","templated":true}]}}