









{"id":14347,"date":"2023-04-24T18:05:42","date_gmt":"2023-04-24T16:05:42","guid":{"rendered":"https:\/\/peoplesphere.be\/fr\/?p=14347"},"modified":"2023-04-25T05:09:41","modified_gmt":"2023-04-25T03:09:41","slug":"journee-de-greve-travailleurs-sociaux-bruxellois-mardi-25-avril-19-cpas-nen-peuvent-plus","status":"publish","type":"post","link":"https:\/\/peoplesphere.be\/fr\/journee-de-greve-travailleurs-sociaux-bruxellois-mardi-25-avril-19-cpas-nen-peuvent-plus\/","title":{"rendered":"Journ\u00e9e de gr\u00e8ve travailleurs sociaux bruxellois ce mardi 25 avril: les 19 CPAS n&rsquo;en peuvent plus."},"content":{"rendered":"<p>Le Front Commun Syndical repre\u0301sentant le personnel des services sociaux des 19 CPAS de la Re\u0301gion de Bruxelles-Capitale a de\u0301pose\u0301 un pre\u0301avis de gre\u0300ve portant sur la journe\u0301e du mardi 25 avril 2023 et qui concerne l\u2019ensemble des services sociaux des 19 institutions.<!--more--><\/p>\n<p>Au terme d\u2019une Assemble\u0301e Ge\u0301ne\u0301rale organise\u0301e le jeudi 13 avril 2023 et qui a rassemble\u0301 plus de 150 agents (assistants sociaux et personnel administratif) de ces services sociaux, voici les tristes constats qui sont a\u0300 nouveau de\u0301nonce\u0301s :<\/p>\n<ul>\n<li>Une surcharge de travail lie\u0301e aux diverses crises et un manque d\u2019effectifs dans les services<\/li>\n<li>La ne\u0301cessite\u0301 d\u2019un refinancement structurel, anticipatif et pe\u0301renne des 19 CPAS<\/li>\n<li>L\u2019urgence d\u2019une revalorisation salariale et du travail social en CPAS<\/li>\n<li>La ne\u0301cessite\u0301 d\u2019un investissement massif dans la pre\u0301vention des risques psychosociaux et une re\u0301elle politique du bien-e\u0302tre au travail<\/li>\n<li>Le besoin re\u0301el d\u2019une re\u0301duction collective du temps de travail avec maintien du salaire et embauche compensatoire.<\/li>\n<\/ul>\n<p>Au terme de cette Assemble\u0301e Ge\u0301ne\u0301rale, le Front Commun Syndical a de\u0301cide\u0301 de continuer a\u0300 porter les revendications des travailleurs des services sociaux et de poursuivre le plan d\u2019actions syndicales de\u0301ja\u0300 entame\u0301 a\u0300 l\u2019automne 2022. Ce plan d\u2019actions syndicales pre\u0301voit des visites re\u0301gulie\u0300res en avril et en mai 2023 dans les Conseils Communaux de la Re\u0301gion de Bruxelles-Capitale pour sensibiliser les mandataires politiques des Pouvoirs Locaux. Par ailleurs, il est a\u0300 observer qu\u2019un mouvement syndical se dessine aussi dans les CPAS wallons dont certains repre\u0301sentants accompagneront les actions bruxelloises.<\/p>\n<p>A ce stade, outre une attitude bienveillante des mandataires politiques par rapport a\u0300 nos constats et revendications, aucune mesure concre\u0300te et positive n\u2019a a e\u0301te\u0301 prise.<br \/>\nCe mardi 25 avril 2023 est de\u0301cre\u0301te\u0301 nouvelle journe\u0301e de gre\u0300ve dans le secteur. Outre l\u2019installation de piquets de gre\u0300ve matinalement devant les ba\u0302timents des CPAS, une manifestation sera organise\u0301e ; manifestation qui de\u0301butera a\u0300 10h devant le CPAS de la Ville de Bruxelles ou\u0300 une demande d\u2019entretien a e\u0301te\u0301 demande\u0301e avec Monsieur Khalid Zian, Pre\u0301sident du CPAS de la Ville et de la Fe\u0301de\u0301ration des 19 CPAS bruxellois, et qui se poursuivra par un passage et un entretien a\u0300 12h au Cabinet de la Ministre Fe\u0301de\u0301rale de l\u2019Inte\u0301gration Sociale, Madame Karine Lalieux.<\/p>\n<p>&nbsp;<\/p>\n<p><em>Source: Front commun syndical CGSP &#8211; CSC Services publics &#8211; SLFP<\/em><\/p>\n","protected":false},"excerpt":{"rendered":"<p>Le Front Commun Syndical repre\u0301sentant le personnel des services sociaux des 19 CPAS de la Re\u0301gion de Bruxelles-Capitale a de\u0301pose\u0301 un pre\u0301avis de gre\u0300ve portant sur la journe\u0301e du mardi 25 avril 2023 et qui concerne l\u2019ensemble des services sociaux [&hellip;]<\/p>\n","protected":false},"author":2,"featured_media":0,"comment_status":"closed","ping_status":"open","sticky":false,"template":"","format":"standard","meta":[],"categories":[65,10],"tags":[332,941,1366],"yoast_head":"<!-- This site is optimized with the Yoast SEO plugin v21.0 - https:\/\/yoast.com\/wordpress\/plugins\/seo\/ -->\n<title>Journ\u00e9e de gr\u00e8ve travailleurs sociaux bruxellois ce mardi 25 avril: les 19 CPAS n&#039;en peuvent plus. - Peoplesphere<\/title>\n<meta name=\"robots\" content=\"index, follow, max-snippet:-1, max-image-preview:large, max-video-preview:-1\" \/>\n<link rel=\"canonical\" href=\"https:\/\/peoplesphere.be\/fr\/journee-de-greve-travailleurs-sociaux-bruxellois-mardi-25-avril-19-cpas-nen-peuvent-plus\/\" \/>\n<meta property=\"og:locale\" content=\"fr_FR\" \/>\n<meta property=\"og:type\" content=\"article\" \/>\n<meta property=\"og:title\" content=\"Journ\u00e9e de gr\u00e8ve travailleurs sociaux bruxellois ce mardi 25 avril: les 19 CPAS n&#039;en peuvent plus. - Peoplesphere\" \/>\n<meta property=\"og:description\" content=\"Le Front Commun Syndical repre\u0301sentant le personnel des services sociaux des 19 CPAS de la Re\u0301gion de Bruxelles-Capitale a de\u0301pose\u0301 un pre\u0301avis de gre\u0300ve portant sur la journe\u0301e du mardi 25 avril 2023 et qui concerne l\u2019ensemble des services sociaux [&hellip;]\" \/>\n<meta property=\"og:url\" content=\"https:\/\/peoplesphere.be\/fr\/journee-de-greve-travailleurs-sociaux-bruxellois-mardi-25-avril-19-cpas-nen-peuvent-plus\/\" \/>\n<meta property=\"og:site_name\" content=\"Peoplesphere\" \/>\n<meta property=\"article:publisher\" content=\"https:\/\/www.facebook.com\/peoplesphere\" \/>\n<meta property=\"article:published_time\" content=\"2023-04-24T16:05:42+00:00\" \/>\n<meta property=\"article:modified_time\" content=\"2023-04-25T03:09:41+00:00\" \/>\n<meta property=\"og:image\" content=\"http:\/\/www.peoplesphere.be\/fr\/wp-content\/uploads\/2016\/07\/facebook-default-posting-1200x628px.jpg\" \/>\n<meta name=\"author\" content=\"Jean-Paul Erhard\" \/>\n<meta name=\"twitter:card\" content=\"summary_large_image\" \/>\n<meta name=\"twitter:creator\" content=\"@PeoplesphereMag\" \/>\n<meta name=\"twitter:site\" content=\"@PeoplesphereMag\" \/>\n<meta name=\"twitter:label1\" content=\"\u00c9crit par\" \/>\n\t<meta name=\"twitter:data1\" content=\"Jean-Paul Erhard\" \/>\n\t<meta name=\"twitter:label2\" content=\"Dur\u00e9e de lecture estim\u00e9e\" \/>\n\t<meta name=\"twitter:data2\" content=\"2 minutes\" \/>\n<script type=\"application\/ld+json\" class=\"yoast-schema-graph\">{\"@context\":\"https:\/\/schema.org\",\"@graph\":[{\"@type\":\"Article\",\"@id\":\"https:\/\/peoplesphere.be\/fr\/journee-de-greve-travailleurs-sociaux-bruxellois-mardi-25-avril-19-cpas-nen-peuvent-plus\/#article\",\"isPartOf\":{\"@id\":\"https:\/\/peoplesphere.be\/fr\/journee-de-greve-travailleurs-sociaux-bruxellois-mardi-25-avril-19-cpas-nen-peuvent-plus\/\"},\"author\":{\"name\":\"Jean-Paul Erhard\",\"@id\":\"https:\/\/peoplesphere.be\/fr\/#\/schema\/person\/7976225ff17988604334abb7b3536a7e\"},\"headline\":\"Journ\u00e9e de gr\u00e8ve travailleurs sociaux bruxellois ce mardi 25 avril: les 19 CPAS n&rsquo;en peuvent plus.\",\"datePublished\":\"2023-04-24T16:05:42+00:00\",\"dateModified\":\"2023-04-25T03:09:41+00:00\",\"mainEntityOfPage\":{\"@id\":\"https:\/\/peoplesphere.be\/fr\/journee-de-greve-travailleurs-sociaux-bruxellois-mardi-25-avril-19-cpas-nen-peuvent-plus\/\"},\"wordCount\":439,\"publisher\":{\"@id\":\"https:\/\/peoplesphere.be\/fr\/#organization\"},\"keywords\":[\"concertation sociale\",\"manifestation\",\"secteur social\"],\"articleSection\":[\"Actualit\u00e9s\",\"Digital\"],\"inLanguage\":\"fr-FR\"},{\"@type\":\"WebPage\",\"@id\":\"https:\/\/peoplesphere.be\/fr\/journee-de-greve-travailleurs-sociaux-bruxellois-mardi-25-avril-19-cpas-nen-peuvent-plus\/\",\"url\":\"https:\/\/peoplesphere.be\/fr\/journee-de-greve-travailleurs-sociaux-bruxellois-mardi-25-avril-19-cpas-nen-peuvent-plus\/\",\"name\":\"Journ\u00e9e de gr\u00e8ve travailleurs sociaux bruxellois ce mardi 25 avril: les 19 CPAS n'en peuvent plus. - Peoplesphere\",\"isPartOf\":{\"@id\":\"https:\/\/peoplesphere.be\/fr\/#website\"},\"datePublished\":\"2023-04-24T16:05:42+00:00\",\"dateModified\":\"2023-04-25T03:09:41+00:00\",\"breadcrumb\":{\"@id\":\"https:\/\/peoplesphere.be\/fr\/journee-de-greve-travailleurs-sociaux-bruxellois-mardi-25-avril-19-cpas-nen-peuvent-plus\/#breadcrumb\"},\"inLanguage\":\"fr-FR\",\"potentialAction\":[{\"@type\":\"ReadAction\",\"target\":[\"https:\/\/peoplesphere.be\/fr\/journee-de-greve-travailleurs-sociaux-bruxellois-mardi-25-avril-19-cpas-nen-peuvent-plus\/\"]}]},{\"@type\":\"BreadcrumbList\",\"@id\":\"https:\/\/peoplesphere.be\/fr\/journee-de-greve-travailleurs-sociaux-bruxellois-mardi-25-avril-19-cpas-nen-peuvent-plus\/#breadcrumb\",\"itemListElement\":[{\"@type\":\"ListItem\",\"position\":1,\"name\":\"Accueil\",\"item\":\"https:\/\/peoplesphere.be\/fr\/\"},{\"@type\":\"ListItem\",\"position\":2,\"name\":\"Journ\u00e9e de gr\u00e8ve travailleurs sociaux bruxellois ce mardi 25 avril: les 19 CPAS n&rsquo;en peuvent plus.\"}]},{\"@type\":\"WebSite\",\"@id\":\"https:\/\/peoplesphere.be\/fr\/#website\",\"url\":\"https:\/\/peoplesphere.be\/fr\/\",\"name\":\"Peoplesphere\",\"description\":\"The People Managers Magazine\",\"publisher\":{\"@id\":\"https:\/\/peoplesphere.be\/fr\/#organization\"},\"potentialAction\":[{\"@type\":\"SearchAction\",\"target\":{\"@type\":\"EntryPoint\",\"urlTemplate\":\"https:\/\/peoplesphere.be\/fr\/?s={search_term_string}\"},\"query-input\":\"required name=search_term_string\"}],\"inLanguage\":\"fr-FR\"},{\"@type\":\"Organization\",\"@id\":\"https:\/\/peoplesphere.be\/fr\/#organization\",\"name\":\"Peoplesphere Company srl\",\"url\":\"https:\/\/peoplesphere.be\/fr\/\",\"logo\":{\"@type\":\"ImageObject\",\"inLanguage\":\"fr-FR\",\"@id\":\"https:\/\/peoplesphere.be\/fr\/#\/schema\/logo\/image\/\",\"url\":\"https:\/\/peoplesphere.be\/fr\/wp-content\/uploads\/2023\/07\/peoplesphere-lgo-new-generik.jpg\",\"contentUrl\":\"https:\/\/peoplesphere.be\/fr\/wp-content\/uploads\/2023\/07\/peoplesphere-lgo-new-generik.jpg\",\"width\":1031,\"height\":1479,\"caption\":\"Peoplesphere Company srl\"},\"image\":{\"@id\":\"https:\/\/peoplesphere.be\/fr\/#\/schema\/logo\/image\/\"},\"sameAs\":[\"https:\/\/www.facebook.com\/peoplesphere\",\"https:\/\/twitter.com\/PeoplesphereMag\",\"https:\/\/www.linkedin.com\/company\/7587361?trk\",\"http:\/\/youtube.com\/peoplesphere\"]},{\"@type\":\"Person\",\"@id\":\"https:\/\/peoplesphere.be\/fr\/#\/schema\/person\/7976225ff17988604334abb7b3536a7e\",\"name\":\"Jean-Paul Erhard\",\"image\":{\"@type\":\"ImageObject\",\"inLanguage\":\"fr-FR\",\"@id\":\"https:\/\/peoplesphere.be\/fr\/#\/schema\/person\/image\/\",\"url\":\"https:\/\/secure.gravatar.com\/avatar\/f941e681460179738071629a51574930?s=96&d=mm&r=g\",\"contentUrl\":\"https:\/\/secure.gravatar.com\/avatar\/f941e681460179738071629a51574930?s=96&d=mm&r=g\",\"caption\":\"Jean-Paul Erhard\"},\"url\":\"https:\/\/peoplesphere.be\/fr\/author\/jpe\/\"}]}<\/script>\n<!-- \/ Yoast SEO plugin. -->","yoast_head_json":{"title":"Journ\u00e9e de gr\u00e8ve travailleurs sociaux bruxellois ce mardi 25 avril: les 19 CPAS n'en peuvent plus. - Peoplesphere","robots":{"index":"index","follow":"follow","max-snippet":"max-snippet:-1","max-image-preview":"max-image-preview:large","max-video-preview":"max-video-preview:-1"},"canonical":"https:\/\/peoplesphere.be\/fr\/journee-de-greve-travailleurs-sociaux-bruxellois-mardi-25-avril-19-cpas-nen-peuvent-plus\/","og_locale":"fr_FR","og_type":"article","og_title":"Journ\u00e9e de gr\u00e8ve travailleurs sociaux bruxellois ce mardi 25 avril: les 19 CPAS n'en peuvent plus. - Peoplesphere","og_description":"Le Front Commun Syndical repre\u0301sentant le personnel des services sociaux des 19 CPAS de la Re\u0301gion de Bruxelles-Capitale a de\u0301pose\u0301 un pre\u0301avis de gre\u0300ve portant sur la journe\u0301e du mardi 25 avril 2023 et qui concerne l\u2019ensemble des services sociaux [&hellip;]","og_url":"https:\/\/peoplesphere.be\/fr\/journee-de-greve-travailleurs-sociaux-bruxellois-mardi-25-avril-19-cpas-nen-peuvent-plus\/","og_site_name":"Peoplesphere","article_publisher":"https:\/\/www.facebook.com\/peoplesphere","article_published_time":"2023-04-24T16:05:42+00:00","article_modified_time":"2023-04-25T03:09:41+00:00","og_image":[{"url":"http:\/\/www.peoplesphere.be\/fr\/wp-content\/uploads\/2016\/07\/facebook-default-posting-1200x628px.jpg"}],"author":"Jean-Paul Erhard","twitter_card":"summary_large_image","twitter_creator":"@PeoplesphereMag","twitter_site":"@PeoplesphereMag","twitter_misc":{"\u00c9crit par":"Jean-Paul Erhard","Dur\u00e9e de lecture estim\u00e9e":"2 minutes"},"schema":{"@context":"https:\/\/schema.org","@graph":[{"@type":"Article","@id":"https:\/\/peoplesphere.be\/fr\/journee-de-greve-travailleurs-sociaux-bruxellois-mardi-25-avril-19-cpas-nen-peuvent-plus\/#article","isPartOf":{"@id":"https:\/\/peoplesphere.be\/fr\/journee-de-greve-travailleurs-sociaux-bruxellois-mardi-25-avril-19-cpas-nen-peuvent-plus\/"},"author":{"name":"Jean-Paul Erhard","@id":"https:\/\/peoplesphere.be\/fr\/#\/schema\/person\/7976225ff17988604334abb7b3536a7e"},"headline":"Journ\u00e9e de gr\u00e8ve travailleurs sociaux bruxellois ce mardi 25 avril: les 19 CPAS n&rsquo;en peuvent plus.","datePublished":"2023-04-24T16:05:42+00:00","dateModified":"2023-04-25T03:09:41+00:00","mainEntityOfPage":{"@id":"https:\/\/peoplesphere.be\/fr\/journee-de-greve-travailleurs-sociaux-bruxellois-mardi-25-avril-19-cpas-nen-peuvent-plus\/"},"wordCount":439,"publisher":{"@id":"https:\/\/peoplesphere.be\/fr\/#organization"},"keywords":["concertation sociale","manifestation","secteur social"],"articleSection":["Actualit\u00e9s","Digital"],"inLanguage":"fr-FR"},{"@type":"WebPage","@id":"https:\/\/peoplesphere.be\/fr\/journee-de-greve-travailleurs-sociaux-bruxellois-mardi-25-avril-19-cpas-nen-peuvent-plus\/","url":"https:\/\/peoplesphere.be\/fr\/journee-de-greve-travailleurs-sociaux-bruxellois-mardi-25-avril-19-cpas-nen-peuvent-plus\/","name":"Journ\u00e9e de gr\u00e8ve travailleurs sociaux bruxellois ce mardi 25 avril: les 19 CPAS n'en peuvent plus. - Peoplesphere","isPartOf":{"@id":"https:\/\/peoplesphere.be\/fr\/#website"},"datePublished":"2023-04-24T16:05:42+00:00","dateModified":"2023-04-25T03:09:41+00:00","breadcrumb":{"@id":"https:\/\/peoplesphere.be\/fr\/journee-de-greve-travailleurs-sociaux-bruxellois-mardi-25-avril-19-cpas-nen-peuvent-plus\/#breadcrumb"},"inLanguage":"fr-FR","potentialAction":[{"@type":"ReadAction","target":["https:\/\/peoplesphere.be\/fr\/journee-de-greve-travailleurs-sociaux-bruxellois-mardi-25-avril-19-cpas-nen-peuvent-plus\/"]}]},{"@type":"BreadcrumbList","@id":"https:\/\/peoplesphere.be\/fr\/journee-de-greve-travailleurs-sociaux-bruxellois-mardi-25-avril-19-cpas-nen-peuvent-plus\/#breadcrumb","itemListElement":[{"@type":"ListItem","position":1,"name":"Accueil","item":"https:\/\/peoplesphere.be\/fr\/"},{"@type":"ListItem","position":2,"name":"Journ\u00e9e de gr\u00e8ve travailleurs sociaux bruxellois ce mardi 25 avril: les 19 CPAS n&rsquo;en peuvent plus."}]},{"@type":"WebSite","@id":"https:\/\/peoplesphere.be\/fr\/#website","url":"https:\/\/peoplesphere.be\/fr\/","name":"Peoplesphere","description":"The People Managers Magazine","publisher":{"@id":"https:\/\/peoplesphere.be\/fr\/#organization"},"potentialAction":[{"@type":"SearchAction","target":{"@type":"EntryPoint","urlTemplate":"https:\/\/peoplesphere.be\/fr\/?s={search_term_string}"},"query-input":"required name=search_term_string"}],"inLanguage":"fr-FR"},{"@type":"Organization","@id":"https:\/\/peoplesphere.be\/fr\/#organization","name":"Peoplesphere Company srl","url":"https:\/\/peoplesphere.be\/fr\/","logo":{"@type":"ImageObject","inLanguage":"fr-FR","@id":"https:\/\/peoplesphere.be\/fr\/#\/schema\/logo\/image\/","url":"https:\/\/peoplesphere.be\/fr\/wp-content\/uploads\/2023\/07\/peoplesphere-lgo-new-generik.jpg","contentUrl":"https:\/\/peoplesphere.be\/fr\/wp-content\/uploads\/2023\/07\/peoplesphere-lgo-new-generik.jpg","width":1031,"height":1479,"caption":"Peoplesphere Company srl"},"image":{"@id":"https:\/\/peoplesphere.be\/fr\/#\/schema\/logo\/image\/"},"sameAs":["https:\/\/www.facebook.com\/peoplesphere","https:\/\/twitter.com\/PeoplesphereMag","https:\/\/www.linkedin.com\/company\/7587361?trk","http:\/\/youtube.com\/peoplesphere"]},{"@type":"Person","@id":"https:\/\/peoplesphere.be\/fr\/#\/schema\/person\/7976225ff17988604334abb7b3536a7e","name":"Jean-Paul Erhard","image":{"@type":"ImageObject","inLanguage":"fr-FR","@id":"https:\/\/peoplesphere.be\/fr\/#\/schema\/person\/image\/","url":"https:\/\/secure.gravatar.com\/avatar\/f941e681460179738071629a51574930?s=96&d=mm&r=g","contentUrl":"https:\/\/secure.gravatar.com\/avatar\/f941e681460179738071629a51574930?s=96&d=mm&r=g","caption":"Jean-Paul Erhard"},"url":"https:\/\/peoplesphere.be\/fr\/author\/jpe\/"}]}},"_links":{"self":[{"href":"https:\/\/peoplesphere.be\/fr\/wp-json\/wp\/v2\/posts\/14347"}],"collection":[{"href":"https:\/\/peoplesphere.be\/fr\/wp-json\/wp\/v2\/posts"}],"about":[{"href":"https:\/\/peoplesphere.be\/fr\/wp-json\/wp\/v2\/types\/post"}],"author":[{"embeddable":true,"href":"https:\/\/peoplesphere.be\/fr\/wp-json\/wp\/v2\/users\/2"}],"replies":[{"embeddable":true,"href":"https:\/\/peoplesphere.be\/fr\/wp-json\/wp\/v2\/comments?post=14347"}],"version-history":[{"count":1,"href":"https:\/\/peoplesphere.be\/fr\/wp-json\/wp\/v2\/posts\/14347\/revisions"}],"predecessor-version":[{"id":14348,"href":"https:\/\/peoplesphere.be\/fr\/wp-json\/wp\/v2\/posts\/14347\/revisions\/14348"}],"wp:attachment":[{"href":"https:\/\/peoplesphere.be\/fr\/wp-json\/wp\/v2\/media?parent=14347"}],"wp:term":[{"taxonomy":"category","embeddable":true,"href":"https:\/\/peoplesphere.be\/fr\/wp-json\/wp\/v2\/categories?post=14347"},{"taxonomy":"post_tag","embeddable":true,"href":"https:\/\/peoplesphere.be\/fr\/wp-json\/wp\/v2\/tags?post=14347"}],"curies":[{"name":"wp","href":"https:\/\/api.w.org\/{rel}","templated":true}]}}