









{"id":14349,"date":"2023-04-25T07:51:30","date_gmt":"2023-04-25T05:51:30","guid":{"rendered":"https:\/\/peoplesphere.be\/fr\/?p=14349"},"modified":"2023-04-25T07:51:30","modified_gmt":"2023-04-25T05:51:30","slug":"de-plus-plus-de-travailleurs-a-velo-phenomene-principalement-flamand","status":"publish","type":"post","link":"https:\/\/peoplesphere.be\/fr\/de-plus-plus-de-travailleurs-a-velo-phenomene-principalement-flamand\/","title":{"rendered":"De plus en plus de travailleurs \u00e0 v\u00e9lo, un ph\u00e9nom\u00e8ne principalement &lsquo;flamand&rsquo;."},"content":{"rendered":"<p>Au cours des cinq derni\u00e8res ann\u00e9es, 45 % de travailleurs suppl\u00e9mentaires ont re\u00e7u une indemnit\u00e9 v\u00e9lo de la part de leur employeur. Plus d\u2019un cinqui\u00e8me des travailleurs re\u00e7oivent aujourd\u2019hui cette indemnit\u00e9 pour se rendre au travail \u00e0 v\u00e9lo. Le montant moyen tourne autour de 43 euros par mois. C\u2019est surtout en Flandre, avec la province d\u2019Anvers en t\u00eate, que les travailleurs re\u00e7oivent le plus souvent une indemnit\u00e9 v\u00e9lo. <!--more--><\/p>\n<p>\u00c0 partir du 1er mai, tous les travailleurs du secteur priv\u00e9 pourront pr\u00e9tendre \u00e0 une indemnit\u00e9 v\u00e9lo lorsqu\u2019ils se rendront au travail par ce moyen. \u00ab\u00a0<em>La nouvelle CCT incitera les travailleurs \u00e0 opter pour le v\u00e9lo\u00a0\u00bb<\/em>, pr\u00e9voient les experts d\u2019Acerta.<\/p>\n<p>\u00c0 partir du 1er mai, tout travailleur qui se rend au travail \u00e0 v\u00e9lo aura droit \u00e0 une indemnit\u00e9 v\u00e9lo. Cette d\u00e9cision a \u00e9t\u00e9 prise au d\u00e9but de l\u2019ann\u00e9e par le Conseil National du Travail et inscrite dans la CCT 164. Jusqu\u2019\u00e0 pr\u00e9sent, les travailleurs de certains secteurs, le secteur bancaire et le secteur touristique par exemple, n\u2019avaient pas encore droit \u00e0 une indemnit\u00e9 v\u00e9lo.<\/p>\n<p><strong><em>Indemnit\u00e9 pour le trajet \u00e0 v\u00e9lo jusqu\u2019au travail<\/em><\/strong><\/p>\n<p>Il \u00e9tait d\u00e9j\u00e0 clair que les octrois d\u2019indemnit\u00e9 v\u00e9lo avaient augment\u00e9 ces derni\u00e8res ann\u00e9es. C\u2019est ce qu\u2019il ressort des chiffres que l\u2019entreprise de services RH Acerta a analys\u00e9s concernant 260\u2009000 travailleurs en service aupr\u00e8s de plus de 40.000 entreprises. Plus d\u2019un travailleur sur cinq (22,3 %) re\u00e7oit aujourd\u2019hui cette indemnit\u00e9 pour se rendre au travail \u00e0 v\u00e9lo. C\u2019est 13 % de plus que l\u2019ann\u00e9e derni\u00e8re et bien 45 % de plus qu\u2019il y a cinq ans. Un quart des entreprises verse d\u00e9j\u00e0 une indemnit\u00e9 v\u00e9lo actuellement. C\u2019est 27% de plus qu\u2019il y a cinq ans.<\/p>\n<p>Catherine Langenaeken, experte en mobilit\u00e9 chez Acerta Consult, explique : <em>\u00ab\u00a0\u00bbLa nouvelle CCT est une excellente occasion pour les entreprises d\u2019introduire des v\u00e9los de soci\u00e9t\u00e9. Les travailleurs peuvent \u00e9changer leur prime de fin d\u2019ann\u00e9e ou une petite partie de leur salaire contre un v\u00e9lo de soci\u00e9t\u00e9. C\u2019est int\u00e9ressant d\u2019un point de vue financier et, gr\u00e2ce \u00e0 l\u2019indemnit\u00e9 v\u00e9lo, ils r\u00e9cup\u00e8rent progressivement leur investissement\u00a0\u00bb.<\/em><\/p>\n<p><strong><em>Anvers : championne de l\u2019indemnit\u00e9 v\u00e9lo<\/em><\/strong><\/p>\n<p>Les chiffres montrent \u00e9galement que les entreprises de Flandre accordent beaucoup plus souvent l\u2019indemnit\u00e9 v\u00e9lo que celles de Bruxelles et de Wallonie. Les entreprises de la province d\u2019Anvers sont aujourd\u2019hui les championnes de l\u2019octroi de cette indemnit\u00e9. 26 % des employeurs anversois accordent une indemnit\u00e9 v\u00e9lo \u00e0 leurs travailleurs, 32 % des travailleurs en b\u00e9n\u00e9ficient. Selon les anciens chiffres d\u2019Acerta, la province d\u2019Anvers \u00e9tait d\u00e9j\u00e0 celle qui comptait le plus grand nombre de travailleurs qui se rendent au travail \u00e0 v\u00e9lo.<\/p>\n<p>Catherine Langenaeken explique : \u00ab\u00a0<em>La popularit\u00e9 du v\u00e9lo dans les d\u00e9placements domicile-lieu de travail d\u00e9pend de plusieurs facteurs : le trajet est-il plat, existe-t-il une bonne infrastructure cyclable, la distance est-elle r\u00e9alisable, le travailleur doit-il transporter du mat\u00e9riel ou de l\u2019\u00e9quipement, etc. M\u00eame si tous les travailleurs du secteur priv\u00e9 ont droit \u00e0 une indemnit\u00e9 v\u00e9lo, il y aura toujours des entreprises o\u00f9 personne ne se d\u00e9place \u00e0 v\u00e9lo. Nous constatons toutefois que les entreprises souhaitent de plus en plus encourager leurs travailleurs \u00e0 utiliser un moyen de transport durable. Cela am\u00e9liore aussi l\u2019image de l\u2019entreprise. L\u2019extension de l\u2019indemnit\u00e9 v\u00e9lo encouragera un plus grand nombre de travailleurs \u00e0 utiliser le v\u00e9lo (\u00e9galement) pour se rendre au travail. Nous nous attendons donc \u00e0 ce que les chiffres li\u00e9s \u00e0 l\u2019indemnit\u00e9 v\u00e9lo augmentent encore apr\u00e8s le 1er mai.\u00a0\u00bb<\/em><\/p>\n<p><strong><em>Augmentation de l\u2019indemnit\u00e9 v\u00e9lo moyenne<\/em><\/strong><\/p>\n<p>Le montant moyen per\u00e7u par les travailleurs cyclistes a \u00e9galement augment\u00e9 au cours des cinq derni\u00e8res ann\u00e9es, passant de 34,9 euros par mois \u00e0 42,8 euros par mois.Ceux qui p\u00e9dalent pour aller travailler per\u00e7oivent actuellement en moyenne 0,24 euro par kilom\u00e8tre parcouru. Selon la nouvelle CCT et gr\u00e2ce \u00e0 l\u2019indexation, l\u2019indemnit\u00e9 s\u2019\u00e9l\u00e8ve d\u00e9sormais \u00e0 0,27 euro par kilom\u00e8tre.<\/p>\n<p>Catherine Langenaeken d\u2019Acerta Consult explique : <em>\u00ab\u00a0L\u2019indemnit\u00e9 v\u00e9lo obligatoire incluse dans la nouvelle CCT 164 s\u2019applique aux kilom\u00e8tres effectivement parcourus \u00e0 v\u00e9lo pour se rendre au travail, avec un maximum de 20 km aller simple par jour. Les v\u00e9los \u00e9lectriques et les speed p\u00e9d\u00e9lecs sont \u00e9galement \u00e9ligibles, mais pas les trottinettes, les hoverboards et les monoroues. Une d\u00e9claration sur l\u2019honneur du travailleur \u00e0 ce sujet suffit.\u00a0\u00bb<\/em><\/p>\n<p>&nbsp;<\/p>\n<p><em>Source: les donn\u00e9es recueillies se basent sur les donn\u00e9es r\u00e9elles d\u2019un ensemble de 260.000 travailleurs occup\u00e9s aupr\u00e8s de plus de 40.000 employeurs du secteur priv\u00e9 auquel appartiennent aussi bien des PME que des grandes entreprises.<\/em><\/p>\n","protected":false},"excerpt":{"rendered":"<p>Au cours des cinq derni\u00e8res ann\u00e9es, 45 % de travailleurs suppl\u00e9mentaires ont re\u00e7u une indemnit\u00e9 v\u00e9lo de la part de leur employeur. Plus d\u2019un cinqui\u00e8me des travailleurs re\u00e7oivent aujourd\u2019hui cette indemnit\u00e9 pour se rendre au travail \u00e0 v\u00e9lo. Le montant [&hellip;]<\/p>\n","protected":false},"author":2,"featured_media":14350,"comment_status":"closed","ping_status":"open","sticky":false,"template":"","format":"standard","meta":[],"categories":[65,10],"tags":[2424,1686,136,358],"yoast_head":"<!-- This site is optimized with the Yoast SEO plugin v21.0 - https:\/\/yoast.com\/wordpress\/plugins\/seo\/ -->\n<title>De plus en plus de travailleurs \u00e0 v\u00e9lo, un ph\u00e9nom\u00e8ne principalement &#039;flamand&#039;. - Peoplesphere<\/title>\n<meta name=\"robots\" content=\"index, follow, max-snippet:-1, max-image-preview:large, max-video-preview:-1\" \/>\n<link rel=\"canonical\" href=\"https:\/\/peoplesphere.be\/fr\/de-plus-plus-de-travailleurs-a-velo-phenomene-principalement-flamand\/\" \/>\n<meta property=\"og:locale\" content=\"fr_FR\" \/>\n<meta property=\"og:type\" content=\"article\" \/>\n<meta property=\"og:title\" content=\"De plus en plus de travailleurs \u00e0 v\u00e9lo, un ph\u00e9nom\u00e8ne principalement &#039;flamand&#039;. - Peoplesphere\" \/>\n<meta property=\"og:description\" content=\"Au cours des cinq derni\u00e8res ann\u00e9es, 45 % de travailleurs suppl\u00e9mentaires ont re\u00e7u une indemnit\u00e9 v\u00e9lo de la part de leur employeur. Plus d\u2019un cinqui\u00e8me des travailleurs re\u00e7oivent aujourd\u2019hui cette indemnit\u00e9 pour se rendre au travail \u00e0 v\u00e9lo. Le montant [&hellip;]\" \/>\n<meta property=\"og:url\" content=\"https:\/\/peoplesphere.be\/fr\/de-plus-plus-de-travailleurs-a-velo-phenomene-principalement-flamand\/\" \/>\n<meta property=\"og:site_name\" content=\"Peoplesphere\" \/>\n<meta property=\"article:publisher\" content=\"https:\/\/www.facebook.com\/peoplesphere\" \/>\n<meta property=\"article:published_time\" content=\"2023-04-25T05:51:30+00:00\" \/>\n<meta property=\"og:image\" content=\"https:\/\/peoplesphere.be\/fr\/wp-content\/uploads\/2023\/04\/20230425bikingtowork.jpg\" \/>\n\t<meta property=\"og:image:width\" content=\"1184\" \/>\n\t<meta property=\"og:image:height\" content=\"628\" \/>\n\t<meta property=\"og:image:type\" content=\"image\/jpeg\" \/>\n<meta name=\"author\" content=\"Jean-Paul Erhard\" \/>\n<meta name=\"twitter:card\" content=\"summary_large_image\" \/>\n<meta name=\"twitter:creator\" content=\"@PeoplesphereMag\" \/>\n<meta name=\"twitter:site\" content=\"@PeoplesphereMag\" \/>\n<meta name=\"twitter:label1\" content=\"\u00c9crit par\" \/>\n\t<meta name=\"twitter:data1\" content=\"Jean-Paul Erhard\" \/>\n\t<meta name=\"twitter:label2\" content=\"Dur\u00e9e de lecture estim\u00e9e\" \/>\n\t<meta name=\"twitter:data2\" content=\"4 minutes\" \/>\n<script type=\"application\/ld+json\" class=\"yoast-schema-graph\">{\"@context\":\"https:\/\/schema.org\",\"@graph\":[{\"@type\":\"Article\",\"@id\":\"https:\/\/peoplesphere.be\/fr\/de-plus-plus-de-travailleurs-a-velo-phenomene-principalement-flamand\/#article\",\"isPartOf\":{\"@id\":\"https:\/\/peoplesphere.be\/fr\/de-plus-plus-de-travailleurs-a-velo-phenomene-principalement-flamand\/\"},\"author\":{\"name\":\"Jean-Paul Erhard\",\"@id\":\"https:\/\/peoplesphere.be\/fr\/#\/schema\/person\/7976225ff17988604334abb7b3536a7e\"},\"headline\":\"De plus en plus de travailleurs \u00e0 v\u00e9lo, un ph\u00e9nom\u00e8ne principalement &lsquo;flamand&rsquo;.\",\"datePublished\":\"2023-04-25T05:51:30+00:00\",\"dateModified\":\"2023-04-25T05:51:30+00:00\",\"mainEntityOfPage\":{\"@id\":\"https:\/\/peoplesphere.be\/fr\/de-plus-plus-de-travailleurs-a-velo-phenomene-principalement-flamand\/\"},\"wordCount\":825,\"publisher\":{\"@id\":\"https:\/\/peoplesphere.be\/fr\/#organization\"},\"keywords\":[\"d\u00e9placement domicile-lieu de travail\",\"indemnit\u00e9 v\u00e9lo\",\"mobilit\u00e9\",\"r\u00e9mun\u00e9rations alternatives\"],\"articleSection\":[\"Actualit\u00e9s\",\"Digital\"],\"inLanguage\":\"fr-FR\"},{\"@type\":\"WebPage\",\"@id\":\"https:\/\/peoplesphere.be\/fr\/de-plus-plus-de-travailleurs-a-velo-phenomene-principalement-flamand\/\",\"url\":\"https:\/\/peoplesphere.be\/fr\/de-plus-plus-de-travailleurs-a-velo-phenomene-principalement-flamand\/\",\"name\":\"De plus en plus de travailleurs \u00e0 v\u00e9lo, un ph\u00e9nom\u00e8ne principalement 'flamand'. - Peoplesphere\",\"isPartOf\":{\"@id\":\"https:\/\/peoplesphere.be\/fr\/#website\"},\"datePublished\":\"2023-04-25T05:51:30+00:00\",\"dateModified\":\"2023-04-25T05:51:30+00:00\",\"breadcrumb\":{\"@id\":\"https:\/\/peoplesphere.be\/fr\/de-plus-plus-de-travailleurs-a-velo-phenomene-principalement-flamand\/#breadcrumb\"},\"inLanguage\":\"fr-FR\",\"potentialAction\":[{\"@type\":\"ReadAction\",\"target\":[\"https:\/\/peoplesphere.be\/fr\/de-plus-plus-de-travailleurs-a-velo-phenomene-principalement-flamand\/\"]}]},{\"@type\":\"BreadcrumbList\",\"@id\":\"https:\/\/peoplesphere.be\/fr\/de-plus-plus-de-travailleurs-a-velo-phenomene-principalement-flamand\/#breadcrumb\",\"itemListElement\":[{\"@type\":\"ListItem\",\"position\":1,\"name\":\"Accueil\",\"item\":\"https:\/\/peoplesphere.be\/fr\/\"},{\"@type\":\"ListItem\",\"position\":2,\"name\":\"De plus en plus de travailleurs \u00e0 v\u00e9lo, un ph\u00e9nom\u00e8ne principalement &lsquo;flamand&rsquo;.\"}]},{\"@type\":\"WebSite\",\"@id\":\"https:\/\/peoplesphere.be\/fr\/#website\",\"url\":\"https:\/\/peoplesphere.be\/fr\/\",\"name\":\"Peoplesphere\",\"description\":\"The People Managers Magazine\",\"publisher\":{\"@id\":\"https:\/\/peoplesphere.be\/fr\/#organization\"},\"potentialAction\":[{\"@type\":\"SearchAction\",\"target\":{\"@type\":\"EntryPoint\",\"urlTemplate\":\"https:\/\/peoplesphere.be\/fr\/?s={search_term_string}\"},\"query-input\":\"required name=search_term_string\"}],\"inLanguage\":\"fr-FR\"},{\"@type\":\"Organization\",\"@id\":\"https:\/\/peoplesphere.be\/fr\/#organization\",\"name\":\"Peoplesphere Company srl\",\"url\":\"https:\/\/peoplesphere.be\/fr\/\",\"logo\":{\"@type\":\"ImageObject\",\"inLanguage\":\"fr-FR\",\"@id\":\"https:\/\/peoplesphere.be\/fr\/#\/schema\/logo\/image\/\",\"url\":\"https:\/\/peoplesphere.be\/fr\/wp-content\/uploads\/2023\/07\/peoplesphere-lgo-new-generik.jpg\",\"contentUrl\":\"https:\/\/peoplesphere.be\/fr\/wp-content\/uploads\/2023\/07\/peoplesphere-lgo-new-generik.jpg\",\"width\":1031,\"height\":1479,\"caption\":\"Peoplesphere Company srl\"},\"image\":{\"@id\":\"https:\/\/peoplesphere.be\/fr\/#\/schema\/logo\/image\/\"},\"sameAs\":[\"https:\/\/www.facebook.com\/peoplesphere\",\"https:\/\/twitter.com\/PeoplesphereMag\",\"https:\/\/www.linkedin.com\/company\/7587361?trk\",\"http:\/\/youtube.com\/peoplesphere\"]},{\"@type\":\"Person\",\"@id\":\"https:\/\/peoplesphere.be\/fr\/#\/schema\/person\/7976225ff17988604334abb7b3536a7e\",\"name\":\"Jean-Paul Erhard\",\"image\":{\"@type\":\"ImageObject\",\"inLanguage\":\"fr-FR\",\"@id\":\"https:\/\/peoplesphere.be\/fr\/#\/schema\/person\/image\/\",\"url\":\"https:\/\/secure.gravatar.com\/avatar\/f941e681460179738071629a51574930?s=96&d=mm&r=g\",\"contentUrl\":\"https:\/\/secure.gravatar.com\/avatar\/f941e681460179738071629a51574930?s=96&d=mm&r=g\",\"caption\":\"Jean-Paul Erhard\"},\"url\":\"https:\/\/peoplesphere.be\/fr\/author\/jpe\/\"}]}<\/script>\n<!-- \/ Yoast SEO plugin. -->","yoast_head_json":{"title":"De plus en plus de travailleurs \u00e0 v\u00e9lo, un ph\u00e9nom\u00e8ne principalement 'flamand'. - Peoplesphere","robots":{"index":"index","follow":"follow","max-snippet":"max-snippet:-1","max-image-preview":"max-image-preview:large","max-video-preview":"max-video-preview:-1"},"canonical":"https:\/\/peoplesphere.be\/fr\/de-plus-plus-de-travailleurs-a-velo-phenomene-principalement-flamand\/","og_locale":"fr_FR","og_type":"article","og_title":"De plus en plus de travailleurs \u00e0 v\u00e9lo, un ph\u00e9nom\u00e8ne principalement 'flamand'. - Peoplesphere","og_description":"Au cours des cinq derni\u00e8res ann\u00e9es, 45 % de travailleurs suppl\u00e9mentaires ont re\u00e7u une indemnit\u00e9 v\u00e9lo de la part de leur employeur. Plus d\u2019un cinqui\u00e8me des travailleurs re\u00e7oivent aujourd\u2019hui cette indemnit\u00e9 pour se rendre au travail \u00e0 v\u00e9lo. Le montant [&hellip;]","og_url":"https:\/\/peoplesphere.be\/fr\/de-plus-plus-de-travailleurs-a-velo-phenomene-principalement-flamand\/","og_site_name":"Peoplesphere","article_publisher":"https:\/\/www.facebook.com\/peoplesphere","article_published_time":"2023-04-25T05:51:30+00:00","og_image":[{"width":1184,"height":628,"url":"https:\/\/peoplesphere.be\/fr\/wp-content\/uploads\/2023\/04\/20230425bikingtowork.jpg","type":"image\/jpeg"}],"author":"Jean-Paul Erhard","twitter_card":"summary_large_image","twitter_creator":"@PeoplesphereMag","twitter_site":"@PeoplesphereMag","twitter_misc":{"\u00c9crit par":"Jean-Paul Erhard","Dur\u00e9e de lecture estim\u00e9e":"4 minutes"},"schema":{"@context":"https:\/\/schema.org","@graph":[{"@type":"Article","@id":"https:\/\/peoplesphere.be\/fr\/de-plus-plus-de-travailleurs-a-velo-phenomene-principalement-flamand\/#article","isPartOf":{"@id":"https:\/\/peoplesphere.be\/fr\/de-plus-plus-de-travailleurs-a-velo-phenomene-principalement-flamand\/"},"author":{"name":"Jean-Paul Erhard","@id":"https:\/\/peoplesphere.be\/fr\/#\/schema\/person\/7976225ff17988604334abb7b3536a7e"},"headline":"De plus en plus de travailleurs \u00e0 v\u00e9lo, un ph\u00e9nom\u00e8ne principalement &lsquo;flamand&rsquo;.","datePublished":"2023-04-25T05:51:30+00:00","dateModified":"2023-04-25T05:51:30+00:00","mainEntityOfPage":{"@id":"https:\/\/peoplesphere.be\/fr\/de-plus-plus-de-travailleurs-a-velo-phenomene-principalement-flamand\/"},"wordCount":825,"publisher":{"@id":"https:\/\/peoplesphere.be\/fr\/#organization"},"keywords":["d\u00e9placement domicile-lieu de travail","indemnit\u00e9 v\u00e9lo","mobilit\u00e9","r\u00e9mun\u00e9rations alternatives"],"articleSection":["Actualit\u00e9s","Digital"],"inLanguage":"fr-FR"},{"@type":"WebPage","@id":"https:\/\/peoplesphere.be\/fr\/de-plus-plus-de-travailleurs-a-velo-phenomene-principalement-flamand\/","url":"https:\/\/peoplesphere.be\/fr\/de-plus-plus-de-travailleurs-a-velo-phenomene-principalement-flamand\/","name":"De plus en plus de travailleurs \u00e0 v\u00e9lo, un ph\u00e9nom\u00e8ne principalement 'flamand'. - Peoplesphere","isPartOf":{"@id":"https:\/\/peoplesphere.be\/fr\/#website"},"datePublished":"2023-04-25T05:51:30+00:00","dateModified":"2023-04-25T05:51:30+00:00","breadcrumb":{"@id":"https:\/\/peoplesphere.be\/fr\/de-plus-plus-de-travailleurs-a-velo-phenomene-principalement-flamand\/#breadcrumb"},"inLanguage":"fr-FR","potentialAction":[{"@type":"ReadAction","target":["https:\/\/peoplesphere.be\/fr\/de-plus-plus-de-travailleurs-a-velo-phenomene-principalement-flamand\/"]}]},{"@type":"BreadcrumbList","@id":"https:\/\/peoplesphere.be\/fr\/de-plus-plus-de-travailleurs-a-velo-phenomene-principalement-flamand\/#breadcrumb","itemListElement":[{"@type":"ListItem","position":1,"name":"Accueil","item":"https:\/\/peoplesphere.be\/fr\/"},{"@type":"ListItem","position":2,"name":"De plus en plus de travailleurs \u00e0 v\u00e9lo, un ph\u00e9nom\u00e8ne principalement &lsquo;flamand&rsquo;."}]},{"@type":"WebSite","@id":"https:\/\/peoplesphere.be\/fr\/#website","url":"https:\/\/peoplesphere.be\/fr\/","name":"Peoplesphere","description":"The People Managers Magazine","publisher":{"@id":"https:\/\/peoplesphere.be\/fr\/#organization"},"potentialAction":[{"@type":"SearchAction","target":{"@type":"EntryPoint","urlTemplate":"https:\/\/peoplesphere.be\/fr\/?s={search_term_string}"},"query-input":"required name=search_term_string"}],"inLanguage":"fr-FR"},{"@type":"Organization","@id":"https:\/\/peoplesphere.be\/fr\/#organization","name":"Peoplesphere Company srl","url":"https:\/\/peoplesphere.be\/fr\/","logo":{"@type":"ImageObject","inLanguage":"fr-FR","@id":"https:\/\/peoplesphere.be\/fr\/#\/schema\/logo\/image\/","url":"https:\/\/peoplesphere.be\/fr\/wp-content\/uploads\/2023\/07\/peoplesphere-lgo-new-generik.jpg","contentUrl":"https:\/\/peoplesphere.be\/fr\/wp-content\/uploads\/2023\/07\/peoplesphere-lgo-new-generik.jpg","width":1031,"height":1479,"caption":"Peoplesphere Company srl"},"image":{"@id":"https:\/\/peoplesphere.be\/fr\/#\/schema\/logo\/image\/"},"sameAs":["https:\/\/www.facebook.com\/peoplesphere","https:\/\/twitter.com\/PeoplesphereMag","https:\/\/www.linkedin.com\/company\/7587361?trk","http:\/\/youtube.com\/peoplesphere"]},{"@type":"Person","@id":"https:\/\/peoplesphere.be\/fr\/#\/schema\/person\/7976225ff17988604334abb7b3536a7e","name":"Jean-Paul Erhard","image":{"@type":"ImageObject","inLanguage":"fr-FR","@id":"https:\/\/peoplesphere.be\/fr\/#\/schema\/person\/image\/","url":"https:\/\/secure.gravatar.com\/avatar\/f941e681460179738071629a51574930?s=96&d=mm&r=g","contentUrl":"https:\/\/secure.gravatar.com\/avatar\/f941e681460179738071629a51574930?s=96&d=mm&r=g","caption":"Jean-Paul Erhard"},"url":"https:\/\/peoplesphere.be\/fr\/author\/jpe\/"}]}},"_links":{"self":[{"href":"https:\/\/peoplesphere.be\/fr\/wp-json\/wp\/v2\/posts\/14349"}],"collection":[{"href":"https:\/\/peoplesphere.be\/fr\/wp-json\/wp\/v2\/posts"}],"about":[{"href":"https:\/\/peoplesphere.be\/fr\/wp-json\/wp\/v2\/types\/post"}],"author":[{"embeddable":true,"href":"https:\/\/peoplesphere.be\/fr\/wp-json\/wp\/v2\/users\/2"}],"replies":[{"embeddable":true,"href":"https:\/\/peoplesphere.be\/fr\/wp-json\/wp\/v2\/comments?post=14349"}],"version-history":[{"count":1,"href":"https:\/\/peoplesphere.be\/fr\/wp-json\/wp\/v2\/posts\/14349\/revisions"}],"predecessor-version":[{"id":14351,"href":"https:\/\/peoplesphere.be\/fr\/wp-json\/wp\/v2\/posts\/14349\/revisions\/14351"}],"wp:featuredmedia":[{"embeddable":true,"href":"https:\/\/peoplesphere.be\/fr\/wp-json\/wp\/v2\/media\/14350"}],"wp:attachment":[{"href":"https:\/\/peoplesphere.be\/fr\/wp-json\/wp\/v2\/media?parent=14349"}],"wp:term":[{"taxonomy":"category","embeddable":true,"href":"https:\/\/peoplesphere.be\/fr\/wp-json\/wp\/v2\/categories?post=14349"},{"taxonomy":"post_tag","embeddable":true,"href":"https:\/\/peoplesphere.be\/fr\/wp-json\/wp\/v2\/tags?post=14349"}],"curies":[{"name":"wp","href":"https:\/\/api.w.org\/{rel}","templated":true}]}}