









{"id":14364,"date":"2023-04-26T13:20:22","date_gmt":"2023-04-26T11:20:22","guid":{"rendered":"https:\/\/peoplesphere.be\/fr\/?p=14364"},"modified":"2023-04-27T03:23:34","modified_gmt":"2023-04-27T01:23:34","slug":"hausse-taux-demploi-belgique-lactivite-55-64-ans-marche-travail-na-jamais-ete-elevee","status":"publish","type":"post","link":"https:\/\/peoplesphere.be\/fr\/hausse-taux-demploi-belgique-lactivite-55-64-ans-marche-travail-na-jamais-ete-elevee\/","title":{"rendered":"Hausse du taux d\u2019emploi en Belgique: l&rsquo;activit\u00e9 des 55-64 ans sur le march\u00e9 du travail n&rsquo;a jamais \u00e9t\u00e9 aussi \u00e9lev\u00e9e."},"content":{"rendered":"<p>En pr\u00e9vision du 1er mai, f\u00eate du Travail, Statbel, l\u2019office belge de statistique, pr\u00e9sente un aper\u00e7u de quelques indicateurs du march\u00e9 du travail des ann\u00e9es 2000 \u00e0 2022. En 22 ans, la Belgique a connu une hausse de son taux d\u2019emploi des 20-64 ans (+ 9,3%) et une baisse du taux de ch\u00f4mage des 15-64 ans (-20,3%). L\u2019\u00e9cart entre les taux d\u2019emploi des hommes et des femmes s\u2019est r\u00e9duit de 11,9 points de pourcentage depuis 2000. Une autre constatation frappante: les personnes \u00e2g\u00e9es de 55 \u00e0 64 ans ont un taux d\u2019emploi bien plus \u00e9lev\u00e9 en 2022 avec 56,6% contre seulement 26,3% en 2000.<!--more--><\/p>\n<p>En 22 ans, le taux d\u2019emploi des 20-64 ans par r\u00e9gion a continuellement augment\u00e9. Pour la Belgique, le taux d\u2019emploi \u00e9tait de 65,8% en 2000 et 71,9% en 2022 soit une augmentation de 6,1 points de pourcentage. Notre pays n\u2019a jamais connu un taux aussi \u00e9lev\u00e9. Chaque r\u00e9gion a connu une augmentation au cours de ces 22 ans, que ce soit en R\u00e9gion de Bruxelles-Capitale (+5,5 points), en Flandre (+7,3 points) et en Wallonie (+4,6 points).<\/p>\n<p>Au niveau provincial et \u00e0 Bruxelles, le taux d\u2019emploi des 20-64 ans a constamment augment\u00e9. La Flandre orientale poss\u00e8de le taux le plus \u00e9lev\u00e9 en 2022 avec 80%. Le Hainaut, avec 61,4%, est la province avec le taux d\u2019emploi le plus faible. En 2000, c\u2019\u00e9tait le Brabant flamand qui avait le taux le plus \u00e9lev\u00e9 avec 72,8% et le Hainaut, avec 58,7%, avait le taux le plus faible.<\/p>\n<p><strong><em>Moins d&rsquo;\u00e9cart entre le taux d&#8217;emploi des hommes et celui des femmes<\/em><\/strong><\/p>\n<p>Entre 2000 et 2022, le taux d\u2019emploi entre hommes et femmes est devenu plus \u00e9galitaire. 75,7% des hommes avaient un emploi en 2022 contre 75,5% en 2000. Pour les femmes, cela repr\u00e9sentait un taux de 68,1% en 2022 et 56% en 2000. L\u2019\u00e9cart de taux d\u2019emploi entre hommes et femmes est pass\u00e9 de 19,5 points en 2000 \u00e0 7,6 points en 2022.<\/p>\n<p>L\u2019\u00e9cart entre le taux d\u2019emploi des hommes et des femmes (20-64 ans) par r\u00e9gion a \u00e9t\u00e9 en constante diminution durant 22 ans. Cela repr\u00e9sente une baisse de 11,9 points de pourcentage. L&rsquo;\u00e9cart entre hommes et femmes diminue dans toutes les r\u00e9gions, bien qu&rsquo;\u00e0 des degr\u00e9s divers. Bruxelles a connu une baisse de l\u2019\u00e9cart de 3,1 points pendant qu\u2019il baissait de respectivement 12,8 points en Flandre et 12,9 en Wallonie.<\/p>\n<p>Au niveau provincial et \u00e0 Bruxelles, l\u2019\u00e9cart de taux d\u2019emploi (20-64 ans) entre hommes et femmes a continuellement diminu\u00e9 durant 22 ans. Namur poss\u00e8de l\u2019\u00e9cart de taux le plus bas en 2022 avec 3,8 points de pourcentage. Bruxelles, avec 10,1 points, a l\u2019\u00e9cart de taux d\u2019emploi le plus \u00e9lev\u00e9. En 2000, c\u2019\u00e9tait Bruxelles qui avait l\u2019\u00e9cart de taux le plus bas avec 13,2 points et Anvers, avec 23,5 points, avait l\u2019\u00e9cart de taux le plus \u00e9lev\u00e9.<\/p>\n<p><strong><em>Forte augmentation du taux d\u2019emploi des 55 \u2013 64 ans.<\/em><\/strong><\/p>\n<p>Concernant les personnes \u00e2g\u00e9es de 55 \u00e0 64 ans, on remarque une augmentation forte du taux d\u2019emploi. Pour la Belgique, ce taux \u00e9tait de 26,3% en 2000, il est de 56,6% en 2022. C\u2019est une hausse de 30,3 points de pourcentage sur 22 ans. Chaque r\u00e9gion a connu une hausse entre 2000 et 2022, que ce soit en R\u00e9gion de Bruxelles-Capitale (+19,5 points), en Flandre (+33,9 points) et en Wallonie (+26,3 points).<\/p>\n<p><strong><em>Baisse du taux de ch\u00f4mage entre 2000 et 2022<\/em><\/strong><\/p>\n<p>Durant 22 ans, le taux d\u2019emploi n\u2019a fait qu\u2019augmenter, l\u2019\u00e9cart entre les hommes et femmes \u00e0 diminu\u00e9 et, fortement influenc\u00e9 par la conjoncture, le taux de ch\u00f4mage des 15-64 ans selon la d\u00e9finition du BIT est plus bas qu\u2019en 2000. Pour la Belgique, ce taux \u00e9tait de 7% en 2000, il est de 5,6% en 2022. Cela repr\u00e9sente une baisse de 1,4 points de pourcentage. Chaque r\u00e9gion a connu une baisse au cours de ces 22 ans, que ce soit en R\u00e9gion de Bruxelles-Capitale (-2,5 points), en Flandre (-1,1 points) et en Wallonie (-1,9 points).<\/p>\n<p>Au niveau provincial et \u00e0 Bruxelles, le taux de ch\u00f4mage (15-64 ans) a globalement diminu\u00e9 entre 2000 et 2022. La Flandre orientale poss\u00e8de le taux le plus bas en 2022 avec 2%. Tandis que Bruxelles, avec 11,5%, a le taux de ch\u00f4mage le plus \u00e9lev\u00e9. En 2000, c\u2019\u00e9tait Bruxelles qui avait d\u00e9j\u00e0 le taux le plus \u00e9lev\u00e9 avec 14% et le Brabant flamand, avec 3,6%, avait le taux le plus bas.<\/p>\n<p>&nbsp;<\/p>\n<p><em>Source: Statbel<\/em><\/p>\n","protected":false},"excerpt":{"rendered":"<p>En pr\u00e9vision du 1er mai, f\u00eate du Travail, Statbel, l\u2019office belge de statistique, pr\u00e9sente un aper\u00e7u de quelques indicateurs du march\u00e9 du travail des ann\u00e9es 2000 \u00e0 2022. En 22 ans, la Belgique a connu une hausse de son taux [&hellip;]<\/p>\n","protected":false},"author":2,"featured_media":0,"comment_status":"closed","ping_status":"open","sticky":false,"template":"","format":"standard","meta":[],"categories":[65,10],"tags":[44,394,703],"yoast_head":"<!-- This site is optimized with the Yoast SEO plugin v21.0 - https:\/\/yoast.com\/wordpress\/plugins\/seo\/ -->\n<title>Hausse du taux d\u2019emploi en Belgique: l&#039;activit\u00e9 des 55-64 ans sur le march\u00e9 du travail n&#039;a jamais \u00e9t\u00e9 aussi \u00e9lev\u00e9e. - Peoplesphere<\/title>\n<meta name=\"robots\" content=\"index, follow, max-snippet:-1, max-image-preview:large, max-video-preview:-1\" \/>\n<link rel=\"canonical\" href=\"https:\/\/peoplesphere.be\/fr\/hausse-taux-demploi-belgique-lactivite-55-64-ans-marche-travail-na-jamais-ete-elevee\/\" \/>\n<meta property=\"og:locale\" content=\"fr_FR\" \/>\n<meta property=\"og:type\" content=\"article\" \/>\n<meta property=\"og:title\" content=\"Hausse du taux d\u2019emploi en Belgique: l&#039;activit\u00e9 des 55-64 ans sur le march\u00e9 du travail n&#039;a jamais \u00e9t\u00e9 aussi \u00e9lev\u00e9e. - Peoplesphere\" \/>\n<meta property=\"og:description\" content=\"En pr\u00e9vision du 1er mai, f\u00eate du Travail, Statbel, l\u2019office belge de statistique, pr\u00e9sente un aper\u00e7u de quelques indicateurs du march\u00e9 du travail des ann\u00e9es 2000 \u00e0 2022. En 22 ans, la Belgique a connu une hausse de son taux [&hellip;]\" \/>\n<meta property=\"og:url\" content=\"https:\/\/peoplesphere.be\/fr\/hausse-taux-demploi-belgique-lactivite-55-64-ans-marche-travail-na-jamais-ete-elevee\/\" \/>\n<meta property=\"og:site_name\" content=\"Peoplesphere\" \/>\n<meta property=\"article:publisher\" content=\"https:\/\/www.facebook.com\/peoplesphere\" \/>\n<meta property=\"article:published_time\" content=\"2023-04-26T11:20:22+00:00\" \/>\n<meta property=\"article:modified_time\" content=\"2023-04-27T01:23:34+00:00\" \/>\n<meta property=\"og:image\" content=\"http:\/\/www.peoplesphere.be\/fr\/wp-content\/uploads\/2016\/07\/facebook-default-posting-1200x628px.jpg\" \/>\n<meta name=\"author\" content=\"Jean-Paul Erhard\" \/>\n<meta name=\"twitter:card\" content=\"summary_large_image\" \/>\n<meta name=\"twitter:creator\" content=\"@PeoplesphereMag\" \/>\n<meta name=\"twitter:site\" content=\"@PeoplesphereMag\" \/>\n<meta name=\"twitter:label1\" content=\"\u00c9crit par\" \/>\n\t<meta name=\"twitter:data1\" content=\"Jean-Paul Erhard\" \/>\n\t<meta name=\"twitter:label2\" content=\"Dur\u00e9e de lecture estim\u00e9e\" \/>\n\t<meta name=\"twitter:data2\" content=\"3 minutes\" \/>\n<script type=\"application\/ld+json\" class=\"yoast-schema-graph\">{\"@context\":\"https:\/\/schema.org\",\"@graph\":[{\"@type\":\"Article\",\"@id\":\"https:\/\/peoplesphere.be\/fr\/hausse-taux-demploi-belgique-lactivite-55-64-ans-marche-travail-na-jamais-ete-elevee\/#article\",\"isPartOf\":{\"@id\":\"https:\/\/peoplesphere.be\/fr\/hausse-taux-demploi-belgique-lactivite-55-64-ans-marche-travail-na-jamais-ete-elevee\/\"},\"author\":{\"name\":\"Jean-Paul Erhard\",\"@id\":\"https:\/\/peoplesphere.be\/fr\/#\/schema\/person\/7976225ff17988604334abb7b3536a7e\"},\"headline\":\"Hausse du taux d\u2019emploi en Belgique: l&rsquo;activit\u00e9 des 55-64 ans sur le march\u00e9 du travail n&rsquo;a jamais \u00e9t\u00e9 aussi \u00e9lev\u00e9e.\",\"datePublished\":\"2023-04-26T11:20:22+00:00\",\"dateModified\":\"2023-04-27T01:23:34+00:00\",\"mainEntityOfPage\":{\"@id\":\"https:\/\/peoplesphere.be\/fr\/hausse-taux-demploi-belgique-lactivite-55-64-ans-marche-travail-na-jamais-ete-elevee\/\"},\"wordCount\":721,\"publisher\":{\"@id\":\"https:\/\/peoplesphere.be\/fr\/#organization\"},\"keywords\":[\"Statistiques\",\"taux d'emploi\",\"taux de ch\u00f4mage\"],\"articleSection\":[\"Actualit\u00e9s\",\"Digital\"],\"inLanguage\":\"fr-FR\"},{\"@type\":\"WebPage\",\"@id\":\"https:\/\/peoplesphere.be\/fr\/hausse-taux-demploi-belgique-lactivite-55-64-ans-marche-travail-na-jamais-ete-elevee\/\",\"url\":\"https:\/\/peoplesphere.be\/fr\/hausse-taux-demploi-belgique-lactivite-55-64-ans-marche-travail-na-jamais-ete-elevee\/\",\"name\":\"Hausse du taux d\u2019emploi en Belgique: l'activit\u00e9 des 55-64 ans sur le march\u00e9 du travail n'a jamais \u00e9t\u00e9 aussi \u00e9lev\u00e9e. - Peoplesphere\",\"isPartOf\":{\"@id\":\"https:\/\/peoplesphere.be\/fr\/#website\"},\"datePublished\":\"2023-04-26T11:20:22+00:00\",\"dateModified\":\"2023-04-27T01:23:34+00:00\",\"breadcrumb\":{\"@id\":\"https:\/\/peoplesphere.be\/fr\/hausse-taux-demploi-belgique-lactivite-55-64-ans-marche-travail-na-jamais-ete-elevee\/#breadcrumb\"},\"inLanguage\":\"fr-FR\",\"potentialAction\":[{\"@type\":\"ReadAction\",\"target\":[\"https:\/\/peoplesphere.be\/fr\/hausse-taux-demploi-belgique-lactivite-55-64-ans-marche-travail-na-jamais-ete-elevee\/\"]}]},{\"@type\":\"BreadcrumbList\",\"@id\":\"https:\/\/peoplesphere.be\/fr\/hausse-taux-demploi-belgique-lactivite-55-64-ans-marche-travail-na-jamais-ete-elevee\/#breadcrumb\",\"itemListElement\":[{\"@type\":\"ListItem\",\"position\":1,\"name\":\"Accueil\",\"item\":\"https:\/\/peoplesphere.be\/fr\/\"},{\"@type\":\"ListItem\",\"position\":2,\"name\":\"Hausse du taux d\u2019emploi en Belgique: l&rsquo;activit\u00e9 des 55-64 ans sur le march\u00e9 du travail n&rsquo;a jamais \u00e9t\u00e9 aussi \u00e9lev\u00e9e.\"}]},{\"@type\":\"WebSite\",\"@id\":\"https:\/\/peoplesphere.be\/fr\/#website\",\"url\":\"https:\/\/peoplesphere.be\/fr\/\",\"name\":\"Peoplesphere\",\"description\":\"The People Managers Magazine\",\"publisher\":{\"@id\":\"https:\/\/peoplesphere.be\/fr\/#organization\"},\"potentialAction\":[{\"@type\":\"SearchAction\",\"target\":{\"@type\":\"EntryPoint\",\"urlTemplate\":\"https:\/\/peoplesphere.be\/fr\/?s={search_term_string}\"},\"query-input\":\"required name=search_term_string\"}],\"inLanguage\":\"fr-FR\"},{\"@type\":\"Organization\",\"@id\":\"https:\/\/peoplesphere.be\/fr\/#organization\",\"name\":\"Peoplesphere Company srl\",\"url\":\"https:\/\/peoplesphere.be\/fr\/\",\"logo\":{\"@type\":\"ImageObject\",\"inLanguage\":\"fr-FR\",\"@id\":\"https:\/\/peoplesphere.be\/fr\/#\/schema\/logo\/image\/\",\"url\":\"https:\/\/peoplesphere.be\/fr\/wp-content\/uploads\/2023\/07\/peoplesphere-lgo-new-generik.jpg\",\"contentUrl\":\"https:\/\/peoplesphere.be\/fr\/wp-content\/uploads\/2023\/07\/peoplesphere-lgo-new-generik.jpg\",\"width\":1031,\"height\":1479,\"caption\":\"Peoplesphere Company srl\"},\"image\":{\"@id\":\"https:\/\/peoplesphere.be\/fr\/#\/schema\/logo\/image\/\"},\"sameAs\":[\"https:\/\/www.facebook.com\/peoplesphere\",\"https:\/\/twitter.com\/PeoplesphereMag\",\"https:\/\/www.linkedin.com\/company\/7587361?trk\",\"http:\/\/youtube.com\/peoplesphere\"]},{\"@type\":\"Person\",\"@id\":\"https:\/\/peoplesphere.be\/fr\/#\/schema\/person\/7976225ff17988604334abb7b3536a7e\",\"name\":\"Jean-Paul Erhard\",\"image\":{\"@type\":\"ImageObject\",\"inLanguage\":\"fr-FR\",\"@id\":\"https:\/\/peoplesphere.be\/fr\/#\/schema\/person\/image\/\",\"url\":\"https:\/\/secure.gravatar.com\/avatar\/f941e681460179738071629a51574930?s=96&d=mm&r=g\",\"contentUrl\":\"https:\/\/secure.gravatar.com\/avatar\/f941e681460179738071629a51574930?s=96&d=mm&r=g\",\"caption\":\"Jean-Paul Erhard\"},\"url\":\"https:\/\/peoplesphere.be\/fr\/author\/jpe\/\"}]}<\/script>\n<!-- \/ Yoast SEO plugin. -->","yoast_head_json":{"title":"Hausse du taux d\u2019emploi en Belgique: l'activit\u00e9 des 55-64 ans sur le march\u00e9 du travail n'a jamais \u00e9t\u00e9 aussi \u00e9lev\u00e9e. - Peoplesphere","robots":{"index":"index","follow":"follow","max-snippet":"max-snippet:-1","max-image-preview":"max-image-preview:large","max-video-preview":"max-video-preview:-1"},"canonical":"https:\/\/peoplesphere.be\/fr\/hausse-taux-demploi-belgique-lactivite-55-64-ans-marche-travail-na-jamais-ete-elevee\/","og_locale":"fr_FR","og_type":"article","og_title":"Hausse du taux d\u2019emploi en Belgique: l'activit\u00e9 des 55-64 ans sur le march\u00e9 du travail n'a jamais \u00e9t\u00e9 aussi \u00e9lev\u00e9e. - Peoplesphere","og_description":"En pr\u00e9vision du 1er mai, f\u00eate du Travail, Statbel, l\u2019office belge de statistique, pr\u00e9sente un aper\u00e7u de quelques indicateurs du march\u00e9 du travail des ann\u00e9es 2000 \u00e0 2022. En 22 ans, la Belgique a connu une hausse de son taux [&hellip;]","og_url":"https:\/\/peoplesphere.be\/fr\/hausse-taux-demploi-belgique-lactivite-55-64-ans-marche-travail-na-jamais-ete-elevee\/","og_site_name":"Peoplesphere","article_publisher":"https:\/\/www.facebook.com\/peoplesphere","article_published_time":"2023-04-26T11:20:22+00:00","article_modified_time":"2023-04-27T01:23:34+00:00","og_image":[{"url":"http:\/\/www.peoplesphere.be\/fr\/wp-content\/uploads\/2016\/07\/facebook-default-posting-1200x628px.jpg"}],"author":"Jean-Paul Erhard","twitter_card":"summary_large_image","twitter_creator":"@PeoplesphereMag","twitter_site":"@PeoplesphereMag","twitter_misc":{"\u00c9crit par":"Jean-Paul Erhard","Dur\u00e9e de lecture estim\u00e9e":"3 minutes"},"schema":{"@context":"https:\/\/schema.org","@graph":[{"@type":"Article","@id":"https:\/\/peoplesphere.be\/fr\/hausse-taux-demploi-belgique-lactivite-55-64-ans-marche-travail-na-jamais-ete-elevee\/#article","isPartOf":{"@id":"https:\/\/peoplesphere.be\/fr\/hausse-taux-demploi-belgique-lactivite-55-64-ans-marche-travail-na-jamais-ete-elevee\/"},"author":{"name":"Jean-Paul Erhard","@id":"https:\/\/peoplesphere.be\/fr\/#\/schema\/person\/7976225ff17988604334abb7b3536a7e"},"headline":"Hausse du taux d\u2019emploi en Belgique: l&rsquo;activit\u00e9 des 55-64 ans sur le march\u00e9 du travail n&rsquo;a jamais \u00e9t\u00e9 aussi \u00e9lev\u00e9e.","datePublished":"2023-04-26T11:20:22+00:00","dateModified":"2023-04-27T01:23:34+00:00","mainEntityOfPage":{"@id":"https:\/\/peoplesphere.be\/fr\/hausse-taux-demploi-belgique-lactivite-55-64-ans-marche-travail-na-jamais-ete-elevee\/"},"wordCount":721,"publisher":{"@id":"https:\/\/peoplesphere.be\/fr\/#organization"},"keywords":["Statistiques","taux d'emploi","taux de ch\u00f4mage"],"articleSection":["Actualit\u00e9s","Digital"],"inLanguage":"fr-FR"},{"@type":"WebPage","@id":"https:\/\/peoplesphere.be\/fr\/hausse-taux-demploi-belgique-lactivite-55-64-ans-marche-travail-na-jamais-ete-elevee\/","url":"https:\/\/peoplesphere.be\/fr\/hausse-taux-demploi-belgique-lactivite-55-64-ans-marche-travail-na-jamais-ete-elevee\/","name":"Hausse du taux d\u2019emploi en Belgique: l'activit\u00e9 des 55-64 ans sur le march\u00e9 du travail n'a jamais \u00e9t\u00e9 aussi \u00e9lev\u00e9e. - Peoplesphere","isPartOf":{"@id":"https:\/\/peoplesphere.be\/fr\/#website"},"datePublished":"2023-04-26T11:20:22+00:00","dateModified":"2023-04-27T01:23:34+00:00","breadcrumb":{"@id":"https:\/\/peoplesphere.be\/fr\/hausse-taux-demploi-belgique-lactivite-55-64-ans-marche-travail-na-jamais-ete-elevee\/#breadcrumb"},"inLanguage":"fr-FR","potentialAction":[{"@type":"ReadAction","target":["https:\/\/peoplesphere.be\/fr\/hausse-taux-demploi-belgique-lactivite-55-64-ans-marche-travail-na-jamais-ete-elevee\/"]}]},{"@type":"BreadcrumbList","@id":"https:\/\/peoplesphere.be\/fr\/hausse-taux-demploi-belgique-lactivite-55-64-ans-marche-travail-na-jamais-ete-elevee\/#breadcrumb","itemListElement":[{"@type":"ListItem","position":1,"name":"Accueil","item":"https:\/\/peoplesphere.be\/fr\/"},{"@type":"ListItem","position":2,"name":"Hausse du taux d\u2019emploi en Belgique: l&rsquo;activit\u00e9 des 55-64 ans sur le march\u00e9 du travail n&rsquo;a jamais \u00e9t\u00e9 aussi \u00e9lev\u00e9e."}]},{"@type":"WebSite","@id":"https:\/\/peoplesphere.be\/fr\/#website","url":"https:\/\/peoplesphere.be\/fr\/","name":"Peoplesphere","description":"The People Managers Magazine","publisher":{"@id":"https:\/\/peoplesphere.be\/fr\/#organization"},"potentialAction":[{"@type":"SearchAction","target":{"@type":"EntryPoint","urlTemplate":"https:\/\/peoplesphere.be\/fr\/?s={search_term_string}"},"query-input":"required name=search_term_string"}],"inLanguage":"fr-FR"},{"@type":"Organization","@id":"https:\/\/peoplesphere.be\/fr\/#organization","name":"Peoplesphere Company srl","url":"https:\/\/peoplesphere.be\/fr\/","logo":{"@type":"ImageObject","inLanguage":"fr-FR","@id":"https:\/\/peoplesphere.be\/fr\/#\/schema\/logo\/image\/","url":"https:\/\/peoplesphere.be\/fr\/wp-content\/uploads\/2023\/07\/peoplesphere-lgo-new-generik.jpg","contentUrl":"https:\/\/peoplesphere.be\/fr\/wp-content\/uploads\/2023\/07\/peoplesphere-lgo-new-generik.jpg","width":1031,"height":1479,"caption":"Peoplesphere Company srl"},"image":{"@id":"https:\/\/peoplesphere.be\/fr\/#\/schema\/logo\/image\/"},"sameAs":["https:\/\/www.facebook.com\/peoplesphere","https:\/\/twitter.com\/PeoplesphereMag","https:\/\/www.linkedin.com\/company\/7587361?trk","http:\/\/youtube.com\/peoplesphere"]},{"@type":"Person","@id":"https:\/\/peoplesphere.be\/fr\/#\/schema\/person\/7976225ff17988604334abb7b3536a7e","name":"Jean-Paul Erhard","image":{"@type":"ImageObject","inLanguage":"fr-FR","@id":"https:\/\/peoplesphere.be\/fr\/#\/schema\/person\/image\/","url":"https:\/\/secure.gravatar.com\/avatar\/f941e681460179738071629a51574930?s=96&d=mm&r=g","contentUrl":"https:\/\/secure.gravatar.com\/avatar\/f941e681460179738071629a51574930?s=96&d=mm&r=g","caption":"Jean-Paul Erhard"},"url":"https:\/\/peoplesphere.be\/fr\/author\/jpe\/"}]}},"_links":{"self":[{"href":"https:\/\/peoplesphere.be\/fr\/wp-json\/wp\/v2\/posts\/14364"}],"collection":[{"href":"https:\/\/peoplesphere.be\/fr\/wp-json\/wp\/v2\/posts"}],"about":[{"href":"https:\/\/peoplesphere.be\/fr\/wp-json\/wp\/v2\/types\/post"}],"author":[{"embeddable":true,"href":"https:\/\/peoplesphere.be\/fr\/wp-json\/wp\/v2\/users\/2"}],"replies":[{"embeddable":true,"href":"https:\/\/peoplesphere.be\/fr\/wp-json\/wp\/v2\/comments?post=14364"}],"version-history":[{"count":1,"href":"https:\/\/peoplesphere.be\/fr\/wp-json\/wp\/v2\/posts\/14364\/revisions"}],"predecessor-version":[{"id":14365,"href":"https:\/\/peoplesphere.be\/fr\/wp-json\/wp\/v2\/posts\/14364\/revisions\/14365"}],"wp:attachment":[{"href":"https:\/\/peoplesphere.be\/fr\/wp-json\/wp\/v2\/media?parent=14364"}],"wp:term":[{"taxonomy":"category","embeddable":true,"href":"https:\/\/peoplesphere.be\/fr\/wp-json\/wp\/v2\/categories?post=14364"},{"taxonomy":"post_tag","embeddable":true,"href":"https:\/\/peoplesphere.be\/fr\/wp-json\/wp\/v2\/tags?post=14364"}],"curies":[{"name":"wp","href":"https:\/\/api.w.org\/{rel}","templated":true}]}}