









{"id":14405,"date":"2023-05-08T16:55:07","date_gmt":"2023-05-08T14:55:07","guid":{"rendered":"https:\/\/peoplesphere.be\/fr\/?p=14405"},"modified":"2023-07-28T15:28:59","modified_gmt":"2023-07-28T13:28:59","slug":"allouer-prime-de-pouvoir-dachat-aux-travailleurs-2023-proceder","status":"publish","type":"post","link":"https:\/\/peoplesphere.be\/fr\/allouer-prime-de-pouvoir-dachat-aux-travailleurs-2023-proceder\/","title":{"rendered":"Allouer une prime de pouvoir d&rsquo;achat aux travailleurs en 2023: comment proc\u00e9der?"},"content":{"rendered":"<p>En novembre 2022, le gouvernement f\u00e9d\u00e9ral avait d\u00e9j\u00e0 conclu un accord salarial pour la p\u00e9riode 2023-2024, dans lequel il avait consid\u00e9r\u00e9 qu&rsquo;il n&rsquo;y avait pas lieu de pr\u00e9voir une augmentation des co\u00fbts salariaux en plus des indexations ou des augmentations bar\u00e9miques. La norme salariale a donc \u00e9t\u00e9 fix\u00e9e \u00e0 0 %.<!--more--><\/p>\n<p>Toutefois, pour faire face au red\u00e9marrage de l&rsquo;\u00e9conomie apr\u00e8s la crise \u00e9nerg\u00e9tique, les entreprises des secteurs qui fonctionnent bien peuvent octroyer \u00e0 leurs travailleurs une prime de pouvoir d&rsquo;achat, similaire \u00e0 la prime corona en 2021. Cette l\u00e9gislation a \u00e9t\u00e9 publi\u00e9e le 28 avril 2023.<\/p>\n<p><strong><em>De quoi s\u2019agit-il ?<\/em><\/strong><br \/>\nUne prime (para)fiscalement avantageuse sous la forme d\u2019un ch\u00e8que consommation papier ou \u00e9lectronique qui peut \u00eatre octroy\u00e9 une seule fois aux travailleurs.<\/p>\n<p><strong><em>Quels employeurs ?<\/em><\/strong><br \/>\nL\u2019employeur dont l\u2019entreprise a r\u00e9alis\u00e9 des b\u00e9n\u00e9fices (exceptionnellement) \u00e9lev\u00e9s en 2022.<\/p>\n<p><strong><em>Comment l\u2019octroyer?<\/em><\/strong><br \/>\nPrincipe: L\u2019octroi de la prime de pouvoir d\u2019achat doit \u00eatre pr\u00e9vu par une CCT conclue au niveau sectoriel ou de l\u2019entreprise :<\/p>\n<p>Une CCT sectorielle doit d\u00e9finir les notions de b\u00e9n\u00e9fices \u00e9lev\u00e9s en 2022 et de b\u00e9n\u00e9fices exceptionnellement \u00e9lev\u00e9s en 2022.<\/p>\n<p>Une CCT d\u2019entreprise ne devra pas d\u00e9finir ces termes, mais devra justifier le fait qu\u2019il y ait eu de bons r\u00e9sultats pendant la crise.<\/p>\n<p>Exception : L\u2019octroi peut se faire par accord individuel, sans conditions suppl\u00e9mentaires, lorsqu\u2019une CCT ne peut \u00eatre conclue pour les raisons suivantes :<\/p>\n<p>Il n&rsquo;y a pas de d\u00e9l\u00e9gation syndicale ; ou<\/p>\n<p>il s&rsquo;agit d&rsquo;une cat\u00e9gorie de personnel pour laquelle aucune CCT n\u2019est habituellement conclue.<\/p>\n<p>Des pr\u00e9cisions sur le terme \u00ab\u00a0entreprise\u00a0\u00bb (par exemple, entit\u00e9 juridique ou unit\u00e9 technique d&rsquo;exploitation) pourront \u00e9ventuellement \u00eatre apport\u00e9es au niveau sectoriel. Il est donc, dans tous les cas, conseill\u00e9 d&rsquo;attendre les n\u00e9gociations sectorielles avant de prendre des mesures au niveau de l&rsquo;entreprise afin d&rsquo;\u00e9viter toute contradiction avec les CCT sectorielles ou le d\u00e9passement du plafond de l&rsquo;ONSS.<\/p>\n<p><strong><em>Quels montants ?<\/em><\/strong><br \/>\nLes entreprises qui r\u00e9alisent des b\u00e9n\u00e9fices \u00e9lev\u00e9s peuvent octroyer une prime d\u2019un montant maximum de 500 euros ;<br \/>\nLes entreprises qui r\u00e9alisent des b\u00e9n\u00e9fices exceptionnellement \u00e9lev\u00e9s peuvent octroyer une prime d\u2019un montant maximum de 750 euros.<\/p>\n<p>Un montant inf\u00e9rieur peut \u00eatre pr\u00e9vu au niveau du secteur ou de l&rsquo;entreprise.<br \/>\nDuration La prime de pouvoir d&rsquo;achat peut \u00eatre accord\u00e9e du 1er juin au 31 d\u00e9cembre 2023 inclus et restera valable pour une p\u00e9riode limit\u00e9e, \u00e0 savoir jusqu&rsquo;au 31 d\u00e9cembre 2024 inclus.<\/p>\n<p><strong><em>Utilisation de la prime<\/em><\/strong><br \/>\nLe paiement d&rsquo;un repas ou l&rsquo;achat d\u2019aliments pr\u00eats \u00e0 la consommation; et<br \/>\nL&rsquo;achat de produits et services \u00e0 caract\u00e8re \u00e9cologique figurant dans la liste annex\u00e9e \u00e0 la CCT n\u00b0 98, comme pr\u00e9vu pour les \u00e9coch\u00e8ques.<\/p>\n<p><strong><em>Quelle taxation ?<\/em><\/strong><br \/>\nLa prime de pouvoir d&rsquo;achat sera exon\u00e9r\u00e9e des cotisations ONSS normales, pour autant que les conditions pour ne pas \u00eatre consid\u00e9r\u00e9e comme \u00e9tant de la r\u00e9mun\u00e9ration soient remplies. Toutefois, une cotisation ONSS patronale sp\u00e9ciale de 16,5 % sera due.<\/p>\n<p>La prime est exon\u00e9r\u00e9e d&rsquo;imp\u00f4t. La prime et la cotisation patronale sp\u00e9ciale sont d\u00e9ductibles en tant que frais professionnels.<\/p>\n<p>Il convient de noter que le traitement fiscal et social doit encore \u00eatre finalis\u00e9 dans la l\u00e9gislation.<\/p>\n<p>&nbsp;<\/p>\n<p><em>Source: Lydian<\/em><\/p>\n","protected":false},"excerpt":{"rendered":"<p>En novembre 2022, le gouvernement f\u00e9d\u00e9ral avait d\u00e9j\u00e0 conclu un accord salarial pour la p\u00e9riode 2023-2024, dans lequel il avait consid\u00e9r\u00e9 qu&rsquo;il n&rsquo;y avait pas lieu de pr\u00e9voir une augmentation des co\u00fbts salariaux en plus des indexations ou des augmentations [&hellip;]<\/p>\n","protected":false},"author":2,"featured_media":0,"comment_status":"closed","ping_status":"open","sticky":false,"template":"","format":"standard","meta":[],"categories":[65,10],"tags":[282,3823,228,58,853],"yoast_head":"<!-- This site is optimized with the Yoast SEO plugin v21.0 - https:\/\/yoast.com\/wordpress\/plugins\/seo\/ -->\n<title>Allouer une prime de pouvoir d&#039;achat aux travailleurs en 2023: comment proc\u00e9der? - Peoplesphere<\/title>\n<meta name=\"robots\" content=\"index, follow, max-snippet:-1, max-image-preview:large, max-video-preview:-1\" \/>\n<link rel=\"canonical\" href=\"https:\/\/peoplesphere.be\/fr\/allouer-prime-de-pouvoir-dachat-aux-travailleurs-2023-proceder\/\" \/>\n<meta property=\"og:locale\" content=\"fr_FR\" \/>\n<meta property=\"og:type\" content=\"article\" \/>\n<meta property=\"og:title\" content=\"Allouer une prime de pouvoir d&#039;achat aux travailleurs en 2023: comment proc\u00e9der? - Peoplesphere\" \/>\n<meta property=\"og:description\" content=\"En novembre 2022, le gouvernement f\u00e9d\u00e9ral avait d\u00e9j\u00e0 conclu un accord salarial pour la p\u00e9riode 2023-2024, dans lequel il avait consid\u00e9r\u00e9 qu&rsquo;il n&rsquo;y avait pas lieu de pr\u00e9voir une augmentation des co\u00fbts salariaux en plus des indexations ou des augmentations [&hellip;]\" \/>\n<meta property=\"og:url\" content=\"https:\/\/peoplesphere.be\/fr\/allouer-prime-de-pouvoir-dachat-aux-travailleurs-2023-proceder\/\" \/>\n<meta property=\"og:site_name\" content=\"Peoplesphere\" \/>\n<meta property=\"article:publisher\" content=\"https:\/\/www.facebook.com\/peoplesphere\" \/>\n<meta property=\"article:published_time\" content=\"2023-05-08T14:55:07+00:00\" \/>\n<meta property=\"article:modified_time\" content=\"2023-07-28T13:28:59+00:00\" \/>\n<meta property=\"og:image\" content=\"http:\/\/www.peoplesphere.be\/fr\/wp-content\/uploads\/2016\/07\/facebook-default-posting-1200x628px.jpg\" \/>\n<meta name=\"author\" content=\"Jean-Paul Erhard\" \/>\n<meta name=\"twitter:card\" content=\"summary_large_image\" \/>\n<meta name=\"twitter:creator\" content=\"@PeoplesphereMag\" \/>\n<meta name=\"twitter:site\" content=\"@PeoplesphereMag\" \/>\n<meta name=\"twitter:label1\" content=\"\u00c9crit par\" \/>\n\t<meta name=\"twitter:data1\" content=\"Jean-Paul Erhard\" \/>\n\t<meta name=\"twitter:label2\" content=\"Dur\u00e9e de lecture estim\u00e9e\" \/>\n\t<meta name=\"twitter:data2\" content=\"3 minutes\" \/>\n<script type=\"application\/ld+json\" class=\"yoast-schema-graph\">{\"@context\":\"https:\/\/schema.org\",\"@graph\":[{\"@type\":\"Article\",\"@id\":\"https:\/\/peoplesphere.be\/fr\/allouer-prime-de-pouvoir-dachat-aux-travailleurs-2023-proceder\/#article\",\"isPartOf\":{\"@id\":\"https:\/\/peoplesphere.be\/fr\/allouer-prime-de-pouvoir-dachat-aux-travailleurs-2023-proceder\/\"},\"author\":{\"name\":\"Jean-Paul Erhard\",\"@id\":\"https:\/\/peoplesphere.be\/fr\/#\/schema\/person\/7976225ff17988604334abb7b3536a7e\"},\"headline\":\"Allouer une prime de pouvoir d&rsquo;achat aux travailleurs en 2023: comment proc\u00e9der?\",\"datePublished\":\"2023-05-08T14:55:07+00:00\",\"dateModified\":\"2023-07-28T13:28:59+00:00\",\"mainEntityOfPage\":{\"@id\":\"https:\/\/peoplesphere.be\/fr\/allouer-prime-de-pouvoir-dachat-aux-travailleurs-2023-proceder\/\"},\"wordCount\":575,\"publisher\":{\"@id\":\"https:\/\/peoplesphere.be\/fr\/#organization\"},\"keywords\":[\"onss\",\"prime pouvoir d'achat\",\"r\u00e9mun\u00e9ration alternative\",\"s\u00e9curit\u00e9 sociale\",\"taxation\"],\"articleSection\":[\"Actualit\u00e9s\",\"Digital\"],\"inLanguage\":\"fr-FR\"},{\"@type\":\"WebPage\",\"@id\":\"https:\/\/peoplesphere.be\/fr\/allouer-prime-de-pouvoir-dachat-aux-travailleurs-2023-proceder\/\",\"url\":\"https:\/\/peoplesphere.be\/fr\/allouer-prime-de-pouvoir-dachat-aux-travailleurs-2023-proceder\/\",\"name\":\"Allouer une prime de pouvoir d'achat aux travailleurs en 2023: comment proc\u00e9der? - Peoplesphere\",\"isPartOf\":{\"@id\":\"https:\/\/peoplesphere.be\/fr\/#website\"},\"datePublished\":\"2023-05-08T14:55:07+00:00\",\"dateModified\":\"2023-07-28T13:28:59+00:00\",\"breadcrumb\":{\"@id\":\"https:\/\/peoplesphere.be\/fr\/allouer-prime-de-pouvoir-dachat-aux-travailleurs-2023-proceder\/#breadcrumb\"},\"inLanguage\":\"fr-FR\",\"potentialAction\":[{\"@type\":\"ReadAction\",\"target\":[\"https:\/\/peoplesphere.be\/fr\/allouer-prime-de-pouvoir-dachat-aux-travailleurs-2023-proceder\/\"]}]},{\"@type\":\"BreadcrumbList\",\"@id\":\"https:\/\/peoplesphere.be\/fr\/allouer-prime-de-pouvoir-dachat-aux-travailleurs-2023-proceder\/#breadcrumb\",\"itemListElement\":[{\"@type\":\"ListItem\",\"position\":1,\"name\":\"Accueil\",\"item\":\"https:\/\/peoplesphere.be\/fr\/\"},{\"@type\":\"ListItem\",\"position\":2,\"name\":\"Allouer une prime de pouvoir d&rsquo;achat aux travailleurs en 2023: comment proc\u00e9der?\"}]},{\"@type\":\"WebSite\",\"@id\":\"https:\/\/peoplesphere.be\/fr\/#website\",\"url\":\"https:\/\/peoplesphere.be\/fr\/\",\"name\":\"Peoplesphere\",\"description\":\"The People Managers Magazine\",\"publisher\":{\"@id\":\"https:\/\/peoplesphere.be\/fr\/#organization\"},\"potentialAction\":[{\"@type\":\"SearchAction\",\"target\":{\"@type\":\"EntryPoint\",\"urlTemplate\":\"https:\/\/peoplesphere.be\/fr\/?s={search_term_string}\"},\"query-input\":\"required name=search_term_string\"}],\"inLanguage\":\"fr-FR\"},{\"@type\":\"Organization\",\"@id\":\"https:\/\/peoplesphere.be\/fr\/#organization\",\"name\":\"Peoplesphere Company srl\",\"url\":\"https:\/\/peoplesphere.be\/fr\/\",\"logo\":{\"@type\":\"ImageObject\",\"inLanguage\":\"fr-FR\",\"@id\":\"https:\/\/peoplesphere.be\/fr\/#\/schema\/logo\/image\/\",\"url\":\"https:\/\/peoplesphere.be\/fr\/wp-content\/uploads\/2023\/07\/peoplesphere-lgo-new-generik.jpg\",\"contentUrl\":\"https:\/\/peoplesphere.be\/fr\/wp-content\/uploads\/2023\/07\/peoplesphere-lgo-new-generik.jpg\",\"width\":1031,\"height\":1479,\"caption\":\"Peoplesphere Company srl\"},\"image\":{\"@id\":\"https:\/\/peoplesphere.be\/fr\/#\/schema\/logo\/image\/\"},\"sameAs\":[\"https:\/\/www.facebook.com\/peoplesphere\",\"https:\/\/twitter.com\/PeoplesphereMag\",\"https:\/\/www.linkedin.com\/company\/7587361?trk\",\"http:\/\/youtube.com\/peoplesphere\"]},{\"@type\":\"Person\",\"@id\":\"https:\/\/peoplesphere.be\/fr\/#\/schema\/person\/7976225ff17988604334abb7b3536a7e\",\"name\":\"Jean-Paul Erhard\",\"image\":{\"@type\":\"ImageObject\",\"inLanguage\":\"fr-FR\",\"@id\":\"https:\/\/peoplesphere.be\/fr\/#\/schema\/person\/image\/\",\"url\":\"https:\/\/secure.gravatar.com\/avatar\/f941e681460179738071629a51574930?s=96&d=mm&r=g\",\"contentUrl\":\"https:\/\/secure.gravatar.com\/avatar\/f941e681460179738071629a51574930?s=96&d=mm&r=g\",\"caption\":\"Jean-Paul Erhard\"},\"url\":\"https:\/\/peoplesphere.be\/fr\/author\/jpe\/\"}]}<\/script>\n<!-- \/ Yoast SEO plugin. -->","yoast_head_json":{"title":"Allouer une prime de pouvoir d'achat aux travailleurs en 2023: comment proc\u00e9der? - Peoplesphere","robots":{"index":"index","follow":"follow","max-snippet":"max-snippet:-1","max-image-preview":"max-image-preview:large","max-video-preview":"max-video-preview:-1"},"canonical":"https:\/\/peoplesphere.be\/fr\/allouer-prime-de-pouvoir-dachat-aux-travailleurs-2023-proceder\/","og_locale":"fr_FR","og_type":"article","og_title":"Allouer une prime de pouvoir d'achat aux travailleurs en 2023: comment proc\u00e9der? - Peoplesphere","og_description":"En novembre 2022, le gouvernement f\u00e9d\u00e9ral avait d\u00e9j\u00e0 conclu un accord salarial pour la p\u00e9riode 2023-2024, dans lequel il avait consid\u00e9r\u00e9 qu&rsquo;il n&rsquo;y avait pas lieu de pr\u00e9voir une augmentation des co\u00fbts salariaux en plus des indexations ou des augmentations [&hellip;]","og_url":"https:\/\/peoplesphere.be\/fr\/allouer-prime-de-pouvoir-dachat-aux-travailleurs-2023-proceder\/","og_site_name":"Peoplesphere","article_publisher":"https:\/\/www.facebook.com\/peoplesphere","article_published_time":"2023-05-08T14:55:07+00:00","article_modified_time":"2023-07-28T13:28:59+00:00","og_image":[{"url":"http:\/\/www.peoplesphere.be\/fr\/wp-content\/uploads\/2016\/07\/facebook-default-posting-1200x628px.jpg"}],"author":"Jean-Paul Erhard","twitter_card":"summary_large_image","twitter_creator":"@PeoplesphereMag","twitter_site":"@PeoplesphereMag","twitter_misc":{"\u00c9crit par":"Jean-Paul Erhard","Dur\u00e9e de lecture estim\u00e9e":"3 minutes"},"schema":{"@context":"https:\/\/schema.org","@graph":[{"@type":"Article","@id":"https:\/\/peoplesphere.be\/fr\/allouer-prime-de-pouvoir-dachat-aux-travailleurs-2023-proceder\/#article","isPartOf":{"@id":"https:\/\/peoplesphere.be\/fr\/allouer-prime-de-pouvoir-dachat-aux-travailleurs-2023-proceder\/"},"author":{"name":"Jean-Paul Erhard","@id":"https:\/\/peoplesphere.be\/fr\/#\/schema\/person\/7976225ff17988604334abb7b3536a7e"},"headline":"Allouer une prime de pouvoir d&rsquo;achat aux travailleurs en 2023: comment proc\u00e9der?","datePublished":"2023-05-08T14:55:07+00:00","dateModified":"2023-07-28T13:28:59+00:00","mainEntityOfPage":{"@id":"https:\/\/peoplesphere.be\/fr\/allouer-prime-de-pouvoir-dachat-aux-travailleurs-2023-proceder\/"},"wordCount":575,"publisher":{"@id":"https:\/\/peoplesphere.be\/fr\/#organization"},"keywords":["onss","prime pouvoir d'achat","r\u00e9mun\u00e9ration alternative","s\u00e9curit\u00e9 sociale","taxation"],"articleSection":["Actualit\u00e9s","Digital"],"inLanguage":"fr-FR"},{"@type":"WebPage","@id":"https:\/\/peoplesphere.be\/fr\/allouer-prime-de-pouvoir-dachat-aux-travailleurs-2023-proceder\/","url":"https:\/\/peoplesphere.be\/fr\/allouer-prime-de-pouvoir-dachat-aux-travailleurs-2023-proceder\/","name":"Allouer une prime de pouvoir d'achat aux travailleurs en 2023: comment proc\u00e9der? - Peoplesphere","isPartOf":{"@id":"https:\/\/peoplesphere.be\/fr\/#website"},"datePublished":"2023-05-08T14:55:07+00:00","dateModified":"2023-07-28T13:28:59+00:00","breadcrumb":{"@id":"https:\/\/peoplesphere.be\/fr\/allouer-prime-de-pouvoir-dachat-aux-travailleurs-2023-proceder\/#breadcrumb"},"inLanguage":"fr-FR","potentialAction":[{"@type":"ReadAction","target":["https:\/\/peoplesphere.be\/fr\/allouer-prime-de-pouvoir-dachat-aux-travailleurs-2023-proceder\/"]}]},{"@type":"BreadcrumbList","@id":"https:\/\/peoplesphere.be\/fr\/allouer-prime-de-pouvoir-dachat-aux-travailleurs-2023-proceder\/#breadcrumb","itemListElement":[{"@type":"ListItem","position":1,"name":"Accueil","item":"https:\/\/peoplesphere.be\/fr\/"},{"@type":"ListItem","position":2,"name":"Allouer une prime de pouvoir d&rsquo;achat aux travailleurs en 2023: comment proc\u00e9der?"}]},{"@type":"WebSite","@id":"https:\/\/peoplesphere.be\/fr\/#website","url":"https:\/\/peoplesphere.be\/fr\/","name":"Peoplesphere","description":"The People Managers Magazine","publisher":{"@id":"https:\/\/peoplesphere.be\/fr\/#organization"},"potentialAction":[{"@type":"SearchAction","target":{"@type":"EntryPoint","urlTemplate":"https:\/\/peoplesphere.be\/fr\/?s={search_term_string}"},"query-input":"required name=search_term_string"}],"inLanguage":"fr-FR"},{"@type":"Organization","@id":"https:\/\/peoplesphere.be\/fr\/#organization","name":"Peoplesphere Company srl","url":"https:\/\/peoplesphere.be\/fr\/","logo":{"@type":"ImageObject","inLanguage":"fr-FR","@id":"https:\/\/peoplesphere.be\/fr\/#\/schema\/logo\/image\/","url":"https:\/\/peoplesphere.be\/fr\/wp-content\/uploads\/2023\/07\/peoplesphere-lgo-new-generik.jpg","contentUrl":"https:\/\/peoplesphere.be\/fr\/wp-content\/uploads\/2023\/07\/peoplesphere-lgo-new-generik.jpg","width":1031,"height":1479,"caption":"Peoplesphere Company srl"},"image":{"@id":"https:\/\/peoplesphere.be\/fr\/#\/schema\/logo\/image\/"},"sameAs":["https:\/\/www.facebook.com\/peoplesphere","https:\/\/twitter.com\/PeoplesphereMag","https:\/\/www.linkedin.com\/company\/7587361?trk","http:\/\/youtube.com\/peoplesphere"]},{"@type":"Person","@id":"https:\/\/peoplesphere.be\/fr\/#\/schema\/person\/7976225ff17988604334abb7b3536a7e","name":"Jean-Paul Erhard","image":{"@type":"ImageObject","inLanguage":"fr-FR","@id":"https:\/\/peoplesphere.be\/fr\/#\/schema\/person\/image\/","url":"https:\/\/secure.gravatar.com\/avatar\/f941e681460179738071629a51574930?s=96&d=mm&r=g","contentUrl":"https:\/\/secure.gravatar.com\/avatar\/f941e681460179738071629a51574930?s=96&d=mm&r=g","caption":"Jean-Paul Erhard"},"url":"https:\/\/peoplesphere.be\/fr\/author\/jpe\/"}]}},"_links":{"self":[{"href":"https:\/\/peoplesphere.be\/fr\/wp-json\/wp\/v2\/posts\/14405"}],"collection":[{"href":"https:\/\/peoplesphere.be\/fr\/wp-json\/wp\/v2\/posts"}],"about":[{"href":"https:\/\/peoplesphere.be\/fr\/wp-json\/wp\/v2\/types\/post"}],"author":[{"embeddable":true,"href":"https:\/\/peoplesphere.be\/fr\/wp-json\/wp\/v2\/users\/2"}],"replies":[{"embeddable":true,"href":"https:\/\/peoplesphere.be\/fr\/wp-json\/wp\/v2\/comments?post=14405"}],"version-history":[{"count":1,"href":"https:\/\/peoplesphere.be\/fr\/wp-json\/wp\/v2\/posts\/14405\/revisions"}],"predecessor-version":[{"id":14406,"href":"https:\/\/peoplesphere.be\/fr\/wp-json\/wp\/v2\/posts\/14405\/revisions\/14406"}],"wp:attachment":[{"href":"https:\/\/peoplesphere.be\/fr\/wp-json\/wp\/v2\/media?parent=14405"}],"wp:term":[{"taxonomy":"category","embeddable":true,"href":"https:\/\/peoplesphere.be\/fr\/wp-json\/wp\/v2\/categories?post=14405"},{"taxonomy":"post_tag","embeddable":true,"href":"https:\/\/peoplesphere.be\/fr\/wp-json\/wp\/v2\/tags?post=14405"}],"curies":[{"name":"wp","href":"https:\/\/api.w.org\/{rel}","templated":true}]}}