









{"id":14408,"date":"2023-05-09T15:08:36","date_gmt":"2023-05-09T13:08:36","guid":{"rendered":"https:\/\/peoplesphere.be\/fr\/?p=14408"},"modified":"2023-05-09T15:08:36","modified_gmt":"2023-05-09T13:08:36","slug":"remunerations-flexibles-elements-plan-cafeteria-gagnent-popularite","status":"publish","type":"post","link":"https:\/\/peoplesphere.be\/fr\/remunerations-flexibles-elements-plan-cafeteria-gagnent-popularite\/","title":{"rendered":"R\u00e9mun\u00e9rations flexibles: quels sont les \u00e9l\u00e9ments du plan caf\u00e9t\u00e9ria qui gagnent en popularit\u00e9?"},"content":{"rendered":"<p>Les travailleurs b\u00e9n\u00e9ficiant d&rsquo;une r\u00e9mun\u00e9ration flexible optent de plus en plus pour le v\u00e9lo. Parmi les choix les plus appr\u00e9ci\u00e9s dans un plan caf\u00e9t\u00e9ria, le v\u00e9lo est en pleine ascension. En 2022, le v\u00e9lo s\u2019est hiss\u00e9 \u00e0 la cinqui\u00e8me place des choix les plus populaires ; en 2019, il se classait encore \u00e0 la 9\u00e8me place. L&rsquo;\u00e9pargne-pension individuelle et les cong\u00e9s suppl\u00e9mentaires restent des choix incontournables en 2022 et 2023. <!--more--><\/p>\n<p>Chaque ann\u00e9e, les choix possibles se diversifient, notamment en ce qui concerne les examens m\u00e9dicaux, le bien-\u00eatre et les choix de mobilit\u00e9 tels que les trottinettes partag\u00e9es, en plus des v\u00e9los et des voitures partag\u00e9s. L&rsquo;installation de bornes de recharge pour voitures \u00e9lectriques a \u00e9galement doubl\u00e9 l&rsquo;ann\u00e9e derni\u00e8re.<\/p>\n<p>L&rsquo;\u00e9pargne-pension et les cong\u00e9s suppl\u00e9mentaires se partagent la premi\u00e8re place, avec un salari\u00e9 sur cinq (22 %) choisissant cet avantage dans le cadre d&rsquo;un plan caf\u00e9t\u00e9ria. Le multim\u00e9dia arrive en troisi\u00e8me position (14%), car de plus en plus de personnes investissent dans un bureau \u00e0 domicile. Le v\u00e9lo ne devance pas encore la voiture : m\u00eame si le v\u00e9lo (11%) et la voiture (13%) sont presque \u00e0 \u00e9galit\u00e9. Le v\u00e9lo convainc 11% des travailleurs qui ont le choix d&rsquo;un plan caf\u00e9t\u00e9ria.<\/p>\n<p><strong><em>Le v\u00e9lo se hisse dans le top 5 et les stations de recharge de voitures progressent<\/em><\/strong><\/p>\n<p>Un v\u00e9lo en leasing et une voiture vous lient \u00e0 votre employeur pour plusieurs ann\u00e9es. Les employeurs incluent souvent la valeur de la voiture de soci\u00e9t\u00e9 (\u00e0 laquelle leurs travailleurs ont droit) dans le budget. En tant que travailleur, vous avez ainsi plus de poids dans le choix de votre voiture. Vous pouvez alors choisir une voiture plus petite que celle \u00e0 laquelle vous avez droit et consacrer le budget lib\u00e9r\u00e9 \u00e0 d&rsquo;autres avantages, tels qu&rsquo;un v\u00e9lo, par exemple. Un salari\u00e9 sur dix (13%) a dispos\u00e9 d\u2019une voiture de soci&amp;e acute;t\u00e9 en 2022, contre 16% en 2021. En outre, le v\u00e9lo a gagn\u00e9 une place et est entr\u00e9 dans le top 5 avec pr\u00e8s de 11%. En 2019, le v\u00e9lo occupait encore la 9\u00e8me place. C&rsquo;est donc une bonne nouvelle, sachant que le choix du v\u00e9lo est un choix conscient, provenant des salari\u00e9s eux-m\u00eames.<\/p>\n<p>Amandine Verraghenne, consultante en r\u00e9mun\u00e9ration chez SD Worx, explique : \u00ab\u00a0<em>Gr\u00e2ce aux plans de r\u00e9mun\u00e9ration flexible, en tant qu&#8217;employeur, vous donnez un coup de pouce suppl\u00e9mentaire \u00e0 l&rsquo;utilisation du v\u00e9lo pour se rendre au travail. Par ailleurs, vous acc\u00e9l\u00e9rez \u00e9galement l&rsquo;introduction d&rsquo;une plus grande vari\u00e9t\u00e9 dans votre flotte de v\u00e9hicules. En offrant (et non en imposant) des choix en tant qu&#8217;employeur, les travailleurs eux-m\u00eames font un choix plus conscient et durable. Par exemple, les stations de recharge \u00e9lectrique pour les voitures sont multipli\u00e9es par deux ; de plus, les stations de recharge peuvent \u00eatre incluses dans le contrat de location.\u00a0\u00bb<\/em><\/p>\n<p><strong><em>La r\u00e9mun\u00e9ration flexible s&rsquo;adapte aux besoins variables des travailleurs<\/em><\/strong><\/p>\n<p>La proportion de salari\u00e9s disposant d&rsquo;un plan caf\u00e9t\u00e9ria a augment\u00e9 de 59 % en 2022, bien que seule une minorit\u00e9 de salari\u00e9s (5,7 %) y ait acc\u00e8s. Cela reste une formule innovante ou un facteur de diff\u00e9renciation pour les employeurs dans la guerre des talents. Le nombre d&#8217;employeurs concern\u00e9s a augment\u00e9 de 25 %.<\/p>\n<p><em>\u00ab\u00a0La guerre des talents reste vive. Chaque ann\u00e9e, les employeurs incluent de nouveaux avantages dans leurs plans parce qu&rsquo;ils en per\u00e7oivent le besoin chez leurs travailleurs. Ces derni\u00e8res ann\u00e9es, par exemple, nous constatons que l&rsquo;accent est mis sur la sant\u00e9 (mentale) avec le remboursement des abonnements \u00e0 des clubs de sport ou de fitness, mais aussi des examens m\u00e9dicaux et des options de bien-\u00eatre (telles que des s\u00e9ances de coaching). En ce qui concerne les pr\u00e9f\u00e9rences en mati\u00e8re de mobilit\u00e9, les employeurs redoublent d&rsquo;efforts pour offrir une plus grande diversit\u00e9 : trottinettes partag\u00e9es, parking, bornes de recharge \u00e9lectrique, etc. L&rsquo;ann\u00e9e prochaine, nous verrons sans doute d&rsquo;autres choix encore\u00a0\u00bb,<\/em> poursuit Amandine Verraghenne de SD Worx.<\/p>\n<p><strong><em>Un changement de cap pour les politiques de ressources humaines tenant compte de l&rsquo;\u00e2ge<\/em><\/strong><\/p>\n<p>Les employeurs qui proposent un plan caf\u00e9t\u00e9ria constatent que les pr\u00e9f\u00e9rences individuelles sont tr\u00e8s li\u00e9es \u00e0 l&rsquo;\u00e2ge. Par exemple, SD Worx constate qu&rsquo;un \u00e9quipement multim\u00e9dia suppl\u00e9mentaire peut davantage int\u00e9resser les jeunes : 44 % des jeunes de 25 ans et moins choisissent effectivement cet avantage. Cet int\u00e9r\u00eat diminue avec l&rsquo;\u00e2ge. Il en va de m\u00eame pour les cong\u00e9s suppl\u00e9mentaires : ils sont plus populaires chez les moins de 30 ans ; chez les plus de 50 ans, ils peuvent encore int\u00e9resser un travailleur sur cinq avec un plan caf\u00e9t\u00e9ria. Les avantages culturels (comme une carte de r\u00e9duction) sont \u00e9galement plus populaires parmi les jeunes g\u00e9n\u00e9rations. L&rsquo;importance des avantages sociaux tels que le remboursement de l&rsquo;\u00e9pargne pension individuelle augmente \u00e9galement avec l&rsquo;\u00e2ge.<br \/>\n<em>\u00ab\u00a0Les avantages li\u00e9s \u00e0 la mobilit\u00e9 sont populaires \u00e0 tout \u00e2ge, mais surtout pour les plus de 30 ans. Chaque g\u00e9n\u00e9ration aime faire son propre choix dans ce domaine : une voiture plus grande ou plus petite, un v\u00e9lo \u00e9lectrique ou non, etc. Apr\u00e8s une premi\u00e8re location de 3 \u00e0 4 ans, certains optent d\u2019ailleurs pour un v\u00e9lo plus sportif, comme un VTT, un v\u00e9lo de course ou un v\u00e9lo pliant. Avec l&rsquo;accent mis sur l&rsquo;allocation v\u00e9lo g\u00e9n\u00e9ralis\u00e9e, le v\u00e9lo de location deviendra encore plus populaire\u00a0\u00bb<\/em>, conclut SD Worx.<\/p>\n<p><strong><em>Cas pratique<\/em><\/strong><\/p>\n<p>La Deutsche Bank, sp\u00e9cialis\u00e9e dans l&rsquo;\u00e9pargne et l&rsquo;investissement, emploie 540 personnes en Belgique. La banque a lanc\u00e9 la r\u00e9mun\u00e9ration flexible pour ses travailleurs il y a quatre ans et a continu\u00e9 \u00e0 apporter des am\u00e9liorations chaque ann\u00e9e depuis.<\/p>\n<p>Veerle Van Nuffel, VP | Reward &amp; Benefit manager \u00e0 la Deutsche Bank AG \u00e0 Bruxelles, explique l&rsquo;\u00e9volution : \u00ab\u00a0<em>La premi\u00e8re ann\u00e9e, nous nous sommes concentr\u00e9s sur les options de mobilit\u00e9 : v\u00e9los et diverses options de transport public, comme le surclassement en premi\u00e8re classe. Environ un travailleur sur sept a d\u00e9j\u00e0 choisi un v\u00e9lo \u00e0 l&rsquo;heure actuelle. Au bout de trois ans, vous pouvez \u00e9galement acheter le v\u00e9lo \u00e0 titre priv\u00e9 et en louer un nouveau pour vous-m\u00eame. Les jours de vacances suppl\u00e9mentaires dans le plan caf\u00e9t\u00e9ria, jusqu&rsquo;\u00e0 5 par an, restent \u00e9galement d&rsquo;actualit\u00e9. Cette option favorise l&rsquo;\u00e9quilibre entre vie professionnelle et vie priv \u00e9e, sans pour autant r\u00e9duire les cong\u00e9s de l&rsquo;ann\u00e9e suivante. Les \u00e9quipements informatiques tels que les smartphones, les ordinateurs portables et les ordinateurs de bureau ont \u00e9t\u00e9 tr\u00e8s demand\u00e9s en 2020 et 2021, dans le cadre du travail \u00e0 domicile. \u00c9tant donn\u00e9 que nous avons nous-m\u00eames pris l&rsquo;initiative de choisir une assurance compl\u00e9mentaire pour les interventions en mati\u00e8re de soins dentaires, ophtalmologiques ou m\u00e9dicaux, nous constatons que les int\u00e9ress\u00e9s optent de plus en plus pour ce type d&rsquo;assurance. Enfin, nos collaborateurs sont tr\u00e8s satisfaits : ils sont plus conscients des avantages. C&rsquo;est un sujet r\u00e9current. Bien s\u00fbr, des explications et des conseils suppl\u00e9mentaires sont n\u00e9cessaires au d\u00e9but, mais aujourd&rsquo;hui, la plupart d&rsquo;entre eux y sont d\u00e9j\u00e0 bien familiaris\u00e9s. De plus, c&rsquo;est un atout suppl\u00e9mentaire pour attirer les talents ; les jeunes semblent \u00e9galement appr\u00e9cier les avantages.\u00a0\u00bb<\/em><\/p>\n<p>&nbsp;<\/p>\n<p><em>Source: SD Worx<\/em><\/p>\n","protected":false},"excerpt":{"rendered":"<p>Les travailleurs b\u00e9n\u00e9ficiant d&rsquo;une r\u00e9mun\u00e9ration flexible optent de plus en plus pour le v\u00e9lo. Parmi les choix les plus appr\u00e9ci\u00e9s dans un plan caf\u00e9t\u00e9ria, le v\u00e9lo est en pleine ascension. En 2022, le v\u00e9lo s\u2019est hiss\u00e9 \u00e0 la cinqui\u00e8me place [&hellip;]<\/p>\n","protected":false},"author":2,"featured_media":0,"comment_status":"closed","ping_status":"open","sticky":false,"template":"","format":"standard","meta":[],"categories":[65,10],"tags":[1427,220,228,2258],"yoast_head":"<!-- This site is optimized with the Yoast SEO plugin v21.0 - https:\/\/yoast.com\/wordpress\/plugins\/seo\/ -->\n<title>R\u00e9mun\u00e9rations flexibles: quels sont les \u00e9l\u00e9ments du plan caf\u00e9t\u00e9ria qui gagnent en popularit\u00e9? - Peoplesphere<\/title>\n<meta name=\"robots\" content=\"index, follow, max-snippet:-1, max-image-preview:large, max-video-preview:-1\" \/>\n<link rel=\"canonical\" href=\"https:\/\/peoplesphere.be\/fr\/remunerations-flexibles-elements-plan-cafeteria-gagnent-popularite\/\" \/>\n<meta property=\"og:locale\" content=\"fr_FR\" \/>\n<meta property=\"og:type\" content=\"article\" \/>\n<meta property=\"og:title\" content=\"R\u00e9mun\u00e9rations flexibles: quels sont les \u00e9l\u00e9ments du plan caf\u00e9t\u00e9ria qui gagnent en popularit\u00e9? - Peoplesphere\" \/>\n<meta property=\"og:description\" content=\"Les travailleurs b\u00e9n\u00e9ficiant d&rsquo;une r\u00e9mun\u00e9ration flexible optent de plus en plus pour le v\u00e9lo. Parmi les choix les plus appr\u00e9ci\u00e9s dans un plan caf\u00e9t\u00e9ria, le v\u00e9lo est en pleine ascension. En 2022, le v\u00e9lo s\u2019est hiss\u00e9 \u00e0 la cinqui\u00e8me place [&hellip;]\" \/>\n<meta property=\"og:url\" content=\"https:\/\/peoplesphere.be\/fr\/remunerations-flexibles-elements-plan-cafeteria-gagnent-popularite\/\" \/>\n<meta property=\"og:site_name\" content=\"Peoplesphere\" \/>\n<meta property=\"article:publisher\" content=\"https:\/\/www.facebook.com\/peoplesphere\" \/>\n<meta property=\"article:published_time\" content=\"2023-05-09T13:08:36+00:00\" \/>\n<meta property=\"og:image\" content=\"http:\/\/www.peoplesphere.be\/fr\/wp-content\/uploads\/2016\/07\/facebook-default-posting-1200x628px.jpg\" \/>\n<meta name=\"author\" content=\"Jean-Paul Erhard\" \/>\n<meta name=\"twitter:card\" content=\"summary_large_image\" \/>\n<meta name=\"twitter:creator\" content=\"@PeoplesphereMag\" \/>\n<meta name=\"twitter:site\" content=\"@PeoplesphereMag\" \/>\n<meta name=\"twitter:label1\" content=\"\u00c9crit par\" \/>\n\t<meta name=\"twitter:data1\" content=\"Jean-Paul Erhard\" \/>\n\t<meta name=\"twitter:label2\" content=\"Dur\u00e9e de lecture estim\u00e9e\" \/>\n\t<meta name=\"twitter:data2\" content=\"6 minutes\" \/>\n<script type=\"application\/ld+json\" class=\"yoast-schema-graph\">{\"@context\":\"https:\/\/schema.org\",\"@graph\":[{\"@type\":\"Article\",\"@id\":\"https:\/\/peoplesphere.be\/fr\/remunerations-flexibles-elements-plan-cafeteria-gagnent-popularite\/#article\",\"isPartOf\":{\"@id\":\"https:\/\/peoplesphere.be\/fr\/remunerations-flexibles-elements-plan-cafeteria-gagnent-popularite\/\"},\"author\":{\"name\":\"Jean-Paul Erhard\",\"@id\":\"https:\/\/peoplesphere.be\/fr\/#\/schema\/person\/7976225ff17988604334abb7b3536a7e\"},\"headline\":\"R\u00e9mun\u00e9rations flexibles: quels sont les \u00e9l\u00e9ments du plan caf\u00e9t\u00e9ria qui gagnent en popularit\u00e9?\",\"datePublished\":\"2023-05-09T13:08:36+00:00\",\"dateModified\":\"2023-05-09T13:08:36+00:00\",\"mainEntityOfPage\":{\"@id\":\"https:\/\/peoplesphere.be\/fr\/remunerations-flexibles-elements-plan-cafeteria-gagnent-popularite\/\"},\"wordCount\":1262,\"publisher\":{\"@id\":\"https:\/\/peoplesphere.be\/fr\/#organization\"},\"keywords\":[\"d\u00e9placement domicile-travail\",\"flexibilit\u00e9\",\"r\u00e9mun\u00e9ration alternative\",\"r\u00e9mun\u00e9ration flexible\"],\"articleSection\":[\"Actualit\u00e9s\",\"Digital\"],\"inLanguage\":\"fr-FR\"},{\"@type\":\"WebPage\",\"@id\":\"https:\/\/peoplesphere.be\/fr\/remunerations-flexibles-elements-plan-cafeteria-gagnent-popularite\/\",\"url\":\"https:\/\/peoplesphere.be\/fr\/remunerations-flexibles-elements-plan-cafeteria-gagnent-popularite\/\",\"name\":\"R\u00e9mun\u00e9rations flexibles: quels sont les \u00e9l\u00e9ments du plan caf\u00e9t\u00e9ria qui gagnent en popularit\u00e9? - Peoplesphere\",\"isPartOf\":{\"@id\":\"https:\/\/peoplesphere.be\/fr\/#website\"},\"datePublished\":\"2023-05-09T13:08:36+00:00\",\"dateModified\":\"2023-05-09T13:08:36+00:00\",\"breadcrumb\":{\"@id\":\"https:\/\/peoplesphere.be\/fr\/remunerations-flexibles-elements-plan-cafeteria-gagnent-popularite\/#breadcrumb\"},\"inLanguage\":\"fr-FR\",\"potentialAction\":[{\"@type\":\"ReadAction\",\"target\":[\"https:\/\/peoplesphere.be\/fr\/remunerations-flexibles-elements-plan-cafeteria-gagnent-popularite\/\"]}]},{\"@type\":\"BreadcrumbList\",\"@id\":\"https:\/\/peoplesphere.be\/fr\/remunerations-flexibles-elements-plan-cafeteria-gagnent-popularite\/#breadcrumb\",\"itemListElement\":[{\"@type\":\"ListItem\",\"position\":1,\"name\":\"Accueil\",\"item\":\"https:\/\/peoplesphere.be\/fr\/\"},{\"@type\":\"ListItem\",\"position\":2,\"name\":\"R\u00e9mun\u00e9rations flexibles: quels sont les \u00e9l\u00e9ments du plan caf\u00e9t\u00e9ria qui gagnent en popularit\u00e9?\"}]},{\"@type\":\"WebSite\",\"@id\":\"https:\/\/peoplesphere.be\/fr\/#website\",\"url\":\"https:\/\/peoplesphere.be\/fr\/\",\"name\":\"Peoplesphere\",\"description\":\"The People Managers Magazine\",\"publisher\":{\"@id\":\"https:\/\/peoplesphere.be\/fr\/#organization\"},\"potentialAction\":[{\"@type\":\"SearchAction\",\"target\":{\"@type\":\"EntryPoint\",\"urlTemplate\":\"https:\/\/peoplesphere.be\/fr\/?s={search_term_string}\"},\"query-input\":\"required name=search_term_string\"}],\"inLanguage\":\"fr-FR\"},{\"@type\":\"Organization\",\"@id\":\"https:\/\/peoplesphere.be\/fr\/#organization\",\"name\":\"Peoplesphere Company srl\",\"url\":\"https:\/\/peoplesphere.be\/fr\/\",\"logo\":{\"@type\":\"ImageObject\",\"inLanguage\":\"fr-FR\",\"@id\":\"https:\/\/peoplesphere.be\/fr\/#\/schema\/logo\/image\/\",\"url\":\"https:\/\/peoplesphere.be\/fr\/wp-content\/uploads\/2023\/07\/peoplesphere-lgo-new-generik.jpg\",\"contentUrl\":\"https:\/\/peoplesphere.be\/fr\/wp-content\/uploads\/2023\/07\/peoplesphere-lgo-new-generik.jpg\",\"width\":1031,\"height\":1479,\"caption\":\"Peoplesphere Company srl\"},\"image\":{\"@id\":\"https:\/\/peoplesphere.be\/fr\/#\/schema\/logo\/image\/\"},\"sameAs\":[\"https:\/\/www.facebook.com\/peoplesphere\",\"https:\/\/twitter.com\/PeoplesphereMag\",\"https:\/\/www.linkedin.com\/company\/7587361?trk\",\"http:\/\/youtube.com\/peoplesphere\"]},{\"@type\":\"Person\",\"@id\":\"https:\/\/peoplesphere.be\/fr\/#\/schema\/person\/7976225ff17988604334abb7b3536a7e\",\"name\":\"Jean-Paul Erhard\",\"image\":{\"@type\":\"ImageObject\",\"inLanguage\":\"fr-FR\",\"@id\":\"https:\/\/peoplesphere.be\/fr\/#\/schema\/person\/image\/\",\"url\":\"https:\/\/secure.gravatar.com\/avatar\/f941e681460179738071629a51574930?s=96&d=mm&r=g\",\"contentUrl\":\"https:\/\/secure.gravatar.com\/avatar\/f941e681460179738071629a51574930?s=96&d=mm&r=g\",\"caption\":\"Jean-Paul Erhard\"},\"url\":\"https:\/\/peoplesphere.be\/fr\/author\/jpe\/\"}]}<\/script>\n<!-- \/ Yoast SEO plugin. -->","yoast_head_json":{"title":"R\u00e9mun\u00e9rations flexibles: quels sont les \u00e9l\u00e9ments du plan caf\u00e9t\u00e9ria qui gagnent en popularit\u00e9? - Peoplesphere","robots":{"index":"index","follow":"follow","max-snippet":"max-snippet:-1","max-image-preview":"max-image-preview:large","max-video-preview":"max-video-preview:-1"},"canonical":"https:\/\/peoplesphere.be\/fr\/remunerations-flexibles-elements-plan-cafeteria-gagnent-popularite\/","og_locale":"fr_FR","og_type":"article","og_title":"R\u00e9mun\u00e9rations flexibles: quels sont les \u00e9l\u00e9ments du plan caf\u00e9t\u00e9ria qui gagnent en popularit\u00e9? - Peoplesphere","og_description":"Les travailleurs b\u00e9n\u00e9ficiant d&rsquo;une r\u00e9mun\u00e9ration flexible optent de plus en plus pour le v\u00e9lo. Parmi les choix les plus appr\u00e9ci\u00e9s dans un plan caf\u00e9t\u00e9ria, le v\u00e9lo est en pleine ascension. En 2022, le v\u00e9lo s\u2019est hiss\u00e9 \u00e0 la cinqui\u00e8me place [&hellip;]","og_url":"https:\/\/peoplesphere.be\/fr\/remunerations-flexibles-elements-plan-cafeteria-gagnent-popularite\/","og_site_name":"Peoplesphere","article_publisher":"https:\/\/www.facebook.com\/peoplesphere","article_published_time":"2023-05-09T13:08:36+00:00","og_image":[{"url":"http:\/\/www.peoplesphere.be\/fr\/wp-content\/uploads\/2016\/07\/facebook-default-posting-1200x628px.jpg"}],"author":"Jean-Paul Erhard","twitter_card":"summary_large_image","twitter_creator":"@PeoplesphereMag","twitter_site":"@PeoplesphereMag","twitter_misc":{"\u00c9crit par":"Jean-Paul Erhard","Dur\u00e9e de lecture estim\u00e9e":"6 minutes"},"schema":{"@context":"https:\/\/schema.org","@graph":[{"@type":"Article","@id":"https:\/\/peoplesphere.be\/fr\/remunerations-flexibles-elements-plan-cafeteria-gagnent-popularite\/#article","isPartOf":{"@id":"https:\/\/peoplesphere.be\/fr\/remunerations-flexibles-elements-plan-cafeteria-gagnent-popularite\/"},"author":{"name":"Jean-Paul Erhard","@id":"https:\/\/peoplesphere.be\/fr\/#\/schema\/person\/7976225ff17988604334abb7b3536a7e"},"headline":"R\u00e9mun\u00e9rations flexibles: quels sont les \u00e9l\u00e9ments du plan caf\u00e9t\u00e9ria qui gagnent en popularit\u00e9?","datePublished":"2023-05-09T13:08:36+00:00","dateModified":"2023-05-09T13:08:36+00:00","mainEntityOfPage":{"@id":"https:\/\/peoplesphere.be\/fr\/remunerations-flexibles-elements-plan-cafeteria-gagnent-popularite\/"},"wordCount":1262,"publisher":{"@id":"https:\/\/peoplesphere.be\/fr\/#organization"},"keywords":["d\u00e9placement domicile-travail","flexibilit\u00e9","r\u00e9mun\u00e9ration alternative","r\u00e9mun\u00e9ration flexible"],"articleSection":["Actualit\u00e9s","Digital"],"inLanguage":"fr-FR"},{"@type":"WebPage","@id":"https:\/\/peoplesphere.be\/fr\/remunerations-flexibles-elements-plan-cafeteria-gagnent-popularite\/","url":"https:\/\/peoplesphere.be\/fr\/remunerations-flexibles-elements-plan-cafeteria-gagnent-popularite\/","name":"R\u00e9mun\u00e9rations flexibles: quels sont les \u00e9l\u00e9ments du plan caf\u00e9t\u00e9ria qui gagnent en popularit\u00e9? - Peoplesphere","isPartOf":{"@id":"https:\/\/peoplesphere.be\/fr\/#website"},"datePublished":"2023-05-09T13:08:36+00:00","dateModified":"2023-05-09T13:08:36+00:00","breadcrumb":{"@id":"https:\/\/peoplesphere.be\/fr\/remunerations-flexibles-elements-plan-cafeteria-gagnent-popularite\/#breadcrumb"},"inLanguage":"fr-FR","potentialAction":[{"@type":"ReadAction","target":["https:\/\/peoplesphere.be\/fr\/remunerations-flexibles-elements-plan-cafeteria-gagnent-popularite\/"]}]},{"@type":"BreadcrumbList","@id":"https:\/\/peoplesphere.be\/fr\/remunerations-flexibles-elements-plan-cafeteria-gagnent-popularite\/#breadcrumb","itemListElement":[{"@type":"ListItem","position":1,"name":"Accueil","item":"https:\/\/peoplesphere.be\/fr\/"},{"@type":"ListItem","position":2,"name":"R\u00e9mun\u00e9rations flexibles: quels sont les \u00e9l\u00e9ments du plan caf\u00e9t\u00e9ria qui gagnent en popularit\u00e9?"}]},{"@type":"WebSite","@id":"https:\/\/peoplesphere.be\/fr\/#website","url":"https:\/\/peoplesphere.be\/fr\/","name":"Peoplesphere","description":"The People Managers Magazine","publisher":{"@id":"https:\/\/peoplesphere.be\/fr\/#organization"},"potentialAction":[{"@type":"SearchAction","target":{"@type":"EntryPoint","urlTemplate":"https:\/\/peoplesphere.be\/fr\/?s={search_term_string}"},"query-input":"required name=search_term_string"}],"inLanguage":"fr-FR"},{"@type":"Organization","@id":"https:\/\/peoplesphere.be\/fr\/#organization","name":"Peoplesphere Company srl","url":"https:\/\/peoplesphere.be\/fr\/","logo":{"@type":"ImageObject","inLanguage":"fr-FR","@id":"https:\/\/peoplesphere.be\/fr\/#\/schema\/logo\/image\/","url":"https:\/\/peoplesphere.be\/fr\/wp-content\/uploads\/2023\/07\/peoplesphere-lgo-new-generik.jpg","contentUrl":"https:\/\/peoplesphere.be\/fr\/wp-content\/uploads\/2023\/07\/peoplesphere-lgo-new-generik.jpg","width":1031,"height":1479,"caption":"Peoplesphere Company srl"},"image":{"@id":"https:\/\/peoplesphere.be\/fr\/#\/schema\/logo\/image\/"},"sameAs":["https:\/\/www.facebook.com\/peoplesphere","https:\/\/twitter.com\/PeoplesphereMag","https:\/\/www.linkedin.com\/company\/7587361?trk","http:\/\/youtube.com\/peoplesphere"]},{"@type":"Person","@id":"https:\/\/peoplesphere.be\/fr\/#\/schema\/person\/7976225ff17988604334abb7b3536a7e","name":"Jean-Paul Erhard","image":{"@type":"ImageObject","inLanguage":"fr-FR","@id":"https:\/\/peoplesphere.be\/fr\/#\/schema\/person\/image\/","url":"https:\/\/secure.gravatar.com\/avatar\/f941e681460179738071629a51574930?s=96&d=mm&r=g","contentUrl":"https:\/\/secure.gravatar.com\/avatar\/f941e681460179738071629a51574930?s=96&d=mm&r=g","caption":"Jean-Paul Erhard"},"url":"https:\/\/peoplesphere.be\/fr\/author\/jpe\/"}]}},"_links":{"self":[{"href":"https:\/\/peoplesphere.be\/fr\/wp-json\/wp\/v2\/posts\/14408"}],"collection":[{"href":"https:\/\/peoplesphere.be\/fr\/wp-json\/wp\/v2\/posts"}],"about":[{"href":"https:\/\/peoplesphere.be\/fr\/wp-json\/wp\/v2\/types\/post"}],"author":[{"embeddable":true,"href":"https:\/\/peoplesphere.be\/fr\/wp-json\/wp\/v2\/users\/2"}],"replies":[{"embeddable":true,"href":"https:\/\/peoplesphere.be\/fr\/wp-json\/wp\/v2\/comments?post=14408"}],"version-history":[{"count":1,"href":"https:\/\/peoplesphere.be\/fr\/wp-json\/wp\/v2\/posts\/14408\/revisions"}],"predecessor-version":[{"id":14409,"href":"https:\/\/peoplesphere.be\/fr\/wp-json\/wp\/v2\/posts\/14408\/revisions\/14409"}],"wp:attachment":[{"href":"https:\/\/peoplesphere.be\/fr\/wp-json\/wp\/v2\/media?parent=14408"}],"wp:term":[{"taxonomy":"category","embeddable":true,"href":"https:\/\/peoplesphere.be\/fr\/wp-json\/wp\/v2\/categories?post=14408"},{"taxonomy":"post_tag","embeddable":true,"href":"https:\/\/peoplesphere.be\/fr\/wp-json\/wp\/v2\/tags?post=14408"}],"curies":[{"name":"wp","href":"https:\/\/api.w.org\/{rel}","templated":true}]}}