









{"id":14421,"date":"2023-05-11T03:45:12","date_gmt":"2023-05-11T01:45:12","guid":{"rendered":"https:\/\/peoplesphere.be\/fr\/?p=14421"},"modified":"2023-07-28T11:58:43","modified_gmt":"2023-07-28T09:58:43","slug":"editorial-inegalites-a-linterieur-de-nos-entreprises-monde-travail-soyons-attentifs-a-realite-quotidienne-de-nos-collaborateurs-parfois-bien-differente-de","status":"publish","type":"post","link":"https:\/\/peoplesphere.be\/fr\/editorial-inegalites-a-linterieur-de-nos-entreprises-monde-travail-soyons-attentifs-a-realite-quotidienne-de-nos-collaborateurs-parfois-bien-differente-de\/","title":{"rendered":"Editorial &#8211; In\u00e9galit\u00e9s \u00e0 l\u2019int\u00e9rieur de nos entreprises et dans le monde du travail&#8230; Soyons attentifs \u00e0 la r\u00e9alit\u00e9 quotidienne de nos collaborateurs, parfois bien diff\u00e9rente de la n\u00f4tre&#8230;"},"content":{"rendered":"<p>Une des erreurs \u00e0 ne pas faire lorsque l\u2019on appartient \u00e0 la sph\u00e8re des People Managers * consiste \u00e0 croire que nos r\u00e9f\u00e9rences socio-culturelles et grilles de lecture du quotidien sont celles qui conviennent pour tous les travailleurs. Ce n\u2019est pas le cas. Nos \u2018habitudes\u2019 et notre environnement propre nous am\u00e8nent parfois \u00e0 occulter la r\u00e9alit\u00e9 concr\u00e8te de celles et ceux qui travaillent avec nous, \u00e0 des niveaux de responsabilit\u00e9 divers. Nombre d\u2019entre nous sommes des privil\u00e9gi\u00e9s, dot\u00e9s d\u2019un cadre de pens\u00e9e s\u00e9lectif\u2019 qui n\u2019est pas repr\u00e9sentatif de la vie quotidienne de la majorit\u00e9.<!--more--><\/p>\n<p>Il est bon de s\u2019en souvenir lorsqu\u2019il s\u2019agit de comprendre pourquoi tel travailleur est d\u00e9motiv\u00e9, pourquoi un autre collaborateur est inquiet ou encore pourquoi une \u00e9quipe peut se montrer r\u00e9ticente au changement\u2026 Comment penser et agir afin d\u2019\u00e9viter de projeter nos intentions sur des coll\u00e8gues qui ne partagent absolument pas nos sch\u00e9mas de pens\u00e9e?<\/p>\n<p><strong><em>Ni sociologues, ni psychologues&#8230;<\/em><\/strong><\/p>\n<p>Nous n\u2019avons pas rencontr\u00e9 beaucoup de professionnels RH qui ont suivi (subi ?) un cursus initial en sociologie, et qui disposeraient \u00e0 ce titre d\u2019une lecture fine des dynamiques actuelles dans notre soci\u00e9t\u00e9. Pourtant, c\u2019est bien l\u00e0 l\u2019enjeu. Il est importantissime de comprendre l\u2019environnement dans lequel nous \u00e9voluons si nous voulons comprendre ce qui anime nos travailleurs. C\u2019est une comp\u00e9tence en soi mais rares sont les professionnels RH qui disposent des qualifications requises. Les psys sont nettement plus nombreux dans les communaut\u00e9s des People Managers et mieux \u00e9quip\u00e9s pour d\u00e9coder les pens\u00e9es profondes et les r\u00e9flexes de nos semblables. Sans garantie pourtant quant \u00e0 la pertinence de ce type d\u2019\u00e9valuation.<br \/>\nCe dont nous avons besoin, ce n\u2019est pas tellement d\u2019une formation approfondie en sociologie ou en psychologie. C\u2019est plut\u00f4t d&rsquo;une \u00e9thique de travail qui consiste \u00e0 ne pas projeter nos standards sur la vie des autres. En soi, ceci est sans doute plus proche de la philosophie, dans le sens o\u00f9 nous devrions rester \u2018connect\u00e9s\u2019 aux attentes et besoins de nos collaborateurs. Et cela participe d\u2019un rapport d\u00e9finitivement ouvert aux autres et \u00e0 leurs pr\u00e9occupations.<br \/>\nD\u00e9velopper cette forme de bon sens intrins\u00e8que correspond toutefois \u00e0 acqu\u00e9rir une comp\u00e9tence nouvelle, qui pr\u00e9voit que nous commencions par nous lib\u00e9rer des id\u00e9es re\u00e7ues et autres pr\u00e9jug\u00e9s, puis que nous passions en mode \u2018vis ma vie\u2019 avec chaque travailleur en qu\u00eate d\u2019\u00e9coute ou d\u2019accompagnement.<\/p>\n<p><strong><em>R\u00e9duire voire corriger les in\u00e9galit\u00e9s<\/em><\/strong><\/p>\n<p>Une des probl\u00e9matiques que nous rencontrons par ailleurs dans nos entreprises est la domination g\u00e9n\u00e9rale exerc\u00e9e par le principe de m\u00e9ritocratie. M\u00eame s\u2019il ne s\u2019agit pas ici de le remettre en cause, nous pouvons r\u00e9aliser que, dans le long terme, celui-ci peut cr\u00e9er de v\u00e9ritables foss\u00e9s entre les travailleurs. C\u2019est le danger de l\u2019individualisation. Non seulement, cela g\u00e9n\u00e8re de l\u2019\u00e9go\u00efsme. Mais aussi, cela renforce les in\u00e9galit\u00e9s si nous ne veillons pas \u00e0 aider les coll\u00e8gues qui souffrent, peu importe que l\u2019origine du \u2018mal\u2019 soit priv\u00e9e ou professionnelle.<br \/>\nAu fond, la question qui se pose aux People Managers est peut-\u00eatre la suivante: pouvons-nous nous satisfaire d\u2019appliquer le principe du \u00ab\u00a0marche ou cr\u00e8ve! \u00bb dans nos organisations? Cela peut sembler caricatural\u2026 Mais les d\u00e9clarations d\u2019intention en mati\u00e8re d\u2019entraide et de solidarit\u00e9 au sein de nos \u00e9quipes se heurtent souvent \u00e0 une r\u00e9alit\u00e9 moins \u2018chaleureuse\u2019\u2026 Les situations de vuln\u00e9rabilit\u00e9 sont nombreuses dans l\u2019entreprise aujourd\u2019hui. Et elles concernent d\u00e9sormais tous les niveaux de responsabilit\u00e9. L\u2019une des missions cl\u00e9s de la fonction RH consiste d\u2019apr\u00e8s nous \u00e0 assurer une approche collective nettement plus inclusive que celle que nous avons connue jusqu\u2019\u00e0 pr\u00e9sent. Sans cette dimension collective, l\u2019\u00e9cart va se creuser de mani\u00e8re irr\u00e9m\u00e9diable entre celles et ceux qui r\u00e9ussissent et les autres. Et nous ne pouvons tout simplement pas nous le permettre.<\/p>\n<p><strong><em>Absorber la mis\u00e8re du monde au risque de s\u2019y noyer?<\/em><\/strong><\/p>\n<p>Nous sommes, toutes et tous et \u00e0 des degr\u00e9s divers, des \u00e9ponges\u2026 Question donc : \u00e0 force d\u2019entendre (et peut-\u00eatre d\u2019absorber) les complaintes de nos collaborateurs, quel est le risque de s\u2019y perdre? Un \u00eatre normalement constitu\u00e9 peut difficilement rester de marbre face aux difficult\u00e9s que rencontrent ceux qui nous entourent. Il est possible de faire face, de tenir le coup en soci\u00e9t\u00e9, voire d\u2019afficher une forme de distance pour se prot\u00e9ger. A terme toutefois, les probl\u00e8mes &#8211; y compris lorsqu\u2019il s\u2019agit de ceux des autres &#8211; s\u2019accumulent jusqu\u2019\u00e0 ce que cela d\u00e9borde. Faut-il se renoncer alors \u00e0 les entendre? Non. Faut-il se pr\u00e9munir en d\u00e9veloppant une carapace imperm\u00e9able? L\u2019option que nous retiendrons consiste plut\u00f4t \u00e0 d\u00e9velopper un mod\u00e8le d\u2019intelligence situationnelle digne du cam\u00e9l\u00e9on. \u00catre capable d\u2019adopter les r\u00e9f\u00e9rences et d\u2019int\u00e9grer les probl\u00e9matiques de ses interlocuteurs devrait devenir la \u2019soft skill\u2019 principale \u00e0 acqu\u00e9rir d\u2019urgence.<\/p>\n<p>Dans la lign\u00e9e des paradoxes multiples qui animent notre march\u00e9 du travail, nous retiendrons celui-ci: dans nos positions manag\u00e9riales, nous sommes \u00e0 la fois d\u00e9connect\u00e9s de la r\u00e9alit\u00e9 parfois dure des travailleurs de premi\u00e8re ligne et charg\u00e9s d\u2019assurer l\u2019inclusion et la mixit\u00e9 sociale. Nous savons que cette capacit\u00e9 \u00e0 int\u00e9grer la diversit\u00e9 de notre soci\u00e9t\u00e9 dans nos entreprises est un atout consid\u00e9rable. Au-del\u00e0, c\u2019est v\u00e9ritablement une responsabilit\u00e9 fondamentale. Ceci \u00e9tant, confier ce r\u00f4le \u00e0 des dirigeants qui ont parfois perdu le contact avec ce que les travailleurs doivent g\u00e9rer dans des vies pas forc\u00e9ment joyeuses, certains pourront penser que c\u2019est un combat perdu d\u2019avance\u2026 Au contraire, cela nous oblige, \u00e0 quelque niveau que ce soit, \u00e0 tendre l\u2019oreille, et parfois m\u00eame, \u00e0 tendre la main.<\/p>\n<p><em>Jean-Paul Erhard<\/em><\/p>\n<p>&nbsp;<\/p>\n<p><em>* Note pour plus tard : refaire la liste des 7 p\u00e9ch\u00e9s capitaux RH asap. Qui sait\u2026 Cela pourrait rendre service ponctuellement \u00e0 l\u2019une ou l\u2019autre d\u2019entre nous. Le rendez-vous est pris.<\/em><\/p>\n","protected":false},"excerpt":{"rendered":"<p>Une des erreurs \u00e0 ne pas faire lorsque l\u2019on appartient \u00e0 la sph\u00e8re des People Managers * consiste \u00e0 croire que nos r\u00e9f\u00e9rences socio-culturelles et grilles de lecture du quotidien sont celles qui conviennent pour tous les travailleurs. Ce n\u2019est [&hellip;]<\/p>\n","protected":false},"author":2,"featured_media":14422,"comment_status":"closed","ping_status":"open","sticky":false,"template":"","format":"standard","meta":[],"categories":[65,62,10,2],"tags":[],"yoast_head":"<!-- This site is optimized with the Yoast SEO plugin v21.0 - https:\/\/yoast.com\/wordpress\/plugins\/seo\/ -->\n<title>Editorial - In\u00e9galit\u00e9s \u00e0 l\u2019int\u00e9rieur de nos entreprises et dans le monde du travail... Soyons attentifs \u00e0 la r\u00e9alit\u00e9 quotidienne de nos collaborateurs, parfois bien diff\u00e9rente de la n\u00f4tre... - Peoplesphere<\/title>\n<meta name=\"robots\" content=\"index, follow, max-snippet:-1, max-image-preview:large, max-video-preview:-1\" \/>\n<link rel=\"canonical\" href=\"https:\/\/peoplesphere.be\/fr\/editorial-inegalites-a-linterieur-de-nos-entreprises-monde-travail-soyons-attentifs-a-realite-quotidienne-de-nos-collaborateurs-parfois-bien-differente-de\/\" \/>\n<meta property=\"og:locale\" content=\"fr_FR\" \/>\n<meta property=\"og:type\" content=\"article\" \/>\n<meta property=\"og:title\" content=\"Editorial - In\u00e9galit\u00e9s \u00e0 l\u2019int\u00e9rieur de nos entreprises et dans le monde du travail... Soyons attentifs \u00e0 la r\u00e9alit\u00e9 quotidienne de nos collaborateurs, parfois bien diff\u00e9rente de la n\u00f4tre... - Peoplesphere\" \/>\n<meta property=\"og:description\" content=\"Une des erreurs \u00e0 ne pas faire lorsque l\u2019on appartient \u00e0 la sph\u00e8re des People Managers * consiste \u00e0 croire que nos r\u00e9f\u00e9rences socio-culturelles et grilles de lecture du quotidien sont celles qui conviennent pour tous les travailleurs. Ce n\u2019est [&hellip;]\" \/>\n<meta property=\"og:url\" content=\"https:\/\/peoplesphere.be\/fr\/editorial-inegalites-a-linterieur-de-nos-entreprises-monde-travail-soyons-attentifs-a-realite-quotidienne-de-nos-collaborateurs-parfois-bien-differente-de\/\" \/>\n<meta property=\"og:site_name\" content=\"Peoplesphere\" \/>\n<meta property=\"article:publisher\" content=\"https:\/\/www.facebook.com\/peoplesphere\" \/>\n<meta property=\"article:published_time\" content=\"2023-05-11T01:45:12+00:00\" \/>\n<meta property=\"article:modified_time\" content=\"2023-07-28T09:58:43+00:00\" \/>\n<meta property=\"og:image\" content=\"https:\/\/peoplesphere.be\/fr\/wp-content\/uploads\/2023\/05\/20230511tendremain.jpg\" \/>\n\t<meta property=\"og:image:width\" content=\"626\" \/>\n\t<meta property=\"og:image:height\" content=\"417\" \/>\n\t<meta property=\"og:image:type\" content=\"image\/jpeg\" \/>\n<meta name=\"author\" content=\"Jean-Paul Erhard\" \/>\n<meta name=\"twitter:card\" content=\"summary_large_image\" \/>\n<meta name=\"twitter:creator\" content=\"@PeoplesphereMag\" \/>\n<meta name=\"twitter:site\" content=\"@PeoplesphereMag\" \/>\n<meta name=\"twitter:label1\" content=\"\u00c9crit par\" \/>\n\t<meta name=\"twitter:data1\" content=\"Jean-Paul Erhard\" \/>\n\t<meta name=\"twitter:label2\" content=\"Dur\u00e9e de lecture estim\u00e9e\" \/>\n\t<meta name=\"twitter:data2\" content=\"5 minutes\" \/>\n<script type=\"application\/ld+json\" class=\"yoast-schema-graph\">{\"@context\":\"https:\/\/schema.org\",\"@graph\":[{\"@type\":\"Article\",\"@id\":\"https:\/\/peoplesphere.be\/fr\/editorial-inegalites-a-linterieur-de-nos-entreprises-monde-travail-soyons-attentifs-a-realite-quotidienne-de-nos-collaborateurs-parfois-bien-differente-de\/#article\",\"isPartOf\":{\"@id\":\"https:\/\/peoplesphere.be\/fr\/editorial-inegalites-a-linterieur-de-nos-entreprises-monde-travail-soyons-attentifs-a-realite-quotidienne-de-nos-collaborateurs-parfois-bien-differente-de\/\"},\"author\":{\"name\":\"Jean-Paul Erhard\",\"@id\":\"https:\/\/peoplesphere.be\/fr\/#\/schema\/person\/7976225ff17988604334abb7b3536a7e\"},\"headline\":\"Editorial &#8211; In\u00e9galit\u00e9s \u00e0 l\u2019int\u00e9rieur de nos entreprises et dans le monde du travail&#8230; Soyons attentifs \u00e0 la r\u00e9alit\u00e9 quotidienne de nos collaborateurs, parfois bien diff\u00e9rente de la n\u00f4tre&#8230;\",\"datePublished\":\"2023-05-11T01:45:12+00:00\",\"dateModified\":\"2023-07-28T09:58:43+00:00\",\"mainEntityOfPage\":{\"@id\":\"https:\/\/peoplesphere.be\/fr\/editorial-inegalites-a-linterieur-de-nos-entreprises-monde-travail-soyons-attentifs-a-realite-quotidienne-de-nos-collaborateurs-parfois-bien-differente-de\/\"},\"wordCount\":1090,\"publisher\":{\"@id\":\"https:\/\/peoplesphere.be\/fr\/#organization\"},\"articleSection\":[\"Actualit\u00e9s\",\"Articles\",\"Digital\",\"Magazine\"],\"inLanguage\":\"fr-FR\"},{\"@type\":\"WebPage\",\"@id\":\"https:\/\/peoplesphere.be\/fr\/editorial-inegalites-a-linterieur-de-nos-entreprises-monde-travail-soyons-attentifs-a-realite-quotidienne-de-nos-collaborateurs-parfois-bien-differente-de\/\",\"url\":\"https:\/\/peoplesphere.be\/fr\/editorial-inegalites-a-linterieur-de-nos-entreprises-monde-travail-soyons-attentifs-a-realite-quotidienne-de-nos-collaborateurs-parfois-bien-differente-de\/\",\"name\":\"Editorial - In\u00e9galit\u00e9s \u00e0 l\u2019int\u00e9rieur de nos entreprises et dans le monde du travail... Soyons attentifs \u00e0 la r\u00e9alit\u00e9 quotidienne de nos collaborateurs, parfois bien diff\u00e9rente de la n\u00f4tre... - Peoplesphere\",\"isPartOf\":{\"@id\":\"https:\/\/peoplesphere.be\/fr\/#website\"},\"datePublished\":\"2023-05-11T01:45:12+00:00\",\"dateModified\":\"2023-07-28T09:58:43+00:00\",\"breadcrumb\":{\"@id\":\"https:\/\/peoplesphere.be\/fr\/editorial-inegalites-a-linterieur-de-nos-entreprises-monde-travail-soyons-attentifs-a-realite-quotidienne-de-nos-collaborateurs-parfois-bien-differente-de\/#breadcrumb\"},\"inLanguage\":\"fr-FR\",\"potentialAction\":[{\"@type\":\"ReadAction\",\"target\":[\"https:\/\/peoplesphere.be\/fr\/editorial-inegalites-a-linterieur-de-nos-entreprises-monde-travail-soyons-attentifs-a-realite-quotidienne-de-nos-collaborateurs-parfois-bien-differente-de\/\"]}]},{\"@type\":\"BreadcrumbList\",\"@id\":\"https:\/\/peoplesphere.be\/fr\/editorial-inegalites-a-linterieur-de-nos-entreprises-monde-travail-soyons-attentifs-a-realite-quotidienne-de-nos-collaborateurs-parfois-bien-differente-de\/#breadcrumb\",\"itemListElement\":[{\"@type\":\"ListItem\",\"position\":1,\"name\":\"Accueil\",\"item\":\"https:\/\/peoplesphere.be\/fr\/\"},{\"@type\":\"ListItem\",\"position\":2,\"name\":\"Editorial &#8211; In\u00e9galit\u00e9s \u00e0 l\u2019int\u00e9rieur de nos entreprises et dans le monde du travail&#8230; Soyons attentifs \u00e0 la r\u00e9alit\u00e9 quotidienne de nos collaborateurs, parfois bien diff\u00e9rente de la n\u00f4tre&#8230;\"}]},{\"@type\":\"WebSite\",\"@id\":\"https:\/\/peoplesphere.be\/fr\/#website\",\"url\":\"https:\/\/peoplesphere.be\/fr\/\",\"name\":\"Peoplesphere\",\"description\":\"The People Managers Magazine\",\"publisher\":{\"@id\":\"https:\/\/peoplesphere.be\/fr\/#organization\"},\"potentialAction\":[{\"@type\":\"SearchAction\",\"target\":{\"@type\":\"EntryPoint\",\"urlTemplate\":\"https:\/\/peoplesphere.be\/fr\/?s={search_term_string}\"},\"query-input\":\"required name=search_term_string\"}],\"inLanguage\":\"fr-FR\"},{\"@type\":\"Organization\",\"@id\":\"https:\/\/peoplesphere.be\/fr\/#organization\",\"name\":\"Peoplesphere Company srl\",\"url\":\"https:\/\/peoplesphere.be\/fr\/\",\"logo\":{\"@type\":\"ImageObject\",\"inLanguage\":\"fr-FR\",\"@id\":\"https:\/\/peoplesphere.be\/fr\/#\/schema\/logo\/image\/\",\"url\":\"https:\/\/peoplesphere.be\/fr\/wp-content\/uploads\/2023\/07\/peoplesphere-lgo-new-generik.jpg\",\"contentUrl\":\"https:\/\/peoplesphere.be\/fr\/wp-content\/uploads\/2023\/07\/peoplesphere-lgo-new-generik.jpg\",\"width\":1031,\"height\":1479,\"caption\":\"Peoplesphere Company srl\"},\"image\":{\"@id\":\"https:\/\/peoplesphere.be\/fr\/#\/schema\/logo\/image\/\"},\"sameAs\":[\"https:\/\/www.facebook.com\/peoplesphere\",\"https:\/\/twitter.com\/PeoplesphereMag\",\"https:\/\/www.linkedin.com\/company\/7587361?trk\",\"http:\/\/youtube.com\/peoplesphere\"]},{\"@type\":\"Person\",\"@id\":\"https:\/\/peoplesphere.be\/fr\/#\/schema\/person\/7976225ff17988604334abb7b3536a7e\",\"name\":\"Jean-Paul Erhard\",\"image\":{\"@type\":\"ImageObject\",\"inLanguage\":\"fr-FR\",\"@id\":\"https:\/\/peoplesphere.be\/fr\/#\/schema\/person\/image\/\",\"url\":\"https:\/\/secure.gravatar.com\/avatar\/f941e681460179738071629a51574930?s=96&d=mm&r=g\",\"contentUrl\":\"https:\/\/secure.gravatar.com\/avatar\/f941e681460179738071629a51574930?s=96&d=mm&r=g\",\"caption\":\"Jean-Paul Erhard\"},\"url\":\"https:\/\/peoplesphere.be\/fr\/author\/jpe\/\"}]}<\/script>\n<!-- \/ Yoast SEO plugin. -->","yoast_head_json":{"title":"Editorial - In\u00e9galit\u00e9s \u00e0 l\u2019int\u00e9rieur de nos entreprises et dans le monde du travail... Soyons attentifs \u00e0 la r\u00e9alit\u00e9 quotidienne de nos collaborateurs, parfois bien diff\u00e9rente de la n\u00f4tre... - Peoplesphere","robots":{"index":"index","follow":"follow","max-snippet":"max-snippet:-1","max-image-preview":"max-image-preview:large","max-video-preview":"max-video-preview:-1"},"canonical":"https:\/\/peoplesphere.be\/fr\/editorial-inegalites-a-linterieur-de-nos-entreprises-monde-travail-soyons-attentifs-a-realite-quotidienne-de-nos-collaborateurs-parfois-bien-differente-de\/","og_locale":"fr_FR","og_type":"article","og_title":"Editorial - In\u00e9galit\u00e9s \u00e0 l\u2019int\u00e9rieur de nos entreprises et dans le monde du travail... Soyons attentifs \u00e0 la r\u00e9alit\u00e9 quotidienne de nos collaborateurs, parfois bien diff\u00e9rente de la n\u00f4tre... - Peoplesphere","og_description":"Une des erreurs \u00e0 ne pas faire lorsque l\u2019on appartient \u00e0 la sph\u00e8re des People Managers * consiste \u00e0 croire que nos r\u00e9f\u00e9rences socio-culturelles et grilles de lecture du quotidien sont celles qui conviennent pour tous les travailleurs. Ce n\u2019est [&hellip;]","og_url":"https:\/\/peoplesphere.be\/fr\/editorial-inegalites-a-linterieur-de-nos-entreprises-monde-travail-soyons-attentifs-a-realite-quotidienne-de-nos-collaborateurs-parfois-bien-differente-de\/","og_site_name":"Peoplesphere","article_publisher":"https:\/\/www.facebook.com\/peoplesphere","article_published_time":"2023-05-11T01:45:12+00:00","article_modified_time":"2023-07-28T09:58:43+00:00","og_image":[{"width":626,"height":417,"url":"https:\/\/peoplesphere.be\/fr\/wp-content\/uploads\/2023\/05\/20230511tendremain.jpg","type":"image\/jpeg"}],"author":"Jean-Paul Erhard","twitter_card":"summary_large_image","twitter_creator":"@PeoplesphereMag","twitter_site":"@PeoplesphereMag","twitter_misc":{"\u00c9crit par":"Jean-Paul Erhard","Dur\u00e9e de lecture estim\u00e9e":"5 minutes"},"schema":{"@context":"https:\/\/schema.org","@graph":[{"@type":"Article","@id":"https:\/\/peoplesphere.be\/fr\/editorial-inegalites-a-linterieur-de-nos-entreprises-monde-travail-soyons-attentifs-a-realite-quotidienne-de-nos-collaborateurs-parfois-bien-differente-de\/#article","isPartOf":{"@id":"https:\/\/peoplesphere.be\/fr\/editorial-inegalites-a-linterieur-de-nos-entreprises-monde-travail-soyons-attentifs-a-realite-quotidienne-de-nos-collaborateurs-parfois-bien-differente-de\/"},"author":{"name":"Jean-Paul Erhard","@id":"https:\/\/peoplesphere.be\/fr\/#\/schema\/person\/7976225ff17988604334abb7b3536a7e"},"headline":"Editorial &#8211; In\u00e9galit\u00e9s \u00e0 l\u2019int\u00e9rieur de nos entreprises et dans le monde du travail&#8230; Soyons attentifs \u00e0 la r\u00e9alit\u00e9 quotidienne de nos collaborateurs, parfois bien diff\u00e9rente de la n\u00f4tre&#8230;","datePublished":"2023-05-11T01:45:12+00:00","dateModified":"2023-07-28T09:58:43+00:00","mainEntityOfPage":{"@id":"https:\/\/peoplesphere.be\/fr\/editorial-inegalites-a-linterieur-de-nos-entreprises-monde-travail-soyons-attentifs-a-realite-quotidienne-de-nos-collaborateurs-parfois-bien-differente-de\/"},"wordCount":1090,"publisher":{"@id":"https:\/\/peoplesphere.be\/fr\/#organization"},"articleSection":["Actualit\u00e9s","Articles","Digital","Magazine"],"inLanguage":"fr-FR"},{"@type":"WebPage","@id":"https:\/\/peoplesphere.be\/fr\/editorial-inegalites-a-linterieur-de-nos-entreprises-monde-travail-soyons-attentifs-a-realite-quotidienne-de-nos-collaborateurs-parfois-bien-differente-de\/","url":"https:\/\/peoplesphere.be\/fr\/editorial-inegalites-a-linterieur-de-nos-entreprises-monde-travail-soyons-attentifs-a-realite-quotidienne-de-nos-collaborateurs-parfois-bien-differente-de\/","name":"Editorial - In\u00e9galit\u00e9s \u00e0 l\u2019int\u00e9rieur de nos entreprises et dans le monde du travail... Soyons attentifs \u00e0 la r\u00e9alit\u00e9 quotidienne de nos collaborateurs, parfois bien diff\u00e9rente de la n\u00f4tre... - Peoplesphere","isPartOf":{"@id":"https:\/\/peoplesphere.be\/fr\/#website"},"datePublished":"2023-05-11T01:45:12+00:00","dateModified":"2023-07-28T09:58:43+00:00","breadcrumb":{"@id":"https:\/\/peoplesphere.be\/fr\/editorial-inegalites-a-linterieur-de-nos-entreprises-monde-travail-soyons-attentifs-a-realite-quotidienne-de-nos-collaborateurs-parfois-bien-differente-de\/#breadcrumb"},"inLanguage":"fr-FR","potentialAction":[{"@type":"ReadAction","target":["https:\/\/peoplesphere.be\/fr\/editorial-inegalites-a-linterieur-de-nos-entreprises-monde-travail-soyons-attentifs-a-realite-quotidienne-de-nos-collaborateurs-parfois-bien-differente-de\/"]}]},{"@type":"BreadcrumbList","@id":"https:\/\/peoplesphere.be\/fr\/editorial-inegalites-a-linterieur-de-nos-entreprises-monde-travail-soyons-attentifs-a-realite-quotidienne-de-nos-collaborateurs-parfois-bien-differente-de\/#breadcrumb","itemListElement":[{"@type":"ListItem","position":1,"name":"Accueil","item":"https:\/\/peoplesphere.be\/fr\/"},{"@type":"ListItem","position":2,"name":"Editorial &#8211; In\u00e9galit\u00e9s \u00e0 l\u2019int\u00e9rieur de nos entreprises et dans le monde du travail&#8230; Soyons attentifs \u00e0 la r\u00e9alit\u00e9 quotidienne de nos collaborateurs, parfois bien diff\u00e9rente de la n\u00f4tre&#8230;"}]},{"@type":"WebSite","@id":"https:\/\/peoplesphere.be\/fr\/#website","url":"https:\/\/peoplesphere.be\/fr\/","name":"Peoplesphere","description":"The People Managers Magazine","publisher":{"@id":"https:\/\/peoplesphere.be\/fr\/#organization"},"potentialAction":[{"@type":"SearchAction","target":{"@type":"EntryPoint","urlTemplate":"https:\/\/peoplesphere.be\/fr\/?s={search_term_string}"},"query-input":"required name=search_term_string"}],"inLanguage":"fr-FR"},{"@type":"Organization","@id":"https:\/\/peoplesphere.be\/fr\/#organization","name":"Peoplesphere Company srl","url":"https:\/\/peoplesphere.be\/fr\/","logo":{"@type":"ImageObject","inLanguage":"fr-FR","@id":"https:\/\/peoplesphere.be\/fr\/#\/schema\/logo\/image\/","url":"https:\/\/peoplesphere.be\/fr\/wp-content\/uploads\/2023\/07\/peoplesphere-lgo-new-generik.jpg","contentUrl":"https:\/\/peoplesphere.be\/fr\/wp-content\/uploads\/2023\/07\/peoplesphere-lgo-new-generik.jpg","width":1031,"height":1479,"caption":"Peoplesphere Company srl"},"image":{"@id":"https:\/\/peoplesphere.be\/fr\/#\/schema\/logo\/image\/"},"sameAs":["https:\/\/www.facebook.com\/peoplesphere","https:\/\/twitter.com\/PeoplesphereMag","https:\/\/www.linkedin.com\/company\/7587361?trk","http:\/\/youtube.com\/peoplesphere"]},{"@type":"Person","@id":"https:\/\/peoplesphere.be\/fr\/#\/schema\/person\/7976225ff17988604334abb7b3536a7e","name":"Jean-Paul Erhard","image":{"@type":"ImageObject","inLanguage":"fr-FR","@id":"https:\/\/peoplesphere.be\/fr\/#\/schema\/person\/image\/","url":"https:\/\/secure.gravatar.com\/avatar\/f941e681460179738071629a51574930?s=96&d=mm&r=g","contentUrl":"https:\/\/secure.gravatar.com\/avatar\/f941e681460179738071629a51574930?s=96&d=mm&r=g","caption":"Jean-Paul Erhard"},"url":"https:\/\/peoplesphere.be\/fr\/author\/jpe\/"}]}},"_links":{"self":[{"href":"https:\/\/peoplesphere.be\/fr\/wp-json\/wp\/v2\/posts\/14421"}],"collection":[{"href":"https:\/\/peoplesphere.be\/fr\/wp-json\/wp\/v2\/posts"}],"about":[{"href":"https:\/\/peoplesphere.be\/fr\/wp-json\/wp\/v2\/types\/post"}],"author":[{"embeddable":true,"href":"https:\/\/peoplesphere.be\/fr\/wp-json\/wp\/v2\/users\/2"}],"replies":[{"embeddable":true,"href":"https:\/\/peoplesphere.be\/fr\/wp-json\/wp\/v2\/comments?post=14421"}],"version-history":[{"count":5,"href":"https:\/\/peoplesphere.be\/fr\/wp-json\/wp\/v2\/posts\/14421\/revisions"}],"predecessor-version":[{"id":14770,"href":"https:\/\/peoplesphere.be\/fr\/wp-json\/wp\/v2\/posts\/14421\/revisions\/14770"}],"wp:featuredmedia":[{"embeddable":true,"href":"https:\/\/peoplesphere.be\/fr\/wp-json\/wp\/v2\/media\/14422"}],"wp:attachment":[{"href":"https:\/\/peoplesphere.be\/fr\/wp-json\/wp\/v2\/media?parent=14421"}],"wp:term":[{"taxonomy":"category","embeddable":true,"href":"https:\/\/peoplesphere.be\/fr\/wp-json\/wp\/v2\/categories?post=14421"},{"taxonomy":"post_tag","embeddable":true,"href":"https:\/\/peoplesphere.be\/fr\/wp-json\/wp\/v2\/tags?post=14421"}],"curies":[{"name":"wp","href":"https:\/\/api.w.org\/{rel}","templated":true}]}}