









{"id":14493,"date":"2023-06-02T07:42:26","date_gmt":"2023-06-02T05:42:26","guid":{"rendered":"https:\/\/peoplesphere.be\/fr\/?p=14493"},"modified":"2023-06-02T07:42:26","modified_gmt":"2023-06-02T05:42:26","slug":"droit-a-deconnexion-60-travailleurs-declarent-connaitre-directives-instaurees-employeur","status":"publish","type":"post","link":"https:\/\/peoplesphere.be\/fr\/droit-a-deconnexion-60-travailleurs-declarent-connaitre-directives-instaurees-employeur\/","title":{"rendered":"Droit \u00e0 la d\u00e9connexion: 60% des travailleurs d\u00e9clarent conna\u00eetre les directives instaur\u00e9es par leur employeur."},"content":{"rendered":"<p>Deux mois apr\u00e8s l\u2019instauration obligatoire du droit \u00e0 la d\u00e9connexion, pr\u00e8s de six travailleurs sur dix sont d\u00e9j\u00e0 au courant des directives instaur\u00e9es par leur employeur \u00e0 ce sujet. En outre, un travailleur sur deux d\u00e9clare se sentir (tr\u00e8s) bien mentalement pour le moment sur le lieu de travail. Cependant, les employeurs \u00e9valuent de mani\u00e8re plus positive le bien-\u00eatre mental de leurs travailleurs : huit sur dix pensent que leurs travailleurs se sentent bien, voire tr\u00e8s bien, dans leur peau.<!--more--><\/p>\n<p>C\u2019est ce qu\u2019il ressort d\u2019une enqu\u00eate men\u00e9e par l\u2019entreprise de services RH Acerta et StepStone aupr\u00e8s de 2500 travailleurs de notre pays. \u00ab\u00a0<em>C&rsquo;est une opportunit\u00e9 pour les employeurs de combler cette lacune en commen\u00e7ant par dresser un \u00e9tat des lieux du bien-\u00eatre mental, puis en \u00e9laborant un plan d&rsquo;action concret\u00a0\u00bb,<\/em> d\u00e9clarent les experts d\u2019Acerta.<\/p>\n<p>Afin d\u2019\u00eatre en r\u00e8gle avec le Deal pour l\u2019emploi, depuis le 1er avril, les entreprises doivent avoir conclu avec leurs travailleurs des accords sur le droit \u00e0 la d\u00e9connexion apr\u00e8s les heures de travail. Plus de la moiti\u00e9 des travailleurs (57,4%) sont au courant des directives sp\u00e9cifiques dans leur entreprise, selon la derni\u00e8re \u00e9tude d\u2019Acerta Consult et Stepstone, qui a interrog\u00e9 plus de 2500 travailleurs. 42,6% des travailleurs ne savent pas encore quels sont les accords en vigueur au sein de leur entreprise concernant l\u2019utilisation des e-mails, du t\u00e9l\u00e9phone et des moyens de communication num\u00e9riques en dehors des heures de travail.<\/p>\n<p>Laura Couchard, experte juridique chez Acerta Consult : \u00ab\u00a0<em>Il est important non seulement d\u2019avoir des accords formels sur la d\u00e9connexion au sein d\u2019une entreprise, comme le prescrit le Deal pour l\u2019emploi, mais aussi que les travailleurs en aient connaissance et puissent les appliquer. Sur ce plan, les dirigeants ont un r\u00f4le important \u00e0 jouer. Ils sont charg\u00e9s de transposer les accords conclus au niveau de l\u2019entreprise pour les personnes travaillant sur le terrain et dans le cadre du t\u00e9l\u00e9travail. Ils peuvent faire cette transposition en donnant des conseils concrets \u00e0 leurs collaborateurs pour se d\u00e9connecter et en veillant au respect des directives : par exemple, d\u00e9sactivez les notifications de votre GSM et de votre ordinateur apr\u00e8s les heures de travail, gardez s\u00e9par\u00e9es vie professionnelle et vie priv\u00e9e en travaillant dans une pi\u00e8ce distincte lors du t\u00e9l\u00e9travail, n\u2019utilisez pas WhatsApp pour des questions d\u2019ordre professionnel apr\u00e8s les heures de travail, etc.\u00a0\u00bb<\/em><\/p>\n<h3><strong><em>Des accords sur la d\u00e9connexion sont importants pour le bien-\u00eatre mental<\/em><\/strong><\/h3>\n<p>Des accords clairs sur la d\u00e9connexion ont une incidence sur l\u2019\u00e9quilibre entre vie professionnelle et vie priv\u00e9e, et donc sur le bien-\u00eatre mental des travailleurs. Les chiffres le confirment aussi. La moiti\u00e9 (50,3 %) des travailleurs belges d\u00e9clarent se sentir d\u00e9j\u00e0 bien, voire tr\u00e8s bien, mentalement aupr\u00e8s de leur employeur actuel, alors que pour plus d\u2019un travailleur sur cinq (22,1 %), ce n\u2019est (absolument) pas le cas. Ce sont surtout les quadrag\u00e9naires et les quinquag\u00e9naires qui subissent actuellement le plus grand stress mental sur le lieu de travail.<\/p>\n<p>Laura Couchard : <em>\u00ab\u00a0Les employeurs per\u00e7oivent la sant\u00e9 mentale de leurs travailleurs autrement que les travailleurs eux-m\u00eames. Dans notre pr\u00e9c\u00e9dente enqu\u00eate, huit entreprises sur dix estimaient que leurs travailleurs se sentaient bien, voire tr\u00e8s bien, au travail. Les r\u00e9sultats d\u00e9montrent qu\u2019il est important de conna\u00eetre les bons chiffres. Le bien-\u00eatre mental est une priorit\u00e9 chez les employeurs, mais y travailler ne l\u2019est pas encore. Mesurer l\u2019\u00e9tat mental des travailleurs est un premier pas important dans cette direction. En tant qu\u2019employeur, vous avez besoin d\u2019informations aussi concr\u00e8tes et exhaustives que possible, pour d\u00e9terminer les bonnes actions et mesurer ensuite le succ\u00e8s de ces actions.\u00a0\u00bb<\/em><\/p>\n<h3><strong><em>De nombreuses entreprises utilisent des horaires de travail flottants<\/em><\/strong><\/h3>\n<p>Interrog\u00e9s sur les raisons pour lesquelles les travailleurs ne se sentent toujours pas bien mentalement sur le lieu de travail, 38% d\u2019entre eux \u00e9voquent le stress caus\u00e9 par le travail proprement dit. 35% d\u00e9clarent par ailleurs que leur \u00e9quilibre vie professionnelle-vie priv\u00e9e n\u2019est pas satisfaisant. 23% font au contraire r\u00e9f\u00e9rence \u00e0 leur situation personnelle, et 18,3% \u00e0 la r\u00e9alit\u00e9 \u00e9conomique au sens large (prix de l\u2019\u00e9nergie, inflation, incertitude \u00e9conomique). Un grand nombre d\u2019entreprises prennent d\u00e9j\u00e0 des mesures sp\u00e9cifiques pour am\u00e9liorer l\u2019\u00e9quilibre entre vie professionnelle et vie priv\u00e9e ainsi que le bien-\u00eatre mental de leurs travailleurs. Sept entreprises sur dix misent sur des horaires de travail flottants. 46% autorisent \u00e9galement le travail \u00e0 temps partiel et 42% consid\u00e8rent plus de t\u00e9l\u00e9travail comme un moyen pour leurs travailleurs de maintenir l\u2019\u00e9quilibre entre vie professionnelle et vie priv\u00e9e.<\/p>\n<h3><strong><em>Plus de vacances et plus de t\u00e9l\u00e9travail<\/em><\/strong><\/h3>\n<p>Si l\u2019on demande aux travailleurs eux-m\u00eames ce qui les aiderait \u00e0 se sentir mieux mentalement, les mesures les plus \u00e9videntes s\u2019av\u00e8rent surtout \u00eatre plus de vacances et plus de t\u00e9l\u00e9travail (36,5%). Les travailleurs voient \u00e9galement leur salut dans l\u2019am\u00e9nagement d\u2019horaires flottants (32,5%), le travail \u00e0 temps partiel (13,7%) et une application assouplie du droit au cong\u00e9 parental\/cr\u00e9dit-temps (10,4%). 1 personne sur 5 (21,5%) ne juge pas n\u00e9cessaire que l\u2019employeur am\u00e9liore encore l\u2019\u00e9quilibre entre vie professionnelle et vie priv\u00e9e.<\/p>\n<p>Laura Couchard : \u00ab\u00a0<em>Les employeurs ne peuvent \u00e9videmment pas \u00e9liminer tous les facteurs de stress mental, mais ils peuvent soupeser les causes li\u00e9es au travail. Et c\u2019est ce qu\u2019ils font aussi. \u00bb Lorsque nous leur avons demand\u00e9 en d\u00e9but d\u2019ann\u00e9e ce qu\u2019ils faisaient d\u00e9j\u00e0 ou pr\u00e9voyaient de faire pour am\u00e9liorer l\u2019\u00e9quilibre entre vie professionnelle et vie priv\u00e9e de leurs travailleurs, ils ont cit\u00e9 les m\u00eames initiatives que celles mentionn\u00e9es par les travailleurs aujourd\u2019hui, mais pas forc\u00e9ment dans le m\u00eame ordre.\u00a0\u00bb<\/em><\/p>\n<p>&nbsp;<\/p>\n<p><em>Source: les donn\u00e9es sont issues de l\u2019enqu\u00eate annuelle \u00ab Talent Pulse \u00bb r\u00e9alis\u00e9e par ACERTA et StepStone. Cette enqu\u00eate a \u00e9t\u00e9 d\u00e9ploy\u00e9e pour la quatorzi\u00e8me fois en 2023 et a touch\u00e9 plus de 2500 travailleurs, dont 89,5% d\u2019employ\u00e9s et 10,5% d\u2019ouvriers.<\/em><\/p>\n","protected":false},"excerpt":{"rendered":"<p>Deux mois apr\u00e8s l\u2019instauration obligatoire du droit \u00e0 la d\u00e9connexion, pr\u00e8s de six travailleurs sur dix sont d\u00e9j\u00e0 au courant des directives instaur\u00e9es par leur employeur \u00e0 ce sujet. En outre, un travailleur sur deux d\u00e9clare se sentir (tr\u00e8s) bien [&hellip;]<\/p>\n","protected":false},"author":2,"featured_media":0,"comment_status":"closed","ping_status":"open","sticky":false,"template":"","format":"standard","meta":[],"categories":[65,10],"tags":[96,1103,18,219],"yoast_head":"<!-- This site is optimized with the Yoast SEO plugin v21.0 - https:\/\/yoast.com\/wordpress\/plugins\/seo\/ -->\n<title>Droit \u00e0 la d\u00e9connexion: 60% des travailleurs d\u00e9clarent conna\u00eetre les directives instaur\u00e9es par leur employeur. - Peoplesphere<\/title>\n<meta name=\"robots\" content=\"index, follow, max-snippet:-1, max-image-preview:large, max-video-preview:-1\" \/>\n<link rel=\"canonical\" href=\"https:\/\/peoplesphere.be\/fr\/droit-a-deconnexion-60-travailleurs-declarent-connaitre-directives-instaurees-employeur\/\" \/>\n<meta property=\"og:locale\" content=\"fr_FR\" \/>\n<meta property=\"og:type\" content=\"article\" \/>\n<meta property=\"og:title\" content=\"Droit \u00e0 la d\u00e9connexion: 60% des travailleurs d\u00e9clarent conna\u00eetre les directives instaur\u00e9es par leur employeur. - Peoplesphere\" \/>\n<meta property=\"og:description\" content=\"Deux mois apr\u00e8s l\u2019instauration obligatoire du droit \u00e0 la d\u00e9connexion, pr\u00e8s de six travailleurs sur dix sont d\u00e9j\u00e0 au courant des directives instaur\u00e9es par leur employeur \u00e0 ce sujet. En outre, un travailleur sur deux d\u00e9clare se sentir (tr\u00e8s) bien [&hellip;]\" \/>\n<meta property=\"og:url\" content=\"https:\/\/peoplesphere.be\/fr\/droit-a-deconnexion-60-travailleurs-declarent-connaitre-directives-instaurees-employeur\/\" \/>\n<meta property=\"og:site_name\" content=\"Peoplesphere\" \/>\n<meta property=\"article:publisher\" content=\"https:\/\/www.facebook.com\/peoplesphere\" \/>\n<meta property=\"article:published_time\" content=\"2023-06-02T05:42:26+00:00\" \/>\n<meta property=\"og:image\" content=\"http:\/\/www.peoplesphere.be\/fr\/wp-content\/uploads\/2016\/07\/facebook-default-posting-1200x628px.jpg\" \/>\n<meta name=\"author\" content=\"Jean-Paul Erhard\" \/>\n<meta name=\"twitter:card\" content=\"summary_large_image\" \/>\n<meta name=\"twitter:creator\" content=\"@PeoplesphereMag\" \/>\n<meta name=\"twitter:site\" content=\"@PeoplesphereMag\" \/>\n<meta name=\"twitter:label1\" content=\"\u00c9crit par\" \/>\n\t<meta name=\"twitter:data1\" content=\"Jean-Paul Erhard\" \/>\n\t<meta name=\"twitter:label2\" content=\"Dur\u00e9e de lecture estim\u00e9e\" \/>\n\t<meta name=\"twitter:data2\" content=\"5 minutes\" \/>\n<script type=\"application\/ld+json\" class=\"yoast-schema-graph\">{\"@context\":\"https:\/\/schema.org\",\"@graph\":[{\"@type\":\"Article\",\"@id\":\"https:\/\/peoplesphere.be\/fr\/droit-a-deconnexion-60-travailleurs-declarent-connaitre-directives-instaurees-employeur\/#article\",\"isPartOf\":{\"@id\":\"https:\/\/peoplesphere.be\/fr\/droit-a-deconnexion-60-travailleurs-declarent-connaitre-directives-instaurees-employeur\/\"},\"author\":{\"name\":\"Jean-Paul Erhard\",\"@id\":\"https:\/\/peoplesphere.be\/fr\/#\/schema\/person\/7976225ff17988604334abb7b3536a7e\"},\"headline\":\"Droit \u00e0 la d\u00e9connexion: 60% des travailleurs d\u00e9clarent conna\u00eetre les directives instaur\u00e9es par leur employeur.\",\"datePublished\":\"2023-06-02T05:42:26+00:00\",\"dateModified\":\"2023-06-02T05:42:26+00:00\",\"mainEntityOfPage\":{\"@id\":\"https:\/\/peoplesphere.be\/fr\/droit-a-deconnexion-60-travailleurs-declarent-connaitre-directives-instaurees-employeur\/\"},\"wordCount\":1067,\"publisher\":{\"@id\":\"https:\/\/peoplesphere.be\/fr\/#organization\"},\"keywords\":[\"bien-\u00eatre\",\"d\u00e9connexion\",\"Stress\",\"t\u00e9l\u00e9travail\"],\"articleSection\":[\"Actualit\u00e9s\",\"Digital\"],\"inLanguage\":\"fr-FR\"},{\"@type\":\"WebPage\",\"@id\":\"https:\/\/peoplesphere.be\/fr\/droit-a-deconnexion-60-travailleurs-declarent-connaitre-directives-instaurees-employeur\/\",\"url\":\"https:\/\/peoplesphere.be\/fr\/droit-a-deconnexion-60-travailleurs-declarent-connaitre-directives-instaurees-employeur\/\",\"name\":\"Droit \u00e0 la d\u00e9connexion: 60% des travailleurs d\u00e9clarent conna\u00eetre les directives instaur\u00e9es par leur employeur. - Peoplesphere\",\"isPartOf\":{\"@id\":\"https:\/\/peoplesphere.be\/fr\/#website\"},\"datePublished\":\"2023-06-02T05:42:26+00:00\",\"dateModified\":\"2023-06-02T05:42:26+00:00\",\"breadcrumb\":{\"@id\":\"https:\/\/peoplesphere.be\/fr\/droit-a-deconnexion-60-travailleurs-declarent-connaitre-directives-instaurees-employeur\/#breadcrumb\"},\"inLanguage\":\"fr-FR\",\"potentialAction\":[{\"@type\":\"ReadAction\",\"target\":[\"https:\/\/peoplesphere.be\/fr\/droit-a-deconnexion-60-travailleurs-declarent-connaitre-directives-instaurees-employeur\/\"]}]},{\"@type\":\"BreadcrumbList\",\"@id\":\"https:\/\/peoplesphere.be\/fr\/droit-a-deconnexion-60-travailleurs-declarent-connaitre-directives-instaurees-employeur\/#breadcrumb\",\"itemListElement\":[{\"@type\":\"ListItem\",\"position\":1,\"name\":\"Accueil\",\"item\":\"https:\/\/peoplesphere.be\/fr\/\"},{\"@type\":\"ListItem\",\"position\":2,\"name\":\"Droit \u00e0 la d\u00e9connexion: 60% des travailleurs d\u00e9clarent conna\u00eetre les directives instaur\u00e9es par leur employeur.\"}]},{\"@type\":\"WebSite\",\"@id\":\"https:\/\/peoplesphere.be\/fr\/#website\",\"url\":\"https:\/\/peoplesphere.be\/fr\/\",\"name\":\"Peoplesphere\",\"description\":\"The People Managers Magazine\",\"publisher\":{\"@id\":\"https:\/\/peoplesphere.be\/fr\/#organization\"},\"potentialAction\":[{\"@type\":\"SearchAction\",\"target\":{\"@type\":\"EntryPoint\",\"urlTemplate\":\"https:\/\/peoplesphere.be\/fr\/?s={search_term_string}\"},\"query-input\":\"required name=search_term_string\"}],\"inLanguage\":\"fr-FR\"},{\"@type\":\"Organization\",\"@id\":\"https:\/\/peoplesphere.be\/fr\/#organization\",\"name\":\"Peoplesphere Company srl\",\"url\":\"https:\/\/peoplesphere.be\/fr\/\",\"logo\":{\"@type\":\"ImageObject\",\"inLanguage\":\"fr-FR\",\"@id\":\"https:\/\/peoplesphere.be\/fr\/#\/schema\/logo\/image\/\",\"url\":\"https:\/\/peoplesphere.be\/fr\/wp-content\/uploads\/2023\/07\/peoplesphere-lgo-new-generik.jpg\",\"contentUrl\":\"https:\/\/peoplesphere.be\/fr\/wp-content\/uploads\/2023\/07\/peoplesphere-lgo-new-generik.jpg\",\"width\":1031,\"height\":1479,\"caption\":\"Peoplesphere Company srl\"},\"image\":{\"@id\":\"https:\/\/peoplesphere.be\/fr\/#\/schema\/logo\/image\/\"},\"sameAs\":[\"https:\/\/www.facebook.com\/peoplesphere\",\"https:\/\/twitter.com\/PeoplesphereMag\",\"https:\/\/www.linkedin.com\/company\/7587361?trk\",\"http:\/\/youtube.com\/peoplesphere\"]},{\"@type\":\"Person\",\"@id\":\"https:\/\/peoplesphere.be\/fr\/#\/schema\/person\/7976225ff17988604334abb7b3536a7e\",\"name\":\"Jean-Paul Erhard\",\"image\":{\"@type\":\"ImageObject\",\"inLanguage\":\"fr-FR\",\"@id\":\"https:\/\/peoplesphere.be\/fr\/#\/schema\/person\/image\/\",\"url\":\"https:\/\/secure.gravatar.com\/avatar\/f941e681460179738071629a51574930?s=96&d=mm&r=g\",\"contentUrl\":\"https:\/\/secure.gravatar.com\/avatar\/f941e681460179738071629a51574930?s=96&d=mm&r=g\",\"caption\":\"Jean-Paul Erhard\"},\"url\":\"https:\/\/peoplesphere.be\/fr\/author\/jpe\/\"}]}<\/script>\n<!-- \/ Yoast SEO plugin. -->","yoast_head_json":{"title":"Droit \u00e0 la d\u00e9connexion: 60% des travailleurs d\u00e9clarent conna\u00eetre les directives instaur\u00e9es par leur employeur. - Peoplesphere","robots":{"index":"index","follow":"follow","max-snippet":"max-snippet:-1","max-image-preview":"max-image-preview:large","max-video-preview":"max-video-preview:-1"},"canonical":"https:\/\/peoplesphere.be\/fr\/droit-a-deconnexion-60-travailleurs-declarent-connaitre-directives-instaurees-employeur\/","og_locale":"fr_FR","og_type":"article","og_title":"Droit \u00e0 la d\u00e9connexion: 60% des travailleurs d\u00e9clarent conna\u00eetre les directives instaur\u00e9es par leur employeur. - Peoplesphere","og_description":"Deux mois apr\u00e8s l\u2019instauration obligatoire du droit \u00e0 la d\u00e9connexion, pr\u00e8s de six travailleurs sur dix sont d\u00e9j\u00e0 au courant des directives instaur\u00e9es par leur employeur \u00e0 ce sujet. En outre, un travailleur sur deux d\u00e9clare se sentir (tr\u00e8s) bien [&hellip;]","og_url":"https:\/\/peoplesphere.be\/fr\/droit-a-deconnexion-60-travailleurs-declarent-connaitre-directives-instaurees-employeur\/","og_site_name":"Peoplesphere","article_publisher":"https:\/\/www.facebook.com\/peoplesphere","article_published_time":"2023-06-02T05:42:26+00:00","og_image":[{"url":"http:\/\/www.peoplesphere.be\/fr\/wp-content\/uploads\/2016\/07\/facebook-default-posting-1200x628px.jpg"}],"author":"Jean-Paul Erhard","twitter_card":"summary_large_image","twitter_creator":"@PeoplesphereMag","twitter_site":"@PeoplesphereMag","twitter_misc":{"\u00c9crit par":"Jean-Paul Erhard","Dur\u00e9e de lecture estim\u00e9e":"5 minutes"},"schema":{"@context":"https:\/\/schema.org","@graph":[{"@type":"Article","@id":"https:\/\/peoplesphere.be\/fr\/droit-a-deconnexion-60-travailleurs-declarent-connaitre-directives-instaurees-employeur\/#article","isPartOf":{"@id":"https:\/\/peoplesphere.be\/fr\/droit-a-deconnexion-60-travailleurs-declarent-connaitre-directives-instaurees-employeur\/"},"author":{"name":"Jean-Paul Erhard","@id":"https:\/\/peoplesphere.be\/fr\/#\/schema\/person\/7976225ff17988604334abb7b3536a7e"},"headline":"Droit \u00e0 la d\u00e9connexion: 60% des travailleurs d\u00e9clarent conna\u00eetre les directives instaur\u00e9es par leur employeur.","datePublished":"2023-06-02T05:42:26+00:00","dateModified":"2023-06-02T05:42:26+00:00","mainEntityOfPage":{"@id":"https:\/\/peoplesphere.be\/fr\/droit-a-deconnexion-60-travailleurs-declarent-connaitre-directives-instaurees-employeur\/"},"wordCount":1067,"publisher":{"@id":"https:\/\/peoplesphere.be\/fr\/#organization"},"keywords":["bien-\u00eatre","d\u00e9connexion","Stress","t\u00e9l\u00e9travail"],"articleSection":["Actualit\u00e9s","Digital"],"inLanguage":"fr-FR"},{"@type":"WebPage","@id":"https:\/\/peoplesphere.be\/fr\/droit-a-deconnexion-60-travailleurs-declarent-connaitre-directives-instaurees-employeur\/","url":"https:\/\/peoplesphere.be\/fr\/droit-a-deconnexion-60-travailleurs-declarent-connaitre-directives-instaurees-employeur\/","name":"Droit \u00e0 la d\u00e9connexion: 60% des travailleurs d\u00e9clarent conna\u00eetre les directives instaur\u00e9es par leur employeur. - Peoplesphere","isPartOf":{"@id":"https:\/\/peoplesphere.be\/fr\/#website"},"datePublished":"2023-06-02T05:42:26+00:00","dateModified":"2023-06-02T05:42:26+00:00","breadcrumb":{"@id":"https:\/\/peoplesphere.be\/fr\/droit-a-deconnexion-60-travailleurs-declarent-connaitre-directives-instaurees-employeur\/#breadcrumb"},"inLanguage":"fr-FR","potentialAction":[{"@type":"ReadAction","target":["https:\/\/peoplesphere.be\/fr\/droit-a-deconnexion-60-travailleurs-declarent-connaitre-directives-instaurees-employeur\/"]}]},{"@type":"BreadcrumbList","@id":"https:\/\/peoplesphere.be\/fr\/droit-a-deconnexion-60-travailleurs-declarent-connaitre-directives-instaurees-employeur\/#breadcrumb","itemListElement":[{"@type":"ListItem","position":1,"name":"Accueil","item":"https:\/\/peoplesphere.be\/fr\/"},{"@type":"ListItem","position":2,"name":"Droit \u00e0 la d\u00e9connexion: 60% des travailleurs d\u00e9clarent conna\u00eetre les directives instaur\u00e9es par leur employeur."}]},{"@type":"WebSite","@id":"https:\/\/peoplesphere.be\/fr\/#website","url":"https:\/\/peoplesphere.be\/fr\/","name":"Peoplesphere","description":"The People Managers Magazine","publisher":{"@id":"https:\/\/peoplesphere.be\/fr\/#organization"},"potentialAction":[{"@type":"SearchAction","target":{"@type":"EntryPoint","urlTemplate":"https:\/\/peoplesphere.be\/fr\/?s={search_term_string}"},"query-input":"required name=search_term_string"}],"inLanguage":"fr-FR"},{"@type":"Organization","@id":"https:\/\/peoplesphere.be\/fr\/#organization","name":"Peoplesphere Company srl","url":"https:\/\/peoplesphere.be\/fr\/","logo":{"@type":"ImageObject","inLanguage":"fr-FR","@id":"https:\/\/peoplesphere.be\/fr\/#\/schema\/logo\/image\/","url":"https:\/\/peoplesphere.be\/fr\/wp-content\/uploads\/2023\/07\/peoplesphere-lgo-new-generik.jpg","contentUrl":"https:\/\/peoplesphere.be\/fr\/wp-content\/uploads\/2023\/07\/peoplesphere-lgo-new-generik.jpg","width":1031,"height":1479,"caption":"Peoplesphere Company srl"},"image":{"@id":"https:\/\/peoplesphere.be\/fr\/#\/schema\/logo\/image\/"},"sameAs":["https:\/\/www.facebook.com\/peoplesphere","https:\/\/twitter.com\/PeoplesphereMag","https:\/\/www.linkedin.com\/company\/7587361?trk","http:\/\/youtube.com\/peoplesphere"]},{"@type":"Person","@id":"https:\/\/peoplesphere.be\/fr\/#\/schema\/person\/7976225ff17988604334abb7b3536a7e","name":"Jean-Paul Erhard","image":{"@type":"ImageObject","inLanguage":"fr-FR","@id":"https:\/\/peoplesphere.be\/fr\/#\/schema\/person\/image\/","url":"https:\/\/secure.gravatar.com\/avatar\/f941e681460179738071629a51574930?s=96&d=mm&r=g","contentUrl":"https:\/\/secure.gravatar.com\/avatar\/f941e681460179738071629a51574930?s=96&d=mm&r=g","caption":"Jean-Paul Erhard"},"url":"https:\/\/peoplesphere.be\/fr\/author\/jpe\/"}]}},"_links":{"self":[{"href":"https:\/\/peoplesphere.be\/fr\/wp-json\/wp\/v2\/posts\/14493"}],"collection":[{"href":"https:\/\/peoplesphere.be\/fr\/wp-json\/wp\/v2\/posts"}],"about":[{"href":"https:\/\/peoplesphere.be\/fr\/wp-json\/wp\/v2\/types\/post"}],"author":[{"embeddable":true,"href":"https:\/\/peoplesphere.be\/fr\/wp-json\/wp\/v2\/users\/2"}],"replies":[{"embeddable":true,"href":"https:\/\/peoplesphere.be\/fr\/wp-json\/wp\/v2\/comments?post=14493"}],"version-history":[{"count":1,"href":"https:\/\/peoplesphere.be\/fr\/wp-json\/wp\/v2\/posts\/14493\/revisions"}],"predecessor-version":[{"id":14494,"href":"https:\/\/peoplesphere.be\/fr\/wp-json\/wp\/v2\/posts\/14493\/revisions\/14494"}],"wp:attachment":[{"href":"https:\/\/peoplesphere.be\/fr\/wp-json\/wp\/v2\/media?parent=14493"}],"wp:term":[{"taxonomy":"category","embeddable":true,"href":"https:\/\/peoplesphere.be\/fr\/wp-json\/wp\/v2\/categories?post=14493"},{"taxonomy":"post_tag","embeddable":true,"href":"https:\/\/peoplesphere.be\/fr\/wp-json\/wp\/v2\/tags?post=14493"}],"curies":[{"name":"wp","href":"https:\/\/api.w.org\/{rel}","templated":true}]}}