









{"id":14557,"date":"2023-06-13T08:08:25","date_gmt":"2023-06-13T06:08:25","guid":{"rendered":"https:\/\/peoplesphere.be\/fr\/?p=14557"},"modified":"2023-06-13T08:08:25","modified_gmt":"2023-06-13T06:08:25","slug":"objectif-reduction-temps-depenses-consacres-aux-trajets-domicile-travail-developpement-modeles-hybrides-se-poursuit","status":"publish","type":"post","link":"https:\/\/peoplesphere.be\/fr\/objectif-reduction-temps-depenses-consacres-aux-trajets-domicile-travail-developpement-modeles-hybrides-se-poursuit\/","title":{"rendered":"Objectif r\u00e9duction du temps et des d\u00e9penses consacr\u00e9s aux trajets domicile-travail: le d\u00e9veloppement des mod\u00e8les hybrides se poursuit&#8230;"},"content":{"rendered":"<p>Selon une enqu\u00eate d&rsquo;IWG, 82 % des entreprises belges r\u00e9duisent fortement les d\u00e9placements vers le bureau. Ce constat s\u2019impose d\u2019un point de vue pratique, environnemental, mais aussi \u00e9conomique. Les collaborateurs souhaitent travailler au bureau, mais en ont assez de faire la navette.<!--more--><\/p>\n<p>Une \u00e9tude r\u00e9cente men\u00e9e par IWG, le plus grand fournisseur mondial d\u2019espaces de travail flexibles, r\u00e9v\u00e8le que de nombreuses entreprises belges reconnaissent les avantages du travail hybride et r\u00e9duisent consid\u00e9rablement le nombre de trajets vers le bureau.<\/p>\n<p>De plus en plus de personnes adoptent le travail hybride et partagent donc leur temps de travail entre le si\u00e8ge social, un lieu de travail professionnel, un espace de travail flexible \u00e0 proximit\u00e9 de leur domicile et leur habitation. Les employeurs belges en voient \u00e9galement les avantages et le sujet alimente les conversations dans les salles de r\u00e9union.<\/p>\n<p>Une majorit\u00e9 d\u2019entreprises belges (82%) d\u00e9clarent qu\u2019elles r\u00e9duisent consid\u00e9rablement le nombre de d\u00e9placements vers le bureau pour des r\u00e9unions, entre autres, afin de r\u00e9duire les co\u00fbts. Plus de la moiti\u00e9 des entreprises belges optent donc pour le travail hybride afin de comprimer les frais de d\u00e9placement (53%) et de consacrer moins de temps aux d\u00e9placements (51%). Cependant, l\u2019\u00e9quilibre entre vie professionnelle et vie priv\u00e9e joue \u00e9galement un r\u00f4le important. Les dirigeants d&rsquo;entreprises belges sont 45% \u00e0 penser que le travail hybride permet aux collaborateurs de trouver un meilleur \u00e9quilibre entre leurs vies professionnelle et priv\u00e9e, parce qu\u2019ils peuvent travailler de mani\u00e8re flexible. Selon 37%, la combinaison du travail et d\u2019une vie familiale \u00e0 un jeune \u00e2ge, en particulier pour les m\u00e8res au sein de l\u2019entreprise, est la raison pour laquelle ils soutiennent ce mode de travail.<\/p>\n<p>William Willems, Regional Manager IWG Belgique &amp; Luxembourg formule les commentaires suivants : \u00ab\u00a0<em>Cette enqu\u00eate montre que de plus en plus d\u2019entreprises belges reconnaissent les avantages du travail hybride. Non seulement ce mode de travail am\u00e9liore l\u2019\u00e9quilibre entre la vie professionnelle et la vie priv\u00e9e, et le bien-\u00eatre du personnel, mais il contribue \u00e9galement aux r\u00e9sultats de l\u2019entreprise. Des \u00e9tudes ant\u00e9rieures ont en effet montr\u00e9 que le travail hybride peut permettre aux entreprises d\u2019\u00e9conomiser plus de 10 000 euros par collaborateur et par an*.\u00a0\u00bb<\/em><\/p>\n<p><strong><em>Espaces de bureaux flexibles<\/em><\/strong><\/p>\n<p>L\u2019enqu\u00eate d\u2019IWG montre que 83% des dirigeants d\u2019entreprises belges r\u00e9duisent les co\u00fbts ou pr\u00e9voient de le faire \u00e0 court terme. La r\u00e9vision des bar\u00e8mes actuels est consid\u00e9r\u00e9e comme un des moyens les plus efficaces de r\u00e9duire les co\u00fbts (33%), mais les directeurs estiment \u00e9galement que la r\u00e9duction de l\u2019espace de bureau est une mesure efficace \u00e0 cet \u00e9gard. Au nombre des solutions envisag\u00e9es figurent la r\u00e9duction de l\u2019espace de bureau, l\u2019adoption de contrats de location \u00e0 court terme et le passage \u00e0 des espaces de bureaux partag\u00e9s. Par exemple, 46% des dirigeants d\u2019entreprises interrog\u00e9s ont d\u00e9clar\u00e9 qu\u2019ils envisageraient de passer \u00e0 des espaces de bureaux partag\u00e9s ou de donner au personnel l\u2019acc\u00e8s \u00e0 des bureaux flexibles. Ils sont 28% \u00e0 avoir d\u00e9j\u00e0 franchi le pas.<\/p>\n<p>De m\u00eame, lorsqu\u2019ils envisagent un nouvel espace de bureau, 43% pensent que le prix est le facteur d\u00e9cisif, tout comme la possibilit\u00e9 de travailler avec un contrat flexible ouvrant la porte aux ajustements rapides \u00e9ventuels.<\/p>\n<p>Plus de la moiti\u00e9 des dirigeants d\u2019entreprises belges (52%) estiment que la r\u00e9tention des talents est leur plus grande pr\u00e9occupation pour cette ann\u00e9e, suivie par la recherche du personnel idoine (41%) et l\u2019augmentation des co\u00fbts tels que les salaires et les ressources (38%). L\u2019inflation et l\u2019augmentation des co\u00fbts salariaux ont frapp\u00e9 83 % des entreprises belges. Un mod\u00e8le de travail hybride peut toutefois les aider \u00e0 trouver et \u00e0 conserver les talents. Par exemple, 67% des professionnels belges des ressources humaines affirment que les emplois avec un mod\u00e8le de travail hybride attirent plus de candidats.<\/p>\n<p>&nbsp;<\/p>\n<p><em>Source: IWG &#8211; l\u2019enqu\u00eate a \u00e9t\u00e9 men\u00e9e par Mortar Research aupr\u00e8s de plus de 250 (N=254) d\u00e9cideurs de niveau C moyennant un questionnaire en ligne en mars 2023. Toutes les personnes interrog\u00e9es ont donn\u00e9 leur consentement de participer conform\u00e9ment aux directives MRS et RGPD.<\/em><\/p>\n<p><em>*Global Workplace Analytics<\/em><\/p>\n","protected":false},"excerpt":{"rendered":"<p>Selon une enqu\u00eate d&rsquo;IWG, 82 % des entreprises belges r\u00e9duisent fortement les d\u00e9placements vers le bureau. Ce constat s\u2019impose d\u2019un point de vue pratique, environnemental, mais aussi \u00e9conomique. Les collaborateurs souhaitent travailler au bureau, mais en ont assez de faire [&hellip;]<\/p>\n","protected":false},"author":2,"featured_media":0,"comment_status":"closed","ping_status":"open","sticky":false,"template":"","format":"standard","meta":[],"categories":[65,10],"tags":[96,1788,165,647,3357],"yoast_head":"<!-- This site is optimized with the Yoast SEO plugin v21.0 - https:\/\/yoast.com\/wordpress\/plugins\/seo\/ -->\n<title>Objectif r\u00e9duction du temps et des d\u00e9penses consacr\u00e9s aux trajets domicile-travail: le d\u00e9veloppement des mod\u00e8les hybrides se poursuit... - Peoplesphere<\/title>\n<meta name=\"robots\" content=\"index, follow, max-snippet:-1, max-image-preview:large, max-video-preview:-1\" \/>\n<link rel=\"canonical\" href=\"https:\/\/peoplesphere.be\/fr\/objectif-reduction-temps-depenses-consacres-aux-trajets-domicile-travail-developpement-modeles-hybrides-se-poursuit\/\" \/>\n<meta property=\"og:locale\" content=\"fr_FR\" \/>\n<meta property=\"og:type\" content=\"article\" \/>\n<meta property=\"og:title\" content=\"Objectif r\u00e9duction du temps et des d\u00e9penses consacr\u00e9s aux trajets domicile-travail: le d\u00e9veloppement des mod\u00e8les hybrides se poursuit... - Peoplesphere\" \/>\n<meta property=\"og:description\" content=\"Selon une enqu\u00eate d&rsquo;IWG, 82 % des entreprises belges r\u00e9duisent fortement les d\u00e9placements vers le bureau. Ce constat s\u2019impose d\u2019un point de vue pratique, environnemental, mais aussi \u00e9conomique. Les collaborateurs souhaitent travailler au bureau, mais en ont assez de faire [&hellip;]\" \/>\n<meta property=\"og:url\" content=\"https:\/\/peoplesphere.be\/fr\/objectif-reduction-temps-depenses-consacres-aux-trajets-domicile-travail-developpement-modeles-hybrides-se-poursuit\/\" \/>\n<meta property=\"og:site_name\" content=\"Peoplesphere\" \/>\n<meta property=\"article:publisher\" content=\"https:\/\/www.facebook.com\/peoplesphere\" \/>\n<meta property=\"article:published_time\" content=\"2023-06-13T06:08:25+00:00\" \/>\n<meta property=\"og:image\" content=\"http:\/\/www.peoplesphere.be\/fr\/wp-content\/uploads\/2016\/07\/facebook-default-posting-1200x628px.jpg\" \/>\n<meta name=\"author\" content=\"Jean-Paul Erhard\" \/>\n<meta name=\"twitter:card\" content=\"summary_large_image\" \/>\n<meta name=\"twitter:creator\" content=\"@PeoplesphereMag\" \/>\n<meta name=\"twitter:site\" content=\"@PeoplesphereMag\" \/>\n<meta name=\"twitter:label1\" content=\"\u00c9crit par\" \/>\n\t<meta name=\"twitter:data1\" content=\"Jean-Paul Erhard\" \/>\n\t<meta name=\"twitter:label2\" content=\"Dur\u00e9e de lecture estim\u00e9e\" \/>\n\t<meta name=\"twitter:data2\" content=\"4 minutes\" \/>\n<script type=\"application\/ld+json\" class=\"yoast-schema-graph\">{\"@context\":\"https:\/\/schema.org\",\"@graph\":[{\"@type\":\"Article\",\"@id\":\"https:\/\/peoplesphere.be\/fr\/objectif-reduction-temps-depenses-consacres-aux-trajets-domicile-travail-developpement-modeles-hybrides-se-poursuit\/#article\",\"isPartOf\":{\"@id\":\"https:\/\/peoplesphere.be\/fr\/objectif-reduction-temps-depenses-consacres-aux-trajets-domicile-travail-developpement-modeles-hybrides-se-poursuit\/\"},\"author\":{\"name\":\"Jean-Paul Erhard\",\"@id\":\"https:\/\/peoplesphere.be\/fr\/#\/schema\/person\/7976225ff17988604334abb7b3536a7e\"},\"headline\":\"Objectif r\u00e9duction du temps et des d\u00e9penses consacr\u00e9s aux trajets domicile-travail: le d\u00e9veloppement des mod\u00e8les hybrides se poursuit&#8230;\",\"datePublished\":\"2023-06-13T06:08:25+00:00\",\"dateModified\":\"2023-06-13T06:08:25+00:00\",\"mainEntityOfPage\":{\"@id\":\"https:\/\/peoplesphere.be\/fr\/objectif-reduction-temps-depenses-consacres-aux-trajets-domicile-travail-developpement-modeles-hybrides-se-poursuit\/\"},\"wordCount\":745,\"publisher\":{\"@id\":\"https:\/\/peoplesphere.be\/fr\/#organization\"},\"keywords\":[\"bien-\u00eatre\",\"d\u00e9placements domicile-lieu de travail\",\"environnement de travail\",\"\u00e9quilibre priv\u00e9\/professionnel\",\"travail hybride\"],\"articleSection\":[\"Actualit\u00e9s\",\"Digital\"],\"inLanguage\":\"fr-FR\"},{\"@type\":\"WebPage\",\"@id\":\"https:\/\/peoplesphere.be\/fr\/objectif-reduction-temps-depenses-consacres-aux-trajets-domicile-travail-developpement-modeles-hybrides-se-poursuit\/\",\"url\":\"https:\/\/peoplesphere.be\/fr\/objectif-reduction-temps-depenses-consacres-aux-trajets-domicile-travail-developpement-modeles-hybrides-se-poursuit\/\",\"name\":\"Objectif r\u00e9duction du temps et des d\u00e9penses consacr\u00e9s aux trajets domicile-travail: le d\u00e9veloppement des mod\u00e8les hybrides se poursuit... - Peoplesphere\",\"isPartOf\":{\"@id\":\"https:\/\/peoplesphere.be\/fr\/#website\"},\"datePublished\":\"2023-06-13T06:08:25+00:00\",\"dateModified\":\"2023-06-13T06:08:25+00:00\",\"breadcrumb\":{\"@id\":\"https:\/\/peoplesphere.be\/fr\/objectif-reduction-temps-depenses-consacres-aux-trajets-domicile-travail-developpement-modeles-hybrides-se-poursuit\/#breadcrumb\"},\"inLanguage\":\"fr-FR\",\"potentialAction\":[{\"@type\":\"ReadAction\",\"target\":[\"https:\/\/peoplesphere.be\/fr\/objectif-reduction-temps-depenses-consacres-aux-trajets-domicile-travail-developpement-modeles-hybrides-se-poursuit\/\"]}]},{\"@type\":\"BreadcrumbList\",\"@id\":\"https:\/\/peoplesphere.be\/fr\/objectif-reduction-temps-depenses-consacres-aux-trajets-domicile-travail-developpement-modeles-hybrides-se-poursuit\/#breadcrumb\",\"itemListElement\":[{\"@type\":\"ListItem\",\"position\":1,\"name\":\"Accueil\",\"item\":\"https:\/\/peoplesphere.be\/fr\/\"},{\"@type\":\"ListItem\",\"position\":2,\"name\":\"Objectif r\u00e9duction du temps et des d\u00e9penses consacr\u00e9s aux trajets domicile-travail: le d\u00e9veloppement des mod\u00e8les hybrides se poursuit&#8230;\"}]},{\"@type\":\"WebSite\",\"@id\":\"https:\/\/peoplesphere.be\/fr\/#website\",\"url\":\"https:\/\/peoplesphere.be\/fr\/\",\"name\":\"Peoplesphere\",\"description\":\"The People Managers Magazine\",\"publisher\":{\"@id\":\"https:\/\/peoplesphere.be\/fr\/#organization\"},\"potentialAction\":[{\"@type\":\"SearchAction\",\"target\":{\"@type\":\"EntryPoint\",\"urlTemplate\":\"https:\/\/peoplesphere.be\/fr\/?s={search_term_string}\"},\"query-input\":\"required name=search_term_string\"}],\"inLanguage\":\"fr-FR\"},{\"@type\":\"Organization\",\"@id\":\"https:\/\/peoplesphere.be\/fr\/#organization\",\"name\":\"Peoplesphere Company srl\",\"url\":\"https:\/\/peoplesphere.be\/fr\/\",\"logo\":{\"@type\":\"ImageObject\",\"inLanguage\":\"fr-FR\",\"@id\":\"https:\/\/peoplesphere.be\/fr\/#\/schema\/logo\/image\/\",\"url\":\"https:\/\/peoplesphere.be\/fr\/wp-content\/uploads\/2023\/07\/peoplesphere-lgo-new-generik.jpg\",\"contentUrl\":\"https:\/\/peoplesphere.be\/fr\/wp-content\/uploads\/2023\/07\/peoplesphere-lgo-new-generik.jpg\",\"width\":1031,\"height\":1479,\"caption\":\"Peoplesphere Company srl\"},\"image\":{\"@id\":\"https:\/\/peoplesphere.be\/fr\/#\/schema\/logo\/image\/\"},\"sameAs\":[\"https:\/\/www.facebook.com\/peoplesphere\",\"https:\/\/twitter.com\/PeoplesphereMag\",\"https:\/\/www.linkedin.com\/company\/7587361?trk\",\"http:\/\/youtube.com\/peoplesphere\"]},{\"@type\":\"Person\",\"@id\":\"https:\/\/peoplesphere.be\/fr\/#\/schema\/person\/7976225ff17988604334abb7b3536a7e\",\"name\":\"Jean-Paul Erhard\",\"image\":{\"@type\":\"ImageObject\",\"inLanguage\":\"fr-FR\",\"@id\":\"https:\/\/peoplesphere.be\/fr\/#\/schema\/person\/image\/\",\"url\":\"https:\/\/secure.gravatar.com\/avatar\/f941e681460179738071629a51574930?s=96&d=mm&r=g\",\"contentUrl\":\"https:\/\/secure.gravatar.com\/avatar\/f941e681460179738071629a51574930?s=96&d=mm&r=g\",\"caption\":\"Jean-Paul Erhard\"},\"url\":\"https:\/\/peoplesphere.be\/fr\/author\/jpe\/\"}]}<\/script>\n<!-- \/ Yoast SEO plugin. -->","yoast_head_json":{"title":"Objectif r\u00e9duction du temps et des d\u00e9penses consacr\u00e9s aux trajets domicile-travail: le d\u00e9veloppement des mod\u00e8les hybrides se poursuit... - Peoplesphere","robots":{"index":"index","follow":"follow","max-snippet":"max-snippet:-1","max-image-preview":"max-image-preview:large","max-video-preview":"max-video-preview:-1"},"canonical":"https:\/\/peoplesphere.be\/fr\/objectif-reduction-temps-depenses-consacres-aux-trajets-domicile-travail-developpement-modeles-hybrides-se-poursuit\/","og_locale":"fr_FR","og_type":"article","og_title":"Objectif r\u00e9duction du temps et des d\u00e9penses consacr\u00e9s aux trajets domicile-travail: le d\u00e9veloppement des mod\u00e8les hybrides se poursuit... - Peoplesphere","og_description":"Selon une enqu\u00eate d&rsquo;IWG, 82 % des entreprises belges r\u00e9duisent fortement les d\u00e9placements vers le bureau. Ce constat s\u2019impose d\u2019un point de vue pratique, environnemental, mais aussi \u00e9conomique. Les collaborateurs souhaitent travailler au bureau, mais en ont assez de faire [&hellip;]","og_url":"https:\/\/peoplesphere.be\/fr\/objectif-reduction-temps-depenses-consacres-aux-trajets-domicile-travail-developpement-modeles-hybrides-se-poursuit\/","og_site_name":"Peoplesphere","article_publisher":"https:\/\/www.facebook.com\/peoplesphere","article_published_time":"2023-06-13T06:08:25+00:00","og_image":[{"url":"http:\/\/www.peoplesphere.be\/fr\/wp-content\/uploads\/2016\/07\/facebook-default-posting-1200x628px.jpg"}],"author":"Jean-Paul Erhard","twitter_card":"summary_large_image","twitter_creator":"@PeoplesphereMag","twitter_site":"@PeoplesphereMag","twitter_misc":{"\u00c9crit par":"Jean-Paul Erhard","Dur\u00e9e de lecture estim\u00e9e":"4 minutes"},"schema":{"@context":"https:\/\/schema.org","@graph":[{"@type":"Article","@id":"https:\/\/peoplesphere.be\/fr\/objectif-reduction-temps-depenses-consacres-aux-trajets-domicile-travail-developpement-modeles-hybrides-se-poursuit\/#article","isPartOf":{"@id":"https:\/\/peoplesphere.be\/fr\/objectif-reduction-temps-depenses-consacres-aux-trajets-domicile-travail-developpement-modeles-hybrides-se-poursuit\/"},"author":{"name":"Jean-Paul Erhard","@id":"https:\/\/peoplesphere.be\/fr\/#\/schema\/person\/7976225ff17988604334abb7b3536a7e"},"headline":"Objectif r\u00e9duction du temps et des d\u00e9penses consacr\u00e9s aux trajets domicile-travail: le d\u00e9veloppement des mod\u00e8les hybrides se poursuit&#8230;","datePublished":"2023-06-13T06:08:25+00:00","dateModified":"2023-06-13T06:08:25+00:00","mainEntityOfPage":{"@id":"https:\/\/peoplesphere.be\/fr\/objectif-reduction-temps-depenses-consacres-aux-trajets-domicile-travail-developpement-modeles-hybrides-se-poursuit\/"},"wordCount":745,"publisher":{"@id":"https:\/\/peoplesphere.be\/fr\/#organization"},"keywords":["bien-\u00eatre","d\u00e9placements domicile-lieu de travail","environnement de travail","\u00e9quilibre priv\u00e9\/professionnel","travail hybride"],"articleSection":["Actualit\u00e9s","Digital"],"inLanguage":"fr-FR"},{"@type":"WebPage","@id":"https:\/\/peoplesphere.be\/fr\/objectif-reduction-temps-depenses-consacres-aux-trajets-domicile-travail-developpement-modeles-hybrides-se-poursuit\/","url":"https:\/\/peoplesphere.be\/fr\/objectif-reduction-temps-depenses-consacres-aux-trajets-domicile-travail-developpement-modeles-hybrides-se-poursuit\/","name":"Objectif r\u00e9duction du temps et des d\u00e9penses consacr\u00e9s aux trajets domicile-travail: le d\u00e9veloppement des mod\u00e8les hybrides se poursuit... - Peoplesphere","isPartOf":{"@id":"https:\/\/peoplesphere.be\/fr\/#website"},"datePublished":"2023-06-13T06:08:25+00:00","dateModified":"2023-06-13T06:08:25+00:00","breadcrumb":{"@id":"https:\/\/peoplesphere.be\/fr\/objectif-reduction-temps-depenses-consacres-aux-trajets-domicile-travail-developpement-modeles-hybrides-se-poursuit\/#breadcrumb"},"inLanguage":"fr-FR","potentialAction":[{"@type":"ReadAction","target":["https:\/\/peoplesphere.be\/fr\/objectif-reduction-temps-depenses-consacres-aux-trajets-domicile-travail-developpement-modeles-hybrides-se-poursuit\/"]}]},{"@type":"BreadcrumbList","@id":"https:\/\/peoplesphere.be\/fr\/objectif-reduction-temps-depenses-consacres-aux-trajets-domicile-travail-developpement-modeles-hybrides-se-poursuit\/#breadcrumb","itemListElement":[{"@type":"ListItem","position":1,"name":"Accueil","item":"https:\/\/peoplesphere.be\/fr\/"},{"@type":"ListItem","position":2,"name":"Objectif r\u00e9duction du temps et des d\u00e9penses consacr\u00e9s aux trajets domicile-travail: le d\u00e9veloppement des mod\u00e8les hybrides se poursuit&#8230;"}]},{"@type":"WebSite","@id":"https:\/\/peoplesphere.be\/fr\/#website","url":"https:\/\/peoplesphere.be\/fr\/","name":"Peoplesphere","description":"The People Managers Magazine","publisher":{"@id":"https:\/\/peoplesphere.be\/fr\/#organization"},"potentialAction":[{"@type":"SearchAction","target":{"@type":"EntryPoint","urlTemplate":"https:\/\/peoplesphere.be\/fr\/?s={search_term_string}"},"query-input":"required name=search_term_string"}],"inLanguage":"fr-FR"},{"@type":"Organization","@id":"https:\/\/peoplesphere.be\/fr\/#organization","name":"Peoplesphere Company srl","url":"https:\/\/peoplesphere.be\/fr\/","logo":{"@type":"ImageObject","inLanguage":"fr-FR","@id":"https:\/\/peoplesphere.be\/fr\/#\/schema\/logo\/image\/","url":"https:\/\/peoplesphere.be\/fr\/wp-content\/uploads\/2023\/07\/peoplesphere-lgo-new-generik.jpg","contentUrl":"https:\/\/peoplesphere.be\/fr\/wp-content\/uploads\/2023\/07\/peoplesphere-lgo-new-generik.jpg","width":1031,"height":1479,"caption":"Peoplesphere Company srl"},"image":{"@id":"https:\/\/peoplesphere.be\/fr\/#\/schema\/logo\/image\/"},"sameAs":["https:\/\/www.facebook.com\/peoplesphere","https:\/\/twitter.com\/PeoplesphereMag","https:\/\/www.linkedin.com\/company\/7587361?trk","http:\/\/youtube.com\/peoplesphere"]},{"@type":"Person","@id":"https:\/\/peoplesphere.be\/fr\/#\/schema\/person\/7976225ff17988604334abb7b3536a7e","name":"Jean-Paul Erhard","image":{"@type":"ImageObject","inLanguage":"fr-FR","@id":"https:\/\/peoplesphere.be\/fr\/#\/schema\/person\/image\/","url":"https:\/\/secure.gravatar.com\/avatar\/f941e681460179738071629a51574930?s=96&d=mm&r=g","contentUrl":"https:\/\/secure.gravatar.com\/avatar\/f941e681460179738071629a51574930?s=96&d=mm&r=g","caption":"Jean-Paul Erhard"},"url":"https:\/\/peoplesphere.be\/fr\/author\/jpe\/"}]}},"_links":{"self":[{"href":"https:\/\/peoplesphere.be\/fr\/wp-json\/wp\/v2\/posts\/14557"}],"collection":[{"href":"https:\/\/peoplesphere.be\/fr\/wp-json\/wp\/v2\/posts"}],"about":[{"href":"https:\/\/peoplesphere.be\/fr\/wp-json\/wp\/v2\/types\/post"}],"author":[{"embeddable":true,"href":"https:\/\/peoplesphere.be\/fr\/wp-json\/wp\/v2\/users\/2"}],"replies":[{"embeddable":true,"href":"https:\/\/peoplesphere.be\/fr\/wp-json\/wp\/v2\/comments?post=14557"}],"version-history":[{"count":1,"href":"https:\/\/peoplesphere.be\/fr\/wp-json\/wp\/v2\/posts\/14557\/revisions"}],"predecessor-version":[{"id":14558,"href":"https:\/\/peoplesphere.be\/fr\/wp-json\/wp\/v2\/posts\/14557\/revisions\/14558"}],"wp:attachment":[{"href":"https:\/\/peoplesphere.be\/fr\/wp-json\/wp\/v2\/media?parent=14557"}],"wp:term":[{"taxonomy":"category","embeddable":true,"href":"https:\/\/peoplesphere.be\/fr\/wp-json\/wp\/v2\/categories?post=14557"},{"taxonomy":"post_tag","embeddable":true,"href":"https:\/\/peoplesphere.be\/fr\/wp-json\/wp\/v2\/tags?post=14557"}],"curies":[{"name":"wp","href":"https:\/\/api.w.org\/{rel}","templated":true}]}}