









{"id":14598,"date":"2023-06-21T12:00:35","date_gmt":"2023-06-21T10:00:35","guid":{"rendered":"https:\/\/peoplesphere.be\/fr\/?p=14598"},"modified":"2023-06-21T12:21:08","modified_gmt":"2023-06-21T10:21:08","slug":"syndicats-ne-rassures-quant-a-protection-droit-de-greve-de-manifestation-nouvelle-mobilisation-28-juin","status":"publish","type":"post","link":"https:\/\/peoplesphere.be\/fr\/syndicats-ne-rassures-quant-a-protection-droit-de-greve-de-manifestation-nouvelle-mobilisation-28-juin\/","title":{"rendered":"Les syndicats ne sont pas rassur\u00e9s quant \u00e0 la protection du droit de gr\u00e8ve et de manifestation: nouvelle mobilisation le 28 juin."},"content":{"rendered":"<p>Le projet de loi visant une interdiction de manifester pour des actes commis lors de \u00ab\u00a0rassemblements revendicatifs\u00a0\u00bb poursuit son sprint vers le vote au Parlement. Les organisations syndicales remarquent que, m\u00eame avec les amendements, le projet de loi Van Quickenborne reste dangereux pour les mouvements sociaux. Nouvelle mobilisation le mercredi 28 juin devant le cabinet du Ministre de la Justice.<!--more--><\/p>\n<p><em>\u00ab\u00a0Le vote aura probablement lieu en juillet, en plein durant les cong\u00e9s d\u2019\u00e9t\u00e9!\u00a0\u00bb<\/em> souligner les syndicats. <em>\u00ab\u00a0Sauf si les parlementaires votent contre le projet de loi.\u00a0\u00bb<\/em><\/p>\n<p>La coalition syndicats \u2013 soci\u00e9t\u00e9 civile continue de demander le retrait de la disposition sur l\u2019interdiction de manifester. Elle appelle \u00e0 un nouveau rassemblement le mercredi 28 juin \u00e0 10h00, Boulevard du jardin du Botanique, 50 \u00e0 Bruxelles devant le cabinet du Ministre de la Justice, pour demander aux parlementaires de ne pas voter ce texte, m\u00eame amend\u00e9.<\/p>\n<p><em>\u00ab\u00a0Suite \u00e0 notre mobilisation le 7 juin, le texte a \u00e9t\u00e9 modifi\u00e9. Mais les amendements sont cosm\u00e9tiques et insuffisants. Ni les actions de gr\u00e8ve, ni l\u2019action syndicale au sens large, ni l\u2019action collective de quelque mouvement social que ce soit, ne sont prot\u00e9g\u00e9es dans le libell\u00e9 du texte revu et \u00ab corrig\u00e9 \u00bb par le Kern.<\/em><br \/>\n<em>Le terme \u00ab rassemblement revendicatif \u00bb nous concerne au premier chef et il n\u2019est pas abandonn\u00e9. Il ne devrait th\u00e9oriquement pas s\u2019appliquer lors d\u2019une gr\u00e8ve, mais rien ne garantit que les juges l\u2019appliqueront de cette mani\u00e8re. Qu\u2019il s\u2019agisse aussi d\u00e9sormais d\u2019un rassemblement de plus de 100 personnes ne change pas grand-chose \u00e0 la donne. Nous sommes en effet r\u00e9guli\u00e8rement plus de cent lors de nos mobilisations (syndicales, environnementales, associatives\u2026) dans l\u2019espace public.<\/em><br \/>\n<em>Les consid\u00e9rations cens\u00e9es \u00e9pargner \u00ab les non-casseurs \u00bb ne sont pas rassurantes car elles d\u00e9pendront encore de l\u2019interpr\u00e9tation d\u2019un juge.<\/em><br \/>\n<em>Le projet de loi, tel qu\u2019il existe, n\u2019emp\u00eachera jamais des personnes qui ont l\u2019intention de \u00ab casser \u00bb, de passer \u00e0 l\u2019acte.\u00a0\u00bb<\/em><\/p>\n<p><em>\u00ab\u00a0Fondamentalement, les amendements propos\u00e9s par le gouvernement ne changent rien au fait que le projet de loi ne parvient pas \u00e0 d\u00e9montrer la n\u00e9cessit\u00e9 sociale de la sanction, qui est l&rsquo;une des conditions sine qua non pour restreindre un droit fondamental tel que la libert\u00e9 de manifestation.\u00a0\u00bb<\/em><\/p>\n<p>&nbsp;<\/p>\n<p><em>Source : FGTB, CSC, CGSLB, Greenpeace, la Ligue des Droits humains, Amnesty International, Progress lawyers network, Soralia, Solidaris et les associations du r\u00e9seau Solidaris, le CEPAG, le PAC, le MOC, le CNCD-11.11.11, le CIR\u00c9,<\/em><\/p>\n","protected":false},"excerpt":{"rendered":"<p>Le projet de loi visant une interdiction de manifester pour des actes commis lors de \u00ab\u00a0rassemblements revendicatifs\u00a0\u00bb poursuit son sprint vers le vote au Parlement. Les organisations syndicales remarquent que, m\u00eame avec les amendements, le projet de loi Van Quickenborne [&hellip;]<\/p>\n","protected":false},"author":2,"featured_media":0,"comment_status":"closed","ping_status":"open","sticky":false,"template":"","format":"standard","meta":[],"categories":[65,10],"tags":[332,405,3843,110],"yoast_head":"<!-- This site is optimized with the Yoast SEO plugin v21.0 - https:\/\/yoast.com\/wordpress\/plugins\/seo\/ -->\n<title>Les syndicats ne sont pas rassur\u00e9s quant \u00e0 la protection du droit de gr\u00e8ve et de manifestation: nouvelle mobilisation le 28 juin. - Peoplesphere<\/title>\n<meta name=\"robots\" content=\"index, follow, max-snippet:-1, max-image-preview:large, max-video-preview:-1\" \/>\n<link rel=\"canonical\" href=\"https:\/\/peoplesphere.be\/fr\/syndicats-ne-rassures-quant-a-protection-droit-de-greve-de-manifestation-nouvelle-mobilisation-28-juin\/\" \/>\n<meta property=\"og:locale\" content=\"fr_FR\" \/>\n<meta property=\"og:type\" content=\"article\" \/>\n<meta property=\"og:title\" content=\"Les syndicats ne sont pas rassur\u00e9s quant \u00e0 la protection du droit de gr\u00e8ve et de manifestation: nouvelle mobilisation le 28 juin. - Peoplesphere\" \/>\n<meta property=\"og:description\" content=\"Le projet de loi visant une interdiction de manifester pour des actes commis lors de \u00ab\u00a0rassemblements revendicatifs\u00a0\u00bb poursuit son sprint vers le vote au Parlement. Les organisations syndicales remarquent que, m\u00eame avec les amendements, le projet de loi Van Quickenborne [&hellip;]\" \/>\n<meta property=\"og:url\" content=\"https:\/\/peoplesphere.be\/fr\/syndicats-ne-rassures-quant-a-protection-droit-de-greve-de-manifestation-nouvelle-mobilisation-28-juin\/\" \/>\n<meta property=\"og:site_name\" content=\"Peoplesphere\" \/>\n<meta property=\"article:publisher\" content=\"https:\/\/www.facebook.com\/peoplesphere\" \/>\n<meta property=\"article:published_time\" content=\"2023-06-21T10:00:35+00:00\" \/>\n<meta property=\"article:modified_time\" content=\"2023-06-21T10:21:08+00:00\" \/>\n<meta property=\"og:image\" content=\"http:\/\/www.peoplesphere.be\/fr\/wp-content\/uploads\/2016\/07\/facebook-default-posting-1200x628px.jpg\" \/>\n<meta name=\"author\" content=\"Jean-Paul Erhard\" \/>\n<meta name=\"twitter:card\" content=\"summary_large_image\" \/>\n<meta name=\"twitter:creator\" content=\"@PeoplesphereMag\" \/>\n<meta name=\"twitter:site\" content=\"@PeoplesphereMag\" \/>\n<meta name=\"twitter:label1\" content=\"\u00c9crit par\" \/>\n\t<meta name=\"twitter:data1\" content=\"Jean-Paul Erhard\" \/>\n\t<meta name=\"twitter:label2\" content=\"Dur\u00e9e de lecture estim\u00e9e\" \/>\n\t<meta name=\"twitter:data2\" content=\"2 minutes\" \/>\n<script type=\"application\/ld+json\" class=\"yoast-schema-graph\">{\"@context\":\"https:\/\/schema.org\",\"@graph\":[{\"@type\":\"Article\",\"@id\":\"https:\/\/peoplesphere.be\/fr\/syndicats-ne-rassures-quant-a-protection-droit-de-greve-de-manifestation-nouvelle-mobilisation-28-juin\/#article\",\"isPartOf\":{\"@id\":\"https:\/\/peoplesphere.be\/fr\/syndicats-ne-rassures-quant-a-protection-droit-de-greve-de-manifestation-nouvelle-mobilisation-28-juin\/\"},\"author\":{\"name\":\"Jean-Paul Erhard\",\"@id\":\"https:\/\/peoplesphere.be\/fr\/#\/schema\/person\/7976225ff17988604334abb7b3536a7e\"},\"headline\":\"Les syndicats ne sont pas rassur\u00e9s quant \u00e0 la protection du droit de gr\u00e8ve et de manifestation: nouvelle mobilisation le 28 juin.\",\"datePublished\":\"2023-06-21T10:00:35+00:00\",\"dateModified\":\"2023-06-21T10:21:08+00:00\",\"mainEntityOfPage\":{\"@id\":\"https:\/\/peoplesphere.be\/fr\/syndicats-ne-rassures-quant-a-protection-droit-de-greve-de-manifestation-nouvelle-mobilisation-28-juin\/\"},\"wordCount\":437,\"publisher\":{\"@id\":\"https:\/\/peoplesphere.be\/fr\/#organization\"},\"keywords\":[\"concertation sociale\",\"droit de gr\u00e8ve\",\"droit de manifestation\",\"syndicats\"],\"articleSection\":[\"Actualit\u00e9s\",\"Digital\"],\"inLanguage\":\"fr-FR\"},{\"@type\":\"WebPage\",\"@id\":\"https:\/\/peoplesphere.be\/fr\/syndicats-ne-rassures-quant-a-protection-droit-de-greve-de-manifestation-nouvelle-mobilisation-28-juin\/\",\"url\":\"https:\/\/peoplesphere.be\/fr\/syndicats-ne-rassures-quant-a-protection-droit-de-greve-de-manifestation-nouvelle-mobilisation-28-juin\/\",\"name\":\"Les syndicats ne sont pas rassur\u00e9s quant \u00e0 la protection du droit de gr\u00e8ve et de manifestation: nouvelle mobilisation le 28 juin. - Peoplesphere\",\"isPartOf\":{\"@id\":\"https:\/\/peoplesphere.be\/fr\/#website\"},\"datePublished\":\"2023-06-21T10:00:35+00:00\",\"dateModified\":\"2023-06-21T10:21:08+00:00\",\"breadcrumb\":{\"@id\":\"https:\/\/peoplesphere.be\/fr\/syndicats-ne-rassures-quant-a-protection-droit-de-greve-de-manifestation-nouvelle-mobilisation-28-juin\/#breadcrumb\"},\"inLanguage\":\"fr-FR\",\"potentialAction\":[{\"@type\":\"ReadAction\",\"target\":[\"https:\/\/peoplesphere.be\/fr\/syndicats-ne-rassures-quant-a-protection-droit-de-greve-de-manifestation-nouvelle-mobilisation-28-juin\/\"]}]},{\"@type\":\"BreadcrumbList\",\"@id\":\"https:\/\/peoplesphere.be\/fr\/syndicats-ne-rassures-quant-a-protection-droit-de-greve-de-manifestation-nouvelle-mobilisation-28-juin\/#breadcrumb\",\"itemListElement\":[{\"@type\":\"ListItem\",\"position\":1,\"name\":\"Accueil\",\"item\":\"https:\/\/peoplesphere.be\/fr\/\"},{\"@type\":\"ListItem\",\"position\":2,\"name\":\"Les syndicats ne sont pas rassur\u00e9s quant \u00e0 la protection du droit de gr\u00e8ve et de manifestation: nouvelle mobilisation le 28 juin.\"}]},{\"@type\":\"WebSite\",\"@id\":\"https:\/\/peoplesphere.be\/fr\/#website\",\"url\":\"https:\/\/peoplesphere.be\/fr\/\",\"name\":\"Peoplesphere\",\"description\":\"The People Managers Magazine\",\"publisher\":{\"@id\":\"https:\/\/peoplesphere.be\/fr\/#organization\"},\"potentialAction\":[{\"@type\":\"SearchAction\",\"target\":{\"@type\":\"EntryPoint\",\"urlTemplate\":\"https:\/\/peoplesphere.be\/fr\/?s={search_term_string}\"},\"query-input\":\"required name=search_term_string\"}],\"inLanguage\":\"fr-FR\"},{\"@type\":\"Organization\",\"@id\":\"https:\/\/peoplesphere.be\/fr\/#organization\",\"name\":\"Peoplesphere Company srl\",\"url\":\"https:\/\/peoplesphere.be\/fr\/\",\"logo\":{\"@type\":\"ImageObject\",\"inLanguage\":\"fr-FR\",\"@id\":\"https:\/\/peoplesphere.be\/fr\/#\/schema\/logo\/image\/\",\"url\":\"https:\/\/peoplesphere.be\/fr\/wp-content\/uploads\/2023\/07\/peoplesphere-lgo-new-generik.jpg\",\"contentUrl\":\"https:\/\/peoplesphere.be\/fr\/wp-content\/uploads\/2023\/07\/peoplesphere-lgo-new-generik.jpg\",\"width\":1031,\"height\":1479,\"caption\":\"Peoplesphere Company srl\"},\"image\":{\"@id\":\"https:\/\/peoplesphere.be\/fr\/#\/schema\/logo\/image\/\"},\"sameAs\":[\"https:\/\/www.facebook.com\/peoplesphere\",\"https:\/\/twitter.com\/PeoplesphereMag\",\"https:\/\/www.linkedin.com\/company\/7587361?trk\",\"http:\/\/youtube.com\/peoplesphere\"]},{\"@type\":\"Person\",\"@id\":\"https:\/\/peoplesphere.be\/fr\/#\/schema\/person\/7976225ff17988604334abb7b3536a7e\",\"name\":\"Jean-Paul Erhard\",\"image\":{\"@type\":\"ImageObject\",\"inLanguage\":\"fr-FR\",\"@id\":\"https:\/\/peoplesphere.be\/fr\/#\/schema\/person\/image\/\",\"url\":\"https:\/\/secure.gravatar.com\/avatar\/f941e681460179738071629a51574930?s=96&d=mm&r=g\",\"contentUrl\":\"https:\/\/secure.gravatar.com\/avatar\/f941e681460179738071629a51574930?s=96&d=mm&r=g\",\"caption\":\"Jean-Paul Erhard\"},\"url\":\"https:\/\/peoplesphere.be\/fr\/author\/jpe\/\"}]}<\/script>\n<!-- \/ Yoast SEO plugin. -->","yoast_head_json":{"title":"Les syndicats ne sont pas rassur\u00e9s quant \u00e0 la protection du droit de gr\u00e8ve et de manifestation: nouvelle mobilisation le 28 juin. - Peoplesphere","robots":{"index":"index","follow":"follow","max-snippet":"max-snippet:-1","max-image-preview":"max-image-preview:large","max-video-preview":"max-video-preview:-1"},"canonical":"https:\/\/peoplesphere.be\/fr\/syndicats-ne-rassures-quant-a-protection-droit-de-greve-de-manifestation-nouvelle-mobilisation-28-juin\/","og_locale":"fr_FR","og_type":"article","og_title":"Les syndicats ne sont pas rassur\u00e9s quant \u00e0 la protection du droit de gr\u00e8ve et de manifestation: nouvelle mobilisation le 28 juin. - Peoplesphere","og_description":"Le projet de loi visant une interdiction de manifester pour des actes commis lors de \u00ab\u00a0rassemblements revendicatifs\u00a0\u00bb poursuit son sprint vers le vote au Parlement. Les organisations syndicales remarquent que, m\u00eame avec les amendements, le projet de loi Van Quickenborne [&hellip;]","og_url":"https:\/\/peoplesphere.be\/fr\/syndicats-ne-rassures-quant-a-protection-droit-de-greve-de-manifestation-nouvelle-mobilisation-28-juin\/","og_site_name":"Peoplesphere","article_publisher":"https:\/\/www.facebook.com\/peoplesphere","article_published_time":"2023-06-21T10:00:35+00:00","article_modified_time":"2023-06-21T10:21:08+00:00","og_image":[{"url":"http:\/\/www.peoplesphere.be\/fr\/wp-content\/uploads\/2016\/07\/facebook-default-posting-1200x628px.jpg"}],"author":"Jean-Paul Erhard","twitter_card":"summary_large_image","twitter_creator":"@PeoplesphereMag","twitter_site":"@PeoplesphereMag","twitter_misc":{"\u00c9crit par":"Jean-Paul Erhard","Dur\u00e9e de lecture estim\u00e9e":"2 minutes"},"schema":{"@context":"https:\/\/schema.org","@graph":[{"@type":"Article","@id":"https:\/\/peoplesphere.be\/fr\/syndicats-ne-rassures-quant-a-protection-droit-de-greve-de-manifestation-nouvelle-mobilisation-28-juin\/#article","isPartOf":{"@id":"https:\/\/peoplesphere.be\/fr\/syndicats-ne-rassures-quant-a-protection-droit-de-greve-de-manifestation-nouvelle-mobilisation-28-juin\/"},"author":{"name":"Jean-Paul Erhard","@id":"https:\/\/peoplesphere.be\/fr\/#\/schema\/person\/7976225ff17988604334abb7b3536a7e"},"headline":"Les syndicats ne sont pas rassur\u00e9s quant \u00e0 la protection du droit de gr\u00e8ve et de manifestation: nouvelle mobilisation le 28 juin.","datePublished":"2023-06-21T10:00:35+00:00","dateModified":"2023-06-21T10:21:08+00:00","mainEntityOfPage":{"@id":"https:\/\/peoplesphere.be\/fr\/syndicats-ne-rassures-quant-a-protection-droit-de-greve-de-manifestation-nouvelle-mobilisation-28-juin\/"},"wordCount":437,"publisher":{"@id":"https:\/\/peoplesphere.be\/fr\/#organization"},"keywords":["concertation sociale","droit de gr\u00e8ve","droit de manifestation","syndicats"],"articleSection":["Actualit\u00e9s","Digital"],"inLanguage":"fr-FR"},{"@type":"WebPage","@id":"https:\/\/peoplesphere.be\/fr\/syndicats-ne-rassures-quant-a-protection-droit-de-greve-de-manifestation-nouvelle-mobilisation-28-juin\/","url":"https:\/\/peoplesphere.be\/fr\/syndicats-ne-rassures-quant-a-protection-droit-de-greve-de-manifestation-nouvelle-mobilisation-28-juin\/","name":"Les syndicats ne sont pas rassur\u00e9s quant \u00e0 la protection du droit de gr\u00e8ve et de manifestation: nouvelle mobilisation le 28 juin. - Peoplesphere","isPartOf":{"@id":"https:\/\/peoplesphere.be\/fr\/#website"},"datePublished":"2023-06-21T10:00:35+00:00","dateModified":"2023-06-21T10:21:08+00:00","breadcrumb":{"@id":"https:\/\/peoplesphere.be\/fr\/syndicats-ne-rassures-quant-a-protection-droit-de-greve-de-manifestation-nouvelle-mobilisation-28-juin\/#breadcrumb"},"inLanguage":"fr-FR","potentialAction":[{"@type":"ReadAction","target":["https:\/\/peoplesphere.be\/fr\/syndicats-ne-rassures-quant-a-protection-droit-de-greve-de-manifestation-nouvelle-mobilisation-28-juin\/"]}]},{"@type":"BreadcrumbList","@id":"https:\/\/peoplesphere.be\/fr\/syndicats-ne-rassures-quant-a-protection-droit-de-greve-de-manifestation-nouvelle-mobilisation-28-juin\/#breadcrumb","itemListElement":[{"@type":"ListItem","position":1,"name":"Accueil","item":"https:\/\/peoplesphere.be\/fr\/"},{"@type":"ListItem","position":2,"name":"Les syndicats ne sont pas rassur\u00e9s quant \u00e0 la protection du droit de gr\u00e8ve et de manifestation: nouvelle mobilisation le 28 juin."}]},{"@type":"WebSite","@id":"https:\/\/peoplesphere.be\/fr\/#website","url":"https:\/\/peoplesphere.be\/fr\/","name":"Peoplesphere","description":"The People Managers Magazine","publisher":{"@id":"https:\/\/peoplesphere.be\/fr\/#organization"},"potentialAction":[{"@type":"SearchAction","target":{"@type":"EntryPoint","urlTemplate":"https:\/\/peoplesphere.be\/fr\/?s={search_term_string}"},"query-input":"required name=search_term_string"}],"inLanguage":"fr-FR"},{"@type":"Organization","@id":"https:\/\/peoplesphere.be\/fr\/#organization","name":"Peoplesphere Company srl","url":"https:\/\/peoplesphere.be\/fr\/","logo":{"@type":"ImageObject","inLanguage":"fr-FR","@id":"https:\/\/peoplesphere.be\/fr\/#\/schema\/logo\/image\/","url":"https:\/\/peoplesphere.be\/fr\/wp-content\/uploads\/2023\/07\/peoplesphere-lgo-new-generik.jpg","contentUrl":"https:\/\/peoplesphere.be\/fr\/wp-content\/uploads\/2023\/07\/peoplesphere-lgo-new-generik.jpg","width":1031,"height":1479,"caption":"Peoplesphere Company srl"},"image":{"@id":"https:\/\/peoplesphere.be\/fr\/#\/schema\/logo\/image\/"},"sameAs":["https:\/\/www.facebook.com\/peoplesphere","https:\/\/twitter.com\/PeoplesphereMag","https:\/\/www.linkedin.com\/company\/7587361?trk","http:\/\/youtube.com\/peoplesphere"]},{"@type":"Person","@id":"https:\/\/peoplesphere.be\/fr\/#\/schema\/person\/7976225ff17988604334abb7b3536a7e","name":"Jean-Paul Erhard","image":{"@type":"ImageObject","inLanguage":"fr-FR","@id":"https:\/\/peoplesphere.be\/fr\/#\/schema\/person\/image\/","url":"https:\/\/secure.gravatar.com\/avatar\/f941e681460179738071629a51574930?s=96&d=mm&r=g","contentUrl":"https:\/\/secure.gravatar.com\/avatar\/f941e681460179738071629a51574930?s=96&d=mm&r=g","caption":"Jean-Paul Erhard"},"url":"https:\/\/peoplesphere.be\/fr\/author\/jpe\/"}]}},"_links":{"self":[{"href":"https:\/\/peoplesphere.be\/fr\/wp-json\/wp\/v2\/posts\/14598"}],"collection":[{"href":"https:\/\/peoplesphere.be\/fr\/wp-json\/wp\/v2\/posts"}],"about":[{"href":"https:\/\/peoplesphere.be\/fr\/wp-json\/wp\/v2\/types\/post"}],"author":[{"embeddable":true,"href":"https:\/\/peoplesphere.be\/fr\/wp-json\/wp\/v2\/users\/2"}],"replies":[{"embeddable":true,"href":"https:\/\/peoplesphere.be\/fr\/wp-json\/wp\/v2\/comments?post=14598"}],"version-history":[{"count":2,"href":"https:\/\/peoplesphere.be\/fr\/wp-json\/wp\/v2\/posts\/14598\/revisions"}],"predecessor-version":[{"id":14600,"href":"https:\/\/peoplesphere.be\/fr\/wp-json\/wp\/v2\/posts\/14598\/revisions\/14600"}],"wp:attachment":[{"href":"https:\/\/peoplesphere.be\/fr\/wp-json\/wp\/v2\/media?parent=14598"}],"wp:term":[{"taxonomy":"category","embeddable":true,"href":"https:\/\/peoplesphere.be\/fr\/wp-json\/wp\/v2\/categories?post=14598"},{"taxonomy":"post_tag","embeddable":true,"href":"https:\/\/peoplesphere.be\/fr\/wp-json\/wp\/v2\/tags?post=14598"}],"curies":[{"name":"wp","href":"https:\/\/api.w.org\/{rel}","templated":true}]}}