









{"id":14613,"date":"2023-06-22T08:54:48","date_gmt":"2023-06-22T06:54:48","guid":{"rendered":"https:\/\/peoplesphere.be\/fr\/?p=14613"},"modified":"2023-07-28T08:55:54","modified_gmt":"2023-07-28T06:55:54","slug":"retour-progressif-marche-travail-1-personne-9-reprend-travail-a-temps-partiel-pendant-periode-de-maladie","status":"publish","type":"post","link":"https:\/\/peoplesphere.be\/fr\/retour-progressif-marche-travail-1-personne-9-reprend-travail-a-temps-partiel-pendant-periode-de-maladie\/","title":{"rendered":"Retour progressif sur le march\u00e9 du travail: 1 personne sur 9 reprend le travail \u00e0 temps partiel pendant une p\u00e9riode de maladie."},"content":{"rendered":"<p>Selon une \u00e9tude r\u00e9cente men\u00e9e par les Mutualit\u00e9s Libres, 1 personne sur 9 reprend le travail \u00e0 temps partiel pendant une p\u00e9riode de maladie. Ce sont surtout les personnes souffrant d\u2019affections mentales qui font appel au syst\u00e8me de reprise progressive du travail. En g\u00e9n\u00e9ral, la reprise du travail \u00e0 temps partiel commence dans les 6 premiers mois de la p\u00e9riode de maladie. ll s&rsquo;agit plus souvent de femmes, d&#8217;employ\u00e9s ou de travailleurs ind\u00e9pendants, et de personnes \u00e2g\u00e9es de plus de 35 ans.<!--more--><\/p>\n<p>Une \u00e9tude r\u00e9cente r\u00e9alis\u00e9e par les Mutualit\u00e9s Libres, dont fait partie Partenamut, sur la base des donn\u00e9es de leurs membres, analyse la reprise du travail \u00e0 temps partiel des personnes en incapacit\u00e9 de travail. Le syst\u00e8me de reprise du travail \u00e0 temps partiel permet \u00e0 la personne de reprendre le travail \u00e0 temps partiel pendant une p\u00e9riode de maladie, sous r\u00e9serve de l&rsquo;accord du m\u00e9decin-conseil de la mutualit\u00e9, tout en conservant partiellement ses indemnit\u00e9s de maladie. Lorsque l&rsquo;\u00e9tat de sant\u00e9 de l&rsquo;assur\u00e9 le permet, une reprise totale du travail peut \u00eatre envisag\u00e9e. Dans certains cas, une formation ou une reconversion professionnelle fait \u00e9galement partie des possibilit\u00e9s.<\/p>\n<p><strong><em>Principaux r\u00e9sultats de l&rsquo;\u00e9tude<\/em><\/strong><\/p>\n<p>L&rsquo;\u00e9tude montre qu&rsquo;environ 1 personne en incapacit\u00e9 de travail sur 9 reprend le travail \u00e0 temps partiel pendant une p\u00e9riode de maladie. Dans la majorit\u00e9 des cas, cette reprise du travail d\u00e9bute dans les six premiers mois de l&rsquo;incapacit\u00e9. Plus de deux tiers des personnes qui reprennent le travail \u00e0 temps partiel \u00e9voluent ensuite vers une reprise compl\u00e8te du travail. Par ailleurs, une comparaison des diff\u00e9rents diagnostics m\u00e9dicaux montre que ce sont surtout les personnes souffrant de pathologies mentales (dont principalement le burn-out et la d\u00e9pression) qui font appel \u00e0 la reprise du travail \u00e0 temps partiel. 44 % des reprises du travail \u00e0 temps partiel concernent donc des personnes atteintes de troubles mentaux, ce qui est nettement plus \u00e9lev\u00e9 que la proportion de personnes en incapacit\u00e9 de travail souffrant de troubles mentaux mais qui ne reprennent pas le travail \u00e0 temps partiel (33 %).<\/p>\n<p>Enfin, l&rsquo;analyse met en \u00e9vidence certaines caract\u00e9ristiques d\u00e9mographiques :<\/p>\n<ul>\n<li>Ce sont principalement les personnes de plus de 35 ans qui reprennent le travail \u00e0 temps partiel pendant une p\u00e9riode de maladie.<\/li>\n<li>Les femmes optent plus souvent pour ce syst\u00e8me que les hommes.<\/li>\n<li>Il s&rsquo;agit principalement de travailleurs ayant les statuts d&#8217;employ\u00e9s et d&rsquo;ind\u00e9pendants (et beaucoup moins d\u2019ouvriers ou de demandeurs d&#8217;emploi).<\/li>\n<li>Les personnes qui \u00e9prouvent des difficult\u00e9s financi\u00e8res (b\u00e9n\u00e9ficiaires de l&rsquo;intervention major\u00e9e) y ont nettement moins recours.<\/li>\n<\/ul>\n<p><strong><em>Focus sur le \u201cpotentiel de travail\u201d et la n\u00e9cessit\u00e9 d&rsquo;un march\u00e9 du travail plus flexible<\/em><\/strong><\/p>\n<p>Xavier Brenez, directeur g\u00e9n\u00e9ral des Mutualit\u00e9s Libres : <em>\u00ab\u00a0Lorsque leur \u00e9tat de sant\u00e9 le permet, la reprise du travail \u00e0 temps partiel est un outil performant pour que les personnes en incapacit\u00e9 de travail puissent retourner travailler \u00e0 temps partiel ou \u00e0 temps plein. Elle contribue au r\u00e9tablissement de la personne et \u00e0 la durabilit\u00e9 du syst\u00e8me. Compte tenu du nombre croissant attendu de personnes en l&rsquo;incapacit\u00e9 de travail \/ invalidit\u00e9 pour les ann\u00e9es \u00e0 venir, et de la pression croissante sur la s\u00e9curit\u00e9 sociale, il est important de promouvoir suffisamment cette mesure aupr\u00e8s des assur\u00e9s, des employeurs et des services de l&#8217;emploi. <\/em><em>Alors que le syst\u00e8me actuel d&rsquo;incapacit\u00e9 est plut\u00f4t binaire &#8211; soit vous \u00eates malade, soit vous pouvez travailler &#8211; nous devons davantage envisager des es syst\u00e8mes hybrides et plus flexibles. Un changement de paradigme est n\u00e9cessaire, pour passer de l\u2019incapacit\u00e9 de travail au potentiel de travail, en partant toujours de l&rsquo;\u00e9tat de sant\u00e9 de la personne.\u00a0\u00bb<\/em><\/p>\n<p>Le m\u00e9decin-conseil de la mutualit\u00e9, ainsi qu&rsquo;une \u00e9quipe de param\u00e9dicaux et de coordinateurs Retour au Travail, jouent un r\u00f4le important dans ce processus. Philippe Marneth, m\u00e9decin directeur aux Mutualit\u00e9s Libres : <em>\u00ab\u00a0Il arrive que les patients eux-m\u00eames ne voient pas quelles sont leurs capacit\u00e9s restantes, souvent parce qu&rsquo;ils ont perdu un peu de leur confiance en eux. Ce que l&rsquo;on appelle le contr\u00f4le m\u00e9dical par la mutualit\u00e9 a une connotation n\u00e9gative pour beaucoup, mais dans la pratique, il joue souvent un r\u00f4le de conseil et de motivation. Il permet d&rsquo;identifier de mani\u00e8re proactive ce qu&rsquo;une personne peut encore faire. En outre, la connaissance des crit\u00e8res m\u00e9dico-l\u00e9gaux et des d\u00e9marches pratiques \u00e0 effectuer est \u00e9galement essentielle pour guider au mieux le patient dans son trajet.\u00a0\u00bb<\/em><\/p>\n<p>&nbsp;<\/p>\n<p><em>Source: Mutualit\u00e9s Libres<\/em><\/p>\n","protected":false},"excerpt":{"rendered":"<p>Selon une \u00e9tude r\u00e9cente men\u00e9e par les Mutualit\u00e9s Libres, 1 personne sur 9 reprend le travail \u00e0 temps partiel pendant une p\u00e9riode de maladie. Ce sont surtout les personnes souffrant d\u2019affections mentales qui font appel au syst\u00e8me de reprise progressive [&hellip;]<\/p>\n","protected":false},"author":2,"featured_media":14614,"comment_status":"closed","ping_status":"open","sticky":false,"template":"","format":"standard","meta":[],"categories":[65,10],"tags":[96,662,16,1911,17,377],"yoast_head":"<!-- This site is optimized with the Yoast SEO plugin v21.0 - https:\/\/yoast.com\/wordpress\/plugins\/seo\/ -->\n<title>Retour progressif sur le march\u00e9 du travail: 1 personne sur 9 reprend le travail \u00e0 temps partiel pendant une p\u00e9riode de maladie. - Peoplesphere<\/title>\n<meta name=\"robots\" content=\"index, follow, max-snippet:-1, max-image-preview:large, max-video-preview:-1\" \/>\n<link rel=\"canonical\" href=\"https:\/\/peoplesphere.be\/fr\/retour-progressif-marche-travail-1-personne-9-reprend-travail-a-temps-partiel-pendant-periode-de-maladie\/\" \/>\n<meta property=\"og:locale\" content=\"fr_FR\" \/>\n<meta property=\"og:type\" content=\"article\" \/>\n<meta property=\"og:title\" content=\"Retour progressif sur le march\u00e9 du travail: 1 personne sur 9 reprend le travail \u00e0 temps partiel pendant une p\u00e9riode de maladie. - Peoplesphere\" \/>\n<meta property=\"og:description\" content=\"Selon une \u00e9tude r\u00e9cente men\u00e9e par les Mutualit\u00e9s Libres, 1 personne sur 9 reprend le travail \u00e0 temps partiel pendant une p\u00e9riode de maladie. Ce sont surtout les personnes souffrant d\u2019affections mentales qui font appel au syst\u00e8me de reprise progressive [&hellip;]\" \/>\n<meta property=\"og:url\" content=\"https:\/\/peoplesphere.be\/fr\/retour-progressif-marche-travail-1-personne-9-reprend-travail-a-temps-partiel-pendant-periode-de-maladie\/\" \/>\n<meta property=\"og:site_name\" content=\"Peoplesphere\" \/>\n<meta property=\"article:publisher\" content=\"https:\/\/www.facebook.com\/peoplesphere\" \/>\n<meta property=\"article:published_time\" content=\"2023-06-22T06:54:48+00:00\" \/>\n<meta property=\"article:modified_time\" content=\"2023-07-28T06:55:54+00:00\" \/>\n<meta property=\"og:image\" content=\"https:\/\/peoplesphere.be\/fr\/wp-content\/uploads\/2023\/06\/20230622mutlibres.jpg\" \/>\n\t<meta property=\"og:image:width\" content=\"1200\" \/>\n\t<meta property=\"og:image:height\" content=\"474\" \/>\n\t<meta property=\"og:image:type\" content=\"image\/jpeg\" \/>\n<meta name=\"author\" content=\"Jean-Paul Erhard\" \/>\n<meta name=\"twitter:card\" content=\"summary_large_image\" \/>\n<meta name=\"twitter:creator\" content=\"@PeoplesphereMag\" \/>\n<meta name=\"twitter:site\" content=\"@PeoplesphereMag\" \/>\n<meta name=\"twitter:label1\" content=\"\u00c9crit par\" \/>\n\t<meta name=\"twitter:data1\" content=\"Jean-Paul Erhard\" \/>\n\t<meta name=\"twitter:label2\" content=\"Dur\u00e9e de lecture estim\u00e9e\" \/>\n\t<meta name=\"twitter:data2\" content=\"4 minutes\" \/>\n<script type=\"application\/ld+json\" class=\"yoast-schema-graph\">{\"@context\":\"https:\/\/schema.org\",\"@graph\":[{\"@type\":\"Article\",\"@id\":\"https:\/\/peoplesphere.be\/fr\/retour-progressif-marche-travail-1-personne-9-reprend-travail-a-temps-partiel-pendant-periode-de-maladie\/#article\",\"isPartOf\":{\"@id\":\"https:\/\/peoplesphere.be\/fr\/retour-progressif-marche-travail-1-personne-9-reprend-travail-a-temps-partiel-pendant-periode-de-maladie\/\"},\"author\":{\"name\":\"Jean-Paul Erhard\",\"@id\":\"https:\/\/peoplesphere.be\/fr\/#\/schema\/person\/7976225ff17988604334abb7b3536a7e\"},\"headline\":\"Retour progressif sur le march\u00e9 du travail: 1 personne sur 9 reprend le travail \u00e0 temps partiel pendant une p\u00e9riode de maladie.\",\"datePublished\":\"2023-06-22T06:54:48+00:00\",\"dateModified\":\"2023-07-28T06:55:54+00:00\",\"mainEntityOfPage\":{\"@id\":\"https:\/\/peoplesphere.be\/fr\/retour-progressif-marche-travail-1-personne-9-reprend-travail-a-temps-partiel-pendant-periode-de-maladie\/\"},\"wordCount\":781,\"publisher\":{\"@id\":\"https:\/\/peoplesphere.be\/fr\/#organization\"},\"keywords\":[\"bien-\u00eatre\",\"incapacit\u00e9\",\"Maladie\",\"mutualit\u00e9s\",\"Sant\u00e9\",\"temps partiel\"],\"articleSection\":[\"Actualit\u00e9s\",\"Digital\"],\"inLanguage\":\"fr-FR\"},{\"@type\":\"WebPage\",\"@id\":\"https:\/\/peoplesphere.be\/fr\/retour-progressif-marche-travail-1-personne-9-reprend-travail-a-temps-partiel-pendant-periode-de-maladie\/\",\"url\":\"https:\/\/peoplesphere.be\/fr\/retour-progressif-marche-travail-1-personne-9-reprend-travail-a-temps-partiel-pendant-periode-de-maladie\/\",\"name\":\"Retour progressif sur le march\u00e9 du travail: 1 personne sur 9 reprend le travail \u00e0 temps partiel pendant une p\u00e9riode de maladie. - Peoplesphere\",\"isPartOf\":{\"@id\":\"https:\/\/peoplesphere.be\/fr\/#website\"},\"datePublished\":\"2023-06-22T06:54:48+00:00\",\"dateModified\":\"2023-07-28T06:55:54+00:00\",\"breadcrumb\":{\"@id\":\"https:\/\/peoplesphere.be\/fr\/retour-progressif-marche-travail-1-personne-9-reprend-travail-a-temps-partiel-pendant-periode-de-maladie\/#breadcrumb\"},\"inLanguage\":\"fr-FR\",\"potentialAction\":[{\"@type\":\"ReadAction\",\"target\":[\"https:\/\/peoplesphere.be\/fr\/retour-progressif-marche-travail-1-personne-9-reprend-travail-a-temps-partiel-pendant-periode-de-maladie\/\"]}]},{\"@type\":\"BreadcrumbList\",\"@id\":\"https:\/\/peoplesphere.be\/fr\/retour-progressif-marche-travail-1-personne-9-reprend-travail-a-temps-partiel-pendant-periode-de-maladie\/#breadcrumb\",\"itemListElement\":[{\"@type\":\"ListItem\",\"position\":1,\"name\":\"Accueil\",\"item\":\"https:\/\/peoplesphere.be\/fr\/\"},{\"@type\":\"ListItem\",\"position\":2,\"name\":\"Retour progressif sur le march\u00e9 du travail: 1 personne sur 9 reprend le travail \u00e0 temps partiel pendant une p\u00e9riode de maladie.\"}]},{\"@type\":\"WebSite\",\"@id\":\"https:\/\/peoplesphere.be\/fr\/#website\",\"url\":\"https:\/\/peoplesphere.be\/fr\/\",\"name\":\"Peoplesphere\",\"description\":\"The People Managers Magazine\",\"publisher\":{\"@id\":\"https:\/\/peoplesphere.be\/fr\/#organization\"},\"potentialAction\":[{\"@type\":\"SearchAction\",\"target\":{\"@type\":\"EntryPoint\",\"urlTemplate\":\"https:\/\/peoplesphere.be\/fr\/?s={search_term_string}\"},\"query-input\":\"required name=search_term_string\"}],\"inLanguage\":\"fr-FR\"},{\"@type\":\"Organization\",\"@id\":\"https:\/\/peoplesphere.be\/fr\/#organization\",\"name\":\"Peoplesphere Company srl\",\"url\":\"https:\/\/peoplesphere.be\/fr\/\",\"logo\":{\"@type\":\"ImageObject\",\"inLanguage\":\"fr-FR\",\"@id\":\"https:\/\/peoplesphere.be\/fr\/#\/schema\/logo\/image\/\",\"url\":\"https:\/\/peoplesphere.be\/fr\/wp-content\/uploads\/2023\/07\/peoplesphere-lgo-new-generik.jpg\",\"contentUrl\":\"https:\/\/peoplesphere.be\/fr\/wp-content\/uploads\/2023\/07\/peoplesphere-lgo-new-generik.jpg\",\"width\":1031,\"height\":1479,\"caption\":\"Peoplesphere Company srl\"},\"image\":{\"@id\":\"https:\/\/peoplesphere.be\/fr\/#\/schema\/logo\/image\/\"},\"sameAs\":[\"https:\/\/www.facebook.com\/peoplesphere\",\"https:\/\/twitter.com\/PeoplesphereMag\",\"https:\/\/www.linkedin.com\/company\/7587361?trk\",\"http:\/\/youtube.com\/peoplesphere\"]},{\"@type\":\"Person\",\"@id\":\"https:\/\/peoplesphere.be\/fr\/#\/schema\/person\/7976225ff17988604334abb7b3536a7e\",\"name\":\"Jean-Paul Erhard\",\"image\":{\"@type\":\"ImageObject\",\"inLanguage\":\"fr-FR\",\"@id\":\"https:\/\/peoplesphere.be\/fr\/#\/schema\/person\/image\/\",\"url\":\"https:\/\/secure.gravatar.com\/avatar\/f941e681460179738071629a51574930?s=96&d=mm&r=g\",\"contentUrl\":\"https:\/\/secure.gravatar.com\/avatar\/f941e681460179738071629a51574930?s=96&d=mm&r=g\",\"caption\":\"Jean-Paul Erhard\"},\"url\":\"https:\/\/peoplesphere.be\/fr\/author\/jpe\/\"}]}<\/script>\n<!-- \/ Yoast SEO plugin. -->","yoast_head_json":{"title":"Retour progressif sur le march\u00e9 du travail: 1 personne sur 9 reprend le travail \u00e0 temps partiel pendant une p\u00e9riode de maladie. - Peoplesphere","robots":{"index":"index","follow":"follow","max-snippet":"max-snippet:-1","max-image-preview":"max-image-preview:large","max-video-preview":"max-video-preview:-1"},"canonical":"https:\/\/peoplesphere.be\/fr\/retour-progressif-marche-travail-1-personne-9-reprend-travail-a-temps-partiel-pendant-periode-de-maladie\/","og_locale":"fr_FR","og_type":"article","og_title":"Retour progressif sur le march\u00e9 du travail: 1 personne sur 9 reprend le travail \u00e0 temps partiel pendant une p\u00e9riode de maladie. - Peoplesphere","og_description":"Selon une \u00e9tude r\u00e9cente men\u00e9e par les Mutualit\u00e9s Libres, 1 personne sur 9 reprend le travail \u00e0 temps partiel pendant une p\u00e9riode de maladie. Ce sont surtout les personnes souffrant d\u2019affections mentales qui font appel au syst\u00e8me de reprise progressive [&hellip;]","og_url":"https:\/\/peoplesphere.be\/fr\/retour-progressif-marche-travail-1-personne-9-reprend-travail-a-temps-partiel-pendant-periode-de-maladie\/","og_site_name":"Peoplesphere","article_publisher":"https:\/\/www.facebook.com\/peoplesphere","article_published_time":"2023-06-22T06:54:48+00:00","article_modified_time":"2023-07-28T06:55:54+00:00","og_image":[{"width":1200,"height":474,"url":"https:\/\/peoplesphere.be\/fr\/wp-content\/uploads\/2023\/06\/20230622mutlibres.jpg","type":"image\/jpeg"}],"author":"Jean-Paul Erhard","twitter_card":"summary_large_image","twitter_creator":"@PeoplesphereMag","twitter_site":"@PeoplesphereMag","twitter_misc":{"\u00c9crit par":"Jean-Paul Erhard","Dur\u00e9e de lecture estim\u00e9e":"4 minutes"},"schema":{"@context":"https:\/\/schema.org","@graph":[{"@type":"Article","@id":"https:\/\/peoplesphere.be\/fr\/retour-progressif-marche-travail-1-personne-9-reprend-travail-a-temps-partiel-pendant-periode-de-maladie\/#article","isPartOf":{"@id":"https:\/\/peoplesphere.be\/fr\/retour-progressif-marche-travail-1-personne-9-reprend-travail-a-temps-partiel-pendant-periode-de-maladie\/"},"author":{"name":"Jean-Paul Erhard","@id":"https:\/\/peoplesphere.be\/fr\/#\/schema\/person\/7976225ff17988604334abb7b3536a7e"},"headline":"Retour progressif sur le march\u00e9 du travail: 1 personne sur 9 reprend le travail \u00e0 temps partiel pendant une p\u00e9riode de maladie.","datePublished":"2023-06-22T06:54:48+00:00","dateModified":"2023-07-28T06:55:54+00:00","mainEntityOfPage":{"@id":"https:\/\/peoplesphere.be\/fr\/retour-progressif-marche-travail-1-personne-9-reprend-travail-a-temps-partiel-pendant-periode-de-maladie\/"},"wordCount":781,"publisher":{"@id":"https:\/\/peoplesphere.be\/fr\/#organization"},"keywords":["bien-\u00eatre","incapacit\u00e9","Maladie","mutualit\u00e9s","Sant\u00e9","temps partiel"],"articleSection":["Actualit\u00e9s","Digital"],"inLanguage":"fr-FR"},{"@type":"WebPage","@id":"https:\/\/peoplesphere.be\/fr\/retour-progressif-marche-travail-1-personne-9-reprend-travail-a-temps-partiel-pendant-periode-de-maladie\/","url":"https:\/\/peoplesphere.be\/fr\/retour-progressif-marche-travail-1-personne-9-reprend-travail-a-temps-partiel-pendant-periode-de-maladie\/","name":"Retour progressif sur le march\u00e9 du travail: 1 personne sur 9 reprend le travail \u00e0 temps partiel pendant une p\u00e9riode de maladie. - Peoplesphere","isPartOf":{"@id":"https:\/\/peoplesphere.be\/fr\/#website"},"datePublished":"2023-06-22T06:54:48+00:00","dateModified":"2023-07-28T06:55:54+00:00","breadcrumb":{"@id":"https:\/\/peoplesphere.be\/fr\/retour-progressif-marche-travail-1-personne-9-reprend-travail-a-temps-partiel-pendant-periode-de-maladie\/#breadcrumb"},"inLanguage":"fr-FR","potentialAction":[{"@type":"ReadAction","target":["https:\/\/peoplesphere.be\/fr\/retour-progressif-marche-travail-1-personne-9-reprend-travail-a-temps-partiel-pendant-periode-de-maladie\/"]}]},{"@type":"BreadcrumbList","@id":"https:\/\/peoplesphere.be\/fr\/retour-progressif-marche-travail-1-personne-9-reprend-travail-a-temps-partiel-pendant-periode-de-maladie\/#breadcrumb","itemListElement":[{"@type":"ListItem","position":1,"name":"Accueil","item":"https:\/\/peoplesphere.be\/fr\/"},{"@type":"ListItem","position":2,"name":"Retour progressif sur le march\u00e9 du travail: 1 personne sur 9 reprend le travail \u00e0 temps partiel pendant une p\u00e9riode de maladie."}]},{"@type":"WebSite","@id":"https:\/\/peoplesphere.be\/fr\/#website","url":"https:\/\/peoplesphere.be\/fr\/","name":"Peoplesphere","description":"The People Managers Magazine","publisher":{"@id":"https:\/\/peoplesphere.be\/fr\/#organization"},"potentialAction":[{"@type":"SearchAction","target":{"@type":"EntryPoint","urlTemplate":"https:\/\/peoplesphere.be\/fr\/?s={search_term_string}"},"query-input":"required name=search_term_string"}],"inLanguage":"fr-FR"},{"@type":"Organization","@id":"https:\/\/peoplesphere.be\/fr\/#organization","name":"Peoplesphere Company srl","url":"https:\/\/peoplesphere.be\/fr\/","logo":{"@type":"ImageObject","inLanguage":"fr-FR","@id":"https:\/\/peoplesphere.be\/fr\/#\/schema\/logo\/image\/","url":"https:\/\/peoplesphere.be\/fr\/wp-content\/uploads\/2023\/07\/peoplesphere-lgo-new-generik.jpg","contentUrl":"https:\/\/peoplesphere.be\/fr\/wp-content\/uploads\/2023\/07\/peoplesphere-lgo-new-generik.jpg","width":1031,"height":1479,"caption":"Peoplesphere Company srl"},"image":{"@id":"https:\/\/peoplesphere.be\/fr\/#\/schema\/logo\/image\/"},"sameAs":["https:\/\/www.facebook.com\/peoplesphere","https:\/\/twitter.com\/PeoplesphereMag","https:\/\/www.linkedin.com\/company\/7587361?trk","http:\/\/youtube.com\/peoplesphere"]},{"@type":"Person","@id":"https:\/\/peoplesphere.be\/fr\/#\/schema\/person\/7976225ff17988604334abb7b3536a7e","name":"Jean-Paul Erhard","image":{"@type":"ImageObject","inLanguage":"fr-FR","@id":"https:\/\/peoplesphere.be\/fr\/#\/schema\/person\/image\/","url":"https:\/\/secure.gravatar.com\/avatar\/f941e681460179738071629a51574930?s=96&d=mm&r=g","contentUrl":"https:\/\/secure.gravatar.com\/avatar\/f941e681460179738071629a51574930?s=96&d=mm&r=g","caption":"Jean-Paul Erhard"},"url":"https:\/\/peoplesphere.be\/fr\/author\/jpe\/"}]}},"_links":{"self":[{"href":"https:\/\/peoplesphere.be\/fr\/wp-json\/wp\/v2\/posts\/14613"}],"collection":[{"href":"https:\/\/peoplesphere.be\/fr\/wp-json\/wp\/v2\/posts"}],"about":[{"href":"https:\/\/peoplesphere.be\/fr\/wp-json\/wp\/v2\/types\/post"}],"author":[{"embeddable":true,"href":"https:\/\/peoplesphere.be\/fr\/wp-json\/wp\/v2\/users\/2"}],"replies":[{"embeddable":true,"href":"https:\/\/peoplesphere.be\/fr\/wp-json\/wp\/v2\/comments?post=14613"}],"version-history":[{"count":1,"href":"https:\/\/peoplesphere.be\/fr\/wp-json\/wp\/v2\/posts\/14613\/revisions"}],"predecessor-version":[{"id":14615,"href":"https:\/\/peoplesphere.be\/fr\/wp-json\/wp\/v2\/posts\/14613\/revisions\/14615"}],"wp:featuredmedia":[{"embeddable":true,"href":"https:\/\/peoplesphere.be\/fr\/wp-json\/wp\/v2\/media\/14614"}],"wp:attachment":[{"href":"https:\/\/peoplesphere.be\/fr\/wp-json\/wp\/v2\/media?parent=14613"}],"wp:term":[{"taxonomy":"category","embeddable":true,"href":"https:\/\/peoplesphere.be\/fr\/wp-json\/wp\/v2\/categories?post=14613"},{"taxonomy":"post_tag","embeddable":true,"href":"https:\/\/peoplesphere.be\/fr\/wp-json\/wp\/v2\/tags?post=14613"}],"curies":[{"name":"wp","href":"https:\/\/api.w.org\/{rel}","templated":true}]}}