









{"id":14639,"date":"2023-06-27T06:54:05","date_gmt":"2023-06-27T04:54:05","guid":{"rendered":"https:\/\/peoplesphere.be\/fr\/?p=14639"},"modified":"2023-07-28T08:52:17","modified_gmt":"2023-07-28T06:52:17","slug":"23-000-places-de-formation-disponibles-cette-annee-a-bruxelles-faire-face-aux-attentes-marche-de-lemploi","status":"publish","type":"post","link":"https:\/\/peoplesphere.be\/fr\/23-000-places-de-formation-disponibles-cette-annee-a-bruxelles-faire-face-aux-attentes-marche-de-lemploi\/","title":{"rendered":"23.000 places de formation disponibles cette ann\u00e9e \u00e0 Bruxelles pour faire face aux attentes du march\u00e9 de l&#8217;emploi."},"content":{"rendered":"<p>Les nouvelles sont au beau fixe concernant le taux d\u2019emploi \u00e0 Bruxelles. Pour autant, il faut maintenir les efforts et continuer \u00e0 am\u00e9liorer les comp\u00e9tences des Bruxellois. Et la mise \u00e0 l\u2019emploi des Bruxellois passe par la formation. Pour y arriver, Bruxelles Formation proposera pr\u00e8s de 23.000 places de formation en 2023.<!--more--><\/p>\n<p>Ce n\u2019est pas un secret, le march\u00e9 de l\u2019emploi bruxellois est un march\u00e9 exigeant o\u00f9 le niveau de qualification recherch\u00e9 est \u00e9lev\u00e9. La solution ? Former les chercheurs d\u2019emploi. Les chiffres de l\u2019\u00e9tude men\u00e9e par Bruxelles Formation parlent d\u2019eux-m\u00eames: la formation augmente les chances de trouver un emploi. Deux ans apr\u00e8s leur entr\u00e9e en formation, 71% des chercheurs d\u2019emploi ont quitt\u00e9 le ch\u00f4mage pour l\u2019emploi, contre 54% en l\u2019absence de formation.<\/p>\n<p>La formation est d\u2019ailleurs au c\u0153ur des politiques d\u2019emploi du Ministre bruxellois, Bernard Clerfayt. <em>\u00ab\u00a0En R\u00e9gion bruxelloise, nous n\u2019avons pas un d\u00e9fi d\u2019emploi mais un d\u00e9fi des comp\u00e9tences. Nous sommes une r\u00e9gion qui compte 835.000 postes de travail, dont 60% requi\u00e8rent un niveau de qualification \u00e9lev\u00e9. Pour permettre aux Bruxellois de d\u00e9crocher un emploi, ils doivent se former. Il faut former plus et mieux!\u00a0\u00bb,<\/em> commente le Ministre bruxellois de l\u2019Emploi et de la Formation.<\/p>\n<p>C\u2019est pourquoi, en 2023, Bruxelles Formation proposera 23.000 places de formation. 17.000 seront consacr\u00e9es aux formations professionnalisantes dont 4.300 aux m\u00e9tiers qui recrutent.<\/p>\n<p><em>\u00ab\u00a0Aujourd\u2019hui, les Bruxellois ont l\u2019embarras du choix pour acqu\u00e9rir les comp\u00e9tences n\u00e9cessaires \u00e0 leur insertion sur le march\u00e9 de l\u2019emploi. Le bilan de comp\u00e9tences et le parcours vers l\u2019emploi, qui seront impos\u00e9s d\u00e8s le mois de septembre, viendront renforcer les possibilit\u00e9s pour am\u00e9liorer le niveau de qualification. C\u2019est en investissant dans la formation que nous augmenterons la mise \u00e0 l\u2019emploi des Bruxellois\u00a0\u00bb<\/em>, insiste Bernard Clerfayt.<\/p>\n<p>&nbsp;<\/p>\n<p><em>Source: Bruxelles Formation<\/em><\/p>\n","protected":false},"excerpt":{"rendered":"<p>Les nouvelles sont au beau fixe concernant le taux d\u2019emploi \u00e0 Bruxelles. Pour autant, il faut maintenir les efforts et continuer \u00e0 am\u00e9liorer les comp\u00e9tences des Bruxellois. Et la mise \u00e0 l\u2019emploi des Bruxellois passe par la formation. Pour y [&hellip;]<\/p>\n","protected":false},"author":2,"featured_media":0,"comment_status":"closed","ping_status":"open","sticky":false,"template":"","format":"standard","meta":[],"categories":[65,10],"tags":[2720,93,48],"yoast_head":"<!-- This site is optimized with the Yoast SEO plugin v21.0 - https:\/\/yoast.com\/wordpress\/plugins\/seo\/ -->\n<title>23.000 places de formation disponibles cette ann\u00e9e \u00e0 Bruxelles pour faire face aux attentes du march\u00e9 de l&#039;emploi. - Peoplesphere<\/title>\n<meta name=\"robots\" content=\"index, follow, max-snippet:-1, max-image-preview:large, max-video-preview:-1\" \/>\n<link rel=\"canonical\" href=\"https:\/\/peoplesphere.be\/fr\/23-000-places-de-formation-disponibles-cette-annee-a-bruxelles-faire-face-aux-attentes-marche-de-lemploi\/\" \/>\n<meta property=\"og:locale\" content=\"fr_FR\" \/>\n<meta property=\"og:type\" content=\"article\" \/>\n<meta property=\"og:title\" content=\"23.000 places de formation disponibles cette ann\u00e9e \u00e0 Bruxelles pour faire face aux attentes du march\u00e9 de l&#039;emploi. - Peoplesphere\" \/>\n<meta property=\"og:description\" content=\"Les nouvelles sont au beau fixe concernant le taux d\u2019emploi \u00e0 Bruxelles. Pour autant, il faut maintenir les efforts et continuer \u00e0 am\u00e9liorer les comp\u00e9tences des Bruxellois. Et la mise \u00e0 l\u2019emploi des Bruxellois passe par la formation. Pour y [&hellip;]\" \/>\n<meta property=\"og:url\" content=\"https:\/\/peoplesphere.be\/fr\/23-000-places-de-formation-disponibles-cette-annee-a-bruxelles-faire-face-aux-attentes-marche-de-lemploi\/\" \/>\n<meta property=\"og:site_name\" content=\"Peoplesphere\" \/>\n<meta property=\"article:publisher\" content=\"https:\/\/www.facebook.com\/peoplesphere\" \/>\n<meta property=\"article:published_time\" content=\"2023-06-27T04:54:05+00:00\" \/>\n<meta property=\"article:modified_time\" content=\"2023-07-28T06:52:17+00:00\" \/>\n<meta property=\"og:image\" content=\"http:\/\/www.peoplesphere.be\/fr\/wp-content\/uploads\/2016\/07\/facebook-default-posting-1200x628px.jpg\" \/>\n<meta name=\"author\" content=\"Jean-Paul Erhard\" \/>\n<meta name=\"twitter:card\" content=\"summary_large_image\" \/>\n<meta name=\"twitter:creator\" content=\"@PeoplesphereMag\" \/>\n<meta name=\"twitter:site\" content=\"@PeoplesphereMag\" \/>\n<meta name=\"twitter:label1\" content=\"\u00c9crit par\" \/>\n\t<meta name=\"twitter:data1\" content=\"Jean-Paul Erhard\" \/>\n\t<meta name=\"twitter:label2\" content=\"Dur\u00e9e de lecture estim\u00e9e\" \/>\n\t<meta name=\"twitter:data2\" content=\"2 minutes\" \/>\n<script type=\"application\/ld+json\" class=\"yoast-schema-graph\">{\"@context\":\"https:\/\/schema.org\",\"@graph\":[{\"@type\":\"Article\",\"@id\":\"https:\/\/peoplesphere.be\/fr\/23-000-places-de-formation-disponibles-cette-annee-a-bruxelles-faire-face-aux-attentes-marche-de-lemploi\/#article\",\"isPartOf\":{\"@id\":\"https:\/\/peoplesphere.be\/fr\/23-000-places-de-formation-disponibles-cette-annee-a-bruxelles-faire-face-aux-attentes-marche-de-lemploi\/\"},\"author\":{\"name\":\"Jean-Paul Erhard\",\"@id\":\"https:\/\/peoplesphere.be\/fr\/#\/schema\/person\/7976225ff17988604334abb7b3536a7e\"},\"headline\":\"23.000 places de formation disponibles cette ann\u00e9e \u00e0 Bruxelles pour faire face aux attentes du march\u00e9 de l&#8217;emploi.\",\"datePublished\":\"2023-06-27T04:54:05+00:00\",\"dateModified\":\"2023-07-28T06:52:17+00:00\",\"mainEntityOfPage\":{\"@id\":\"https:\/\/peoplesphere.be\/fr\/23-000-places-de-formation-disponibles-cette-annee-a-bruxelles-faire-face-aux-attentes-marche-de-lemploi\/\"},\"wordCount\":338,\"publisher\":{\"@id\":\"https:\/\/peoplesphere.be\/fr\/#organization\"},\"keywords\":[\"bernard clerfayt\",\"bruxelles\",\"Formation\"],\"articleSection\":[\"Actualit\u00e9s\",\"Digital\"],\"inLanguage\":\"fr-FR\"},{\"@type\":\"WebPage\",\"@id\":\"https:\/\/peoplesphere.be\/fr\/23-000-places-de-formation-disponibles-cette-annee-a-bruxelles-faire-face-aux-attentes-marche-de-lemploi\/\",\"url\":\"https:\/\/peoplesphere.be\/fr\/23-000-places-de-formation-disponibles-cette-annee-a-bruxelles-faire-face-aux-attentes-marche-de-lemploi\/\",\"name\":\"23.000 places de formation disponibles cette ann\u00e9e \u00e0 Bruxelles pour faire face aux attentes du march\u00e9 de l'emploi. - Peoplesphere\",\"isPartOf\":{\"@id\":\"https:\/\/peoplesphere.be\/fr\/#website\"},\"datePublished\":\"2023-06-27T04:54:05+00:00\",\"dateModified\":\"2023-07-28T06:52:17+00:00\",\"breadcrumb\":{\"@id\":\"https:\/\/peoplesphere.be\/fr\/23-000-places-de-formation-disponibles-cette-annee-a-bruxelles-faire-face-aux-attentes-marche-de-lemploi\/#breadcrumb\"},\"inLanguage\":\"fr-FR\",\"potentialAction\":[{\"@type\":\"ReadAction\",\"target\":[\"https:\/\/peoplesphere.be\/fr\/23-000-places-de-formation-disponibles-cette-annee-a-bruxelles-faire-face-aux-attentes-marche-de-lemploi\/\"]}]},{\"@type\":\"BreadcrumbList\",\"@id\":\"https:\/\/peoplesphere.be\/fr\/23-000-places-de-formation-disponibles-cette-annee-a-bruxelles-faire-face-aux-attentes-marche-de-lemploi\/#breadcrumb\",\"itemListElement\":[{\"@type\":\"ListItem\",\"position\":1,\"name\":\"Accueil\",\"item\":\"https:\/\/peoplesphere.be\/fr\/\"},{\"@type\":\"ListItem\",\"position\":2,\"name\":\"23.000 places de formation disponibles cette ann\u00e9e \u00e0 Bruxelles pour faire face aux attentes du march\u00e9 de l&#8217;emploi.\"}]},{\"@type\":\"WebSite\",\"@id\":\"https:\/\/peoplesphere.be\/fr\/#website\",\"url\":\"https:\/\/peoplesphere.be\/fr\/\",\"name\":\"Peoplesphere\",\"description\":\"The People Managers Magazine\",\"publisher\":{\"@id\":\"https:\/\/peoplesphere.be\/fr\/#organization\"},\"potentialAction\":[{\"@type\":\"SearchAction\",\"target\":{\"@type\":\"EntryPoint\",\"urlTemplate\":\"https:\/\/peoplesphere.be\/fr\/?s={search_term_string}\"},\"query-input\":\"required name=search_term_string\"}],\"inLanguage\":\"fr-FR\"},{\"@type\":\"Organization\",\"@id\":\"https:\/\/peoplesphere.be\/fr\/#organization\",\"name\":\"Peoplesphere Company srl\",\"url\":\"https:\/\/peoplesphere.be\/fr\/\",\"logo\":{\"@type\":\"ImageObject\",\"inLanguage\":\"fr-FR\",\"@id\":\"https:\/\/peoplesphere.be\/fr\/#\/schema\/logo\/image\/\",\"url\":\"https:\/\/peoplesphere.be\/fr\/wp-content\/uploads\/2023\/07\/peoplesphere-lgo-new-generik.jpg\",\"contentUrl\":\"https:\/\/peoplesphere.be\/fr\/wp-content\/uploads\/2023\/07\/peoplesphere-lgo-new-generik.jpg\",\"width\":1031,\"height\":1479,\"caption\":\"Peoplesphere Company srl\"},\"image\":{\"@id\":\"https:\/\/peoplesphere.be\/fr\/#\/schema\/logo\/image\/\"},\"sameAs\":[\"https:\/\/www.facebook.com\/peoplesphere\",\"https:\/\/twitter.com\/PeoplesphereMag\",\"https:\/\/www.linkedin.com\/company\/7587361?trk\",\"http:\/\/youtube.com\/peoplesphere\"]},{\"@type\":\"Person\",\"@id\":\"https:\/\/peoplesphere.be\/fr\/#\/schema\/person\/7976225ff17988604334abb7b3536a7e\",\"name\":\"Jean-Paul Erhard\",\"image\":{\"@type\":\"ImageObject\",\"inLanguage\":\"fr-FR\",\"@id\":\"https:\/\/peoplesphere.be\/fr\/#\/schema\/person\/image\/\",\"url\":\"https:\/\/secure.gravatar.com\/avatar\/f941e681460179738071629a51574930?s=96&d=mm&r=g\",\"contentUrl\":\"https:\/\/secure.gravatar.com\/avatar\/f941e681460179738071629a51574930?s=96&d=mm&r=g\",\"caption\":\"Jean-Paul Erhard\"},\"url\":\"https:\/\/peoplesphere.be\/fr\/author\/jpe\/\"}]}<\/script>\n<!-- \/ Yoast SEO plugin. -->","yoast_head_json":{"title":"23.000 places de formation disponibles cette ann\u00e9e \u00e0 Bruxelles pour faire face aux attentes du march\u00e9 de l'emploi. - Peoplesphere","robots":{"index":"index","follow":"follow","max-snippet":"max-snippet:-1","max-image-preview":"max-image-preview:large","max-video-preview":"max-video-preview:-1"},"canonical":"https:\/\/peoplesphere.be\/fr\/23-000-places-de-formation-disponibles-cette-annee-a-bruxelles-faire-face-aux-attentes-marche-de-lemploi\/","og_locale":"fr_FR","og_type":"article","og_title":"23.000 places de formation disponibles cette ann\u00e9e \u00e0 Bruxelles pour faire face aux attentes du march\u00e9 de l'emploi. - Peoplesphere","og_description":"Les nouvelles sont au beau fixe concernant le taux d\u2019emploi \u00e0 Bruxelles. Pour autant, il faut maintenir les efforts et continuer \u00e0 am\u00e9liorer les comp\u00e9tences des Bruxellois. Et la mise \u00e0 l\u2019emploi des Bruxellois passe par la formation. Pour y [&hellip;]","og_url":"https:\/\/peoplesphere.be\/fr\/23-000-places-de-formation-disponibles-cette-annee-a-bruxelles-faire-face-aux-attentes-marche-de-lemploi\/","og_site_name":"Peoplesphere","article_publisher":"https:\/\/www.facebook.com\/peoplesphere","article_published_time":"2023-06-27T04:54:05+00:00","article_modified_time":"2023-07-28T06:52:17+00:00","og_image":[{"url":"http:\/\/www.peoplesphere.be\/fr\/wp-content\/uploads\/2016\/07\/facebook-default-posting-1200x628px.jpg"}],"author":"Jean-Paul Erhard","twitter_card":"summary_large_image","twitter_creator":"@PeoplesphereMag","twitter_site":"@PeoplesphereMag","twitter_misc":{"\u00c9crit par":"Jean-Paul Erhard","Dur\u00e9e de lecture estim\u00e9e":"2 minutes"},"schema":{"@context":"https:\/\/schema.org","@graph":[{"@type":"Article","@id":"https:\/\/peoplesphere.be\/fr\/23-000-places-de-formation-disponibles-cette-annee-a-bruxelles-faire-face-aux-attentes-marche-de-lemploi\/#article","isPartOf":{"@id":"https:\/\/peoplesphere.be\/fr\/23-000-places-de-formation-disponibles-cette-annee-a-bruxelles-faire-face-aux-attentes-marche-de-lemploi\/"},"author":{"name":"Jean-Paul Erhard","@id":"https:\/\/peoplesphere.be\/fr\/#\/schema\/person\/7976225ff17988604334abb7b3536a7e"},"headline":"23.000 places de formation disponibles cette ann\u00e9e \u00e0 Bruxelles pour faire face aux attentes du march\u00e9 de l&#8217;emploi.","datePublished":"2023-06-27T04:54:05+00:00","dateModified":"2023-07-28T06:52:17+00:00","mainEntityOfPage":{"@id":"https:\/\/peoplesphere.be\/fr\/23-000-places-de-formation-disponibles-cette-annee-a-bruxelles-faire-face-aux-attentes-marche-de-lemploi\/"},"wordCount":338,"publisher":{"@id":"https:\/\/peoplesphere.be\/fr\/#organization"},"keywords":["bernard clerfayt","bruxelles","Formation"],"articleSection":["Actualit\u00e9s","Digital"],"inLanguage":"fr-FR"},{"@type":"WebPage","@id":"https:\/\/peoplesphere.be\/fr\/23-000-places-de-formation-disponibles-cette-annee-a-bruxelles-faire-face-aux-attentes-marche-de-lemploi\/","url":"https:\/\/peoplesphere.be\/fr\/23-000-places-de-formation-disponibles-cette-annee-a-bruxelles-faire-face-aux-attentes-marche-de-lemploi\/","name":"23.000 places de formation disponibles cette ann\u00e9e \u00e0 Bruxelles pour faire face aux attentes du march\u00e9 de l'emploi. - Peoplesphere","isPartOf":{"@id":"https:\/\/peoplesphere.be\/fr\/#website"},"datePublished":"2023-06-27T04:54:05+00:00","dateModified":"2023-07-28T06:52:17+00:00","breadcrumb":{"@id":"https:\/\/peoplesphere.be\/fr\/23-000-places-de-formation-disponibles-cette-annee-a-bruxelles-faire-face-aux-attentes-marche-de-lemploi\/#breadcrumb"},"inLanguage":"fr-FR","potentialAction":[{"@type":"ReadAction","target":["https:\/\/peoplesphere.be\/fr\/23-000-places-de-formation-disponibles-cette-annee-a-bruxelles-faire-face-aux-attentes-marche-de-lemploi\/"]}]},{"@type":"BreadcrumbList","@id":"https:\/\/peoplesphere.be\/fr\/23-000-places-de-formation-disponibles-cette-annee-a-bruxelles-faire-face-aux-attentes-marche-de-lemploi\/#breadcrumb","itemListElement":[{"@type":"ListItem","position":1,"name":"Accueil","item":"https:\/\/peoplesphere.be\/fr\/"},{"@type":"ListItem","position":2,"name":"23.000 places de formation disponibles cette ann\u00e9e \u00e0 Bruxelles pour faire face aux attentes du march\u00e9 de l&#8217;emploi."}]},{"@type":"WebSite","@id":"https:\/\/peoplesphere.be\/fr\/#website","url":"https:\/\/peoplesphere.be\/fr\/","name":"Peoplesphere","description":"The People Managers Magazine","publisher":{"@id":"https:\/\/peoplesphere.be\/fr\/#organization"},"potentialAction":[{"@type":"SearchAction","target":{"@type":"EntryPoint","urlTemplate":"https:\/\/peoplesphere.be\/fr\/?s={search_term_string}"},"query-input":"required name=search_term_string"}],"inLanguage":"fr-FR"},{"@type":"Organization","@id":"https:\/\/peoplesphere.be\/fr\/#organization","name":"Peoplesphere Company srl","url":"https:\/\/peoplesphere.be\/fr\/","logo":{"@type":"ImageObject","inLanguage":"fr-FR","@id":"https:\/\/peoplesphere.be\/fr\/#\/schema\/logo\/image\/","url":"https:\/\/peoplesphere.be\/fr\/wp-content\/uploads\/2023\/07\/peoplesphere-lgo-new-generik.jpg","contentUrl":"https:\/\/peoplesphere.be\/fr\/wp-content\/uploads\/2023\/07\/peoplesphere-lgo-new-generik.jpg","width":1031,"height":1479,"caption":"Peoplesphere Company srl"},"image":{"@id":"https:\/\/peoplesphere.be\/fr\/#\/schema\/logo\/image\/"},"sameAs":["https:\/\/www.facebook.com\/peoplesphere","https:\/\/twitter.com\/PeoplesphereMag","https:\/\/www.linkedin.com\/company\/7587361?trk","http:\/\/youtube.com\/peoplesphere"]},{"@type":"Person","@id":"https:\/\/peoplesphere.be\/fr\/#\/schema\/person\/7976225ff17988604334abb7b3536a7e","name":"Jean-Paul Erhard","image":{"@type":"ImageObject","inLanguage":"fr-FR","@id":"https:\/\/peoplesphere.be\/fr\/#\/schema\/person\/image\/","url":"https:\/\/secure.gravatar.com\/avatar\/f941e681460179738071629a51574930?s=96&d=mm&r=g","contentUrl":"https:\/\/secure.gravatar.com\/avatar\/f941e681460179738071629a51574930?s=96&d=mm&r=g","caption":"Jean-Paul Erhard"},"url":"https:\/\/peoplesphere.be\/fr\/author\/jpe\/"}]}},"_links":{"self":[{"href":"https:\/\/peoplesphere.be\/fr\/wp-json\/wp\/v2\/posts\/14639"}],"collection":[{"href":"https:\/\/peoplesphere.be\/fr\/wp-json\/wp\/v2\/posts"}],"about":[{"href":"https:\/\/peoplesphere.be\/fr\/wp-json\/wp\/v2\/types\/post"}],"author":[{"embeddable":true,"href":"https:\/\/peoplesphere.be\/fr\/wp-json\/wp\/v2\/users\/2"}],"replies":[{"embeddable":true,"href":"https:\/\/peoplesphere.be\/fr\/wp-json\/wp\/v2\/comments?post=14639"}],"version-history":[{"count":1,"href":"https:\/\/peoplesphere.be\/fr\/wp-json\/wp\/v2\/posts\/14639\/revisions"}],"predecessor-version":[{"id":14640,"href":"https:\/\/peoplesphere.be\/fr\/wp-json\/wp\/v2\/posts\/14639\/revisions\/14640"}],"wp:attachment":[{"href":"https:\/\/peoplesphere.be\/fr\/wp-json\/wp\/v2\/media?parent=14639"}],"wp:term":[{"taxonomy":"category","embeddable":true,"href":"https:\/\/peoplesphere.be\/fr\/wp-json\/wp\/v2\/categories?post=14639"},{"taxonomy":"post_tag","embeddable":true,"href":"https:\/\/peoplesphere.be\/fr\/wp-json\/wp\/v2\/tags?post=14639"}],"curies":[{"name":"wp","href":"https:\/\/api.w.org\/{rel}","templated":true}]}}