









{"id":14641,"date":"2023-06-27T08:38:04","date_gmt":"2023-06-27T06:38:04","guid":{"rendered":"https:\/\/peoplesphere.be\/fr\/?p=14641"},"modified":"2023-06-28T07:14:53","modified_gmt":"2023-06-28T05:14:53","slug":"expatriation-villes-suisses-restent-plus-cheres-europe-bruxelles-se-classe-14eme-rang-europeen","status":"publish","type":"post","link":"https:\/\/peoplesphere.be\/fr\/expatriation-villes-suisses-restent-plus-cheres-europe-bruxelles-se-classe-14eme-rang-europeen\/","title":{"rendered":"Expatriation : les villes suisses restent les plus ch\u00e8res en Europe, Bruxelles se classe au 14\u00e8me rang europ\u00e9en."},"content":{"rendered":"<p>Les cons\u00e9quences de la COVID, la guerre en Ukraine et en Russie, ainsi que l&rsquo;impact de la politique mon\u00e9taire et de l&rsquo;inflation sont les facteurs ayant le plus d&rsquo;influence sur le co\u00fbt de la vie des expatri\u00e9s. Zurich reste la ville la plus ch\u00e8re d&rsquo;Europe pour les employ\u00e9s internationaux, selon le barom\u00e8tre annuel du co\u00fbt de la vie de Mercer.<!--more--><\/p>\n<p>Zurich maintient sa position de ville la plus ch\u00e8re d&rsquo;Europe pour les expatri\u00e9s avec une mission internationale, mais la ville a recul\u00e9 \u00e0 la troisi\u00e8me place du classement annuel de Mercer sur le co\u00fbt de la vie. Singapour a gagn\u00e9 six places dans le classement et a d\u00e9pass\u00e9 Zurich pour occuper la deuxi\u00e8me place. Hong Kong conserve sa position de leader dans l&rsquo;indice Mercer 2022.<\/p>\n<p>Cinq villes europ\u00e9ennes figurent dans le top dix de Mercer des lieux les plus chers pour les expatri\u00e9s en 2023. Les quatre premi\u00e8res villes se trouvent en Suisse &#8211; Zurich (3), Gen\u00e8ve (4), B\u00e2le (5) et Berne (7) &#8211; et la cinqui\u00e8me est Copenhague (9). Les autres villes les plus ch\u00e8res en Europe sont Londres (17), Vienne (25), Amsterdam (28), Prague (33), qui a grimp\u00e9 de 27 places depuis l&rsquo;ann\u00e9e derni\u00e8re dans le classement mondial, et Helsinki (34).<\/p>\n<p>Bruxelles (41) a recul\u00e9 de deux places par rapport \u00e0 l&rsquo;ann\u00e9e pr\u00e9c\u00e9dente, mais a gagn\u00e9 26 places par rapport \u00e0 il y a cinq ans.<\/p>\n<p>Les facteurs importants qui ont marqu\u00e9 l&rsquo;\u00e9conomie mondiale en 2022 continuent d&rsquo;avoir un impact sur les expatri\u00e9s internationaux en 2023. Il s&rsquo;agit notamment de la crise persistante entre la Russie et l&rsquo;Ukraine ainsi que de l&rsquo;\u00e9mergence de variants du COVID-19 plus contagieux. De nombreuses \u00e9conomies en ressentent les cons\u00e9quences.<\/p>\n<p>Une politique mon\u00e9taire agressive et des conditions financi\u00e8res plus strictes devraient ralentir la croissance des revenus cette ann\u00e9e et augmenter le ch\u00f4mage dans de nombreuses \u00e9conomies. Les niveaux d&rsquo;endettement restent \u00e9lev\u00e9s dans de nombreux pays et l&rsquo;inflation sous-jacente doit encore atteindre son pic sur de nombreux march\u00e9s. L&rsquo;inflation et les fluctuations des taux de change ont \u00e9galement une incidence directe sur les salaires et les \u00e9conomies des travailleurs internationaux mobiles.<\/p>\n<p><em>\u00ab\u00a0La pand\u00e9mie r\u00e9cente de COVID-19 et les tensions politiques \u00e0 travers le monde ont acc\u00e9l\u00e9r\u00e9 l&rsquo;utilisation g\u00e9n\u00e9ralis\u00e9e du t\u00e9l\u00e9travail, ce qui incite \u00e0 son tour les employeurs multinationaux \u00e0 reconsid\u00e9rer la mani\u00e8re dont ils g\u00e8rent leur personnel\u00a0\u00bb<\/em>, d\u00e9clare Yvonne Traber, Associ\u00e9e, Responsable mondiale de la Mobilit\u00e9 chez Mercer.<\/p>\n<p>En raison de l&rsquo;utilisation de plus en plus intensive du t\u00e9l\u00e9travail, de nombreux employ\u00e9s reconsid\u00e8rent leurs priorit\u00e9s, \u00e9valuent leur \u00e9quilibre entre vie professionnelle et vie priv\u00e9e et r\u00e9fl\u00e9chissent \u00e0 l&rsquo;endroit o\u00f9 ils vivent. Cela oblige de nombreuses organisations \u00e0 repenser leurs contrats de travail. Les employeurs doivent r\u00e9fl\u00e9chir \u00e0 la mani\u00e8re de g\u00e9rer un personnel r\u00e9parti \u00e0 l&rsquo;\u00e9chelle mondiale, en particulier lorsqu&rsquo;ils op\u00e8rent sur des march\u00e9s du travail tendus.<\/p>\n<p>Le co\u00fbt n&rsquo;est pas le seul facteur d\u00e9terminant l&rsquo;attrait d&rsquo;une localisation pour les employ\u00e9s et les entreprises. Un autre facteur tout aussi important est la qualit\u00e9 de vie globale qu&rsquo;une ville offre. \u00c0 l&rsquo;inverse, les risques et d&rsquo;autres \u00e9l\u00e9ments n\u00e9gatifs tels que les catastrophes naturelles, les troubles politiques et\/ou \u00e9conomiques, les taux de criminalit\u00e9 \u00e9lev\u00e9s, une infrastructure insuffisante et une connectivit\u00e9 internationale inad\u00e9quate peuvent fortement dissuader les entreprises et leurs employ\u00e9s.<\/p>\n<p>Il y a une corr\u00e9lation entre les co\u00fbts et la qualit\u00e9 de vie dans certaines villes du monde entier. Elle repose sur le score de chaque emplacement sur trois aspects sp\u00e9cifiques : la s\u00e9curit\u00e9 (avec des crit\u00e8res tels que la criminalit\u00e9, l&rsquo;application de la loi, les restrictions des libert\u00e9s personnelles et les m\u00e9dias\/censure), l&rsquo;environnement (en tenant compte de la potabilit\u00e9 de l&rsquo;eau, de l&rsquo;\u00e9limination des d\u00e9chets, de l&rsquo;assainissement, de la pollution de l&rsquo;air, de la disponibilit\u00e9 de l&rsquo;eau et des embouteillages) et l&rsquo;infrastructure (avec une attention port\u00e9e \u00e0 l&rsquo;\u00e9lectricit\u00e9, \u00e0 la disponibilit\u00e9 de l&rsquo;eau, au t\u00e9l\u00e9phone, \u00e0 la poste, aux transports en commun, aux embouteillages et aux a\u00e9roports).<\/p>\n<p><strong><em>Classement des villes europ\u00e9ennes<\/em><\/strong><br \/>\n1 &#8211; Zurich<br \/>\n2 &#8211; Geneva<br \/>\n3 &#8211; Basel<br \/>\n4 &#8211; Bern<br \/>\n5 &#8211; Copenhagen<br \/>\n6 &#8211; London<br \/>\n7 &#8211; Vienna<br \/>\n8 &#8211; Amsterdam<br \/>\n9 &#8211; Prague<br \/>\n10 &#8211; Helsinki<br \/>\n11 &#8211; Paris<br \/>\n12 &#8211; Berlin<br \/>\n13 &#8211; Munich<br \/>\n14 &#8211; Brussels<br \/>\n15 &#8211; The Hague<br \/>\n16 &#8211; Frankfurt<br \/>\n17 &#8211; Milan<br \/>\n18 &#8211; Dublin<br \/>\n19 &#8211; Luxembourg<br \/>\n20 &#8211; Rome<\/p>\n<p><em>Source: Mercer<\/em><\/p>\n","protected":false},"excerpt":{"rendered":"<p>Les cons\u00e9quences de la COVID, la guerre en Ukraine et en Russie, ainsi que l&rsquo;impact de la politique mon\u00e9taire et de l&rsquo;inflation sont les facteurs ayant le plus d&rsquo;influence sur le co\u00fbt de la vie des expatri\u00e9s. Zurich reste la [&hellip;]<\/p>\n","protected":false},"author":2,"featured_media":0,"comment_status":"closed","ping_status":"open","sticky":false,"template":"","format":"standard","meta":[],"categories":[65,10],"tags":[96,750,488,1379],"yoast_head":"<!-- This site is optimized with the Yoast SEO plugin v21.0 - https:\/\/yoast.com\/wordpress\/plugins\/seo\/ -->\n<title>Expatriation : les villes suisses restent les plus ch\u00e8res en Europe, Bruxelles se classe au 14\u00e8me rang europ\u00e9en. - Peoplesphere<\/title>\n<meta name=\"robots\" content=\"index, follow, max-snippet:-1, max-image-preview:large, max-video-preview:-1\" \/>\n<link rel=\"canonical\" href=\"https:\/\/peoplesphere.be\/fr\/expatriation-villes-suisses-restent-plus-cheres-europe-bruxelles-se-classe-14eme-rang-europeen\/\" \/>\n<meta property=\"og:locale\" content=\"fr_FR\" \/>\n<meta property=\"og:type\" content=\"article\" \/>\n<meta property=\"og:title\" content=\"Expatriation : les villes suisses restent les plus ch\u00e8res en Europe, Bruxelles se classe au 14\u00e8me rang europ\u00e9en. - Peoplesphere\" \/>\n<meta property=\"og:description\" content=\"Les cons\u00e9quences de la COVID, la guerre en Ukraine et en Russie, ainsi que l&rsquo;impact de la politique mon\u00e9taire et de l&rsquo;inflation sont les facteurs ayant le plus d&rsquo;influence sur le co\u00fbt de la vie des expatri\u00e9s. Zurich reste la [&hellip;]\" \/>\n<meta property=\"og:url\" content=\"https:\/\/peoplesphere.be\/fr\/expatriation-villes-suisses-restent-plus-cheres-europe-bruxelles-se-classe-14eme-rang-europeen\/\" \/>\n<meta property=\"og:site_name\" content=\"Peoplesphere\" \/>\n<meta property=\"article:publisher\" content=\"https:\/\/www.facebook.com\/peoplesphere\" \/>\n<meta property=\"article:published_time\" content=\"2023-06-27T06:38:04+00:00\" \/>\n<meta property=\"article:modified_time\" content=\"2023-06-28T05:14:53+00:00\" \/>\n<meta property=\"og:image\" content=\"http:\/\/www.peoplesphere.be\/fr\/wp-content\/uploads\/2016\/07\/facebook-default-posting-1200x628px.jpg\" \/>\n<meta name=\"author\" content=\"Jean-Paul Erhard\" \/>\n<meta name=\"twitter:card\" content=\"summary_large_image\" \/>\n<meta name=\"twitter:creator\" content=\"@PeoplesphereMag\" \/>\n<meta name=\"twitter:site\" content=\"@PeoplesphereMag\" \/>\n<meta name=\"twitter:label1\" content=\"\u00c9crit par\" \/>\n\t<meta name=\"twitter:data1\" content=\"Jean-Paul Erhard\" \/>\n\t<meta name=\"twitter:label2\" content=\"Dur\u00e9e de lecture estim\u00e9e\" \/>\n\t<meta name=\"twitter:data2\" content=\"4 minutes\" \/>\n<script type=\"application\/ld+json\" class=\"yoast-schema-graph\">{\"@context\":\"https:\/\/schema.org\",\"@graph\":[{\"@type\":\"Article\",\"@id\":\"https:\/\/peoplesphere.be\/fr\/expatriation-villes-suisses-restent-plus-cheres-europe-bruxelles-se-classe-14eme-rang-europeen\/#article\",\"isPartOf\":{\"@id\":\"https:\/\/peoplesphere.be\/fr\/expatriation-villes-suisses-restent-plus-cheres-europe-bruxelles-se-classe-14eme-rang-europeen\/\"},\"author\":{\"name\":\"Jean-Paul Erhard\",\"@id\":\"https:\/\/peoplesphere.be\/fr\/#\/schema\/person\/7976225ff17988604334abb7b3536a7e\"},\"headline\":\"Expatriation : les villes suisses restent les plus ch\u00e8res en Europe, Bruxelles se classe au 14\u00e8me rang europ\u00e9en.\",\"datePublished\":\"2023-06-27T06:38:04+00:00\",\"dateModified\":\"2023-06-28T05:14:53+00:00\",\"mainEntityOfPage\":{\"@id\":\"https:\/\/peoplesphere.be\/fr\/expatriation-villes-suisses-restent-plus-cheres-europe-bruxelles-se-classe-14eme-rang-europeen\/\"},\"wordCount\":768,\"publisher\":{\"@id\":\"https:\/\/peoplesphere.be\/fr\/#organization\"},\"keywords\":[\"bien-\u00eatre\",\"co\u00fbt de la vie\",\"expatriation\",\"mobilit\u00e9 professionnelle\"],\"articleSection\":[\"Actualit\u00e9s\",\"Digital\"],\"inLanguage\":\"fr-FR\"},{\"@type\":\"WebPage\",\"@id\":\"https:\/\/peoplesphere.be\/fr\/expatriation-villes-suisses-restent-plus-cheres-europe-bruxelles-se-classe-14eme-rang-europeen\/\",\"url\":\"https:\/\/peoplesphere.be\/fr\/expatriation-villes-suisses-restent-plus-cheres-europe-bruxelles-se-classe-14eme-rang-europeen\/\",\"name\":\"Expatriation : les villes suisses restent les plus ch\u00e8res en Europe, Bruxelles se classe au 14\u00e8me rang europ\u00e9en. - Peoplesphere\",\"isPartOf\":{\"@id\":\"https:\/\/peoplesphere.be\/fr\/#website\"},\"datePublished\":\"2023-06-27T06:38:04+00:00\",\"dateModified\":\"2023-06-28T05:14:53+00:00\",\"breadcrumb\":{\"@id\":\"https:\/\/peoplesphere.be\/fr\/expatriation-villes-suisses-restent-plus-cheres-europe-bruxelles-se-classe-14eme-rang-europeen\/#breadcrumb\"},\"inLanguage\":\"fr-FR\",\"potentialAction\":[{\"@type\":\"ReadAction\",\"target\":[\"https:\/\/peoplesphere.be\/fr\/expatriation-villes-suisses-restent-plus-cheres-europe-bruxelles-se-classe-14eme-rang-europeen\/\"]}]},{\"@type\":\"BreadcrumbList\",\"@id\":\"https:\/\/peoplesphere.be\/fr\/expatriation-villes-suisses-restent-plus-cheres-europe-bruxelles-se-classe-14eme-rang-europeen\/#breadcrumb\",\"itemListElement\":[{\"@type\":\"ListItem\",\"position\":1,\"name\":\"Accueil\",\"item\":\"https:\/\/peoplesphere.be\/fr\/\"},{\"@type\":\"ListItem\",\"position\":2,\"name\":\"Expatriation : les villes suisses restent les plus ch\u00e8res en Europe, Bruxelles se classe au 14\u00e8me rang europ\u00e9en.\"}]},{\"@type\":\"WebSite\",\"@id\":\"https:\/\/peoplesphere.be\/fr\/#website\",\"url\":\"https:\/\/peoplesphere.be\/fr\/\",\"name\":\"Peoplesphere\",\"description\":\"The People Managers Magazine\",\"publisher\":{\"@id\":\"https:\/\/peoplesphere.be\/fr\/#organization\"},\"potentialAction\":[{\"@type\":\"SearchAction\",\"target\":{\"@type\":\"EntryPoint\",\"urlTemplate\":\"https:\/\/peoplesphere.be\/fr\/?s={search_term_string}\"},\"query-input\":\"required name=search_term_string\"}],\"inLanguage\":\"fr-FR\"},{\"@type\":\"Organization\",\"@id\":\"https:\/\/peoplesphere.be\/fr\/#organization\",\"name\":\"Peoplesphere Company srl\",\"url\":\"https:\/\/peoplesphere.be\/fr\/\",\"logo\":{\"@type\":\"ImageObject\",\"inLanguage\":\"fr-FR\",\"@id\":\"https:\/\/peoplesphere.be\/fr\/#\/schema\/logo\/image\/\",\"url\":\"https:\/\/peoplesphere.be\/fr\/wp-content\/uploads\/2023\/07\/peoplesphere-lgo-new-generik.jpg\",\"contentUrl\":\"https:\/\/peoplesphere.be\/fr\/wp-content\/uploads\/2023\/07\/peoplesphere-lgo-new-generik.jpg\",\"width\":1031,\"height\":1479,\"caption\":\"Peoplesphere Company srl\"},\"image\":{\"@id\":\"https:\/\/peoplesphere.be\/fr\/#\/schema\/logo\/image\/\"},\"sameAs\":[\"https:\/\/www.facebook.com\/peoplesphere\",\"https:\/\/twitter.com\/PeoplesphereMag\",\"https:\/\/www.linkedin.com\/company\/7587361?trk\",\"http:\/\/youtube.com\/peoplesphere\"]},{\"@type\":\"Person\",\"@id\":\"https:\/\/peoplesphere.be\/fr\/#\/schema\/person\/7976225ff17988604334abb7b3536a7e\",\"name\":\"Jean-Paul Erhard\",\"image\":{\"@type\":\"ImageObject\",\"inLanguage\":\"fr-FR\",\"@id\":\"https:\/\/peoplesphere.be\/fr\/#\/schema\/person\/image\/\",\"url\":\"https:\/\/secure.gravatar.com\/avatar\/f941e681460179738071629a51574930?s=96&d=mm&r=g\",\"contentUrl\":\"https:\/\/secure.gravatar.com\/avatar\/f941e681460179738071629a51574930?s=96&d=mm&r=g\",\"caption\":\"Jean-Paul Erhard\"},\"url\":\"https:\/\/peoplesphere.be\/fr\/author\/jpe\/\"}]}<\/script>\n<!-- \/ Yoast SEO plugin. -->","yoast_head_json":{"title":"Expatriation : les villes suisses restent les plus ch\u00e8res en Europe, Bruxelles se classe au 14\u00e8me rang europ\u00e9en. - Peoplesphere","robots":{"index":"index","follow":"follow","max-snippet":"max-snippet:-1","max-image-preview":"max-image-preview:large","max-video-preview":"max-video-preview:-1"},"canonical":"https:\/\/peoplesphere.be\/fr\/expatriation-villes-suisses-restent-plus-cheres-europe-bruxelles-se-classe-14eme-rang-europeen\/","og_locale":"fr_FR","og_type":"article","og_title":"Expatriation : les villes suisses restent les plus ch\u00e8res en Europe, Bruxelles se classe au 14\u00e8me rang europ\u00e9en. - Peoplesphere","og_description":"Les cons\u00e9quences de la COVID, la guerre en Ukraine et en Russie, ainsi que l&rsquo;impact de la politique mon\u00e9taire et de l&rsquo;inflation sont les facteurs ayant le plus d&rsquo;influence sur le co\u00fbt de la vie des expatri\u00e9s. Zurich reste la [&hellip;]","og_url":"https:\/\/peoplesphere.be\/fr\/expatriation-villes-suisses-restent-plus-cheres-europe-bruxelles-se-classe-14eme-rang-europeen\/","og_site_name":"Peoplesphere","article_publisher":"https:\/\/www.facebook.com\/peoplesphere","article_published_time":"2023-06-27T06:38:04+00:00","article_modified_time":"2023-06-28T05:14:53+00:00","og_image":[{"url":"http:\/\/www.peoplesphere.be\/fr\/wp-content\/uploads\/2016\/07\/facebook-default-posting-1200x628px.jpg"}],"author":"Jean-Paul Erhard","twitter_card":"summary_large_image","twitter_creator":"@PeoplesphereMag","twitter_site":"@PeoplesphereMag","twitter_misc":{"\u00c9crit par":"Jean-Paul Erhard","Dur\u00e9e de lecture estim\u00e9e":"4 minutes"},"schema":{"@context":"https:\/\/schema.org","@graph":[{"@type":"Article","@id":"https:\/\/peoplesphere.be\/fr\/expatriation-villes-suisses-restent-plus-cheres-europe-bruxelles-se-classe-14eme-rang-europeen\/#article","isPartOf":{"@id":"https:\/\/peoplesphere.be\/fr\/expatriation-villes-suisses-restent-plus-cheres-europe-bruxelles-se-classe-14eme-rang-europeen\/"},"author":{"name":"Jean-Paul Erhard","@id":"https:\/\/peoplesphere.be\/fr\/#\/schema\/person\/7976225ff17988604334abb7b3536a7e"},"headline":"Expatriation : les villes suisses restent les plus ch\u00e8res en Europe, Bruxelles se classe au 14\u00e8me rang europ\u00e9en.","datePublished":"2023-06-27T06:38:04+00:00","dateModified":"2023-06-28T05:14:53+00:00","mainEntityOfPage":{"@id":"https:\/\/peoplesphere.be\/fr\/expatriation-villes-suisses-restent-plus-cheres-europe-bruxelles-se-classe-14eme-rang-europeen\/"},"wordCount":768,"publisher":{"@id":"https:\/\/peoplesphere.be\/fr\/#organization"},"keywords":["bien-\u00eatre","co\u00fbt de la vie","expatriation","mobilit\u00e9 professionnelle"],"articleSection":["Actualit\u00e9s","Digital"],"inLanguage":"fr-FR"},{"@type":"WebPage","@id":"https:\/\/peoplesphere.be\/fr\/expatriation-villes-suisses-restent-plus-cheres-europe-bruxelles-se-classe-14eme-rang-europeen\/","url":"https:\/\/peoplesphere.be\/fr\/expatriation-villes-suisses-restent-plus-cheres-europe-bruxelles-se-classe-14eme-rang-europeen\/","name":"Expatriation : les villes suisses restent les plus ch\u00e8res en Europe, Bruxelles se classe au 14\u00e8me rang europ\u00e9en. - Peoplesphere","isPartOf":{"@id":"https:\/\/peoplesphere.be\/fr\/#website"},"datePublished":"2023-06-27T06:38:04+00:00","dateModified":"2023-06-28T05:14:53+00:00","breadcrumb":{"@id":"https:\/\/peoplesphere.be\/fr\/expatriation-villes-suisses-restent-plus-cheres-europe-bruxelles-se-classe-14eme-rang-europeen\/#breadcrumb"},"inLanguage":"fr-FR","potentialAction":[{"@type":"ReadAction","target":["https:\/\/peoplesphere.be\/fr\/expatriation-villes-suisses-restent-plus-cheres-europe-bruxelles-se-classe-14eme-rang-europeen\/"]}]},{"@type":"BreadcrumbList","@id":"https:\/\/peoplesphere.be\/fr\/expatriation-villes-suisses-restent-plus-cheres-europe-bruxelles-se-classe-14eme-rang-europeen\/#breadcrumb","itemListElement":[{"@type":"ListItem","position":1,"name":"Accueil","item":"https:\/\/peoplesphere.be\/fr\/"},{"@type":"ListItem","position":2,"name":"Expatriation : les villes suisses restent les plus ch\u00e8res en Europe, Bruxelles se classe au 14\u00e8me rang europ\u00e9en."}]},{"@type":"WebSite","@id":"https:\/\/peoplesphere.be\/fr\/#website","url":"https:\/\/peoplesphere.be\/fr\/","name":"Peoplesphere","description":"The People Managers Magazine","publisher":{"@id":"https:\/\/peoplesphere.be\/fr\/#organization"},"potentialAction":[{"@type":"SearchAction","target":{"@type":"EntryPoint","urlTemplate":"https:\/\/peoplesphere.be\/fr\/?s={search_term_string}"},"query-input":"required name=search_term_string"}],"inLanguage":"fr-FR"},{"@type":"Organization","@id":"https:\/\/peoplesphere.be\/fr\/#organization","name":"Peoplesphere Company srl","url":"https:\/\/peoplesphere.be\/fr\/","logo":{"@type":"ImageObject","inLanguage":"fr-FR","@id":"https:\/\/peoplesphere.be\/fr\/#\/schema\/logo\/image\/","url":"https:\/\/peoplesphere.be\/fr\/wp-content\/uploads\/2023\/07\/peoplesphere-lgo-new-generik.jpg","contentUrl":"https:\/\/peoplesphere.be\/fr\/wp-content\/uploads\/2023\/07\/peoplesphere-lgo-new-generik.jpg","width":1031,"height":1479,"caption":"Peoplesphere Company srl"},"image":{"@id":"https:\/\/peoplesphere.be\/fr\/#\/schema\/logo\/image\/"},"sameAs":["https:\/\/www.facebook.com\/peoplesphere","https:\/\/twitter.com\/PeoplesphereMag","https:\/\/www.linkedin.com\/company\/7587361?trk","http:\/\/youtube.com\/peoplesphere"]},{"@type":"Person","@id":"https:\/\/peoplesphere.be\/fr\/#\/schema\/person\/7976225ff17988604334abb7b3536a7e","name":"Jean-Paul Erhard","image":{"@type":"ImageObject","inLanguage":"fr-FR","@id":"https:\/\/peoplesphere.be\/fr\/#\/schema\/person\/image\/","url":"https:\/\/secure.gravatar.com\/avatar\/f941e681460179738071629a51574930?s=96&d=mm&r=g","contentUrl":"https:\/\/secure.gravatar.com\/avatar\/f941e681460179738071629a51574930?s=96&d=mm&r=g","caption":"Jean-Paul Erhard"},"url":"https:\/\/peoplesphere.be\/fr\/author\/jpe\/"}]}},"_links":{"self":[{"href":"https:\/\/peoplesphere.be\/fr\/wp-json\/wp\/v2\/posts\/14641"}],"collection":[{"href":"https:\/\/peoplesphere.be\/fr\/wp-json\/wp\/v2\/posts"}],"about":[{"href":"https:\/\/peoplesphere.be\/fr\/wp-json\/wp\/v2\/types\/post"}],"author":[{"embeddable":true,"href":"https:\/\/peoplesphere.be\/fr\/wp-json\/wp\/v2\/users\/2"}],"replies":[{"embeddable":true,"href":"https:\/\/peoplesphere.be\/fr\/wp-json\/wp\/v2\/comments?post=14641"}],"version-history":[{"count":1,"href":"https:\/\/peoplesphere.be\/fr\/wp-json\/wp\/v2\/posts\/14641\/revisions"}],"predecessor-version":[{"id":14642,"href":"https:\/\/peoplesphere.be\/fr\/wp-json\/wp\/v2\/posts\/14641\/revisions\/14642"}],"wp:attachment":[{"href":"https:\/\/peoplesphere.be\/fr\/wp-json\/wp\/v2\/media?parent=14641"}],"wp:term":[{"taxonomy":"category","embeddable":true,"href":"https:\/\/peoplesphere.be\/fr\/wp-json\/wp\/v2\/categories?post=14641"},{"taxonomy":"post_tag","embeddable":true,"href":"https:\/\/peoplesphere.be\/fr\/wp-json\/wp\/v2\/tags?post=14641"}],"curies":[{"name":"wp","href":"https:\/\/api.w.org\/{rel}","templated":true}]}}