









{"id":14643,"date":"2023-06-28T07:25:52","date_gmt":"2023-06-28T05:25:52","guid":{"rendered":"https:\/\/peoplesphere.be\/fr\/?p=14643"},"modified":"2023-06-28T07:25:52","modified_gmt":"2023-06-28T05:25:52","slug":"belgique-veut-devenir-smartnation-convergence-inclusion-ambition-priorites","status":"publish","type":"post","link":"https:\/\/peoplesphere.be\/fr\/belgique-veut-devenir-smartnation-convergence-inclusion-ambition-priorites\/","title":{"rendered":"La Belgique veut devenir une #SmartNation: convergence, inclusion et ambition sont les priorit\u00e9s."},"content":{"rendered":"<p>La campagne SmartNation a \u00e9t\u00e9 lanc\u00e9e le lundi 12 juin. Cette campagne a pour but de sensibiliser les citoyens belges au fait que le digital fait partie de notre vie quotidienne et la simplifie mais aussi que nous sommes tous acteurs de cette digitalisation. Nous voulons \u00e9galement mettre en \u00e9vidence l\u2019importance de l\u2019inclusion et du d\u00e9veloppement des comp\u00e9tences num\u00e9riques. C\u2019est tous ensemble que nous ferons avancer la Belgique dans sa transformation num\u00e9rique!<!--more--><\/p>\n<p>La campagne sera lanc\u00e9e en vagues successives afin de mettre l\u2019accent sur diff\u00e9rentes initiatives, avec par la suite des messages plus cibl\u00e9s. Nous nous adresserons plus directement aux femmes, aux jeunes, aux entreprises, aux startups, \u2026 Personne ne sera laiss\u00e9 de c\u00f4t\u00e9 !<\/p>\n<p><strong><em>Acc\u00e9l\u00e9rer la transformation num\u00e9rique de la Belgique et travailler avec les acteurs de terrain : c\u2019est la strat\u00e9gie SmartNation<\/em><\/strong><\/p>\n<p>Atteindre les objectifs du Digital Decade d&rsquo;ici 2030 est une ambition partag\u00e9e au niveau europ\u00e9en. Les ambitions europ\u00e9ennes visent \u00e0 donner aux entreprises et aux citoyens les moyens d&rsquo;un avenir num\u00e9rique durable, centr\u00e9 sur les personnes et plus prosp\u00e8re. Il faut donc d\u00e9velopper les comp\u00e9tences num\u00e9riques, les infrastructures, les services publics et les service aux entreprises.<\/p>\n<p>Pour atteindre ces objectifs, nous devons travailler ensemble. Avec les acteurs de terrain, les diff\u00e9rentes institutions, le monde acad\u00e9mique, le secteur public et priv\u00e9, nous voulons identifier et soutenir les projets de num\u00e9risation prometteurs. C&rsquo;est la strat\u00e9gie #SmartNation.<\/p>\n<p>La strat\u00e9gie #SmartNation vise donc \u00e0 acc\u00e9l\u00e9rer le processus de num\u00e9risation tout en stimulant une approche coordonn\u00e9e dans toute la Belgique.<\/p>\n<p>Ses objectifs seront les suivants :<\/p>\n<ul>\n<li>contribuer \u00e0 l&rsquo;attractivit\u00e9 de la Belgique et \u00e0 la r\u00e9tention des talents par la dynamique mise en place,<\/li>\n<li>fournir le cadre \u00e9thique et juridique permettant de renforcer la confiance des citoyens,<\/li>\n<li>accro\u00eetre la valeur des actifs et renforcer la coop\u00e9ration entre les r\u00e9gions,<\/li>\n<li>promouvoir l&rsquo;adoption des nouvelles technologies prioritaires (IA, Web 3.0, jumeaux num\u00e9riques, etc.) par les diff\u00e9rentes parties prenantes,<\/li>\n<li>renforcer la coop\u00e9ration entre les \u00c9tats membres de l&rsquo;UE et d\u00e9velopper la souverainet\u00e9 europ\u00e9enne.<\/li>\n<\/ul>\n<p><strong><em>SmartNation c\u2019est aussi 10 ambitions<\/em><\/strong><\/p>\n<p>Les Digital Minds, r\u00e9unis par le Secr\u00e9taire d\u2019Etat \u00e0 la Digitalisation, Mathieu Michel, sont issus du monde acad\u00e9mique, de l\u2019entreprenariat, de l\u2019investissement, \u2026 et sont actifs de pr\u00e8s ou de loin dans l\u2019univers du digital en Belgique et \u00e0 l\u2019\u00e9tranger. Ce sont les Digital Minds qui ont d\u00e9fini les 10 ambitions repris dans la strat\u00e9gie SmartNation.<\/p>\n<ol>\n<li>La Belgique fait de l&rsquo;acc\u00e8s \u00e0 internet un droit fondamental pour tous<\/li>\n<li>Tous les citoyens poss\u00e9deront des comp\u00e9tences num\u00e9riques<\/li>\n<li>Les gouvernements se doteront des comp\u00e9tences num\u00e9riques \u00e0 la pointe des technologies<\/li>\n<li>Une citoyennet\u00e9 num\u00e9rique donnant acc\u00e8s \u00e0 tous les services publics en ligne sera propos\u00e9e \u00e0 tous les citoyens<\/li>\n<li>La Belgique favorisera l\u2019\u00e9mergence d\u2019une \u00e9conomie de la donn\u00e9e<\/li>\n<li>La d\u00e9mocratie en ligne sera prot\u00e9g\u00e9e et garantie<\/li>\n<li>Les gouvernements d\u00e9velopperont un environnement favorable \u00e0 la num\u00e9risation des acteurs \u00e9conomiques<\/li>\n<li>La Belgique sera leader dans les domaines de l\u2019e-sant\u00e9 et ses applications en mati\u00e8re d\u2019intelligence artificielle<\/li>\n<li>Les gouvernements soutiendront les champions belges du num\u00e9rique<\/li>\n<li>La transformation num\u00e9rique se fera au b\u00e9n\u00e9fice de l\u2019environnement.<\/li>\n<\/ol>\n<p>Le site <a href=\"http:\/\/www.smartnation.be\">www.smartnation.be<\/a> reprend les dix ambitions en d\u00e9tail. Pour chaque ambition, vous pouvez voir les projets qui y sont li\u00e9s et qui sont r\u00e9alis\u00e9s dans toute la Belgique. Vous pouvez \u00e9galement voir quels sont les indicateurs de performance (KPI).<\/p>\n<p>Le site est continuellement mis \u00e0 jour. Tant les projets que les KPI seront adapt\u00e9s en fonction de l\u2019actualit\u00e9. Une organisation souhaite publier son projet ? Elle peut en faire la demande et le projet sera analys\u00e9 pour voir s&rsquo;il fait bien partie d\u2019une des 10 ambitions avant de le publier sur le site.<br \/>\n<em>\u00ab\u00a0Chaque jour, de plus en plus de citoyens et d&rsquo;entreprises utilisent des services num\u00e9riques. Avec cette initiative, nous voulons sensibiliser les citoyens et les entreprises aux opportunit\u00e9s offertes par le num\u00e9rique, mais aussi mettre en lumi\u00e8re les initiatives qui contribuent chaque jour \u00e0 l&rsquo;innovation en Belgique. Nous contribuons tous \u00e0 la r\u00e9alisation d&rsquo;ambitions pour aller vers une #SmartNation, par exemple dans les domaines de la sant\u00e9 num\u00e9rique ou de l&rsquo;\u00e9conomie des donn\u00e9es, au b\u00e9n\u00e9fice de tous.\u00a0\u00bb<\/em> explique Jack Hamande, Directeur g\u00e9n\u00e9ral Simplification et Digitalisation au SPF BOSA.<\/p>\n<p>&nbsp;<\/p>\n<p><em>Source: SPF BOSA<\/em><\/p>\n","protected":false},"excerpt":{"rendered":"<p>La campagne SmartNation a \u00e9t\u00e9 lanc\u00e9e le lundi 12 juin. Cette campagne a pour but de sensibiliser les citoyens belges au fait que le digital fait partie de notre vie quotidienne et la simplifie mais aussi que nous sommes tous [&hellip;]<\/p>\n","protected":false},"author":2,"featured_media":14644,"comment_status":"closed","ping_status":"open","sticky":false,"template":"","format":"standard","meta":[],"categories":[65,10],"tags":[116,451,544,3835,1052],"yoast_head":"<!-- This site is optimized with the Yoast SEO plugin v21.0 - https:\/\/yoast.com\/wordpress\/plugins\/seo\/ -->\n<title>La Belgique veut devenir une #SmartNation: convergence, inclusion et ambition sont les priorit\u00e9s. - Peoplesphere<\/title>\n<meta name=\"robots\" content=\"index, follow, max-snippet:-1, max-image-preview:large, max-video-preview:-1\" \/>\n<link rel=\"canonical\" href=\"https:\/\/peoplesphere.be\/fr\/belgique-veut-devenir-smartnation-convergence-inclusion-ambition-priorites\/\" \/>\n<meta property=\"og:locale\" content=\"fr_FR\" \/>\n<meta property=\"og:type\" content=\"article\" \/>\n<meta property=\"og:title\" content=\"La Belgique veut devenir une #SmartNation: convergence, inclusion et ambition sont les priorit\u00e9s. - Peoplesphere\" \/>\n<meta property=\"og:description\" content=\"La campagne SmartNation a \u00e9t\u00e9 lanc\u00e9e le lundi 12 juin. Cette campagne a pour but de sensibiliser les citoyens belges au fait que le digital fait partie de notre vie quotidienne et la simplifie mais aussi que nous sommes tous [&hellip;]\" \/>\n<meta property=\"og:url\" content=\"https:\/\/peoplesphere.be\/fr\/belgique-veut-devenir-smartnation-convergence-inclusion-ambition-priorites\/\" \/>\n<meta property=\"og:site_name\" content=\"Peoplesphere\" \/>\n<meta property=\"article:publisher\" content=\"https:\/\/www.facebook.com\/peoplesphere\" \/>\n<meta property=\"article:published_time\" content=\"2023-06-28T05:25:52+00:00\" \/>\n<meta property=\"og:image\" content=\"https:\/\/peoplesphere.be\/fr\/wp-content\/uploads\/2023\/06\/20230627smartnation.jpg\" \/>\n\t<meta property=\"og:image:width\" content=\"688\" \/>\n\t<meta property=\"og:image:height\" content=\"450\" \/>\n\t<meta property=\"og:image:type\" content=\"image\/jpeg\" \/>\n<meta name=\"author\" content=\"Jean-Paul Erhard\" \/>\n<meta name=\"twitter:card\" content=\"summary_large_image\" \/>\n<meta name=\"twitter:creator\" content=\"@PeoplesphereMag\" \/>\n<meta name=\"twitter:site\" content=\"@PeoplesphereMag\" \/>\n<meta name=\"twitter:label1\" content=\"\u00c9crit par\" \/>\n\t<meta name=\"twitter:data1\" content=\"Jean-Paul Erhard\" \/>\n\t<meta name=\"twitter:label2\" content=\"Dur\u00e9e de lecture estim\u00e9e\" \/>\n\t<meta name=\"twitter:data2\" content=\"4 minutes\" \/>\n<script type=\"application\/ld+json\" class=\"yoast-schema-graph\">{\"@context\":\"https:\/\/schema.org\",\"@graph\":[{\"@type\":\"Article\",\"@id\":\"https:\/\/peoplesphere.be\/fr\/belgique-veut-devenir-smartnation-convergence-inclusion-ambition-priorites\/#article\",\"isPartOf\":{\"@id\":\"https:\/\/peoplesphere.be\/fr\/belgique-veut-devenir-smartnation-convergence-inclusion-ambition-priorites\/\"},\"author\":{\"name\":\"Jean-Paul Erhard\",\"@id\":\"https:\/\/peoplesphere.be\/fr\/#\/schema\/person\/7976225ff17988604334abb7b3536a7e\"},\"headline\":\"La Belgique veut devenir une #SmartNation: convergence, inclusion et ambition sont les priorit\u00e9s.\",\"datePublished\":\"2023-06-28T05:25:52+00:00\",\"dateModified\":\"2023-06-28T05:25:52+00:00\",\"mainEntityOfPage\":{\"@id\":\"https:\/\/peoplesphere.be\/fr\/belgique-veut-devenir-smartnation-convergence-inclusion-ambition-priorites\/\"},\"wordCount\":776,\"publisher\":{\"@id\":\"https:\/\/peoplesphere.be\/fr\/#organization\"},\"keywords\":[\"comp\u00e9tences\",\"digitalisation\",\"inclusion\",\"Smart Nation\",\"transformation num\u00e9rique\"],\"articleSection\":[\"Actualit\u00e9s\",\"Digital\"],\"inLanguage\":\"fr-FR\"},{\"@type\":\"WebPage\",\"@id\":\"https:\/\/peoplesphere.be\/fr\/belgique-veut-devenir-smartnation-convergence-inclusion-ambition-priorites\/\",\"url\":\"https:\/\/peoplesphere.be\/fr\/belgique-veut-devenir-smartnation-convergence-inclusion-ambition-priorites\/\",\"name\":\"La Belgique veut devenir une #SmartNation: convergence, inclusion et ambition sont les priorit\u00e9s. - Peoplesphere\",\"isPartOf\":{\"@id\":\"https:\/\/peoplesphere.be\/fr\/#website\"},\"datePublished\":\"2023-06-28T05:25:52+00:00\",\"dateModified\":\"2023-06-28T05:25:52+00:00\",\"breadcrumb\":{\"@id\":\"https:\/\/peoplesphere.be\/fr\/belgique-veut-devenir-smartnation-convergence-inclusion-ambition-priorites\/#breadcrumb\"},\"inLanguage\":\"fr-FR\",\"potentialAction\":[{\"@type\":\"ReadAction\",\"target\":[\"https:\/\/peoplesphere.be\/fr\/belgique-veut-devenir-smartnation-convergence-inclusion-ambition-priorites\/\"]}]},{\"@type\":\"BreadcrumbList\",\"@id\":\"https:\/\/peoplesphere.be\/fr\/belgique-veut-devenir-smartnation-convergence-inclusion-ambition-priorites\/#breadcrumb\",\"itemListElement\":[{\"@type\":\"ListItem\",\"position\":1,\"name\":\"Accueil\",\"item\":\"https:\/\/peoplesphere.be\/fr\/\"},{\"@type\":\"ListItem\",\"position\":2,\"name\":\"La Belgique veut devenir une #SmartNation: convergence, inclusion et ambition sont les priorit\u00e9s.\"}]},{\"@type\":\"WebSite\",\"@id\":\"https:\/\/peoplesphere.be\/fr\/#website\",\"url\":\"https:\/\/peoplesphere.be\/fr\/\",\"name\":\"Peoplesphere\",\"description\":\"The People Managers Magazine\",\"publisher\":{\"@id\":\"https:\/\/peoplesphere.be\/fr\/#organization\"},\"potentialAction\":[{\"@type\":\"SearchAction\",\"target\":{\"@type\":\"EntryPoint\",\"urlTemplate\":\"https:\/\/peoplesphere.be\/fr\/?s={search_term_string}\"},\"query-input\":\"required name=search_term_string\"}],\"inLanguage\":\"fr-FR\"},{\"@type\":\"Organization\",\"@id\":\"https:\/\/peoplesphere.be\/fr\/#organization\",\"name\":\"Peoplesphere Company srl\",\"url\":\"https:\/\/peoplesphere.be\/fr\/\",\"logo\":{\"@type\":\"ImageObject\",\"inLanguage\":\"fr-FR\",\"@id\":\"https:\/\/peoplesphere.be\/fr\/#\/schema\/logo\/image\/\",\"url\":\"https:\/\/peoplesphere.be\/fr\/wp-content\/uploads\/2023\/07\/peoplesphere-lgo-new-generik.jpg\",\"contentUrl\":\"https:\/\/peoplesphere.be\/fr\/wp-content\/uploads\/2023\/07\/peoplesphere-lgo-new-generik.jpg\",\"width\":1031,\"height\":1479,\"caption\":\"Peoplesphere Company srl\"},\"image\":{\"@id\":\"https:\/\/peoplesphere.be\/fr\/#\/schema\/logo\/image\/\"},\"sameAs\":[\"https:\/\/www.facebook.com\/peoplesphere\",\"https:\/\/twitter.com\/PeoplesphereMag\",\"https:\/\/www.linkedin.com\/company\/7587361?trk\",\"http:\/\/youtube.com\/peoplesphere\"]},{\"@type\":\"Person\",\"@id\":\"https:\/\/peoplesphere.be\/fr\/#\/schema\/person\/7976225ff17988604334abb7b3536a7e\",\"name\":\"Jean-Paul Erhard\",\"image\":{\"@type\":\"ImageObject\",\"inLanguage\":\"fr-FR\",\"@id\":\"https:\/\/peoplesphere.be\/fr\/#\/schema\/person\/image\/\",\"url\":\"https:\/\/secure.gravatar.com\/avatar\/f941e681460179738071629a51574930?s=96&d=mm&r=g\",\"contentUrl\":\"https:\/\/secure.gravatar.com\/avatar\/f941e681460179738071629a51574930?s=96&d=mm&r=g\",\"caption\":\"Jean-Paul Erhard\"},\"url\":\"https:\/\/peoplesphere.be\/fr\/author\/jpe\/\"}]}<\/script>\n<!-- \/ Yoast SEO plugin. -->","yoast_head_json":{"title":"La Belgique veut devenir une #SmartNation: convergence, inclusion et ambition sont les priorit\u00e9s. - Peoplesphere","robots":{"index":"index","follow":"follow","max-snippet":"max-snippet:-1","max-image-preview":"max-image-preview:large","max-video-preview":"max-video-preview:-1"},"canonical":"https:\/\/peoplesphere.be\/fr\/belgique-veut-devenir-smartnation-convergence-inclusion-ambition-priorites\/","og_locale":"fr_FR","og_type":"article","og_title":"La Belgique veut devenir une #SmartNation: convergence, inclusion et ambition sont les priorit\u00e9s. - Peoplesphere","og_description":"La campagne SmartNation a \u00e9t\u00e9 lanc\u00e9e le lundi 12 juin. Cette campagne a pour but de sensibiliser les citoyens belges au fait que le digital fait partie de notre vie quotidienne et la simplifie mais aussi que nous sommes tous [&hellip;]","og_url":"https:\/\/peoplesphere.be\/fr\/belgique-veut-devenir-smartnation-convergence-inclusion-ambition-priorites\/","og_site_name":"Peoplesphere","article_publisher":"https:\/\/www.facebook.com\/peoplesphere","article_published_time":"2023-06-28T05:25:52+00:00","og_image":[{"width":688,"height":450,"url":"https:\/\/peoplesphere.be\/fr\/wp-content\/uploads\/2023\/06\/20230627smartnation.jpg","type":"image\/jpeg"}],"author":"Jean-Paul Erhard","twitter_card":"summary_large_image","twitter_creator":"@PeoplesphereMag","twitter_site":"@PeoplesphereMag","twitter_misc":{"\u00c9crit par":"Jean-Paul Erhard","Dur\u00e9e de lecture estim\u00e9e":"4 minutes"},"schema":{"@context":"https:\/\/schema.org","@graph":[{"@type":"Article","@id":"https:\/\/peoplesphere.be\/fr\/belgique-veut-devenir-smartnation-convergence-inclusion-ambition-priorites\/#article","isPartOf":{"@id":"https:\/\/peoplesphere.be\/fr\/belgique-veut-devenir-smartnation-convergence-inclusion-ambition-priorites\/"},"author":{"name":"Jean-Paul Erhard","@id":"https:\/\/peoplesphere.be\/fr\/#\/schema\/person\/7976225ff17988604334abb7b3536a7e"},"headline":"La Belgique veut devenir une #SmartNation: convergence, inclusion et ambition sont les priorit\u00e9s.","datePublished":"2023-06-28T05:25:52+00:00","dateModified":"2023-06-28T05:25:52+00:00","mainEntityOfPage":{"@id":"https:\/\/peoplesphere.be\/fr\/belgique-veut-devenir-smartnation-convergence-inclusion-ambition-priorites\/"},"wordCount":776,"publisher":{"@id":"https:\/\/peoplesphere.be\/fr\/#organization"},"keywords":["comp\u00e9tences","digitalisation","inclusion","Smart Nation","transformation num\u00e9rique"],"articleSection":["Actualit\u00e9s","Digital"],"inLanguage":"fr-FR"},{"@type":"WebPage","@id":"https:\/\/peoplesphere.be\/fr\/belgique-veut-devenir-smartnation-convergence-inclusion-ambition-priorites\/","url":"https:\/\/peoplesphere.be\/fr\/belgique-veut-devenir-smartnation-convergence-inclusion-ambition-priorites\/","name":"La Belgique veut devenir une #SmartNation: convergence, inclusion et ambition sont les priorit\u00e9s. - Peoplesphere","isPartOf":{"@id":"https:\/\/peoplesphere.be\/fr\/#website"},"datePublished":"2023-06-28T05:25:52+00:00","dateModified":"2023-06-28T05:25:52+00:00","breadcrumb":{"@id":"https:\/\/peoplesphere.be\/fr\/belgique-veut-devenir-smartnation-convergence-inclusion-ambition-priorites\/#breadcrumb"},"inLanguage":"fr-FR","potentialAction":[{"@type":"ReadAction","target":["https:\/\/peoplesphere.be\/fr\/belgique-veut-devenir-smartnation-convergence-inclusion-ambition-priorites\/"]}]},{"@type":"BreadcrumbList","@id":"https:\/\/peoplesphere.be\/fr\/belgique-veut-devenir-smartnation-convergence-inclusion-ambition-priorites\/#breadcrumb","itemListElement":[{"@type":"ListItem","position":1,"name":"Accueil","item":"https:\/\/peoplesphere.be\/fr\/"},{"@type":"ListItem","position":2,"name":"La Belgique veut devenir une #SmartNation: convergence, inclusion et ambition sont les priorit\u00e9s."}]},{"@type":"WebSite","@id":"https:\/\/peoplesphere.be\/fr\/#website","url":"https:\/\/peoplesphere.be\/fr\/","name":"Peoplesphere","description":"The People Managers Magazine","publisher":{"@id":"https:\/\/peoplesphere.be\/fr\/#organization"},"potentialAction":[{"@type":"SearchAction","target":{"@type":"EntryPoint","urlTemplate":"https:\/\/peoplesphere.be\/fr\/?s={search_term_string}"},"query-input":"required name=search_term_string"}],"inLanguage":"fr-FR"},{"@type":"Organization","@id":"https:\/\/peoplesphere.be\/fr\/#organization","name":"Peoplesphere Company srl","url":"https:\/\/peoplesphere.be\/fr\/","logo":{"@type":"ImageObject","inLanguage":"fr-FR","@id":"https:\/\/peoplesphere.be\/fr\/#\/schema\/logo\/image\/","url":"https:\/\/peoplesphere.be\/fr\/wp-content\/uploads\/2023\/07\/peoplesphere-lgo-new-generik.jpg","contentUrl":"https:\/\/peoplesphere.be\/fr\/wp-content\/uploads\/2023\/07\/peoplesphere-lgo-new-generik.jpg","width":1031,"height":1479,"caption":"Peoplesphere Company srl"},"image":{"@id":"https:\/\/peoplesphere.be\/fr\/#\/schema\/logo\/image\/"},"sameAs":["https:\/\/www.facebook.com\/peoplesphere","https:\/\/twitter.com\/PeoplesphereMag","https:\/\/www.linkedin.com\/company\/7587361?trk","http:\/\/youtube.com\/peoplesphere"]},{"@type":"Person","@id":"https:\/\/peoplesphere.be\/fr\/#\/schema\/person\/7976225ff17988604334abb7b3536a7e","name":"Jean-Paul Erhard","image":{"@type":"ImageObject","inLanguage":"fr-FR","@id":"https:\/\/peoplesphere.be\/fr\/#\/schema\/person\/image\/","url":"https:\/\/secure.gravatar.com\/avatar\/f941e681460179738071629a51574930?s=96&d=mm&r=g","contentUrl":"https:\/\/secure.gravatar.com\/avatar\/f941e681460179738071629a51574930?s=96&d=mm&r=g","caption":"Jean-Paul Erhard"},"url":"https:\/\/peoplesphere.be\/fr\/author\/jpe\/"}]}},"_links":{"self":[{"href":"https:\/\/peoplesphere.be\/fr\/wp-json\/wp\/v2\/posts\/14643"}],"collection":[{"href":"https:\/\/peoplesphere.be\/fr\/wp-json\/wp\/v2\/posts"}],"about":[{"href":"https:\/\/peoplesphere.be\/fr\/wp-json\/wp\/v2\/types\/post"}],"author":[{"embeddable":true,"href":"https:\/\/peoplesphere.be\/fr\/wp-json\/wp\/v2\/users\/2"}],"replies":[{"embeddable":true,"href":"https:\/\/peoplesphere.be\/fr\/wp-json\/wp\/v2\/comments?post=14643"}],"version-history":[{"count":1,"href":"https:\/\/peoplesphere.be\/fr\/wp-json\/wp\/v2\/posts\/14643\/revisions"}],"predecessor-version":[{"id":14645,"href":"https:\/\/peoplesphere.be\/fr\/wp-json\/wp\/v2\/posts\/14643\/revisions\/14645"}],"wp:featuredmedia":[{"embeddable":true,"href":"https:\/\/peoplesphere.be\/fr\/wp-json\/wp\/v2\/media\/14644"}],"wp:attachment":[{"href":"https:\/\/peoplesphere.be\/fr\/wp-json\/wp\/v2\/media?parent=14643"}],"wp:term":[{"taxonomy":"category","embeddable":true,"href":"https:\/\/peoplesphere.be\/fr\/wp-json\/wp\/v2\/categories?post=14643"},{"taxonomy":"post_tag","embeddable":true,"href":"https:\/\/peoplesphere.be\/fr\/wp-json\/wp\/v2\/tags?post=14643"}],"curies":[{"name":"wp","href":"https:\/\/api.w.org\/{rel}","templated":true}]}}