









{"id":14653,"date":"2023-06-29T08:11:10","date_gmt":"2023-06-29T06:11:10","guid":{"rendered":"https:\/\/peoplesphere.be\/fr\/?p=14653"},"modified":"2023-06-29T08:11:10","modified_gmt":"2023-06-29T06:11:10","slug":"diversite-egalite-inclusion-lieu-de-travail-combler-fosse-entre-paroles-actes-priorite-chefs-dentreprise","status":"publish","type":"post","link":"https:\/\/peoplesphere.be\/fr\/diversite-egalite-inclusion-lieu-de-travail-combler-fosse-entre-paroles-actes-priorite-chefs-dentreprise\/","title":{"rendered":"Diversit\u00e9, \u00e9galit\u00e9 et inclusion sur le lieu de travail: combler le foss\u00e9 entre les paroles et les actes est une priorit\u00e9 pour les chefs d&rsquo;entreprise."},"content":{"rendered":"<p>Dans le monde des affaires d&rsquo;aujourd&rsquo;hui, la diversit\u00e9, l&rsquo;\u00e9galit\u00e9 et l&rsquo;inclusion (DE&amp;I) sont un sujet extr\u00eamement vif. En effet, la cr\u00e9ation d&rsquo;une entreprise inclusive est peut-\u00eatre l&rsquo;un des plus grands d\u00e9fis auxquels sont confront\u00e9es de nombreuses \u00e9quipes de direction. Mais trop souvent, les bonnes intentions demeurent, suivies de peu d&rsquo;actions concr\u00e8tes mises en place sur le lieu de travail.<!--more--><\/p>\n<p>Environ un conseil d&rsquo;administration sur trois interrog\u00e9 d\u00e9clare disposer d&rsquo;un plan de DE&amp;I actif dans l&rsquo;ensemble de l&rsquo;entreprise. Par exemple, 23% d&rsquo;entre eux utilisent des quotas pour recruter de mani\u00e8re plus diversifi\u00e9e. Un tiers d&rsquo;entre eux d\u00e9clarent avoir proc\u00e9d\u00e9 \u00e0 une analyse approfondie des parcours professionnels existants au sein de l&rsquo;entreprise en vue d&rsquo;un recrutement plus inclusif \u00e0 tous les niveaux, contre 22% des soci\u00e9t\u00e9s de capital-investissement. Selon le Boardroom Navigator de Robert Half, les principales raisons de s&rsquo;engager dans une strat\u00e9gie de DE&amp;I sont d&rsquo;attirer et de retenir les meilleurs talents (25% des conseils d&rsquo;administration interrog\u00e9s contre 30% des investisseurs en capital-investissement), ainsi que d&rsquo;injecter une nouvelle dose de cr\u00e9ativit\u00e9 (26% et 36% respectivement).<\/p>\n<p><strong><em>Les avantages tangibles de l&rsquo;accent mis sur la DE&amp;I pour les entreprises<\/em><\/strong><\/p>\n<p>Les entreprises qui recherchent activement une plus grande inclusivit\u00e9 et qui adoptent une approche structur\u00e9e \u00e0 cet \u00e9gard en r\u00e9coltent les fruits. Les organisations dot\u00e9es d&rsquo;\u00e9quipes diversifi\u00e9es prennent de meilleures d\u00e9cisions et sont plus rentables. En outre, elles contribuent \u00e0 une culture de travail inclusive qui exploite le talent et le potentiel de tous les employ\u00e9s.<\/p>\n<p><em>\u00ab\u00a0L\u2019\u00e9tude d\u00e9montre que la diversit\u00e9, l&rsquo;\u00e9galit\u00e9 et l&rsquo;inclusion (DE&amp;I) favorisent une culture d&rsquo;entreprise positive, am\u00e9liorent l&rsquo;engagement et la satisfaction des employ\u00e9s et conduisent \u00e0 une augmentation de la productivit\u00e9 et de la motivation. La DE&amp;I stimule \u00e9galement l&rsquo;innovation en rassemblant des perspectives et des id\u00e9es diverses. En outre, une politique active de DE&amp;I permet aux entreprises de mieux r\u00e9pondre aux besoins d&rsquo;une client\u00e8le diversifi\u00e9e dans un monde globalis\u00e9. Enfin, elle renforce la r\u00e9putation de l&rsquo;entreprise\u00a0\u00bb<\/em>, d\u00e9clare Veronique Elskens, Regional Director Executive Search BeNeLux.<\/p>\n<p><strong><em>Les investisseurs voient \u00e9galement de plus en plus le lien entre la DE&amp;I et la cr\u00e9ativit\u00e9, ainsi que l&rsquo;attraction et la r\u00e9tention des meilleurs talents.<\/em><\/strong><\/p>\n<p><em>\u00ab\u00a0Les \u00e9quipes de direction devraient avoir une vision profonde en mati\u00e8re de DE&amp;I, d\u00e9velopper et renforcer cette vision en permanence. Cela les aidera \u00e0 mieux comprendre et \u00e0 explorer activement les interrelations entre les diff\u00e9rents aspects de la diversit\u00e9. Si elles sont capables de comprendre et de combiner les origines, les int\u00e9r\u00eats et les exp\u00e9riences des personnes avec d&rsquo;autres caract\u00e9ristiques, elles provoqueront le changement, stimuleront la pens\u00e9e cr\u00e9ative et attireront en m\u00eame temps des talents diversifi\u00e9s\u00a0\u00bb<\/em>, explique Veronique Elskens.<\/p>\n<p><strong><em>Comment cr\u00e9er une entreprise plus inclusive ?<\/em><\/strong><\/p>\n<p>Malgr\u00e9 l&rsquo;attention croissante port\u00e9e \u00e0 cette question, les entreprises s&rsquo;en tiennent souvent \u00e0 de bonnes intentions et \u00e0 une prise de conscience, sans apporter de changement r\u00e9el. Promouvoir la diversit\u00e9 au sein des \u00e9quipes dirigeantes ne se limite pas \u00e0 demander des listes de pr\u00e9s\u00e9lection plus diversifi\u00e9es et des nominations \u00ab\u00a0symboliques\u00a0\u00bb. Elle commence par une r\u00e9flexion approfondie sur soi : comprendre les caract\u00e9ristiques d\u00e9mographiques actuelles de la main-d&rsquo;\u0153uvre et \u00e9valuer les m\u00e9thodes de recrutement.<\/p>\n<p>Selon Veronique Elskens, Regional Director Executive Search BeNeLux, les cadres dirigeants devraient donc se poser les questions suivantes, \u00e0 eux-m\u00eames ainsi qu\u2019aux organisations, afin de combler l\u2019\u00e9cart entre l&rsquo;intention et l&rsquo;action :<\/p>\n<ul>\n<li>Quelles sont les caract\u00e9ristiques d\u00e9mographiques actuelles de notre main-d&rsquo;\u0153uvre et dans quelle mesure les connaissons-nous ?<\/li>\n<li>Que faisons-nous actuellement pour promouvoir la DE&amp;I et quelle est l&rsquo;efficacit\u00e9 de nos actions ?Quelle est notre vision pour les cinq \u00e0 dix prochaines ann\u00e9es ?<\/li>\n<li>Quels changements devons-nous apporter pour concr\u00e9tiser cette vision ?<\/li>\n<li>Quelles sont les comp\u00e9tences dont nous avons besoin et comment pouvons-nous collaborer avec les groupes sous-repr\u00e9sent\u00e9s \u00e0 cette fin ?<\/li>\n<\/ul>\n<p>C\u2019est de cette mani\u00e8re que les chefs d&rsquo;entreprise pourront \u00e9laborer un plan \u00e0 long terme r\u00e9alisable et fructueux autour de la DE&amp;I.<\/p>\n<p><em>Source : Robert Half &#8211; Boardroom Navigator 2023<\/em><\/p>\n","protected":false},"excerpt":{"rendered":"<p>Dans le monde des affaires d&rsquo;aujourd&rsquo;hui, la diversit\u00e9, l&rsquo;\u00e9galit\u00e9 et l&rsquo;inclusion (DE&amp;I) sont un sujet extr\u00eamement vif. En effet, la cr\u00e9ation d&rsquo;une entreprise inclusive est peut-\u00eatre l&rsquo;un des plus grands d\u00e9fis auxquels sont confront\u00e9es de nombreuses \u00e9quipes de direction. Mais [&hellip;]<\/p>\n","protected":false},"author":2,"featured_media":14655,"comment_status":"closed","ping_status":"open","sticky":false,"template":"","format":"standard","meta":[],"categories":[65,10],"tags":[169,167,544],"yoast_head":"<!-- This site is optimized with the Yoast SEO plugin v21.0 - https:\/\/yoast.com\/wordpress\/plugins\/seo\/ -->\n<title>Diversit\u00e9, \u00e9galit\u00e9 et inclusion sur le lieu de travail: combler le foss\u00e9 entre les paroles et les actes est une priorit\u00e9 pour les chefs d&#039;entreprise. - Peoplesphere<\/title>\n<meta name=\"robots\" content=\"index, follow, max-snippet:-1, max-image-preview:large, max-video-preview:-1\" \/>\n<link rel=\"canonical\" href=\"https:\/\/peoplesphere.be\/fr\/diversite-egalite-inclusion-lieu-de-travail-combler-fosse-entre-paroles-actes-priorite-chefs-dentreprise\/\" \/>\n<meta property=\"og:locale\" content=\"fr_FR\" \/>\n<meta property=\"og:type\" content=\"article\" \/>\n<meta property=\"og:title\" content=\"Diversit\u00e9, \u00e9galit\u00e9 et inclusion sur le lieu de travail: combler le foss\u00e9 entre les paroles et les actes est une priorit\u00e9 pour les chefs d&#039;entreprise. - Peoplesphere\" \/>\n<meta property=\"og:description\" content=\"Dans le monde des affaires d&rsquo;aujourd&rsquo;hui, la diversit\u00e9, l&rsquo;\u00e9galit\u00e9 et l&rsquo;inclusion (DE&amp;I) sont un sujet extr\u00eamement vif. En effet, la cr\u00e9ation d&rsquo;une entreprise inclusive est peut-\u00eatre l&rsquo;un des plus grands d\u00e9fis auxquels sont confront\u00e9es de nombreuses \u00e9quipes de direction. Mais [&hellip;]\" \/>\n<meta property=\"og:url\" content=\"https:\/\/peoplesphere.be\/fr\/diversite-egalite-inclusion-lieu-de-travail-combler-fosse-entre-paroles-actes-priorite-chefs-dentreprise\/\" \/>\n<meta property=\"og:site_name\" content=\"Peoplesphere\" \/>\n<meta property=\"article:publisher\" content=\"https:\/\/www.facebook.com\/peoplesphere\" \/>\n<meta property=\"article:published_time\" content=\"2023-06-29T06:11:10+00:00\" \/>\n<meta property=\"og:image\" content=\"https:\/\/peoplesphere.be\/fr\/wp-content\/uploads\/2023\/06\/20230629diversiteitRH.jpg\" \/>\n\t<meta property=\"og:image:width\" content=\"1160\" \/>\n\t<meta property=\"og:image:height\" content=\"773\" \/>\n\t<meta property=\"og:image:type\" content=\"image\/jpeg\" \/>\n<meta name=\"author\" content=\"Jean-Paul Erhard\" \/>\n<meta name=\"twitter:card\" content=\"summary_large_image\" \/>\n<meta name=\"twitter:creator\" content=\"@PeoplesphereMag\" \/>\n<meta name=\"twitter:site\" content=\"@PeoplesphereMag\" \/>\n<meta name=\"twitter:label1\" content=\"\u00c9crit par\" \/>\n\t<meta name=\"twitter:data1\" content=\"Jean-Paul Erhard\" \/>\n\t<meta name=\"twitter:label2\" content=\"Dur\u00e9e de lecture estim\u00e9e\" \/>\n\t<meta name=\"twitter:data2\" content=\"4 minutes\" \/>\n<script type=\"application\/ld+json\" class=\"yoast-schema-graph\">{\"@context\":\"https:\/\/schema.org\",\"@graph\":[{\"@type\":\"Article\",\"@id\":\"https:\/\/peoplesphere.be\/fr\/diversite-egalite-inclusion-lieu-de-travail-combler-fosse-entre-paroles-actes-priorite-chefs-dentreprise\/#article\",\"isPartOf\":{\"@id\":\"https:\/\/peoplesphere.be\/fr\/diversite-egalite-inclusion-lieu-de-travail-combler-fosse-entre-paroles-actes-priorite-chefs-dentreprise\/\"},\"author\":{\"name\":\"Jean-Paul Erhard\",\"@id\":\"https:\/\/peoplesphere.be\/fr\/#\/schema\/person\/7976225ff17988604334abb7b3536a7e\"},\"headline\":\"Diversit\u00e9, \u00e9galit\u00e9 et inclusion sur le lieu de travail: combler le foss\u00e9 entre les paroles et les actes est une priorit\u00e9 pour les chefs d&rsquo;entreprise.\",\"datePublished\":\"2023-06-29T06:11:10+00:00\",\"dateModified\":\"2023-06-29T06:11:10+00:00\",\"mainEntityOfPage\":{\"@id\":\"https:\/\/peoplesphere.be\/fr\/diversite-egalite-inclusion-lieu-de-travail-combler-fosse-entre-paroles-actes-priorite-chefs-dentreprise\/\"},\"wordCount\":733,\"publisher\":{\"@id\":\"https:\/\/peoplesphere.be\/fr\/#organization\"},\"keywords\":[\"diversit\u00e9\",\"\u00e9galit\u00e9\",\"inclusion\"],\"articleSection\":[\"Actualit\u00e9s\",\"Digital\"],\"inLanguage\":\"fr-FR\"},{\"@type\":\"WebPage\",\"@id\":\"https:\/\/peoplesphere.be\/fr\/diversite-egalite-inclusion-lieu-de-travail-combler-fosse-entre-paroles-actes-priorite-chefs-dentreprise\/\",\"url\":\"https:\/\/peoplesphere.be\/fr\/diversite-egalite-inclusion-lieu-de-travail-combler-fosse-entre-paroles-actes-priorite-chefs-dentreprise\/\",\"name\":\"Diversit\u00e9, \u00e9galit\u00e9 et inclusion sur le lieu de travail: combler le foss\u00e9 entre les paroles et les actes est une priorit\u00e9 pour les chefs d'entreprise. - Peoplesphere\",\"isPartOf\":{\"@id\":\"https:\/\/peoplesphere.be\/fr\/#website\"},\"datePublished\":\"2023-06-29T06:11:10+00:00\",\"dateModified\":\"2023-06-29T06:11:10+00:00\",\"breadcrumb\":{\"@id\":\"https:\/\/peoplesphere.be\/fr\/diversite-egalite-inclusion-lieu-de-travail-combler-fosse-entre-paroles-actes-priorite-chefs-dentreprise\/#breadcrumb\"},\"inLanguage\":\"fr-FR\",\"potentialAction\":[{\"@type\":\"ReadAction\",\"target\":[\"https:\/\/peoplesphere.be\/fr\/diversite-egalite-inclusion-lieu-de-travail-combler-fosse-entre-paroles-actes-priorite-chefs-dentreprise\/\"]}]},{\"@type\":\"BreadcrumbList\",\"@id\":\"https:\/\/peoplesphere.be\/fr\/diversite-egalite-inclusion-lieu-de-travail-combler-fosse-entre-paroles-actes-priorite-chefs-dentreprise\/#breadcrumb\",\"itemListElement\":[{\"@type\":\"ListItem\",\"position\":1,\"name\":\"Accueil\",\"item\":\"https:\/\/peoplesphere.be\/fr\/\"},{\"@type\":\"ListItem\",\"position\":2,\"name\":\"Diversit\u00e9, \u00e9galit\u00e9 et inclusion sur le lieu de travail: combler le foss\u00e9 entre les paroles et les actes est une priorit\u00e9 pour les chefs d&rsquo;entreprise.\"}]},{\"@type\":\"WebSite\",\"@id\":\"https:\/\/peoplesphere.be\/fr\/#website\",\"url\":\"https:\/\/peoplesphere.be\/fr\/\",\"name\":\"Peoplesphere\",\"description\":\"The People Managers Magazine\",\"publisher\":{\"@id\":\"https:\/\/peoplesphere.be\/fr\/#organization\"},\"potentialAction\":[{\"@type\":\"SearchAction\",\"target\":{\"@type\":\"EntryPoint\",\"urlTemplate\":\"https:\/\/peoplesphere.be\/fr\/?s={search_term_string}\"},\"query-input\":\"required name=search_term_string\"}],\"inLanguage\":\"fr-FR\"},{\"@type\":\"Organization\",\"@id\":\"https:\/\/peoplesphere.be\/fr\/#organization\",\"name\":\"Peoplesphere Company srl\",\"url\":\"https:\/\/peoplesphere.be\/fr\/\",\"logo\":{\"@type\":\"ImageObject\",\"inLanguage\":\"fr-FR\",\"@id\":\"https:\/\/peoplesphere.be\/fr\/#\/schema\/logo\/image\/\",\"url\":\"https:\/\/peoplesphere.be\/fr\/wp-content\/uploads\/2023\/07\/peoplesphere-lgo-new-generik.jpg\",\"contentUrl\":\"https:\/\/peoplesphere.be\/fr\/wp-content\/uploads\/2023\/07\/peoplesphere-lgo-new-generik.jpg\",\"width\":1031,\"height\":1479,\"caption\":\"Peoplesphere Company srl\"},\"image\":{\"@id\":\"https:\/\/peoplesphere.be\/fr\/#\/schema\/logo\/image\/\"},\"sameAs\":[\"https:\/\/www.facebook.com\/peoplesphere\",\"https:\/\/twitter.com\/PeoplesphereMag\",\"https:\/\/www.linkedin.com\/company\/7587361?trk\",\"http:\/\/youtube.com\/peoplesphere\"]},{\"@type\":\"Person\",\"@id\":\"https:\/\/peoplesphere.be\/fr\/#\/schema\/person\/7976225ff17988604334abb7b3536a7e\",\"name\":\"Jean-Paul Erhard\",\"image\":{\"@type\":\"ImageObject\",\"inLanguage\":\"fr-FR\",\"@id\":\"https:\/\/peoplesphere.be\/fr\/#\/schema\/person\/image\/\",\"url\":\"https:\/\/secure.gravatar.com\/avatar\/f941e681460179738071629a51574930?s=96&d=mm&r=g\",\"contentUrl\":\"https:\/\/secure.gravatar.com\/avatar\/f941e681460179738071629a51574930?s=96&d=mm&r=g\",\"caption\":\"Jean-Paul Erhard\"},\"url\":\"https:\/\/peoplesphere.be\/fr\/author\/jpe\/\"}]}<\/script>\n<!-- \/ Yoast SEO plugin. -->","yoast_head_json":{"title":"Diversit\u00e9, \u00e9galit\u00e9 et inclusion sur le lieu de travail: combler le foss\u00e9 entre les paroles et les actes est une priorit\u00e9 pour les chefs d'entreprise. - Peoplesphere","robots":{"index":"index","follow":"follow","max-snippet":"max-snippet:-1","max-image-preview":"max-image-preview:large","max-video-preview":"max-video-preview:-1"},"canonical":"https:\/\/peoplesphere.be\/fr\/diversite-egalite-inclusion-lieu-de-travail-combler-fosse-entre-paroles-actes-priorite-chefs-dentreprise\/","og_locale":"fr_FR","og_type":"article","og_title":"Diversit\u00e9, \u00e9galit\u00e9 et inclusion sur le lieu de travail: combler le foss\u00e9 entre les paroles et les actes est une priorit\u00e9 pour les chefs d'entreprise. - Peoplesphere","og_description":"Dans le monde des affaires d&rsquo;aujourd&rsquo;hui, la diversit\u00e9, l&rsquo;\u00e9galit\u00e9 et l&rsquo;inclusion (DE&amp;I) sont un sujet extr\u00eamement vif. En effet, la cr\u00e9ation d&rsquo;une entreprise inclusive est peut-\u00eatre l&rsquo;un des plus grands d\u00e9fis auxquels sont confront\u00e9es de nombreuses \u00e9quipes de direction. Mais [&hellip;]","og_url":"https:\/\/peoplesphere.be\/fr\/diversite-egalite-inclusion-lieu-de-travail-combler-fosse-entre-paroles-actes-priorite-chefs-dentreprise\/","og_site_name":"Peoplesphere","article_publisher":"https:\/\/www.facebook.com\/peoplesphere","article_published_time":"2023-06-29T06:11:10+00:00","og_image":[{"width":1160,"height":773,"url":"https:\/\/peoplesphere.be\/fr\/wp-content\/uploads\/2023\/06\/20230629diversiteitRH.jpg","type":"image\/jpeg"}],"author":"Jean-Paul Erhard","twitter_card":"summary_large_image","twitter_creator":"@PeoplesphereMag","twitter_site":"@PeoplesphereMag","twitter_misc":{"\u00c9crit par":"Jean-Paul Erhard","Dur\u00e9e de lecture estim\u00e9e":"4 minutes"},"schema":{"@context":"https:\/\/schema.org","@graph":[{"@type":"Article","@id":"https:\/\/peoplesphere.be\/fr\/diversite-egalite-inclusion-lieu-de-travail-combler-fosse-entre-paroles-actes-priorite-chefs-dentreprise\/#article","isPartOf":{"@id":"https:\/\/peoplesphere.be\/fr\/diversite-egalite-inclusion-lieu-de-travail-combler-fosse-entre-paroles-actes-priorite-chefs-dentreprise\/"},"author":{"name":"Jean-Paul Erhard","@id":"https:\/\/peoplesphere.be\/fr\/#\/schema\/person\/7976225ff17988604334abb7b3536a7e"},"headline":"Diversit\u00e9, \u00e9galit\u00e9 et inclusion sur le lieu de travail: combler le foss\u00e9 entre les paroles et les actes est une priorit\u00e9 pour les chefs d&rsquo;entreprise.","datePublished":"2023-06-29T06:11:10+00:00","dateModified":"2023-06-29T06:11:10+00:00","mainEntityOfPage":{"@id":"https:\/\/peoplesphere.be\/fr\/diversite-egalite-inclusion-lieu-de-travail-combler-fosse-entre-paroles-actes-priorite-chefs-dentreprise\/"},"wordCount":733,"publisher":{"@id":"https:\/\/peoplesphere.be\/fr\/#organization"},"keywords":["diversit\u00e9","\u00e9galit\u00e9","inclusion"],"articleSection":["Actualit\u00e9s","Digital"],"inLanguage":"fr-FR"},{"@type":"WebPage","@id":"https:\/\/peoplesphere.be\/fr\/diversite-egalite-inclusion-lieu-de-travail-combler-fosse-entre-paroles-actes-priorite-chefs-dentreprise\/","url":"https:\/\/peoplesphere.be\/fr\/diversite-egalite-inclusion-lieu-de-travail-combler-fosse-entre-paroles-actes-priorite-chefs-dentreprise\/","name":"Diversit\u00e9, \u00e9galit\u00e9 et inclusion sur le lieu de travail: combler le foss\u00e9 entre les paroles et les actes est une priorit\u00e9 pour les chefs d'entreprise. - Peoplesphere","isPartOf":{"@id":"https:\/\/peoplesphere.be\/fr\/#website"},"datePublished":"2023-06-29T06:11:10+00:00","dateModified":"2023-06-29T06:11:10+00:00","breadcrumb":{"@id":"https:\/\/peoplesphere.be\/fr\/diversite-egalite-inclusion-lieu-de-travail-combler-fosse-entre-paroles-actes-priorite-chefs-dentreprise\/#breadcrumb"},"inLanguage":"fr-FR","potentialAction":[{"@type":"ReadAction","target":["https:\/\/peoplesphere.be\/fr\/diversite-egalite-inclusion-lieu-de-travail-combler-fosse-entre-paroles-actes-priorite-chefs-dentreprise\/"]}]},{"@type":"BreadcrumbList","@id":"https:\/\/peoplesphere.be\/fr\/diversite-egalite-inclusion-lieu-de-travail-combler-fosse-entre-paroles-actes-priorite-chefs-dentreprise\/#breadcrumb","itemListElement":[{"@type":"ListItem","position":1,"name":"Accueil","item":"https:\/\/peoplesphere.be\/fr\/"},{"@type":"ListItem","position":2,"name":"Diversit\u00e9, \u00e9galit\u00e9 et inclusion sur le lieu de travail: combler le foss\u00e9 entre les paroles et les actes est une priorit\u00e9 pour les chefs d&rsquo;entreprise."}]},{"@type":"WebSite","@id":"https:\/\/peoplesphere.be\/fr\/#website","url":"https:\/\/peoplesphere.be\/fr\/","name":"Peoplesphere","description":"The People Managers Magazine","publisher":{"@id":"https:\/\/peoplesphere.be\/fr\/#organization"},"potentialAction":[{"@type":"SearchAction","target":{"@type":"EntryPoint","urlTemplate":"https:\/\/peoplesphere.be\/fr\/?s={search_term_string}"},"query-input":"required name=search_term_string"}],"inLanguage":"fr-FR"},{"@type":"Organization","@id":"https:\/\/peoplesphere.be\/fr\/#organization","name":"Peoplesphere Company srl","url":"https:\/\/peoplesphere.be\/fr\/","logo":{"@type":"ImageObject","inLanguage":"fr-FR","@id":"https:\/\/peoplesphere.be\/fr\/#\/schema\/logo\/image\/","url":"https:\/\/peoplesphere.be\/fr\/wp-content\/uploads\/2023\/07\/peoplesphere-lgo-new-generik.jpg","contentUrl":"https:\/\/peoplesphere.be\/fr\/wp-content\/uploads\/2023\/07\/peoplesphere-lgo-new-generik.jpg","width":1031,"height":1479,"caption":"Peoplesphere Company srl"},"image":{"@id":"https:\/\/peoplesphere.be\/fr\/#\/schema\/logo\/image\/"},"sameAs":["https:\/\/www.facebook.com\/peoplesphere","https:\/\/twitter.com\/PeoplesphereMag","https:\/\/www.linkedin.com\/company\/7587361?trk","http:\/\/youtube.com\/peoplesphere"]},{"@type":"Person","@id":"https:\/\/peoplesphere.be\/fr\/#\/schema\/person\/7976225ff17988604334abb7b3536a7e","name":"Jean-Paul Erhard","image":{"@type":"ImageObject","inLanguage":"fr-FR","@id":"https:\/\/peoplesphere.be\/fr\/#\/schema\/person\/image\/","url":"https:\/\/secure.gravatar.com\/avatar\/f941e681460179738071629a51574930?s=96&d=mm&r=g","contentUrl":"https:\/\/secure.gravatar.com\/avatar\/f941e681460179738071629a51574930?s=96&d=mm&r=g","caption":"Jean-Paul Erhard"},"url":"https:\/\/peoplesphere.be\/fr\/author\/jpe\/"}]}},"_links":{"self":[{"href":"https:\/\/peoplesphere.be\/fr\/wp-json\/wp\/v2\/posts\/14653"}],"collection":[{"href":"https:\/\/peoplesphere.be\/fr\/wp-json\/wp\/v2\/posts"}],"about":[{"href":"https:\/\/peoplesphere.be\/fr\/wp-json\/wp\/v2\/types\/post"}],"author":[{"embeddable":true,"href":"https:\/\/peoplesphere.be\/fr\/wp-json\/wp\/v2\/users\/2"}],"replies":[{"embeddable":true,"href":"https:\/\/peoplesphere.be\/fr\/wp-json\/wp\/v2\/comments?post=14653"}],"version-history":[{"count":2,"href":"https:\/\/peoplesphere.be\/fr\/wp-json\/wp\/v2\/posts\/14653\/revisions"}],"predecessor-version":[{"id":14656,"href":"https:\/\/peoplesphere.be\/fr\/wp-json\/wp\/v2\/posts\/14653\/revisions\/14656"}],"wp:featuredmedia":[{"embeddable":true,"href":"https:\/\/peoplesphere.be\/fr\/wp-json\/wp\/v2\/media\/14655"}],"wp:attachment":[{"href":"https:\/\/peoplesphere.be\/fr\/wp-json\/wp\/v2\/media?parent=14653"}],"wp:term":[{"taxonomy":"category","embeddable":true,"href":"https:\/\/peoplesphere.be\/fr\/wp-json\/wp\/v2\/categories?post=14653"},{"taxonomy":"post_tag","embeddable":true,"href":"https:\/\/peoplesphere.be\/fr\/wp-json\/wp\/v2\/tags?post=14653"}],"curies":[{"name":"wp","href":"https:\/\/api.w.org\/{rel}","templated":true}]}}