









{"id":14674,"date":"2023-07-05T13:30:53","date_gmt":"2023-07-05T11:30:53","guid":{"rendered":"https:\/\/peoplesphere.be\/fr\/?p=14674"},"modified":"2023-07-05T13:30:53","modified_gmt":"2023-07-05T11:30:53","slug":"chiffres-chomage-region-bruxelloise-legere-augmentation-a-fin-juin-nettement-marquee-chez-plus-jeunes-demandeurs-demploi","status":"publish","type":"post","link":"https:\/\/peoplesphere.be\/fr\/chiffres-chomage-region-bruxelloise-legere-augmentation-a-fin-juin-nettement-marquee-chez-plus-jeunes-demandeurs-demploi\/","title":{"rendered":"Chiffres du ch\u00f4mage en R\u00e9gion bruxelloise: l\u00e9g\u00e8re augmentation \u00e0 la fin juin, nettement marqu\u00e9e chez les plus jeunes demandeurs d&#8217;emploi."},"content":{"rendered":"<p>Le nombre de Bruxellois b\u00e9n\u00e9ficiaires des allocations de ch\u00f4mage diminue<br \/>\nEn juin 2023, le nombre de b\u00e9n\u00e9ficiaires des allocations de ch\u00f4mage bruxellois diminue de 4,2%. La R\u00e9gion bruxelloise compte 87.218 chercheurs d\u2019emploi (+3,2%). L&rsquo;augmentation concerne principalement le ch\u00f4mage de courte dur\u00e9e : le nombre de chercheurs d&#8217;emploi inscrits depuis moins d&rsquo;un an a augment\u00e9 de 12% par rapport \u00e0 l&rsquo;ann\u00e9e derni\u00e8re.<!--more--><\/p>\n<p>Les chercheurs d&#8217;emploi inscrits depuis 1 \u00e0 2 ans (-1,9%) ou depuis plus de 2 ans (-1,5%) ont diminu\u00e9 par rapport \u00e0 juin 2022. Le ch\u00f4mage des jeunes est en hausse de 13,7%.<\/p>\n<p><strong><em>L\u00e9g\u00e8re hausse du ch\u00f4mage global, plus forte chez les jeunes bruxellois<\/em><\/strong><\/p>\n<p>Fin juin, Bruxelles compte 87.218 chercheurs d\u2019emploi pour un taux de ch\u00f4mage de 15,2%. Cela signifie une augmentation de 2.743 personnes par rapport \u00e0 l\u2019ann\u00e9e pr\u00e9c\u00e9dente (+3,2%). En variation mensuelle, on constate une augmentation de 1.106 personnes (+1,3%). Le ch\u00f4mage des jeunes atteint quant \u00e0 lui un taux de 22,0%. Bruxelles compte 8.505 jeunes chercheurs d\u2019emploi en juin 2022, soit 1.024 de plus que l\u2019an dernier (+13,7%).<\/p>\n<p><strong><em>Le taux de ch\u00f4mage<\/em><\/strong><\/p>\n<p>Fin juin 2023, le taux de ch\u00f4mage en R\u00e9gion bruxelloise s\u2019\u00e9tablit \u00e0 15,2% (14,4% pour les hommes et 16,1% pour les femmes). En juin 2022, le taux de ch\u00f4mage s\u2019\u00e9tablissait \u00e0 14,7%. Le taux de ch\u00f4mage est mesur\u00e9 sur la base de la population active la plus r\u00e9cente, calcul\u00e9e \u00e0 partir des donn\u00e9es de la Banque nationale et de l\u2019Enqu\u00eate sur les Forces de Travail du SPF \u00c9conomie. Le croisement de ces donn\u00e9es nous indique que la population active a, en R\u00e9gion bruxelloise, augment\u00e9 en 2020 de 0,9% par rapport \u00e0 l\u2019ann\u00e9e pr\u00e9c\u00e9dente.<\/p>\n<p><strong><em>Caract\u00e9ristiques et \u00e9volution du nombre de chercheurs d\u2019emploi<\/em><\/strong><\/p>\n<p>Fin juin 2023, on d\u00e9nombre en R\u00e9gion de Bruxelles-Capitale 87.218 chercheurs d\u2019emploi inoccup\u00e9s (DEI), soit une augmentation par rapport \u00e0 l\u2019ann\u00e9e pr\u00e9c\u00e9dente (+2.743 personnes, +3,2%). On compte au cours du mois de juin 8.847 entr\u00e9es dans le ch\u00f4mage (7.325 r\u00e9inscriptions et 1.522 nouvelles inscriptions) contre 7.741 sorties, soit une augmentation sur une base mensuelle du nombre de DEI de 1.106 personnes (+1,3%).<\/p>\n<p>On d\u00e9nombre en R\u00e9gion bruxelloise 51.402 chercheurs d\u2019emploi demandeurs d\u2019allocations (DEDA), 5.213 jeunes en stage d\u2019insertion professionnelle et 30.603 autres chercheurs d\u2019emploi inscrits librement ou obligatoirement.<\/p>\n<p>On retrouve dans cette derni\u00e8re cat\u00e9gorie (\u00ab autres DEI \u00bb) des personnes qui n\u2019ont pas encore re\u00e7u d\u2019allocation de ch\u00f4mage (qui ont introduit une demande aupr\u00e8s de l\u2019Onem), des personnes ayant \u00e9t\u00e9 exclues des allocations de ch\u00f4mage et qui sont venues se r\u00e9inscrire aupr\u00e8s d\u2019Actiris, des personnes b\u00e9n\u00e9ficiant d\u2019un revenu d\u2019int\u00e9gration sociale ou encore des personnes qui n\u2019ont aucun revenu de remplacement. Il est \u00e0 noter qu\u2019une partie importante de ces chercheurs d\u2019emploi d\u00e9pendent des CPAS ou n\u2019ont encore aucun revenu de remplacement.<\/p>\n<p>Actiris peut, \u00e0 partir de l\u2019exploitation d\u2019un flux d\u2019information provenant directement du SPP Int\u00e9gration sociale, identifier les chercheurs d\u2019emploi ayant une ouverture de droit au revenu d\u2019int\u00e9gration sociale ou \u00e0 son \u00e9quivalent, actuellement ou dans un pass\u00e9 proche. Ainsi, parmi les 87.218 DEI inscrits en juin 2023, 15.560 chercheurs d\u2019emploi sont usagers du CPAS (soit 17,8% du total des DEI). Ce pourcentage est plus \u00e9lev\u00e9 parmi les jeunes: sur les 8.505 jeunes DEI, 2.658 sont usagers du CPAS, soit 31,3%.<br \/>\nOn constate une diminution de -4,2% sur une base annuelle du nombre de chercheurs d\u2019emploi indemnis\u00e9s (DEDA). On constate une augmentation annuelle du nombre de jeunes en stage d\u2019insertion professionnelle (+904 unit\u00e9s, +21,0%). Le nombre des autres chercheurs d\u2019emploi a augment\u00e9 de 15,5% sur une base annuelle.<\/p>\n<p><strong><em>Diminution du volume d\u2019offres d\u2019emploi directement re\u00e7ues par Actiris<\/em><\/strong><\/p>\n<p>Actiris a re\u00e7u 5.898 offres d\u2019emploi (OE) en juin 2023. On observe une diminution de 18,5% du nombre d\u2019offres d\u2019emploi re\u00e7ues par rapport au mois de juin 2022. Sans tenir compte des offres d\u2019emploi de type int\u00e9rim, le nombre d\u2019offres d\u2019emploi reste en-dessous du niveau du mois de juin 2022 (-6,0%).<br \/>\nOn constate une diminution du nombre d\u2019offres d\u2019emploi re\u00e7ues total (y compris les OE re\u00e7ues par l\u2019interm\u00e9diaire du VDAB et Forem et des sites partenaires) de 41,1% sur une base annuelle.<\/p>\n<p><em>Source : Actiris, calculs view.brussels<\/em><\/p>\n","protected":false},"excerpt":{"rendered":"<p>Le nombre de Bruxellois b\u00e9n\u00e9ficiaires des allocations de ch\u00f4mage diminue En juin 2023, le nombre de b\u00e9n\u00e9ficiaires des allocations de ch\u00f4mage bruxellois diminue de 4,2%. La R\u00e9gion bruxelloise compte 87.218 chercheurs d\u2019emploi (+3,2%). L&rsquo;augmentation concerne principalement le ch\u00f4mage de courte [&hellip;]<\/p>\n","protected":false},"author":2,"featured_media":0,"comment_status":"closed","ping_status":"open","sticky":false,"template":"","format":"standard","meta":[],"categories":[65,10],"tags":[226,93,92,11],"yoast_head":"<!-- This site is optimized with the Yoast SEO plugin v21.0 - https:\/\/yoast.com\/wordpress\/plugins\/seo\/ -->\n<title>Chiffres du ch\u00f4mage en R\u00e9gion bruxelloise: l\u00e9g\u00e8re augmentation \u00e0 la fin juin, nettement marqu\u00e9e chez les plus jeunes demandeurs d&#039;emploi. - Peoplesphere<\/title>\n<meta name=\"robots\" content=\"index, follow, max-snippet:-1, max-image-preview:large, max-video-preview:-1\" \/>\n<link rel=\"canonical\" href=\"https:\/\/peoplesphere.be\/fr\/chiffres-chomage-region-bruxelloise-legere-augmentation-a-fin-juin-nettement-marquee-chez-plus-jeunes-demandeurs-demploi\/\" \/>\n<meta property=\"og:locale\" content=\"fr_FR\" \/>\n<meta property=\"og:type\" content=\"article\" \/>\n<meta property=\"og:title\" content=\"Chiffres du ch\u00f4mage en R\u00e9gion bruxelloise: l\u00e9g\u00e8re augmentation \u00e0 la fin juin, nettement marqu\u00e9e chez les plus jeunes demandeurs d&#039;emploi. - Peoplesphere\" \/>\n<meta property=\"og:description\" content=\"Le nombre de Bruxellois b\u00e9n\u00e9ficiaires des allocations de ch\u00f4mage diminue En juin 2023, le nombre de b\u00e9n\u00e9ficiaires des allocations de ch\u00f4mage bruxellois diminue de 4,2%. La R\u00e9gion bruxelloise compte 87.218 chercheurs d\u2019emploi (+3,2%). L&rsquo;augmentation concerne principalement le ch\u00f4mage de courte [&hellip;]\" \/>\n<meta property=\"og:url\" content=\"https:\/\/peoplesphere.be\/fr\/chiffres-chomage-region-bruxelloise-legere-augmentation-a-fin-juin-nettement-marquee-chez-plus-jeunes-demandeurs-demploi\/\" \/>\n<meta property=\"og:site_name\" content=\"Peoplesphere\" \/>\n<meta property=\"article:publisher\" content=\"https:\/\/www.facebook.com\/peoplesphere\" \/>\n<meta property=\"article:published_time\" content=\"2023-07-05T11:30:53+00:00\" \/>\n<meta property=\"og:image\" content=\"http:\/\/www.peoplesphere.be\/fr\/wp-content\/uploads\/2016\/07\/facebook-default-posting-1200x628px.jpg\" \/>\n<meta name=\"author\" content=\"Jean-Paul Erhard\" \/>\n<meta name=\"twitter:card\" content=\"summary_large_image\" \/>\n<meta name=\"twitter:creator\" content=\"@PeoplesphereMag\" \/>\n<meta name=\"twitter:site\" content=\"@PeoplesphereMag\" \/>\n<meta name=\"twitter:label1\" content=\"\u00c9crit par\" \/>\n\t<meta name=\"twitter:data1\" content=\"Jean-Paul Erhard\" \/>\n\t<meta name=\"twitter:label2\" content=\"Dur\u00e9e de lecture estim\u00e9e\" \/>\n\t<meta name=\"twitter:data2\" content=\"4 minutes\" \/>\n<script type=\"application\/ld+json\" class=\"yoast-schema-graph\">{\"@context\":\"https:\/\/schema.org\",\"@graph\":[{\"@type\":\"Article\",\"@id\":\"https:\/\/peoplesphere.be\/fr\/chiffres-chomage-region-bruxelloise-legere-augmentation-a-fin-juin-nettement-marquee-chez-plus-jeunes-demandeurs-demploi\/#article\",\"isPartOf\":{\"@id\":\"https:\/\/peoplesphere.be\/fr\/chiffres-chomage-region-bruxelloise-legere-augmentation-a-fin-juin-nettement-marquee-chez-plus-jeunes-demandeurs-demploi\/\"},\"author\":{\"name\":\"Jean-Paul Erhard\",\"@id\":\"https:\/\/peoplesphere.be\/fr\/#\/schema\/person\/7976225ff17988604334abb7b3536a7e\"},\"headline\":\"Chiffres du ch\u00f4mage en R\u00e9gion bruxelloise: l\u00e9g\u00e8re augmentation \u00e0 la fin juin, nettement marqu\u00e9e chez les plus jeunes demandeurs d&#8217;emploi.\",\"datePublished\":\"2023-07-05T11:30:53+00:00\",\"dateModified\":\"2023-07-05T11:30:53+00:00\",\"mainEntityOfPage\":{\"@id\":\"https:\/\/peoplesphere.be\/fr\/chiffres-chomage-region-bruxelloise-legere-augmentation-a-fin-juin-nettement-marquee-chez-plus-jeunes-demandeurs-demploi\/\"},\"wordCount\":736,\"publisher\":{\"@id\":\"https:\/\/peoplesphere.be\/fr\/#organization\"},\"keywords\":[\"actiris\",\"bruxelles\",\"ch\u00f4mage\",\"emploi\"],\"articleSection\":[\"Actualit\u00e9s\",\"Digital\"],\"inLanguage\":\"fr-FR\"},{\"@type\":\"WebPage\",\"@id\":\"https:\/\/peoplesphere.be\/fr\/chiffres-chomage-region-bruxelloise-legere-augmentation-a-fin-juin-nettement-marquee-chez-plus-jeunes-demandeurs-demploi\/\",\"url\":\"https:\/\/peoplesphere.be\/fr\/chiffres-chomage-region-bruxelloise-legere-augmentation-a-fin-juin-nettement-marquee-chez-plus-jeunes-demandeurs-demploi\/\",\"name\":\"Chiffres du ch\u00f4mage en R\u00e9gion bruxelloise: l\u00e9g\u00e8re augmentation \u00e0 la fin juin, nettement marqu\u00e9e chez les plus jeunes demandeurs d'emploi. - Peoplesphere\",\"isPartOf\":{\"@id\":\"https:\/\/peoplesphere.be\/fr\/#website\"},\"datePublished\":\"2023-07-05T11:30:53+00:00\",\"dateModified\":\"2023-07-05T11:30:53+00:00\",\"breadcrumb\":{\"@id\":\"https:\/\/peoplesphere.be\/fr\/chiffres-chomage-region-bruxelloise-legere-augmentation-a-fin-juin-nettement-marquee-chez-plus-jeunes-demandeurs-demploi\/#breadcrumb\"},\"inLanguage\":\"fr-FR\",\"potentialAction\":[{\"@type\":\"ReadAction\",\"target\":[\"https:\/\/peoplesphere.be\/fr\/chiffres-chomage-region-bruxelloise-legere-augmentation-a-fin-juin-nettement-marquee-chez-plus-jeunes-demandeurs-demploi\/\"]}]},{\"@type\":\"BreadcrumbList\",\"@id\":\"https:\/\/peoplesphere.be\/fr\/chiffres-chomage-region-bruxelloise-legere-augmentation-a-fin-juin-nettement-marquee-chez-plus-jeunes-demandeurs-demploi\/#breadcrumb\",\"itemListElement\":[{\"@type\":\"ListItem\",\"position\":1,\"name\":\"Accueil\",\"item\":\"https:\/\/peoplesphere.be\/fr\/\"},{\"@type\":\"ListItem\",\"position\":2,\"name\":\"Chiffres du ch\u00f4mage en R\u00e9gion bruxelloise: l\u00e9g\u00e8re augmentation \u00e0 la fin juin, nettement marqu\u00e9e chez les plus jeunes demandeurs d&#8217;emploi.\"}]},{\"@type\":\"WebSite\",\"@id\":\"https:\/\/peoplesphere.be\/fr\/#website\",\"url\":\"https:\/\/peoplesphere.be\/fr\/\",\"name\":\"Peoplesphere\",\"description\":\"The People Managers Magazine\",\"publisher\":{\"@id\":\"https:\/\/peoplesphere.be\/fr\/#organization\"},\"potentialAction\":[{\"@type\":\"SearchAction\",\"target\":{\"@type\":\"EntryPoint\",\"urlTemplate\":\"https:\/\/peoplesphere.be\/fr\/?s={search_term_string}\"},\"query-input\":\"required name=search_term_string\"}],\"inLanguage\":\"fr-FR\"},{\"@type\":\"Organization\",\"@id\":\"https:\/\/peoplesphere.be\/fr\/#organization\",\"name\":\"Peoplesphere Company srl\",\"url\":\"https:\/\/peoplesphere.be\/fr\/\",\"logo\":{\"@type\":\"ImageObject\",\"inLanguage\":\"fr-FR\",\"@id\":\"https:\/\/peoplesphere.be\/fr\/#\/schema\/logo\/image\/\",\"url\":\"https:\/\/peoplesphere.be\/fr\/wp-content\/uploads\/2023\/07\/peoplesphere-lgo-new-generik.jpg\",\"contentUrl\":\"https:\/\/peoplesphere.be\/fr\/wp-content\/uploads\/2023\/07\/peoplesphere-lgo-new-generik.jpg\",\"width\":1031,\"height\":1479,\"caption\":\"Peoplesphere Company srl\"},\"image\":{\"@id\":\"https:\/\/peoplesphere.be\/fr\/#\/schema\/logo\/image\/\"},\"sameAs\":[\"https:\/\/www.facebook.com\/peoplesphere\",\"https:\/\/twitter.com\/PeoplesphereMag\",\"https:\/\/www.linkedin.com\/company\/7587361?trk\",\"http:\/\/youtube.com\/peoplesphere\"]},{\"@type\":\"Person\",\"@id\":\"https:\/\/peoplesphere.be\/fr\/#\/schema\/person\/7976225ff17988604334abb7b3536a7e\",\"name\":\"Jean-Paul Erhard\",\"image\":{\"@type\":\"ImageObject\",\"inLanguage\":\"fr-FR\",\"@id\":\"https:\/\/peoplesphere.be\/fr\/#\/schema\/person\/image\/\",\"url\":\"https:\/\/secure.gravatar.com\/avatar\/f941e681460179738071629a51574930?s=96&d=mm&r=g\",\"contentUrl\":\"https:\/\/secure.gravatar.com\/avatar\/f941e681460179738071629a51574930?s=96&d=mm&r=g\",\"caption\":\"Jean-Paul Erhard\"},\"url\":\"https:\/\/peoplesphere.be\/fr\/author\/jpe\/\"}]}<\/script>\n<!-- \/ Yoast SEO plugin. -->","yoast_head_json":{"title":"Chiffres du ch\u00f4mage en R\u00e9gion bruxelloise: l\u00e9g\u00e8re augmentation \u00e0 la fin juin, nettement marqu\u00e9e chez les plus jeunes demandeurs d'emploi. - Peoplesphere","robots":{"index":"index","follow":"follow","max-snippet":"max-snippet:-1","max-image-preview":"max-image-preview:large","max-video-preview":"max-video-preview:-1"},"canonical":"https:\/\/peoplesphere.be\/fr\/chiffres-chomage-region-bruxelloise-legere-augmentation-a-fin-juin-nettement-marquee-chez-plus-jeunes-demandeurs-demploi\/","og_locale":"fr_FR","og_type":"article","og_title":"Chiffres du ch\u00f4mage en R\u00e9gion bruxelloise: l\u00e9g\u00e8re augmentation \u00e0 la fin juin, nettement marqu\u00e9e chez les plus jeunes demandeurs d'emploi. - Peoplesphere","og_description":"Le nombre de Bruxellois b\u00e9n\u00e9ficiaires des allocations de ch\u00f4mage diminue En juin 2023, le nombre de b\u00e9n\u00e9ficiaires des allocations de ch\u00f4mage bruxellois diminue de 4,2%. La R\u00e9gion bruxelloise compte 87.218 chercheurs d\u2019emploi (+3,2%). L&rsquo;augmentation concerne principalement le ch\u00f4mage de courte [&hellip;]","og_url":"https:\/\/peoplesphere.be\/fr\/chiffres-chomage-region-bruxelloise-legere-augmentation-a-fin-juin-nettement-marquee-chez-plus-jeunes-demandeurs-demploi\/","og_site_name":"Peoplesphere","article_publisher":"https:\/\/www.facebook.com\/peoplesphere","article_published_time":"2023-07-05T11:30:53+00:00","og_image":[{"url":"http:\/\/www.peoplesphere.be\/fr\/wp-content\/uploads\/2016\/07\/facebook-default-posting-1200x628px.jpg"}],"author":"Jean-Paul Erhard","twitter_card":"summary_large_image","twitter_creator":"@PeoplesphereMag","twitter_site":"@PeoplesphereMag","twitter_misc":{"\u00c9crit par":"Jean-Paul Erhard","Dur\u00e9e de lecture estim\u00e9e":"4 minutes"},"schema":{"@context":"https:\/\/schema.org","@graph":[{"@type":"Article","@id":"https:\/\/peoplesphere.be\/fr\/chiffres-chomage-region-bruxelloise-legere-augmentation-a-fin-juin-nettement-marquee-chez-plus-jeunes-demandeurs-demploi\/#article","isPartOf":{"@id":"https:\/\/peoplesphere.be\/fr\/chiffres-chomage-region-bruxelloise-legere-augmentation-a-fin-juin-nettement-marquee-chez-plus-jeunes-demandeurs-demploi\/"},"author":{"name":"Jean-Paul Erhard","@id":"https:\/\/peoplesphere.be\/fr\/#\/schema\/person\/7976225ff17988604334abb7b3536a7e"},"headline":"Chiffres du ch\u00f4mage en R\u00e9gion bruxelloise: l\u00e9g\u00e8re augmentation \u00e0 la fin juin, nettement marqu\u00e9e chez les plus jeunes demandeurs d&#8217;emploi.","datePublished":"2023-07-05T11:30:53+00:00","dateModified":"2023-07-05T11:30:53+00:00","mainEntityOfPage":{"@id":"https:\/\/peoplesphere.be\/fr\/chiffres-chomage-region-bruxelloise-legere-augmentation-a-fin-juin-nettement-marquee-chez-plus-jeunes-demandeurs-demploi\/"},"wordCount":736,"publisher":{"@id":"https:\/\/peoplesphere.be\/fr\/#organization"},"keywords":["actiris","bruxelles","ch\u00f4mage","emploi"],"articleSection":["Actualit\u00e9s","Digital"],"inLanguage":"fr-FR"},{"@type":"WebPage","@id":"https:\/\/peoplesphere.be\/fr\/chiffres-chomage-region-bruxelloise-legere-augmentation-a-fin-juin-nettement-marquee-chez-plus-jeunes-demandeurs-demploi\/","url":"https:\/\/peoplesphere.be\/fr\/chiffres-chomage-region-bruxelloise-legere-augmentation-a-fin-juin-nettement-marquee-chez-plus-jeunes-demandeurs-demploi\/","name":"Chiffres du ch\u00f4mage en R\u00e9gion bruxelloise: l\u00e9g\u00e8re augmentation \u00e0 la fin juin, nettement marqu\u00e9e chez les plus jeunes demandeurs d'emploi. - Peoplesphere","isPartOf":{"@id":"https:\/\/peoplesphere.be\/fr\/#website"},"datePublished":"2023-07-05T11:30:53+00:00","dateModified":"2023-07-05T11:30:53+00:00","breadcrumb":{"@id":"https:\/\/peoplesphere.be\/fr\/chiffres-chomage-region-bruxelloise-legere-augmentation-a-fin-juin-nettement-marquee-chez-plus-jeunes-demandeurs-demploi\/#breadcrumb"},"inLanguage":"fr-FR","potentialAction":[{"@type":"ReadAction","target":["https:\/\/peoplesphere.be\/fr\/chiffres-chomage-region-bruxelloise-legere-augmentation-a-fin-juin-nettement-marquee-chez-plus-jeunes-demandeurs-demploi\/"]}]},{"@type":"BreadcrumbList","@id":"https:\/\/peoplesphere.be\/fr\/chiffres-chomage-region-bruxelloise-legere-augmentation-a-fin-juin-nettement-marquee-chez-plus-jeunes-demandeurs-demploi\/#breadcrumb","itemListElement":[{"@type":"ListItem","position":1,"name":"Accueil","item":"https:\/\/peoplesphere.be\/fr\/"},{"@type":"ListItem","position":2,"name":"Chiffres du ch\u00f4mage en R\u00e9gion bruxelloise: l\u00e9g\u00e8re augmentation \u00e0 la fin juin, nettement marqu\u00e9e chez les plus jeunes demandeurs d&#8217;emploi."}]},{"@type":"WebSite","@id":"https:\/\/peoplesphere.be\/fr\/#website","url":"https:\/\/peoplesphere.be\/fr\/","name":"Peoplesphere","description":"The People Managers Magazine","publisher":{"@id":"https:\/\/peoplesphere.be\/fr\/#organization"},"potentialAction":[{"@type":"SearchAction","target":{"@type":"EntryPoint","urlTemplate":"https:\/\/peoplesphere.be\/fr\/?s={search_term_string}"},"query-input":"required name=search_term_string"}],"inLanguage":"fr-FR"},{"@type":"Organization","@id":"https:\/\/peoplesphere.be\/fr\/#organization","name":"Peoplesphere Company srl","url":"https:\/\/peoplesphere.be\/fr\/","logo":{"@type":"ImageObject","inLanguage":"fr-FR","@id":"https:\/\/peoplesphere.be\/fr\/#\/schema\/logo\/image\/","url":"https:\/\/peoplesphere.be\/fr\/wp-content\/uploads\/2023\/07\/peoplesphere-lgo-new-generik.jpg","contentUrl":"https:\/\/peoplesphere.be\/fr\/wp-content\/uploads\/2023\/07\/peoplesphere-lgo-new-generik.jpg","width":1031,"height":1479,"caption":"Peoplesphere Company srl"},"image":{"@id":"https:\/\/peoplesphere.be\/fr\/#\/schema\/logo\/image\/"},"sameAs":["https:\/\/www.facebook.com\/peoplesphere","https:\/\/twitter.com\/PeoplesphereMag","https:\/\/www.linkedin.com\/company\/7587361?trk","http:\/\/youtube.com\/peoplesphere"]},{"@type":"Person","@id":"https:\/\/peoplesphere.be\/fr\/#\/schema\/person\/7976225ff17988604334abb7b3536a7e","name":"Jean-Paul Erhard","image":{"@type":"ImageObject","inLanguage":"fr-FR","@id":"https:\/\/peoplesphere.be\/fr\/#\/schema\/person\/image\/","url":"https:\/\/secure.gravatar.com\/avatar\/f941e681460179738071629a51574930?s=96&d=mm&r=g","contentUrl":"https:\/\/secure.gravatar.com\/avatar\/f941e681460179738071629a51574930?s=96&d=mm&r=g","caption":"Jean-Paul Erhard"},"url":"https:\/\/peoplesphere.be\/fr\/author\/jpe\/"}]}},"_links":{"self":[{"href":"https:\/\/peoplesphere.be\/fr\/wp-json\/wp\/v2\/posts\/14674"}],"collection":[{"href":"https:\/\/peoplesphere.be\/fr\/wp-json\/wp\/v2\/posts"}],"about":[{"href":"https:\/\/peoplesphere.be\/fr\/wp-json\/wp\/v2\/types\/post"}],"author":[{"embeddable":true,"href":"https:\/\/peoplesphere.be\/fr\/wp-json\/wp\/v2\/users\/2"}],"replies":[{"embeddable":true,"href":"https:\/\/peoplesphere.be\/fr\/wp-json\/wp\/v2\/comments?post=14674"}],"version-history":[{"count":1,"href":"https:\/\/peoplesphere.be\/fr\/wp-json\/wp\/v2\/posts\/14674\/revisions"}],"predecessor-version":[{"id":14675,"href":"https:\/\/peoplesphere.be\/fr\/wp-json\/wp\/v2\/posts\/14674\/revisions\/14675"}],"wp:attachment":[{"href":"https:\/\/peoplesphere.be\/fr\/wp-json\/wp\/v2\/media?parent=14674"}],"wp:term":[{"taxonomy":"category","embeddable":true,"href":"https:\/\/peoplesphere.be\/fr\/wp-json\/wp\/v2\/categories?post=14674"},{"taxonomy":"post_tag","embeddable":true,"href":"https:\/\/peoplesphere.be\/fr\/wp-json\/wp\/v2\/tags?post=14674"}],"curies":[{"name":"wp","href":"https:\/\/api.w.org\/{rel}","templated":true}]}}