









{"id":14680,"date":"2023-07-05T14:30:44","date_gmt":"2023-07-05T12:30:44","guid":{"rendered":"https:\/\/peoplesphere.be\/fr\/?p=14680"},"modified":"2023-07-06T04:31:33","modified_gmt":"2023-07-06T02:31:33","slug":"liste-metiers-penurie-nen-finit-de-sallonger-158-fonctions-critiques-desormais-wallonie","status":"publish","type":"post","link":"https:\/\/peoplesphere.be\/fr\/liste-metiers-penurie-nen-finit-de-sallonger-158-fonctions-critiques-desormais-wallonie\/","title":{"rendered":"La liste des m\u00e9tiers en p\u00e9nurie n&rsquo;en finit pas de s&rsquo;allonger: 158 fonctions critiques d\u00e9sormais en Wallonie."},"content":{"rendered":"<p>La liste des fonctions critiques et des m\u00e9tiers en p\u00e9nurie vient d\u2019\u00eatre mise \u00e0 jour par le Forem : elle comprend d\u00e9sormais 158 fonctions en tension de recrutement. Pour r\u00e9pondre aux besoins de main-d\u2019\u0153uvre qualifi\u00e9e en Wallonie, le Forem propose d\u00e9sormais 360 formations dont 231 pour des fonctions critiques et des m\u00e9tiers en p\u00e9nurie.<!--more--><\/p>\n<p>Avec l\u2019aide de ses partenaires, le Forem \u00e9value en continu les tensions de recrutement que rencontrent certains m\u00e9tiers en Wallonie. Cette analyse permet d\u2019\u00e9tablir chaque ann\u00e9e une nouvelle liste des fonctions critiques et des m\u00e9tiers en p\u00e9nurie de main-d\u2019\u0153uvre. En 2023, elle comprend 158 fonctions, dont 66 fonctions critiques pour lesquelles les employeurs \u00e9prouvent des difficult\u00e9s de recrutement, et 92 m\u00e9tiers en p\u00e9nurie, caract\u00e9ris\u00e9s par un manque de candidats.<\/p>\n<p><strong><em>La nouvelle liste des fonctions critiques est compos\u00e9e de 158 m\u00e9tiers<\/em><\/strong><\/p>\n<p>Par rapport \u00e0 la liste \u00e9tablie en 2022, 22 m\u00e9tiers disparaissent (agent immobilier \/ agente immobili\u00e8re, conseiller \/ conseill\u00e8re en cr\u00e9dits, responsable de maintenance industrielle, administrateur \/ administratrice de base de donn\u00e9es, responsable de site logistique, etc.) et 42 m\u00e9tiers apparaissent (d\u00e9samianteur \/ d\u00e9samianteuse, conducteur \/ conductrice de machines agricoles et foresti\u00e8res, horticulteur-mara\u00eecher \/ horticultrice-mara\u00eech\u00e8re, esth\u00e9ticien \/ esth\u00e9ticienne, monteur \/ monteuse d\u2019isolation industrielle, opticien \/ opticienne, pharmacien \/ pharmacienne, etc.).<\/p>\n<p>Comme en 2021 et 2022, le secteur de la construction reste le plus repr\u00e9sent\u00e9 avec 56 m\u00e9tiers (monteur \/ monteuse d\u2019\u00e9chafaudage, parqueteur \/ parqueteuse, tailleur \/ tailleuse de pierre naturelle, etc.).<\/p>\n<p><strong><em>Pourquoi y a-t-il davantage de m\u00e9tiers en tension de recrutement par rapport \u00e0 l\u2019an pass\u00e9?<\/em><\/strong><\/p>\n<p>Malgr\u00e9 la guerre en Ukraine, et les crises \u00e9nerg\u00e9tiques et inflationnistes qui en d\u00e9coul\u00e8rent, le Forem a continu\u00e9 \u00e0 recevoir de nombreuses offres d\u2019emploi. Ainsi sur l\u2019ensemble de l\u2019ann\u00e9e, plus de 476.000 offres d\u2019emploi ont \u00e9t\u00e9 diffus\u00e9es par le Forem (hors offres provenant des autres services publics de l\u2019emploi), soit 8,2 % de plus qu\u2019en 2021.<\/p>\n<p>En outre, le Forem a continu\u00e9 d\u2019affiner sa m\u00e9thode d\u2019analyse. Ainsi, le Forem a proc\u00e9d\u00e9 en trois temps : une analyse statistique sur base des opportunit\u00e9s g\u00e9r\u00e9es par ses conseillers entreprises, une consultation des conseillers Forem, et une consultation de ses diff\u00e9rents partenaires (fonds sectoriels de formation ou autres repr\u00e9sentants sectoriels).<\/p>\n<p><strong><em>Des p\u00e9nuries conjoncturelles ou structurelles<\/em><\/strong><\/p>\n<p>Plusieurs fonctions souffrent de difficult\u00e9s de recrutement plus structurelles dans la mesure o\u00f9 ces difficult\u00e9s perdurent. Parmi ces fonctions, certaines se caract\u00e9risent par un grand nombre de leurs travailleurs qui s\u2019appr\u00eatent \u00e0 partir \u00e0 la retraite et qui risquent de ne pas \u00eatre remplac\u00e9s dans les ann\u00e9es \u00e0 venir. En effet, pour 44[2] des 158 fonctions de cette liste, au moins 30 % de leurs travailleurs sont \u00e2g\u00e9s de 50 ans et plus. C\u2019est notamment le cas pour les m\u00e9tiers de conducteur \/ conductrice de poids lourd, d\u2019infirmier \/ infirmi\u00e8re ou de couvreur \/ couvreuse.<\/p>\n<p><strong><em>Un indicateur cl\u00e9 pour le march\u00e9 de l\u2019emploi en Wallonie<\/em><\/strong><\/p>\n<p>La liste des fonctions critiques et des m\u00e9tiers en p\u00e9nurie \u00e9tablie par le Forem est un outil cl\u00e9 dans la lutte contre les p\u00e9nuries de main-d\u2019\u0153uvre. En plus de mettre en lumi\u00e8re les opportunit\u00e9s d\u2019emploi et de sensibiliser les demandeurs d\u2019emploi \u00e0 ces diff\u00e9rents m\u00e9tiers, elle permet d\u2019informer le monde politique, l\u2019enseignement et les op\u00e9rateurs de formation sur les m\u00e9tiers qui la composent. Elle permet aux entreprises qui recrutent ces profils de mettre en place les meilleures solutions possibles.<\/p>\n<p><strong><em>Des incitants pour r\u00e9duire les tensions<\/em><\/strong><\/p>\n<p>Afin d\u2019encourager les demandeurs d\u2019emploi \u00e0 se former et \u00e0 faire carri\u00e8re dans un des m\u00e9tiers de cette liste, diff\u00e9rents incitants existent :<\/p>\n<ul>\n<li>L\u2019Incitant +, qui octroie une prime de 350 \u20ac aux demandeurs d\u2019emploi qui ont r\u00e9ussi une formation menant \u00e0 une fonction critique (minimum 35h\/semaine et pour une dur\u00e9e d\u2019au moins quatre semaines).<\/li>\n<li>La prime Construction, une prime pouvant aller jusqu\u2019\u00e0 2.000 \u20ac brut. Elle cible certains m\u00e9tiers en p\u00e9nurie du secteur du bois, de la construction et de l\u2019\u00e9lectricit\u00e9.<\/li>\n<li>Le Passeport Drive permet \u00e0 certains demandeurs d\u2019emploi de recevoir un financement pour l\u2019obtention du permis B (auto) ou AM (cyclomoteur). Pour en b\u00e9n\u00e9ficier, le demandeur d\u2019emploi doit suivre ou avoir termin\u00e9 une formation qualifiante de quatre semaines au minimum durant l\u2019ann\u00e9e 2023. Notamment dans le secteur de la construction, du bois et de l\u2019\u00e9lectricit\u00e9.<\/li>\n<li>L\u2019allocation m\u00e9tier en p\u00e9nurie : depuis le 1er septembre 2022, un demandeur d\u2019emploi inoccup\u00e9 depuis plus d\u2019un an peut conserver 25 % de son allocation pendant trois mois, s\u2019il occupe un emploi en p\u00e9nurie.<\/li>\n<\/ul>\n<p><strong><em>Dispense pour une reprise d\u2019\u00e9tude dans un des m\u00e9tiers de la liste<\/em><\/strong><\/p>\n<p>Les demandeurs d\u2019emploi qui suivent une formation dans un m\u00e9tier en p\u00e9nurie aupr\u00e8s du Forem ou de ses partenaires b\u00e9n\u00e9ficient d\u2019une dispense sous certaines conditions. Les demandeurs d\u2019emploi peuvent \u00e9galement reprendre des \u00e9tudes de plein exercice. Celles-ci donnent droit, sous certaines conditions, \u00e0 une dispense de disponibilit\u00e9. Ces conditions peuvent \u00eatre consult\u00e9es sur le site du Forem, au m\u00eame titre que la liste des m\u00e9tiers en p\u00e9nurie.<\/p>\n","protected":false},"excerpt":{"rendered":"<p>La liste des fonctions critiques et des m\u00e9tiers en p\u00e9nurie vient d\u2019\u00eatre mise \u00e0 jour par le Forem : elle comprend d\u00e9sormais 158 fonctions en tension de recrutement. Pour r\u00e9pondre aux besoins de main-d\u2019\u0153uvre qualifi\u00e9e en Wallonie, le Forem propose [&hellip;]<\/p>\n","protected":false},"author":2,"featured_media":0,"comment_status":"closed","ping_status":"open","sticky":false,"template":"","format":"standard","meta":[],"categories":[65,10],"tags":[11,2614,331,48,196],"yoast_head":"<!-- This site is optimized with the Yoast SEO plugin v21.0 - https:\/\/yoast.com\/wordpress\/plugins\/seo\/ -->\n<title>La liste des m\u00e9tiers en p\u00e9nurie n&#039;en finit pas de s&#039;allonger: 158 fonctions critiques d\u00e9sormais en Wallonie. - Peoplesphere<\/title>\n<meta name=\"robots\" content=\"index, follow, max-snippet:-1, max-image-preview:large, max-video-preview:-1\" \/>\n<link rel=\"canonical\" href=\"https:\/\/peoplesphere.be\/fr\/liste-metiers-penurie-nen-finit-de-sallonger-158-fonctions-critiques-desormais-wallonie\/\" \/>\n<meta property=\"og:locale\" content=\"fr_FR\" \/>\n<meta property=\"og:type\" content=\"article\" \/>\n<meta property=\"og:title\" content=\"La liste des m\u00e9tiers en p\u00e9nurie n&#039;en finit pas de s&#039;allonger: 158 fonctions critiques d\u00e9sormais en Wallonie. - Peoplesphere\" \/>\n<meta property=\"og:description\" content=\"La liste des fonctions critiques et des m\u00e9tiers en p\u00e9nurie vient d\u2019\u00eatre mise \u00e0 jour par le Forem : elle comprend d\u00e9sormais 158 fonctions en tension de recrutement. Pour r\u00e9pondre aux besoins de main-d\u2019\u0153uvre qualifi\u00e9e en Wallonie, le Forem propose [&hellip;]\" \/>\n<meta property=\"og:url\" content=\"https:\/\/peoplesphere.be\/fr\/liste-metiers-penurie-nen-finit-de-sallonger-158-fonctions-critiques-desormais-wallonie\/\" \/>\n<meta property=\"og:site_name\" content=\"Peoplesphere\" \/>\n<meta property=\"article:publisher\" content=\"https:\/\/www.facebook.com\/peoplesphere\" \/>\n<meta property=\"article:published_time\" content=\"2023-07-05T12:30:44+00:00\" \/>\n<meta property=\"article:modified_time\" content=\"2023-07-06T02:31:33+00:00\" \/>\n<meta property=\"og:image\" content=\"http:\/\/www.peoplesphere.be\/fr\/wp-content\/uploads\/2016\/07\/facebook-default-posting-1200x628px.jpg\" \/>\n<meta name=\"author\" content=\"Jean-Paul Erhard\" \/>\n<meta name=\"twitter:card\" content=\"summary_large_image\" \/>\n<meta name=\"twitter:creator\" content=\"@PeoplesphereMag\" \/>\n<meta name=\"twitter:site\" content=\"@PeoplesphereMag\" \/>\n<meta name=\"twitter:label1\" content=\"\u00c9crit par\" \/>\n\t<meta name=\"twitter:data1\" content=\"Jean-Paul Erhard\" \/>\n\t<meta name=\"twitter:label2\" content=\"Dur\u00e9e de lecture estim\u00e9e\" \/>\n\t<meta name=\"twitter:data2\" content=\"4 minutes\" \/>\n<script type=\"application\/ld+json\" class=\"yoast-schema-graph\">{\"@context\":\"https:\/\/schema.org\",\"@graph\":[{\"@type\":\"Article\",\"@id\":\"https:\/\/peoplesphere.be\/fr\/liste-metiers-penurie-nen-finit-de-sallonger-158-fonctions-critiques-desormais-wallonie\/#article\",\"isPartOf\":{\"@id\":\"https:\/\/peoplesphere.be\/fr\/liste-metiers-penurie-nen-finit-de-sallonger-158-fonctions-critiques-desormais-wallonie\/\"},\"author\":{\"name\":\"Jean-Paul Erhard\",\"@id\":\"https:\/\/peoplesphere.be\/fr\/#\/schema\/person\/7976225ff17988604334abb7b3536a7e\"},\"headline\":\"La liste des m\u00e9tiers en p\u00e9nurie n&rsquo;en finit pas de s&rsquo;allonger: 158 fonctions critiques d\u00e9sormais en Wallonie.\",\"datePublished\":\"2023-07-05T12:30:44+00:00\",\"dateModified\":\"2023-07-06T02:31:33+00:00\",\"mainEntityOfPage\":{\"@id\":\"https:\/\/peoplesphere.be\/fr\/liste-metiers-penurie-nen-finit-de-sallonger-158-fonctions-critiques-desormais-wallonie\/\"},\"wordCount\":892,\"publisher\":{\"@id\":\"https:\/\/peoplesphere.be\/fr\/#organization\"},\"keywords\":[\"emploi\",\"fonctions critiques\",\"forem\",\"Formation\",\"m\u00e9tiers en p\u00e9nurie\"],\"articleSection\":[\"Actualit\u00e9s\",\"Digital\"],\"inLanguage\":\"fr-FR\"},{\"@type\":\"WebPage\",\"@id\":\"https:\/\/peoplesphere.be\/fr\/liste-metiers-penurie-nen-finit-de-sallonger-158-fonctions-critiques-desormais-wallonie\/\",\"url\":\"https:\/\/peoplesphere.be\/fr\/liste-metiers-penurie-nen-finit-de-sallonger-158-fonctions-critiques-desormais-wallonie\/\",\"name\":\"La liste des m\u00e9tiers en p\u00e9nurie n'en finit pas de s'allonger: 158 fonctions critiques d\u00e9sormais en Wallonie. - Peoplesphere\",\"isPartOf\":{\"@id\":\"https:\/\/peoplesphere.be\/fr\/#website\"},\"datePublished\":\"2023-07-05T12:30:44+00:00\",\"dateModified\":\"2023-07-06T02:31:33+00:00\",\"breadcrumb\":{\"@id\":\"https:\/\/peoplesphere.be\/fr\/liste-metiers-penurie-nen-finit-de-sallonger-158-fonctions-critiques-desormais-wallonie\/#breadcrumb\"},\"inLanguage\":\"fr-FR\",\"potentialAction\":[{\"@type\":\"ReadAction\",\"target\":[\"https:\/\/peoplesphere.be\/fr\/liste-metiers-penurie-nen-finit-de-sallonger-158-fonctions-critiques-desormais-wallonie\/\"]}]},{\"@type\":\"BreadcrumbList\",\"@id\":\"https:\/\/peoplesphere.be\/fr\/liste-metiers-penurie-nen-finit-de-sallonger-158-fonctions-critiques-desormais-wallonie\/#breadcrumb\",\"itemListElement\":[{\"@type\":\"ListItem\",\"position\":1,\"name\":\"Accueil\",\"item\":\"https:\/\/peoplesphere.be\/fr\/\"},{\"@type\":\"ListItem\",\"position\":2,\"name\":\"La liste des m\u00e9tiers en p\u00e9nurie n&rsquo;en finit pas de s&rsquo;allonger: 158 fonctions critiques d\u00e9sormais en Wallonie.\"}]},{\"@type\":\"WebSite\",\"@id\":\"https:\/\/peoplesphere.be\/fr\/#website\",\"url\":\"https:\/\/peoplesphere.be\/fr\/\",\"name\":\"Peoplesphere\",\"description\":\"The People Managers Magazine\",\"publisher\":{\"@id\":\"https:\/\/peoplesphere.be\/fr\/#organization\"},\"potentialAction\":[{\"@type\":\"SearchAction\",\"target\":{\"@type\":\"EntryPoint\",\"urlTemplate\":\"https:\/\/peoplesphere.be\/fr\/?s={search_term_string}\"},\"query-input\":\"required name=search_term_string\"}],\"inLanguage\":\"fr-FR\"},{\"@type\":\"Organization\",\"@id\":\"https:\/\/peoplesphere.be\/fr\/#organization\",\"name\":\"Peoplesphere Company srl\",\"url\":\"https:\/\/peoplesphere.be\/fr\/\",\"logo\":{\"@type\":\"ImageObject\",\"inLanguage\":\"fr-FR\",\"@id\":\"https:\/\/peoplesphere.be\/fr\/#\/schema\/logo\/image\/\",\"url\":\"https:\/\/peoplesphere.be\/fr\/wp-content\/uploads\/2023\/07\/peoplesphere-lgo-new-generik.jpg\",\"contentUrl\":\"https:\/\/peoplesphere.be\/fr\/wp-content\/uploads\/2023\/07\/peoplesphere-lgo-new-generik.jpg\",\"width\":1031,\"height\":1479,\"caption\":\"Peoplesphere Company srl\"},\"image\":{\"@id\":\"https:\/\/peoplesphere.be\/fr\/#\/schema\/logo\/image\/\"},\"sameAs\":[\"https:\/\/www.facebook.com\/peoplesphere\",\"https:\/\/twitter.com\/PeoplesphereMag\",\"https:\/\/www.linkedin.com\/company\/7587361?trk\",\"http:\/\/youtube.com\/peoplesphere\"]},{\"@type\":\"Person\",\"@id\":\"https:\/\/peoplesphere.be\/fr\/#\/schema\/person\/7976225ff17988604334abb7b3536a7e\",\"name\":\"Jean-Paul Erhard\",\"image\":{\"@type\":\"ImageObject\",\"inLanguage\":\"fr-FR\",\"@id\":\"https:\/\/peoplesphere.be\/fr\/#\/schema\/person\/image\/\",\"url\":\"https:\/\/secure.gravatar.com\/avatar\/f941e681460179738071629a51574930?s=96&d=mm&r=g\",\"contentUrl\":\"https:\/\/secure.gravatar.com\/avatar\/f941e681460179738071629a51574930?s=96&d=mm&r=g\",\"caption\":\"Jean-Paul Erhard\"},\"url\":\"https:\/\/peoplesphere.be\/fr\/author\/jpe\/\"}]}<\/script>\n<!-- \/ Yoast SEO plugin. -->","yoast_head_json":{"title":"La liste des m\u00e9tiers en p\u00e9nurie n'en finit pas de s'allonger: 158 fonctions critiques d\u00e9sormais en Wallonie. - Peoplesphere","robots":{"index":"index","follow":"follow","max-snippet":"max-snippet:-1","max-image-preview":"max-image-preview:large","max-video-preview":"max-video-preview:-1"},"canonical":"https:\/\/peoplesphere.be\/fr\/liste-metiers-penurie-nen-finit-de-sallonger-158-fonctions-critiques-desormais-wallonie\/","og_locale":"fr_FR","og_type":"article","og_title":"La liste des m\u00e9tiers en p\u00e9nurie n'en finit pas de s'allonger: 158 fonctions critiques d\u00e9sormais en Wallonie. - Peoplesphere","og_description":"La liste des fonctions critiques et des m\u00e9tiers en p\u00e9nurie vient d\u2019\u00eatre mise \u00e0 jour par le Forem : elle comprend d\u00e9sormais 158 fonctions en tension de recrutement. Pour r\u00e9pondre aux besoins de main-d\u2019\u0153uvre qualifi\u00e9e en Wallonie, le Forem propose [&hellip;]","og_url":"https:\/\/peoplesphere.be\/fr\/liste-metiers-penurie-nen-finit-de-sallonger-158-fonctions-critiques-desormais-wallonie\/","og_site_name":"Peoplesphere","article_publisher":"https:\/\/www.facebook.com\/peoplesphere","article_published_time":"2023-07-05T12:30:44+00:00","article_modified_time":"2023-07-06T02:31:33+00:00","og_image":[{"url":"http:\/\/www.peoplesphere.be\/fr\/wp-content\/uploads\/2016\/07\/facebook-default-posting-1200x628px.jpg"}],"author":"Jean-Paul Erhard","twitter_card":"summary_large_image","twitter_creator":"@PeoplesphereMag","twitter_site":"@PeoplesphereMag","twitter_misc":{"\u00c9crit par":"Jean-Paul Erhard","Dur\u00e9e de lecture estim\u00e9e":"4 minutes"},"schema":{"@context":"https:\/\/schema.org","@graph":[{"@type":"Article","@id":"https:\/\/peoplesphere.be\/fr\/liste-metiers-penurie-nen-finit-de-sallonger-158-fonctions-critiques-desormais-wallonie\/#article","isPartOf":{"@id":"https:\/\/peoplesphere.be\/fr\/liste-metiers-penurie-nen-finit-de-sallonger-158-fonctions-critiques-desormais-wallonie\/"},"author":{"name":"Jean-Paul Erhard","@id":"https:\/\/peoplesphere.be\/fr\/#\/schema\/person\/7976225ff17988604334abb7b3536a7e"},"headline":"La liste des m\u00e9tiers en p\u00e9nurie n&rsquo;en finit pas de s&rsquo;allonger: 158 fonctions critiques d\u00e9sormais en Wallonie.","datePublished":"2023-07-05T12:30:44+00:00","dateModified":"2023-07-06T02:31:33+00:00","mainEntityOfPage":{"@id":"https:\/\/peoplesphere.be\/fr\/liste-metiers-penurie-nen-finit-de-sallonger-158-fonctions-critiques-desormais-wallonie\/"},"wordCount":892,"publisher":{"@id":"https:\/\/peoplesphere.be\/fr\/#organization"},"keywords":["emploi","fonctions critiques","forem","Formation","m\u00e9tiers en p\u00e9nurie"],"articleSection":["Actualit\u00e9s","Digital"],"inLanguage":"fr-FR"},{"@type":"WebPage","@id":"https:\/\/peoplesphere.be\/fr\/liste-metiers-penurie-nen-finit-de-sallonger-158-fonctions-critiques-desormais-wallonie\/","url":"https:\/\/peoplesphere.be\/fr\/liste-metiers-penurie-nen-finit-de-sallonger-158-fonctions-critiques-desormais-wallonie\/","name":"La liste des m\u00e9tiers en p\u00e9nurie n'en finit pas de s'allonger: 158 fonctions critiques d\u00e9sormais en Wallonie. - Peoplesphere","isPartOf":{"@id":"https:\/\/peoplesphere.be\/fr\/#website"},"datePublished":"2023-07-05T12:30:44+00:00","dateModified":"2023-07-06T02:31:33+00:00","breadcrumb":{"@id":"https:\/\/peoplesphere.be\/fr\/liste-metiers-penurie-nen-finit-de-sallonger-158-fonctions-critiques-desormais-wallonie\/#breadcrumb"},"inLanguage":"fr-FR","potentialAction":[{"@type":"ReadAction","target":["https:\/\/peoplesphere.be\/fr\/liste-metiers-penurie-nen-finit-de-sallonger-158-fonctions-critiques-desormais-wallonie\/"]}]},{"@type":"BreadcrumbList","@id":"https:\/\/peoplesphere.be\/fr\/liste-metiers-penurie-nen-finit-de-sallonger-158-fonctions-critiques-desormais-wallonie\/#breadcrumb","itemListElement":[{"@type":"ListItem","position":1,"name":"Accueil","item":"https:\/\/peoplesphere.be\/fr\/"},{"@type":"ListItem","position":2,"name":"La liste des m\u00e9tiers en p\u00e9nurie n&rsquo;en finit pas de s&rsquo;allonger: 158 fonctions critiques d\u00e9sormais en Wallonie."}]},{"@type":"WebSite","@id":"https:\/\/peoplesphere.be\/fr\/#website","url":"https:\/\/peoplesphere.be\/fr\/","name":"Peoplesphere","description":"The People Managers Magazine","publisher":{"@id":"https:\/\/peoplesphere.be\/fr\/#organization"},"potentialAction":[{"@type":"SearchAction","target":{"@type":"EntryPoint","urlTemplate":"https:\/\/peoplesphere.be\/fr\/?s={search_term_string}"},"query-input":"required name=search_term_string"}],"inLanguage":"fr-FR"},{"@type":"Organization","@id":"https:\/\/peoplesphere.be\/fr\/#organization","name":"Peoplesphere Company srl","url":"https:\/\/peoplesphere.be\/fr\/","logo":{"@type":"ImageObject","inLanguage":"fr-FR","@id":"https:\/\/peoplesphere.be\/fr\/#\/schema\/logo\/image\/","url":"https:\/\/peoplesphere.be\/fr\/wp-content\/uploads\/2023\/07\/peoplesphere-lgo-new-generik.jpg","contentUrl":"https:\/\/peoplesphere.be\/fr\/wp-content\/uploads\/2023\/07\/peoplesphere-lgo-new-generik.jpg","width":1031,"height":1479,"caption":"Peoplesphere Company srl"},"image":{"@id":"https:\/\/peoplesphere.be\/fr\/#\/schema\/logo\/image\/"},"sameAs":["https:\/\/www.facebook.com\/peoplesphere","https:\/\/twitter.com\/PeoplesphereMag","https:\/\/www.linkedin.com\/company\/7587361?trk","http:\/\/youtube.com\/peoplesphere"]},{"@type":"Person","@id":"https:\/\/peoplesphere.be\/fr\/#\/schema\/person\/7976225ff17988604334abb7b3536a7e","name":"Jean-Paul Erhard","image":{"@type":"ImageObject","inLanguage":"fr-FR","@id":"https:\/\/peoplesphere.be\/fr\/#\/schema\/person\/image\/","url":"https:\/\/secure.gravatar.com\/avatar\/f941e681460179738071629a51574930?s=96&d=mm&r=g","contentUrl":"https:\/\/secure.gravatar.com\/avatar\/f941e681460179738071629a51574930?s=96&d=mm&r=g","caption":"Jean-Paul Erhard"},"url":"https:\/\/peoplesphere.be\/fr\/author\/jpe\/"}]}},"_links":{"self":[{"href":"https:\/\/peoplesphere.be\/fr\/wp-json\/wp\/v2\/posts\/14680"}],"collection":[{"href":"https:\/\/peoplesphere.be\/fr\/wp-json\/wp\/v2\/posts"}],"about":[{"href":"https:\/\/peoplesphere.be\/fr\/wp-json\/wp\/v2\/types\/post"}],"author":[{"embeddable":true,"href":"https:\/\/peoplesphere.be\/fr\/wp-json\/wp\/v2\/users\/2"}],"replies":[{"embeddable":true,"href":"https:\/\/peoplesphere.be\/fr\/wp-json\/wp\/v2\/comments?post=14680"}],"version-history":[{"count":1,"href":"https:\/\/peoplesphere.be\/fr\/wp-json\/wp\/v2\/posts\/14680\/revisions"}],"predecessor-version":[{"id":14681,"href":"https:\/\/peoplesphere.be\/fr\/wp-json\/wp\/v2\/posts\/14680\/revisions\/14681"}],"wp:attachment":[{"href":"https:\/\/peoplesphere.be\/fr\/wp-json\/wp\/v2\/media?parent=14680"}],"wp:term":[{"taxonomy":"category","embeddable":true,"href":"https:\/\/peoplesphere.be\/fr\/wp-json\/wp\/v2\/categories?post=14680"},{"taxonomy":"post_tag","embeddable":true,"href":"https:\/\/peoplesphere.be\/fr\/wp-json\/wp\/v2\/tags?post=14680"}],"curies":[{"name":"wp","href":"https:\/\/api.w.org\/{rel}","templated":true}]}}