









{"id":14688,"date":"2023-07-07T16:34:41","date_gmt":"2023-07-07T14:34:41","guid":{"rendered":"https:\/\/peoplesphere.be\/fr\/?p=14688"},"modified":"2023-07-07T16:34:41","modified_gmt":"2023-07-07T14:34:41","slug":"bruxelles-veut-atteindre-plein-emploi-dici-2030-grace-a-strategie-qualification-emploi","status":"publish","type":"post","link":"https:\/\/peoplesphere.be\/fr\/bruxelles-veut-atteindre-plein-emploi-dici-2030-grace-a-strategie-qualification-emploi\/","title":{"rendered":"Bruxelles veut atteindre le plein emploi d&rsquo;ici 2030 gr\u00e2ce \u00e0 la Strat\u00e9gie Qualification Emploi."},"content":{"rendered":"<p>Sur proposition du Ministre bruxellois de l\u2019Emploi, Bernard Clerfayt, le gouvernement a approuv\u00e9 en 1\u00e8re lecture, la Strat\u00e9gie Qualification Emploi. Renforcer la maitrise des langues, d\u00e9velopper la formation en entreprise, instaurer des partenariats durables entre les \u00e9coles et les entreprises&#8230;La strat\u00e9gie ambitionne d\u2019am\u00e9liorer le niveau de comp\u00e9tences des Bruxellois pour leur permettre de se rapprocher du march\u00e9 de l\u2019emploi.<!--more--><\/p>\n<p>En R\u00e9gion bruxelloise, le taux d\u2019emploi atteignait 66% au premier trimestre 2023. C\u2019est d\u2019ailleurs la seule r\u00e9gion du pays o\u00f9 ce chiffre augmente puisqu\u2019il diminue en Wallonie et stagne en Flandre. N\u00e9anmoins, pour contribuer \u00e0 l\u2019atteinte de l\u2019objectif de 80% au niveau national, le chemin est encore long. Car, cela veut dire que d\u2019ici 2030, 116.000 Bruxellois de plus doivent trouver un emploi.<\/p>\n<p>Or, le march\u00e9 de l\u2019emploi bruxellois est un march\u00e9 tr\u00e8s exigeant en termes de niveau de qualification et qui ne cesse de r\u00e9clamer des comp\u00e9tences de plus en plus pointues. En effet, dans le m\u00eame temps, les offres d\u2019emploi n\u00e9cessitant un baccalaur\u00e9at ou un master ont augment\u00e9 de 19,5% et celles ne n\u00e9cessitant pas de dipl\u00f4me, ont diminu\u00e9 de 48%. C\u2019est une r\u00e9alit\u00e9 : le manque de comp\u00e9tences constitue un frein \u00e0 la mise \u00e0 l\u2019emploi.<\/p>\n<p><em>\u00ab\u00a0Je dis toujours qu\u2019\u00e0 Bruxelles, nous n\u2019avons pas un d\u00e9fi d\u2019emploi mais un d\u00e9fi de comp\u00e9tences. Des emplois, il y en a ! Nous sommes le premier bassin \u00e9conomique du pays. Mais nous avons une r\u00e9serve de main d\u2019\u0153uvre qui ne pr\u00e9sente pas les bonnes qualifications pour acc\u00e9der au march\u00e9 du travail. C\u2019est l\u00e0-dessus qu\u2019il faut travailler et faire monter en gamme les comp\u00e9tences des chercheurs d\u2019emploi bruxellois\u00a0\u00bb<\/em>, insiste Bernard Clerfayt, Ministre bruxellois de l\u2019Emploi et de la Formation professionnelle.<\/p>\n<p>Pour faire face \u00e0 ce d\u00e9fi de comp\u00e9tences, Bernard Clerfayt a \u00e9tabli, en concertation avec les partenaires sociaux, une Strat\u00e9gie Qualification Emploi. Celle-ci doit permettre aux Bruxellois de rejoindre le niveau de comp\u00e9tences requis sur le march\u00e9 de l\u2019emploi \u00e0 l\u2019horizon 2030.<\/p>\n<p><strong><em>La Strat\u00e9gie Qualification Emploi se d\u00e9cline en 3 axes, 25 mesures et plus de 100 actions.<\/em><\/strong><\/p>\n<ul>\n<li>Une strat\u00e9gie partenariale avec les secteurs et les employeurs pour am\u00e9liorer l\u2019ad\u00e9quation de formations aux besoins \u00e9conomiques<br \/>\nIl faut former pour l\u2019emploi. En connaissant les besoins des employeurs, en les identifiant et en les anticipant, les services publics peuvent adapter leur offre de formation, la faire \u00e9voluer pour qu\u2019elle colle au mieux aux attentes des entreprises. C\u2019est l\u2019objectif de cet axe : faire des employeurs, de v\u00e9ritables partenaires et d\u00e9velopper des programmes formation sur mesure, rapprocher le monde de l\u2019\u00e9cole du monde des entreprises gr\u00e2ce \u00e0 des ateliers de d\u00e9couverte m\u00e9tier ou encore d\u00e9ployer la formation en milieu de travail.<\/li>\n<li>Une strat\u00e9gie de s\u00e9curisation des parcours pour assurer l\u2019accompagnement des publics en formation vers l\u2019emploi<br \/>\nUne fois en formation, le d\u00e9fi est de maintenir le Bruxellois dans son parcours de formation. Revaloriser les indemnit\u00e9s de formation, faciliter l\u2019acc\u00e8s \u00e0 des cr\u00e8ches, d\u00e9velopper de nouvelles fa\u00e7ons d\u2019apprendre ou encore faciliter la reprise d\u2019\u00e9tudes sont autant d\u2019actions qui permettront de lutter contre le d\u00e9crochage.<\/li>\n<li>Une strat\u00e9gie renfor\u00e7ant les comp\u00e9tences transversales<br \/>\nA c\u00f4t\u00e9 des comp\u00e9tences professionnelles, on retrouve les comp\u00e9tences de base, soft skills, comp\u00e9tences num\u00e9riques et linguistiques. Alors que les employeurs sont pr\u00eats \u00e0 former les Bruxellois sur les comp\u00e9tences m\u00e9tiers, ils sont moins enclins \u00e0 les former aux comp\u00e9tences transversales, encore moins pour les petites et moyennes entreprises qui constituent le tissu \u00e9conomique majoritaire \u00e0 Bruxelles. C\u2019est notamment dans cet axe que l\u2019on retrouve l\u2019apprentissage des langues via l\u2019immersion linguistique ou du num\u00e9rique mais aussi le d\u00e9veloppement de formation aux soft skills, la curiosit\u00e9, l\u2019autonomie, la flexibilit\u00e9, etc.<\/li>\n<\/ul>\n<p><em>\u00ab\u00a0Cette strat\u00e9gie doit amplifier nos politiques d\u2019emploi et de les rendre plus efficientes. L\u2019objectif est clair : permettre \u00e0 plus de Bruxellois de d\u00e9crocher un emploi. C\u2019est la seule vraie solution pour assurer la prosp\u00e9rit\u00e9 de la R\u00e9gion mais c\u2019est aussi le seul rempart contre la pauvret\u00e9. Et pour y arriver, il n\u2019y pas de secret : c\u2019est la formation qui doit \u00eatre au c\u0153ur de notre strat\u00e9gie\u00a0\u00bb<\/em>, conclut le Ministre amarante.<\/p>\n","protected":false},"excerpt":{"rendered":"<p>Sur proposition du Ministre bruxellois de l\u2019Emploi, Bernard Clerfayt, le gouvernement a approuv\u00e9 en 1\u00e8re lecture, la Strat\u00e9gie Qualification Emploi. Renforcer la maitrise des langues, d\u00e9velopper la formation en entreprise, instaurer des partenariats durables entre les \u00e9coles et les entreprises&#8230;La [&hellip;]<\/p>\n","protected":false},"author":2,"featured_media":0,"comment_status":"closed","ping_status":"open","sticky":false,"template":"","format":"standard","meta":[],"categories":[65,10],"tags":[2720,48,227,394],"yoast_head":"<!-- This site is optimized with the Yoast SEO plugin v21.0 - https:\/\/yoast.com\/wordpress\/plugins\/seo\/ -->\n<title>Bruxelles veut atteindre le plein emploi d&#039;ici 2030 gr\u00e2ce \u00e0 la Strat\u00e9gie Qualification Emploi. - Peoplesphere<\/title>\n<meta name=\"robots\" content=\"index, follow, max-snippet:-1, max-image-preview:large, max-video-preview:-1\" \/>\n<link rel=\"canonical\" href=\"https:\/\/peoplesphere.be\/fr\/bruxelles-veut-atteindre-plein-emploi-dici-2030-grace-a-strategie-qualification-emploi\/\" \/>\n<meta property=\"og:locale\" content=\"fr_FR\" \/>\n<meta property=\"og:type\" content=\"article\" \/>\n<meta property=\"og:title\" content=\"Bruxelles veut atteindre le plein emploi d&#039;ici 2030 gr\u00e2ce \u00e0 la Strat\u00e9gie Qualification Emploi. - Peoplesphere\" \/>\n<meta property=\"og:description\" content=\"Sur proposition du Ministre bruxellois de l\u2019Emploi, Bernard Clerfayt, le gouvernement a approuv\u00e9 en 1\u00e8re lecture, la Strat\u00e9gie Qualification Emploi. Renforcer la maitrise des langues, d\u00e9velopper la formation en entreprise, instaurer des partenariats durables entre les \u00e9coles et les entreprises&#8230;La [&hellip;]\" \/>\n<meta property=\"og:url\" content=\"https:\/\/peoplesphere.be\/fr\/bruxelles-veut-atteindre-plein-emploi-dici-2030-grace-a-strategie-qualification-emploi\/\" \/>\n<meta property=\"og:site_name\" content=\"Peoplesphere\" \/>\n<meta property=\"article:publisher\" content=\"https:\/\/www.facebook.com\/peoplesphere\" \/>\n<meta property=\"article:published_time\" content=\"2023-07-07T14:34:41+00:00\" \/>\n<meta property=\"og:image\" content=\"http:\/\/www.peoplesphere.be\/fr\/wp-content\/uploads\/2016\/07\/facebook-default-posting-1200x628px.jpg\" \/>\n<meta name=\"author\" content=\"Jean-Paul Erhard\" \/>\n<meta name=\"twitter:card\" content=\"summary_large_image\" \/>\n<meta name=\"twitter:creator\" content=\"@PeoplesphereMag\" \/>\n<meta name=\"twitter:site\" content=\"@PeoplesphereMag\" \/>\n<meta name=\"twitter:label1\" content=\"\u00c9crit par\" \/>\n\t<meta name=\"twitter:data1\" content=\"Jean-Paul Erhard\" \/>\n\t<meta name=\"twitter:label2\" content=\"Dur\u00e9e de lecture estim\u00e9e\" \/>\n\t<meta name=\"twitter:data2\" content=\"4 minutes\" \/>\n<script type=\"application\/ld+json\" class=\"yoast-schema-graph\">{\"@context\":\"https:\/\/schema.org\",\"@graph\":[{\"@type\":\"Article\",\"@id\":\"https:\/\/peoplesphere.be\/fr\/bruxelles-veut-atteindre-plein-emploi-dici-2030-grace-a-strategie-qualification-emploi\/#article\",\"isPartOf\":{\"@id\":\"https:\/\/peoplesphere.be\/fr\/bruxelles-veut-atteindre-plein-emploi-dici-2030-grace-a-strategie-qualification-emploi\/\"},\"author\":{\"name\":\"Jean-Paul Erhard\",\"@id\":\"https:\/\/peoplesphere.be\/fr\/#\/schema\/person\/7976225ff17988604334abb7b3536a7e\"},\"headline\":\"Bruxelles veut atteindre le plein emploi d&rsquo;ici 2030 gr\u00e2ce \u00e0 la Strat\u00e9gie Qualification Emploi.\",\"datePublished\":\"2023-07-07T14:34:41+00:00\",\"dateModified\":\"2023-07-07T14:34:41+00:00\",\"mainEntityOfPage\":{\"@id\":\"https:\/\/peoplesphere.be\/fr\/bruxelles-veut-atteindre-plein-emploi-dici-2030-grace-a-strategie-qualification-emploi\/\"},\"wordCount\":769,\"publisher\":{\"@id\":\"https:\/\/peoplesphere.be\/fr\/#organization\"},\"keywords\":[\"bernard clerfayt\",\"Formation\",\"r\u00e9gion bruxelloise\",\"taux d'emploi\"],\"articleSection\":[\"Actualit\u00e9s\",\"Digital\"],\"inLanguage\":\"fr-FR\"},{\"@type\":\"WebPage\",\"@id\":\"https:\/\/peoplesphere.be\/fr\/bruxelles-veut-atteindre-plein-emploi-dici-2030-grace-a-strategie-qualification-emploi\/\",\"url\":\"https:\/\/peoplesphere.be\/fr\/bruxelles-veut-atteindre-plein-emploi-dici-2030-grace-a-strategie-qualification-emploi\/\",\"name\":\"Bruxelles veut atteindre le plein emploi d'ici 2030 gr\u00e2ce \u00e0 la Strat\u00e9gie Qualification Emploi. - Peoplesphere\",\"isPartOf\":{\"@id\":\"https:\/\/peoplesphere.be\/fr\/#website\"},\"datePublished\":\"2023-07-07T14:34:41+00:00\",\"dateModified\":\"2023-07-07T14:34:41+00:00\",\"breadcrumb\":{\"@id\":\"https:\/\/peoplesphere.be\/fr\/bruxelles-veut-atteindre-plein-emploi-dici-2030-grace-a-strategie-qualification-emploi\/#breadcrumb\"},\"inLanguage\":\"fr-FR\",\"potentialAction\":[{\"@type\":\"ReadAction\",\"target\":[\"https:\/\/peoplesphere.be\/fr\/bruxelles-veut-atteindre-plein-emploi-dici-2030-grace-a-strategie-qualification-emploi\/\"]}]},{\"@type\":\"BreadcrumbList\",\"@id\":\"https:\/\/peoplesphere.be\/fr\/bruxelles-veut-atteindre-plein-emploi-dici-2030-grace-a-strategie-qualification-emploi\/#breadcrumb\",\"itemListElement\":[{\"@type\":\"ListItem\",\"position\":1,\"name\":\"Accueil\",\"item\":\"https:\/\/peoplesphere.be\/fr\/\"},{\"@type\":\"ListItem\",\"position\":2,\"name\":\"Bruxelles veut atteindre le plein emploi d&rsquo;ici 2030 gr\u00e2ce \u00e0 la Strat\u00e9gie Qualification Emploi.\"}]},{\"@type\":\"WebSite\",\"@id\":\"https:\/\/peoplesphere.be\/fr\/#website\",\"url\":\"https:\/\/peoplesphere.be\/fr\/\",\"name\":\"Peoplesphere\",\"description\":\"The People Managers Magazine\",\"publisher\":{\"@id\":\"https:\/\/peoplesphere.be\/fr\/#organization\"},\"potentialAction\":[{\"@type\":\"SearchAction\",\"target\":{\"@type\":\"EntryPoint\",\"urlTemplate\":\"https:\/\/peoplesphere.be\/fr\/?s={search_term_string}\"},\"query-input\":\"required name=search_term_string\"}],\"inLanguage\":\"fr-FR\"},{\"@type\":\"Organization\",\"@id\":\"https:\/\/peoplesphere.be\/fr\/#organization\",\"name\":\"Peoplesphere Company srl\",\"url\":\"https:\/\/peoplesphere.be\/fr\/\",\"logo\":{\"@type\":\"ImageObject\",\"inLanguage\":\"fr-FR\",\"@id\":\"https:\/\/peoplesphere.be\/fr\/#\/schema\/logo\/image\/\",\"url\":\"https:\/\/peoplesphere.be\/fr\/wp-content\/uploads\/2023\/07\/peoplesphere-lgo-new-generik.jpg\",\"contentUrl\":\"https:\/\/peoplesphere.be\/fr\/wp-content\/uploads\/2023\/07\/peoplesphere-lgo-new-generik.jpg\",\"width\":1031,\"height\":1479,\"caption\":\"Peoplesphere Company srl\"},\"image\":{\"@id\":\"https:\/\/peoplesphere.be\/fr\/#\/schema\/logo\/image\/\"},\"sameAs\":[\"https:\/\/www.facebook.com\/peoplesphere\",\"https:\/\/twitter.com\/PeoplesphereMag\",\"https:\/\/www.linkedin.com\/company\/7587361?trk\",\"http:\/\/youtube.com\/peoplesphere\"]},{\"@type\":\"Person\",\"@id\":\"https:\/\/peoplesphere.be\/fr\/#\/schema\/person\/7976225ff17988604334abb7b3536a7e\",\"name\":\"Jean-Paul Erhard\",\"image\":{\"@type\":\"ImageObject\",\"inLanguage\":\"fr-FR\",\"@id\":\"https:\/\/peoplesphere.be\/fr\/#\/schema\/person\/image\/\",\"url\":\"https:\/\/secure.gravatar.com\/avatar\/f941e681460179738071629a51574930?s=96&d=mm&r=g\",\"contentUrl\":\"https:\/\/secure.gravatar.com\/avatar\/f941e681460179738071629a51574930?s=96&d=mm&r=g\",\"caption\":\"Jean-Paul Erhard\"},\"url\":\"https:\/\/peoplesphere.be\/fr\/author\/jpe\/\"}]}<\/script>\n<!-- \/ Yoast SEO plugin. -->","yoast_head_json":{"title":"Bruxelles veut atteindre le plein emploi d'ici 2030 gr\u00e2ce \u00e0 la Strat\u00e9gie Qualification Emploi. - Peoplesphere","robots":{"index":"index","follow":"follow","max-snippet":"max-snippet:-1","max-image-preview":"max-image-preview:large","max-video-preview":"max-video-preview:-1"},"canonical":"https:\/\/peoplesphere.be\/fr\/bruxelles-veut-atteindre-plein-emploi-dici-2030-grace-a-strategie-qualification-emploi\/","og_locale":"fr_FR","og_type":"article","og_title":"Bruxelles veut atteindre le plein emploi d'ici 2030 gr\u00e2ce \u00e0 la Strat\u00e9gie Qualification Emploi. - Peoplesphere","og_description":"Sur proposition du Ministre bruxellois de l\u2019Emploi, Bernard Clerfayt, le gouvernement a approuv\u00e9 en 1\u00e8re lecture, la Strat\u00e9gie Qualification Emploi. Renforcer la maitrise des langues, d\u00e9velopper la formation en entreprise, instaurer des partenariats durables entre les \u00e9coles et les entreprises&#8230;La [&hellip;]","og_url":"https:\/\/peoplesphere.be\/fr\/bruxelles-veut-atteindre-plein-emploi-dici-2030-grace-a-strategie-qualification-emploi\/","og_site_name":"Peoplesphere","article_publisher":"https:\/\/www.facebook.com\/peoplesphere","article_published_time":"2023-07-07T14:34:41+00:00","og_image":[{"url":"http:\/\/www.peoplesphere.be\/fr\/wp-content\/uploads\/2016\/07\/facebook-default-posting-1200x628px.jpg"}],"author":"Jean-Paul Erhard","twitter_card":"summary_large_image","twitter_creator":"@PeoplesphereMag","twitter_site":"@PeoplesphereMag","twitter_misc":{"\u00c9crit par":"Jean-Paul Erhard","Dur\u00e9e de lecture estim\u00e9e":"4 minutes"},"schema":{"@context":"https:\/\/schema.org","@graph":[{"@type":"Article","@id":"https:\/\/peoplesphere.be\/fr\/bruxelles-veut-atteindre-plein-emploi-dici-2030-grace-a-strategie-qualification-emploi\/#article","isPartOf":{"@id":"https:\/\/peoplesphere.be\/fr\/bruxelles-veut-atteindre-plein-emploi-dici-2030-grace-a-strategie-qualification-emploi\/"},"author":{"name":"Jean-Paul Erhard","@id":"https:\/\/peoplesphere.be\/fr\/#\/schema\/person\/7976225ff17988604334abb7b3536a7e"},"headline":"Bruxelles veut atteindre le plein emploi d&rsquo;ici 2030 gr\u00e2ce \u00e0 la Strat\u00e9gie Qualification Emploi.","datePublished":"2023-07-07T14:34:41+00:00","dateModified":"2023-07-07T14:34:41+00:00","mainEntityOfPage":{"@id":"https:\/\/peoplesphere.be\/fr\/bruxelles-veut-atteindre-plein-emploi-dici-2030-grace-a-strategie-qualification-emploi\/"},"wordCount":769,"publisher":{"@id":"https:\/\/peoplesphere.be\/fr\/#organization"},"keywords":["bernard clerfayt","Formation","r\u00e9gion bruxelloise","taux d'emploi"],"articleSection":["Actualit\u00e9s","Digital"],"inLanguage":"fr-FR"},{"@type":"WebPage","@id":"https:\/\/peoplesphere.be\/fr\/bruxelles-veut-atteindre-plein-emploi-dici-2030-grace-a-strategie-qualification-emploi\/","url":"https:\/\/peoplesphere.be\/fr\/bruxelles-veut-atteindre-plein-emploi-dici-2030-grace-a-strategie-qualification-emploi\/","name":"Bruxelles veut atteindre le plein emploi d'ici 2030 gr\u00e2ce \u00e0 la Strat\u00e9gie Qualification Emploi. - Peoplesphere","isPartOf":{"@id":"https:\/\/peoplesphere.be\/fr\/#website"},"datePublished":"2023-07-07T14:34:41+00:00","dateModified":"2023-07-07T14:34:41+00:00","breadcrumb":{"@id":"https:\/\/peoplesphere.be\/fr\/bruxelles-veut-atteindre-plein-emploi-dici-2030-grace-a-strategie-qualification-emploi\/#breadcrumb"},"inLanguage":"fr-FR","potentialAction":[{"@type":"ReadAction","target":["https:\/\/peoplesphere.be\/fr\/bruxelles-veut-atteindre-plein-emploi-dici-2030-grace-a-strategie-qualification-emploi\/"]}]},{"@type":"BreadcrumbList","@id":"https:\/\/peoplesphere.be\/fr\/bruxelles-veut-atteindre-plein-emploi-dici-2030-grace-a-strategie-qualification-emploi\/#breadcrumb","itemListElement":[{"@type":"ListItem","position":1,"name":"Accueil","item":"https:\/\/peoplesphere.be\/fr\/"},{"@type":"ListItem","position":2,"name":"Bruxelles veut atteindre le plein emploi d&rsquo;ici 2030 gr\u00e2ce \u00e0 la Strat\u00e9gie Qualification Emploi."}]},{"@type":"WebSite","@id":"https:\/\/peoplesphere.be\/fr\/#website","url":"https:\/\/peoplesphere.be\/fr\/","name":"Peoplesphere","description":"The People Managers Magazine","publisher":{"@id":"https:\/\/peoplesphere.be\/fr\/#organization"},"potentialAction":[{"@type":"SearchAction","target":{"@type":"EntryPoint","urlTemplate":"https:\/\/peoplesphere.be\/fr\/?s={search_term_string}"},"query-input":"required name=search_term_string"}],"inLanguage":"fr-FR"},{"@type":"Organization","@id":"https:\/\/peoplesphere.be\/fr\/#organization","name":"Peoplesphere Company srl","url":"https:\/\/peoplesphere.be\/fr\/","logo":{"@type":"ImageObject","inLanguage":"fr-FR","@id":"https:\/\/peoplesphere.be\/fr\/#\/schema\/logo\/image\/","url":"https:\/\/peoplesphere.be\/fr\/wp-content\/uploads\/2023\/07\/peoplesphere-lgo-new-generik.jpg","contentUrl":"https:\/\/peoplesphere.be\/fr\/wp-content\/uploads\/2023\/07\/peoplesphere-lgo-new-generik.jpg","width":1031,"height":1479,"caption":"Peoplesphere Company srl"},"image":{"@id":"https:\/\/peoplesphere.be\/fr\/#\/schema\/logo\/image\/"},"sameAs":["https:\/\/www.facebook.com\/peoplesphere","https:\/\/twitter.com\/PeoplesphereMag","https:\/\/www.linkedin.com\/company\/7587361?trk","http:\/\/youtube.com\/peoplesphere"]},{"@type":"Person","@id":"https:\/\/peoplesphere.be\/fr\/#\/schema\/person\/7976225ff17988604334abb7b3536a7e","name":"Jean-Paul Erhard","image":{"@type":"ImageObject","inLanguage":"fr-FR","@id":"https:\/\/peoplesphere.be\/fr\/#\/schema\/person\/image\/","url":"https:\/\/secure.gravatar.com\/avatar\/f941e681460179738071629a51574930?s=96&d=mm&r=g","contentUrl":"https:\/\/secure.gravatar.com\/avatar\/f941e681460179738071629a51574930?s=96&d=mm&r=g","caption":"Jean-Paul Erhard"},"url":"https:\/\/peoplesphere.be\/fr\/author\/jpe\/"}]}},"_links":{"self":[{"href":"https:\/\/peoplesphere.be\/fr\/wp-json\/wp\/v2\/posts\/14688"}],"collection":[{"href":"https:\/\/peoplesphere.be\/fr\/wp-json\/wp\/v2\/posts"}],"about":[{"href":"https:\/\/peoplesphere.be\/fr\/wp-json\/wp\/v2\/types\/post"}],"author":[{"embeddable":true,"href":"https:\/\/peoplesphere.be\/fr\/wp-json\/wp\/v2\/users\/2"}],"replies":[{"embeddable":true,"href":"https:\/\/peoplesphere.be\/fr\/wp-json\/wp\/v2\/comments?post=14688"}],"version-history":[{"count":1,"href":"https:\/\/peoplesphere.be\/fr\/wp-json\/wp\/v2\/posts\/14688\/revisions"}],"predecessor-version":[{"id":14689,"href":"https:\/\/peoplesphere.be\/fr\/wp-json\/wp\/v2\/posts\/14688\/revisions\/14689"}],"wp:attachment":[{"href":"https:\/\/peoplesphere.be\/fr\/wp-json\/wp\/v2\/media?parent=14688"}],"wp:term":[{"taxonomy":"category","embeddable":true,"href":"https:\/\/peoplesphere.be\/fr\/wp-json\/wp\/v2\/categories?post=14688"},{"taxonomy":"post_tag","embeddable":true,"href":"https:\/\/peoplesphere.be\/fr\/wp-json\/wp\/v2\/tags?post=14688"}],"curies":[{"name":"wp","href":"https:\/\/api.w.org\/{rel}","templated":true}]}}