









{"id":14695,"date":"2023-07-11T08:08:37","date_gmt":"2023-07-11T06:08:37","guid":{"rendered":"https:\/\/peoplesphere.be\/fr\/?p=14695"},"modified":"2023-07-11T08:08:37","modified_gmt":"2023-07-11T06:08:37","slug":"accord-nouvelle-reforme-pensions-vers-diminution-globale-cout-vieillissement-aborder-vraiment-questions-de-penibilite-degalite-genres","status":"publish","type":"post","link":"https:\/\/peoplesphere.be\/fr\/accord-nouvelle-reforme-pensions-vers-diminution-globale-cout-vieillissement-aborder-vraiment-questions-de-penibilite-degalite-genres\/","title":{"rendered":"Accord sur la nouvelle r\u00e9forme des pensions: vers une diminution globale du co\u00fbt du vieillissement, sans aborder vraiment les questions de p\u00e9nibilit\u00e9 et d&rsquo;\u00e9galit\u00e9 des genres."},"content":{"rendered":"<p>Le gouvernement s\u2019est accord\u00e9 ce lundi \u00e0 l\u2019aube sur une r\u00e9forme des pensions, comme annonc\u00e9 par la RTBF relayant l&rsquo;intervention du Premier ministre, Alexander De Croo, et de la ministre des Pensions, Karine Lalieux. Un syst\u00e8me de bonus progressif sera notamment introduit pour soutenir le maintien \u00e0 l\u2019emploi des travailleurs \u00e2g\u00e9s. Trois grands axes se d\u00e9gagent de cet accord. La FGTB n&rsquo;a pas tard\u00e9 \u00e0 r\u00e9agir.<!--more--><\/p>\n<p>Une s\u00e9rie de mesures ont donc \u00e9t\u00e9 prises en conseil des ministres restreint au cours de ce weekend. Elles visent \u00e0 rendre le syst\u00e8me de pensions plus soutenable financi\u00e8rement.<\/p>\n<p><strong><em>1) Une hausse progressive de la pension minimum<\/em><\/strong><\/p>\n<p>La RTBF pr\u00e9cise que<em> \u00ab\u00a0le gouvernement va relever progressivement la pension minimum. Les crit\u00e8res d\u2019acc\u00e8s \u00e0 cette pension minimum ont \u00e9t\u00e9 pr\u00e9cis\u00e9s notamment pour \u00e9viter certaines discriminations vis-\u00e0-vis des femmes, dont les carri\u00e8res sont habituellement plus courtes et plus hach\u00e9es que celle des hommes.<\/em><br \/>\n<em>Une nouvelle liste de cong\u00e9s th\u00e9matiques sera ainsi consid\u00e9r\u00e9e comme p\u00e9riode assimil\u00e9e afin de mieux prot\u00e9ger les femmes. Il s&rsquo;agit de tous les cong\u00e9s qui ont trait \u00e0 l\u2019enfant et aux soins (cong\u00e9 parental, cong\u00e9 pour les aidants proches, \u00e9cartement obligatoire pour les femmes enceintes, etc.).\u00a0\u00bb<\/em><\/p>\n<p><strong><em>2) Le retour du \u00ab\u00a0bonus pension\u00a0\u00bb<\/em><\/strong><\/p>\n<p>Le bonus pension, qui avait \u00e9t\u00e9 supprim\u00e9 sous le gouvernement Michel, est r\u00e9introduit. Concr\u00e8tement, si le travailleur travaille au-del\u00e0 de la date de sa pension anticip\u00e9e, celui-ci pourra b\u00e9n\u00e9ficier d&rsquo;un bonus qui augmentera progressivement pendant trois ans, jusqu&rsquo;\u00e0 atteindre 22.645 euros. Ce montant, net d&rsquo;imp\u00f4ts et de cotisations, pourra \u00eatre vers\u00e9 en une fois, au moment du d\u00e9part \u00e0 la pension. Cette mesure entrera en vigueur d\u00e8s le 1er janvier 2025.<\/p>\n<p>Pour l\u2019instant, l\u2019\u00e2ge de la pension est fix\u00e9 \u00e0 65 ans. Il sera ensuite \u00e9lev\u00e9 \u00e0 66 ans d\u00e8s le 1er f\u00e9vrier 2025 et 67 ans \u00e0 partir du 1er f\u00e9vrier 2030. Certains travailleurs peuvent cependant pr\u00e9tendre \u00e0 une pension avant l\u2019\u00e2ge l\u00e9gal du d\u00e9part \u00e0 la retraite, \u00e0 condition d\u2019avoir r\u00e9alis\u00e9 une carri\u00e8re compl\u00e8te. Les ann\u00e9es de travail ainsi que certaines p\u00e9riodes d\u2019inactivit\u00e9s (maladie, ch\u00f4mage, etc.), le service militaire ou encore les interruptions de carri\u00e8re peuvent compter pour la dur\u00e9e de carri\u00e8re.<\/p>\n<p><strong><em>3) La p\u00e9r\u00e9quation des pensions des fonctionnaires est rabot\u00e9e.<\/em><\/strong><\/p>\n<p>Le gouvernement s\u2019est \u00e9galement accord\u00e9 pour raboter deux \u00e9l\u00e9ments: au niveau du 1er pilier, on touche \u00e0 la p\u00e9r\u00e9quation (r\u00e9partition \u00e9galitaire de charges ou de moyens) des pensions des fonctionnaires, c\u2019est-\u00e0-dire l\u2019adaptation du montant de ces pensions en fonction de la r\u00e9mun\u00e9ration des fonctionnaires actifs. Cette adaptation sera plafonn\u00e9e \u00e0 0,3 pourcents par an pour en diminuer le co\u00fbt.<br \/>\nAu niveau du 2e pilier, une contribution des plus grosses pensions est sollicit\u00e9e. Il s\u2019agit de ce qu\u2019on appelle \u00ab\u00a0la cotisation Wijninckx\u00a0\u00bb. Cette cotisation sera doubl\u00e9e, elle passera de 3 \u00e0 6%. Cela concerne, selon la ministre des Pensions, environ 3000 personnes.<\/p>\n<p>Toujours selon Karin Lalieux (PS), toutes ces mesures diminuent le co\u00fbt de vieillissement de 0,5% du PIB \u00e0 l\u2019horizon 2070, et l&rsquo;accord permettra donc de satisfaire la Commission europ\u00e9enne, et d&rsquo;obtenir ainsi l&rsquo;argent du plan de relance europ\u00e9en.<\/p>\n<p>Le syndicat socialiste a r\u00e9agi d&#8217;embl\u00e9e \u00e0 l&rsquo;annonce de ces nouvelles mesures : <em>\u00ab\u00a0L&rsquo;accord sur la r\u00e9forme des pensions clarifie enfin les conditions d&rsquo;acc\u00e8s \u00e0 la pension minimum nette de 1500 euros et les contours du nouveau \u00ab bonus pension \u00bb. Mais les agents de la fonction publique paient le prix fort de l\u2019exercice budg\u00e9taire\u2026 Puisque \u00ab\u00a0faire des \u00e9conomies\u00a0\u00bb fut malheureusement l&rsquo;objectif principal de cette r\u00e9forme.<\/em> <em>Il est toujours surprenant que, pour certains, le succ\u00e8s d\u2019une r\u00e9forme se mesure \u00e0 l&rsquo;aune des \u00e9conomies qu\u2019elle permet. En p\u00e9riode de vieillissement, l&rsquo;augmentation des d\u00e9penses en termes de pensions serait pourtant logique.<\/em><br \/>\n<em>Les \u00e9conomies r\u00e9alis\u00e9es sur la p\u00e9r\u00e9quation des pensions publiques (syst\u00e8me qui leur permet de suivre l&rsquo;\u00e9volution des traitements des fonctionnaires actifs) s\u2019\u00e9l\u00e8ve \u00e0 2 milliards d\u2019euros par an. En clair, cela signifie que des fonctionnaires pensionn\u00e9.es depuis un certain temps vont accuser une r\u00e9elle perte de pouvoir d\u2019achat. Et ce, sans aucune concertation sociale pr\u00e9alable! Une fois encore, on am\u00e9liore le sort des uns au d\u00e9triment du sort des autres.\u00a0\u00bb<\/em><\/p>\n<p>La FGTB souligne \u00e9galement les aspects positifs de la r\u00e9forme : <em>\u00ab\u00a0au cours de l&rsquo;\u00e9t\u00e9 2022, le gouvernement f\u00e9d\u00e9ral avait d\u00e9cid\u00e9 de conditionner la pension minimum \u00e0 une condition suppl\u00e9mentaire de 5000 jours de travail effectif (3120 jours pour les travailleurs et travailleuses \u00e0 temps partiel. La FGTB se r\u00e9jouit que les p\u00e9riodes de cong\u00e9s th\u00e9matiques et de ch\u00f4mage temporaire soient d\u00e9sormais comptabilis\u00e9es comme du travail effectif. Toutefois, nous craignons que de nombreuses femmes, \u00e0 faibles revenus, ne soient encore exclues de la pension minimum, par exemple les travailleurs et travailleuses \u00e0 temps partiel.\u00a0\u00bb<\/em><\/p>\n<p>Le syndicat regrette enfin que la p\u00e9nibilit\u00e9 du travail soit la grande absente de cette r\u00e9forme. <em>\u00ab\u00a0La p\u00e9nibilit\u00e9 \u00e9carte toute possibilit\u00e9 de prolonger la carri\u00e8re et donc de profiter d\u2019un quelconque bonus pension. P\u00e9nibilit\u00e9 sur le dos de laquelle il ne serait pas question de faire des \u00e9conomies budg\u00e9taires mais bien de dessiner un cadre adapt\u00e9 pour les fins de carri\u00e8re. P\u00e9nibilit\u00e9 dont il faudra bien parler t\u00f4t ou tard, si le gouvernement veut mener une politique connect\u00e9e au monde du travail.\u00a0\u00bb<\/em><br \/>\n<em>Source: RTBF &#8211; FGTB<\/em><\/p>\n","protected":false},"excerpt":{"rendered":"<p>Le gouvernement s\u2019est accord\u00e9 ce lundi \u00e0 l\u2019aube sur une r\u00e9forme des pensions, comme annonc\u00e9 par la RTBF relayant l&rsquo;intervention du Premier ministre, Alexander De Croo, et de la ministre des Pensions, Karine Lalieux. Un syst\u00e8me de bonus progressif sera [&hellip;]<\/p>\n","protected":false},"author":2,"featured_media":0,"comment_status":"closed","ping_status":"open","sticky":false,"template":"","format":"standard","meta":[],"categories":[65,10],"tags":[3416,621,548],"yoast_head":"<!-- This site is optimized with the Yoast SEO plugin v21.0 - https:\/\/yoast.com\/wordpress\/plugins\/seo\/ -->\n<title>Accord sur la nouvelle r\u00e9forme des pensions: vers une diminution globale du co\u00fbt du vieillissement, sans aborder vraiment les questions de p\u00e9nibilit\u00e9 et d&#039;\u00e9galit\u00e9 des genres. - Peoplesphere<\/title>\n<meta name=\"robots\" content=\"index, follow, max-snippet:-1, max-image-preview:large, max-video-preview:-1\" \/>\n<link rel=\"canonical\" href=\"https:\/\/peoplesphere.be\/fr\/accord-nouvelle-reforme-pensions-vers-diminution-globale-cout-vieillissement-aborder-vraiment-questions-de-penibilite-degalite-genres\/\" \/>\n<meta property=\"og:locale\" content=\"fr_FR\" \/>\n<meta property=\"og:type\" content=\"article\" \/>\n<meta property=\"og:title\" content=\"Accord sur la nouvelle r\u00e9forme des pensions: vers une diminution globale du co\u00fbt du vieillissement, sans aborder vraiment les questions de p\u00e9nibilit\u00e9 et d&#039;\u00e9galit\u00e9 des genres. - Peoplesphere\" \/>\n<meta property=\"og:description\" content=\"Le gouvernement s\u2019est accord\u00e9 ce lundi \u00e0 l\u2019aube sur une r\u00e9forme des pensions, comme annonc\u00e9 par la RTBF relayant l&rsquo;intervention du Premier ministre, Alexander De Croo, et de la ministre des Pensions, Karine Lalieux. Un syst\u00e8me de bonus progressif sera [&hellip;]\" \/>\n<meta property=\"og:url\" content=\"https:\/\/peoplesphere.be\/fr\/accord-nouvelle-reforme-pensions-vers-diminution-globale-cout-vieillissement-aborder-vraiment-questions-de-penibilite-degalite-genres\/\" \/>\n<meta property=\"og:site_name\" content=\"Peoplesphere\" \/>\n<meta property=\"article:publisher\" content=\"https:\/\/www.facebook.com\/peoplesphere\" \/>\n<meta property=\"article:published_time\" content=\"2023-07-11T06:08:37+00:00\" \/>\n<meta property=\"og:image\" content=\"http:\/\/www.peoplesphere.be\/fr\/wp-content\/uploads\/2016\/07\/facebook-default-posting-1200x628px.jpg\" \/>\n<meta name=\"author\" content=\"Jean-Paul Erhard\" \/>\n<meta name=\"twitter:card\" content=\"summary_large_image\" \/>\n<meta name=\"twitter:creator\" content=\"@PeoplesphereMag\" \/>\n<meta name=\"twitter:site\" content=\"@PeoplesphereMag\" \/>\n<meta name=\"twitter:label1\" content=\"\u00c9crit par\" \/>\n\t<meta name=\"twitter:data1\" content=\"Jean-Paul Erhard\" \/>\n\t<meta name=\"twitter:label2\" content=\"Dur\u00e9e de lecture estim\u00e9e\" \/>\n\t<meta name=\"twitter:data2\" content=\"5 minutes\" \/>\n<script type=\"application\/ld+json\" class=\"yoast-schema-graph\">{\"@context\":\"https:\/\/schema.org\",\"@graph\":[{\"@type\":\"Article\",\"@id\":\"https:\/\/peoplesphere.be\/fr\/accord-nouvelle-reforme-pensions-vers-diminution-globale-cout-vieillissement-aborder-vraiment-questions-de-penibilite-degalite-genres\/#article\",\"isPartOf\":{\"@id\":\"https:\/\/peoplesphere.be\/fr\/accord-nouvelle-reforme-pensions-vers-diminution-globale-cout-vieillissement-aborder-vraiment-questions-de-penibilite-degalite-genres\/\"},\"author\":{\"name\":\"Jean-Paul Erhard\",\"@id\":\"https:\/\/peoplesphere.be\/fr\/#\/schema\/person\/7976225ff17988604334abb7b3536a7e\"},\"headline\":\"Accord sur la nouvelle r\u00e9forme des pensions: vers une diminution globale du co\u00fbt du vieillissement, sans aborder vraiment les questions de p\u00e9nibilit\u00e9 et d&rsquo;\u00e9galit\u00e9 des genres.\",\"datePublished\":\"2023-07-11T06:08:37+00:00\",\"dateModified\":\"2023-07-11T06:08:37+00:00\",\"mainEntityOfPage\":{\"@id\":\"https:\/\/peoplesphere.be\/fr\/accord-nouvelle-reforme-pensions-vers-diminution-globale-cout-vieillissement-aborder-vraiment-questions-de-penibilite-degalite-genres\/\"},\"wordCount\":963,\"publisher\":{\"@id\":\"https:\/\/peoplesphere.be\/fr\/#organization\"},\"keywords\":[\"finances publiques\",\"p\u00e9nibilit\u00e9\",\"r\u00e9forme des pensions\"],\"articleSection\":[\"Actualit\u00e9s\",\"Digital\"],\"inLanguage\":\"fr-FR\"},{\"@type\":\"WebPage\",\"@id\":\"https:\/\/peoplesphere.be\/fr\/accord-nouvelle-reforme-pensions-vers-diminution-globale-cout-vieillissement-aborder-vraiment-questions-de-penibilite-degalite-genres\/\",\"url\":\"https:\/\/peoplesphere.be\/fr\/accord-nouvelle-reforme-pensions-vers-diminution-globale-cout-vieillissement-aborder-vraiment-questions-de-penibilite-degalite-genres\/\",\"name\":\"Accord sur la nouvelle r\u00e9forme des pensions: vers une diminution globale du co\u00fbt du vieillissement, sans aborder vraiment les questions de p\u00e9nibilit\u00e9 et d'\u00e9galit\u00e9 des genres. - Peoplesphere\",\"isPartOf\":{\"@id\":\"https:\/\/peoplesphere.be\/fr\/#website\"},\"datePublished\":\"2023-07-11T06:08:37+00:00\",\"dateModified\":\"2023-07-11T06:08:37+00:00\",\"breadcrumb\":{\"@id\":\"https:\/\/peoplesphere.be\/fr\/accord-nouvelle-reforme-pensions-vers-diminution-globale-cout-vieillissement-aborder-vraiment-questions-de-penibilite-degalite-genres\/#breadcrumb\"},\"inLanguage\":\"fr-FR\",\"potentialAction\":[{\"@type\":\"ReadAction\",\"target\":[\"https:\/\/peoplesphere.be\/fr\/accord-nouvelle-reforme-pensions-vers-diminution-globale-cout-vieillissement-aborder-vraiment-questions-de-penibilite-degalite-genres\/\"]}]},{\"@type\":\"BreadcrumbList\",\"@id\":\"https:\/\/peoplesphere.be\/fr\/accord-nouvelle-reforme-pensions-vers-diminution-globale-cout-vieillissement-aborder-vraiment-questions-de-penibilite-degalite-genres\/#breadcrumb\",\"itemListElement\":[{\"@type\":\"ListItem\",\"position\":1,\"name\":\"Accueil\",\"item\":\"https:\/\/peoplesphere.be\/fr\/\"},{\"@type\":\"ListItem\",\"position\":2,\"name\":\"Accord sur la nouvelle r\u00e9forme des pensions: vers une diminution globale du co\u00fbt du vieillissement, sans aborder vraiment les questions de p\u00e9nibilit\u00e9 et d&rsquo;\u00e9galit\u00e9 des genres.\"}]},{\"@type\":\"WebSite\",\"@id\":\"https:\/\/peoplesphere.be\/fr\/#website\",\"url\":\"https:\/\/peoplesphere.be\/fr\/\",\"name\":\"Peoplesphere\",\"description\":\"The People Managers Magazine\",\"publisher\":{\"@id\":\"https:\/\/peoplesphere.be\/fr\/#organization\"},\"potentialAction\":[{\"@type\":\"SearchAction\",\"target\":{\"@type\":\"EntryPoint\",\"urlTemplate\":\"https:\/\/peoplesphere.be\/fr\/?s={search_term_string}\"},\"query-input\":\"required name=search_term_string\"}],\"inLanguage\":\"fr-FR\"},{\"@type\":\"Organization\",\"@id\":\"https:\/\/peoplesphere.be\/fr\/#organization\",\"name\":\"Peoplesphere Company srl\",\"url\":\"https:\/\/peoplesphere.be\/fr\/\",\"logo\":{\"@type\":\"ImageObject\",\"inLanguage\":\"fr-FR\",\"@id\":\"https:\/\/peoplesphere.be\/fr\/#\/schema\/logo\/image\/\",\"url\":\"https:\/\/peoplesphere.be\/fr\/wp-content\/uploads\/2023\/07\/peoplesphere-lgo-new-generik.jpg\",\"contentUrl\":\"https:\/\/peoplesphere.be\/fr\/wp-content\/uploads\/2023\/07\/peoplesphere-lgo-new-generik.jpg\",\"width\":1031,\"height\":1479,\"caption\":\"Peoplesphere Company srl\"},\"image\":{\"@id\":\"https:\/\/peoplesphere.be\/fr\/#\/schema\/logo\/image\/\"},\"sameAs\":[\"https:\/\/www.facebook.com\/peoplesphere\",\"https:\/\/twitter.com\/PeoplesphereMag\",\"https:\/\/www.linkedin.com\/company\/7587361?trk\",\"http:\/\/youtube.com\/peoplesphere\"]},{\"@type\":\"Person\",\"@id\":\"https:\/\/peoplesphere.be\/fr\/#\/schema\/person\/7976225ff17988604334abb7b3536a7e\",\"name\":\"Jean-Paul Erhard\",\"image\":{\"@type\":\"ImageObject\",\"inLanguage\":\"fr-FR\",\"@id\":\"https:\/\/peoplesphere.be\/fr\/#\/schema\/person\/image\/\",\"url\":\"https:\/\/secure.gravatar.com\/avatar\/f941e681460179738071629a51574930?s=96&d=mm&r=g\",\"contentUrl\":\"https:\/\/secure.gravatar.com\/avatar\/f941e681460179738071629a51574930?s=96&d=mm&r=g\",\"caption\":\"Jean-Paul Erhard\"},\"url\":\"https:\/\/peoplesphere.be\/fr\/author\/jpe\/\"}]}<\/script>\n<!-- \/ Yoast SEO plugin. -->","yoast_head_json":{"title":"Accord sur la nouvelle r\u00e9forme des pensions: vers une diminution globale du co\u00fbt du vieillissement, sans aborder vraiment les questions de p\u00e9nibilit\u00e9 et d'\u00e9galit\u00e9 des genres. - Peoplesphere","robots":{"index":"index","follow":"follow","max-snippet":"max-snippet:-1","max-image-preview":"max-image-preview:large","max-video-preview":"max-video-preview:-1"},"canonical":"https:\/\/peoplesphere.be\/fr\/accord-nouvelle-reforme-pensions-vers-diminution-globale-cout-vieillissement-aborder-vraiment-questions-de-penibilite-degalite-genres\/","og_locale":"fr_FR","og_type":"article","og_title":"Accord sur la nouvelle r\u00e9forme des pensions: vers une diminution globale du co\u00fbt du vieillissement, sans aborder vraiment les questions de p\u00e9nibilit\u00e9 et d'\u00e9galit\u00e9 des genres. - Peoplesphere","og_description":"Le gouvernement s\u2019est accord\u00e9 ce lundi \u00e0 l\u2019aube sur une r\u00e9forme des pensions, comme annonc\u00e9 par la RTBF relayant l&rsquo;intervention du Premier ministre, Alexander De Croo, et de la ministre des Pensions, Karine Lalieux. Un syst\u00e8me de bonus progressif sera [&hellip;]","og_url":"https:\/\/peoplesphere.be\/fr\/accord-nouvelle-reforme-pensions-vers-diminution-globale-cout-vieillissement-aborder-vraiment-questions-de-penibilite-degalite-genres\/","og_site_name":"Peoplesphere","article_publisher":"https:\/\/www.facebook.com\/peoplesphere","article_published_time":"2023-07-11T06:08:37+00:00","og_image":[{"url":"http:\/\/www.peoplesphere.be\/fr\/wp-content\/uploads\/2016\/07\/facebook-default-posting-1200x628px.jpg"}],"author":"Jean-Paul Erhard","twitter_card":"summary_large_image","twitter_creator":"@PeoplesphereMag","twitter_site":"@PeoplesphereMag","twitter_misc":{"\u00c9crit par":"Jean-Paul Erhard","Dur\u00e9e de lecture estim\u00e9e":"5 minutes"},"schema":{"@context":"https:\/\/schema.org","@graph":[{"@type":"Article","@id":"https:\/\/peoplesphere.be\/fr\/accord-nouvelle-reforme-pensions-vers-diminution-globale-cout-vieillissement-aborder-vraiment-questions-de-penibilite-degalite-genres\/#article","isPartOf":{"@id":"https:\/\/peoplesphere.be\/fr\/accord-nouvelle-reforme-pensions-vers-diminution-globale-cout-vieillissement-aborder-vraiment-questions-de-penibilite-degalite-genres\/"},"author":{"name":"Jean-Paul Erhard","@id":"https:\/\/peoplesphere.be\/fr\/#\/schema\/person\/7976225ff17988604334abb7b3536a7e"},"headline":"Accord sur la nouvelle r\u00e9forme des pensions: vers une diminution globale du co\u00fbt du vieillissement, sans aborder vraiment les questions de p\u00e9nibilit\u00e9 et d&rsquo;\u00e9galit\u00e9 des genres.","datePublished":"2023-07-11T06:08:37+00:00","dateModified":"2023-07-11T06:08:37+00:00","mainEntityOfPage":{"@id":"https:\/\/peoplesphere.be\/fr\/accord-nouvelle-reforme-pensions-vers-diminution-globale-cout-vieillissement-aborder-vraiment-questions-de-penibilite-degalite-genres\/"},"wordCount":963,"publisher":{"@id":"https:\/\/peoplesphere.be\/fr\/#organization"},"keywords":["finances publiques","p\u00e9nibilit\u00e9","r\u00e9forme des pensions"],"articleSection":["Actualit\u00e9s","Digital"],"inLanguage":"fr-FR"},{"@type":"WebPage","@id":"https:\/\/peoplesphere.be\/fr\/accord-nouvelle-reforme-pensions-vers-diminution-globale-cout-vieillissement-aborder-vraiment-questions-de-penibilite-degalite-genres\/","url":"https:\/\/peoplesphere.be\/fr\/accord-nouvelle-reforme-pensions-vers-diminution-globale-cout-vieillissement-aborder-vraiment-questions-de-penibilite-degalite-genres\/","name":"Accord sur la nouvelle r\u00e9forme des pensions: vers une diminution globale du co\u00fbt du vieillissement, sans aborder vraiment les questions de p\u00e9nibilit\u00e9 et d'\u00e9galit\u00e9 des genres. - Peoplesphere","isPartOf":{"@id":"https:\/\/peoplesphere.be\/fr\/#website"},"datePublished":"2023-07-11T06:08:37+00:00","dateModified":"2023-07-11T06:08:37+00:00","breadcrumb":{"@id":"https:\/\/peoplesphere.be\/fr\/accord-nouvelle-reforme-pensions-vers-diminution-globale-cout-vieillissement-aborder-vraiment-questions-de-penibilite-degalite-genres\/#breadcrumb"},"inLanguage":"fr-FR","potentialAction":[{"@type":"ReadAction","target":["https:\/\/peoplesphere.be\/fr\/accord-nouvelle-reforme-pensions-vers-diminution-globale-cout-vieillissement-aborder-vraiment-questions-de-penibilite-degalite-genres\/"]}]},{"@type":"BreadcrumbList","@id":"https:\/\/peoplesphere.be\/fr\/accord-nouvelle-reforme-pensions-vers-diminution-globale-cout-vieillissement-aborder-vraiment-questions-de-penibilite-degalite-genres\/#breadcrumb","itemListElement":[{"@type":"ListItem","position":1,"name":"Accueil","item":"https:\/\/peoplesphere.be\/fr\/"},{"@type":"ListItem","position":2,"name":"Accord sur la nouvelle r\u00e9forme des pensions: vers une diminution globale du co\u00fbt du vieillissement, sans aborder vraiment les questions de p\u00e9nibilit\u00e9 et d&rsquo;\u00e9galit\u00e9 des genres."}]},{"@type":"WebSite","@id":"https:\/\/peoplesphere.be\/fr\/#website","url":"https:\/\/peoplesphere.be\/fr\/","name":"Peoplesphere","description":"The People Managers Magazine","publisher":{"@id":"https:\/\/peoplesphere.be\/fr\/#organization"},"potentialAction":[{"@type":"SearchAction","target":{"@type":"EntryPoint","urlTemplate":"https:\/\/peoplesphere.be\/fr\/?s={search_term_string}"},"query-input":"required name=search_term_string"}],"inLanguage":"fr-FR"},{"@type":"Organization","@id":"https:\/\/peoplesphere.be\/fr\/#organization","name":"Peoplesphere Company srl","url":"https:\/\/peoplesphere.be\/fr\/","logo":{"@type":"ImageObject","inLanguage":"fr-FR","@id":"https:\/\/peoplesphere.be\/fr\/#\/schema\/logo\/image\/","url":"https:\/\/peoplesphere.be\/fr\/wp-content\/uploads\/2023\/07\/peoplesphere-lgo-new-generik.jpg","contentUrl":"https:\/\/peoplesphere.be\/fr\/wp-content\/uploads\/2023\/07\/peoplesphere-lgo-new-generik.jpg","width":1031,"height":1479,"caption":"Peoplesphere Company srl"},"image":{"@id":"https:\/\/peoplesphere.be\/fr\/#\/schema\/logo\/image\/"},"sameAs":["https:\/\/www.facebook.com\/peoplesphere","https:\/\/twitter.com\/PeoplesphereMag","https:\/\/www.linkedin.com\/company\/7587361?trk","http:\/\/youtube.com\/peoplesphere"]},{"@type":"Person","@id":"https:\/\/peoplesphere.be\/fr\/#\/schema\/person\/7976225ff17988604334abb7b3536a7e","name":"Jean-Paul Erhard","image":{"@type":"ImageObject","inLanguage":"fr-FR","@id":"https:\/\/peoplesphere.be\/fr\/#\/schema\/person\/image\/","url":"https:\/\/secure.gravatar.com\/avatar\/f941e681460179738071629a51574930?s=96&d=mm&r=g","contentUrl":"https:\/\/secure.gravatar.com\/avatar\/f941e681460179738071629a51574930?s=96&d=mm&r=g","caption":"Jean-Paul Erhard"},"url":"https:\/\/peoplesphere.be\/fr\/author\/jpe\/"}]}},"_links":{"self":[{"href":"https:\/\/peoplesphere.be\/fr\/wp-json\/wp\/v2\/posts\/14695"}],"collection":[{"href":"https:\/\/peoplesphere.be\/fr\/wp-json\/wp\/v2\/posts"}],"about":[{"href":"https:\/\/peoplesphere.be\/fr\/wp-json\/wp\/v2\/types\/post"}],"author":[{"embeddable":true,"href":"https:\/\/peoplesphere.be\/fr\/wp-json\/wp\/v2\/users\/2"}],"replies":[{"embeddable":true,"href":"https:\/\/peoplesphere.be\/fr\/wp-json\/wp\/v2\/comments?post=14695"}],"version-history":[{"count":1,"href":"https:\/\/peoplesphere.be\/fr\/wp-json\/wp\/v2\/posts\/14695\/revisions"}],"predecessor-version":[{"id":14696,"href":"https:\/\/peoplesphere.be\/fr\/wp-json\/wp\/v2\/posts\/14695\/revisions\/14696"}],"wp:attachment":[{"href":"https:\/\/peoplesphere.be\/fr\/wp-json\/wp\/v2\/media?parent=14695"}],"wp:term":[{"taxonomy":"category","embeddable":true,"href":"https:\/\/peoplesphere.be\/fr\/wp-json\/wp\/v2\/categories?post=14695"},{"taxonomy":"post_tag","embeddable":true,"href":"https:\/\/peoplesphere.be\/fr\/wp-json\/wp\/v2\/tags?post=14695"}],"curies":[{"name":"wp","href":"https:\/\/api.w.org\/{rel}","templated":true}]}}