









{"id":14714,"date":"2023-07-14T09:30:38","date_gmt":"2023-07-14T07:30:38","guid":{"rendered":"https:\/\/peoplesphere.be\/fr\/?p=14714"},"modified":"2023-07-28T08:41:58","modified_gmt":"2023-07-28T06:41:58","slug":"chomage-wallonie","status":"publish","type":"post","link":"https:\/\/peoplesphere.be\/fr\/chomage-wallonie\/","title":{"rendered":"Ch\u00f4mage en Wallonie : pas d&rsquo;\u00e9volution significative du nombre de demandeurs d&#8217;emploi sur le march\u00e9."},"content":{"rendered":"<p>\u00c0 la fin de ce mois de juin, la Wallonie comptait 207.204 demandeurs d\u2019emploi inoccup\u00e9s (DEI). Ce nombre comprend 115.141 demandeurs d\u2019emploi demandeurs d\u2019allocations (dont 1.253 en Communaut\u00e9 germanophone) et 27.327 jeunes en stage d\u2019insertion professionnelle (dont 119 en Communaut\u00e9 germanophone). S\u2019y ajoutaient 24.995 demandeurs d\u2019emploi inscrits obligatoirement et 39.741 demandeurs d\u2019emploi inscrits librement.<!--more--><\/p>\n<p>Parmi ces 207.204 demandeurs d\u2019emploi inoccup\u00e9s :<\/p>\n<ul>\n<li>52% sont des hommes ;<\/li>\n<li>18% sont \u00e2g\u00e9s de moins de 25 ans, 25 % ont 50 ans et plus ;<\/li>\n<li>43% sont au plus dipl\u00f4m\u00e9s de l\u2019enseignement secondaire du 2e degr\u00e9 ;<\/li>\n<li>20% sont inoccup\u00e9s depuis moins de six mois et 44 % depuis deux ans et plus.<\/li>\n<\/ul>\n<p>Le taux de la demande d\u2019emploi est de 12,8%, ce qui repr\u00e9sente une augmentation de 0,8 point de pourcentage par rapport \u00e0 la m\u00eame p\u00e9riode l\u2019ann\u00e9e pass\u00e9e.<\/p>\n<p>Par rapport \u00e0 la fin du mois de mai, la demande d\u2019emploi a connu une baisse de 0,9%. On d\u00e9nombre ainsi 1.953 personnes de moins en un mois.<\/p>\n<p>\u00c0 un an d\u2019\u00e9cart, la demande d\u2019emploi a connu une hausse de 6,2%. Cela repr\u00e9sente une augmentation de 12.145 personnes \u00e0 un an d\u2019intervalle.<\/p>\n<p>L\u2019analyse de la demande d\u2019emploi entre juin 2022 et juin 2023 sur les plans socio-d\u00e9mographique et administratif est la suivante :<\/p>\n<ul>\n<li>Le nombre de demandeurs d\u2019emploi demandeurs d\u2019allocations par rapport \u00e0 l\u2019an dernier diminue de &#8211; 0,6 %, soit 660 personnes de moins en demande d\u2019allocations qu\u2019\u00e0 fin juin 2022.<\/li>\n<li>La poursuite de la mise en \u0153uvre du d\u00e9cret relatif \u00e0 l\u2019accompagnement orient\u00e9 coaching et solutions des chercheurs d\u2019emploi a entrain\u00e9 une diminution de 18,4 % du nombre de jeunes en stage d\u2019insertion entre la fin des mois de juin 2022 et juin 2023 (6.158 personnes de moins). Les jeunes en stage d\u2019insertion dont la dur\u00e9e d\u2019inscription au Forem est sup\u00e9rieure \u00e0 18 mois cons\u00e9cutifs sont \u00e0 pr\u00e9sent repris dans la cat\u00e9gorie des personnes librement inscrites. Ce basculement d\u2019une cat\u00e9gorie \u00e0 l\u2019autre est sans impact sur le nombre total de demandeurs d\u2019emploi inoccup\u00e9s.<\/li>\n<li>En cons\u00e9quence de cela et en raison du maintien automatique de l\u2019inscription sous cette cat\u00e9gorie depuis le 1er janvier 2022, le nombre de personnes librement inscrites dans la demande d\u2019emploi augmente de 19.613 unit\u00e9s (+ 97,4%).<\/li>\n<li>Les demandeurs d\u2019emploi inscrits obligatoirement ont encore vu leurs effectifs diminuer : 650 personnes de moins \u00e0 un an d\u2019\u00e9cart (- 2,5%).<\/li>\n<\/ul>\n<p><strong><em>Diffusion d\u2019offres d\u2019emploi<\/em><\/strong><\/p>\n<p>Au cours du mois de juin 2023, le Forem a diffus\u00e9 plus de 38.000 offres d\u2019emploi (ce volume ne comprend pas les 8.619 offres \u00e9manant d\u2019autres services publics de l\u2019emploi et relay\u00e9es par le Forem en juin).<\/p>\n<p>Les m\u00e9tiers suivants ont chacun g\u00e9n\u00e9r\u00e9 plus de 500 propositions d\u2019emploi durant le mois (dans l\u2019ordre d\u00e9croissant du nombre d\u2019opportunit\u00e9s diffus\u00e9es en juin) :<\/p>\n<ul>\n<li>Conduite de transport de marchandises (permis C \/ CE) sur longue distance<\/li>\n<li>Op\u00e9rations administratives<\/li>\n<li>Magasinage et pr\u00e9paration de commandes<\/li>\n<li>Promotion des ventes<\/li>\n<li>Maintenance \u00e9lectrique<\/li>\n<li>M\u00e9canique automobile et entretien de v\u00e9hicules<\/li>\n<li>Installation et maintenance \u00e9lectronique<\/li>\n<li>Installation et maintenance d&rsquo;\u00e9quipements industriels et d&rsquo;exploitation<\/li>\n<li>Personnel de cuisine<\/li>\n<li>Nettoyage de locaux et nettoyage industriel<\/li>\n<li>Services d\u2019aide m\u00e9nag\u00e8re \u00e0 domicile<\/li>\n<li>Comptabilit\u00e9<\/li>\n<li>Assistanat en ressources humaines<\/li>\n<li>Soudage manuel<\/li>\n<\/ul>\n<p><em>Source: Forem<\/em><\/p>\n","protected":false},"excerpt":{"rendered":"<p>\u00c0 la fin de ce mois de juin, la Wallonie comptait 207.204 demandeurs d\u2019emploi inoccup\u00e9s (DEI). Ce nombre comprend 115.141 demandeurs d\u2019emploi demandeurs d\u2019allocations (dont 1.253 en Communaut\u00e9 germanophone) et 27.327 jeunes en stage d\u2019insertion professionnelle (dont 119 en Communaut\u00e9 [&hellip;]<\/p>\n","protected":false},"author":2,"featured_media":0,"comment_status":"closed","ping_status":"open","sticky":false,"template":"","format":"standard","meta":[],"categories":[65,10],"tags":[331,703,28],"yoast_head":"<!-- This site is optimized with the Yoast SEO plugin v21.0 - https:\/\/yoast.com\/wordpress\/plugins\/seo\/ -->\n<title>Ch\u00f4mage en Wallonie : pas d&#039;\u00e9volution significative du nombre de demandeurs d&#039;emploi sur le march\u00e9. - Peoplesphere<\/title>\n<meta name=\"robots\" content=\"index, follow, max-snippet:-1, max-image-preview:large, max-video-preview:-1\" \/>\n<link rel=\"canonical\" href=\"https:\/\/peoplesphere.be\/fr\/chomage-wallonie\/\" \/>\n<meta property=\"og:locale\" content=\"fr_FR\" \/>\n<meta property=\"og:type\" content=\"article\" \/>\n<meta property=\"og:title\" content=\"Ch\u00f4mage en Wallonie : pas d&#039;\u00e9volution significative du nombre de demandeurs d&#039;emploi sur le march\u00e9. - Peoplesphere\" \/>\n<meta property=\"og:description\" content=\"\u00c0 la fin de ce mois de juin, la Wallonie comptait 207.204 demandeurs d\u2019emploi inoccup\u00e9s (DEI). Ce nombre comprend 115.141 demandeurs d\u2019emploi demandeurs d\u2019allocations (dont 1.253 en Communaut\u00e9 germanophone) et 27.327 jeunes en stage d\u2019insertion professionnelle (dont 119 en Communaut\u00e9 [&hellip;]\" \/>\n<meta property=\"og:url\" content=\"https:\/\/peoplesphere.be\/fr\/chomage-wallonie\/\" \/>\n<meta property=\"og:site_name\" content=\"Peoplesphere\" \/>\n<meta property=\"article:publisher\" content=\"https:\/\/www.facebook.com\/peoplesphere\" \/>\n<meta property=\"article:published_time\" content=\"2023-07-14T07:30:38+00:00\" \/>\n<meta property=\"article:modified_time\" content=\"2023-07-28T06:41:58+00:00\" \/>\n<meta property=\"og:image\" content=\"http:\/\/www.peoplesphere.be\/fr\/wp-content\/uploads\/2016\/07\/facebook-default-posting-1200x628px.jpg\" \/>\n<meta name=\"author\" content=\"Jean-Paul Erhard\" \/>\n<meta name=\"twitter:card\" content=\"summary_large_image\" \/>\n<meta name=\"twitter:creator\" content=\"@PeoplesphereMag\" \/>\n<meta name=\"twitter:site\" content=\"@PeoplesphereMag\" \/>\n<meta name=\"twitter:label1\" content=\"\u00c9crit par\" \/>\n\t<meta name=\"twitter:data1\" content=\"Jean-Paul Erhard\" \/>\n\t<meta name=\"twitter:label2\" content=\"Dur\u00e9e de lecture estim\u00e9e\" \/>\n\t<meta name=\"twitter:data2\" content=\"3 minutes\" \/>\n<script type=\"application\/ld+json\" class=\"yoast-schema-graph\">{\"@context\":\"https:\/\/schema.org\",\"@graph\":[{\"@type\":\"Article\",\"@id\":\"https:\/\/peoplesphere.be\/fr\/chomage-wallonie\/#article\",\"isPartOf\":{\"@id\":\"https:\/\/peoplesphere.be\/fr\/chomage-wallonie\/\"},\"author\":{\"name\":\"Jean-Paul Erhard\",\"@id\":\"https:\/\/peoplesphere.be\/fr\/#\/schema\/person\/7976225ff17988604334abb7b3536a7e\"},\"headline\":\"Ch\u00f4mage en Wallonie : pas d&rsquo;\u00e9volution significative du nombre de demandeurs d&#8217;emploi sur le march\u00e9.\",\"datePublished\":\"2023-07-14T07:30:38+00:00\",\"dateModified\":\"2023-07-28T06:41:58+00:00\",\"mainEntityOfPage\":{\"@id\":\"https:\/\/peoplesphere.be\/fr\/chomage-wallonie\/\"},\"wordCount\":549,\"publisher\":{\"@id\":\"https:\/\/peoplesphere.be\/fr\/#organization\"},\"keywords\":[\"forem\",\"taux de ch\u00f4mage\",\"Wallonie\"],\"articleSection\":[\"Actualit\u00e9s\",\"Digital\"],\"inLanguage\":\"fr-FR\"},{\"@type\":\"WebPage\",\"@id\":\"https:\/\/peoplesphere.be\/fr\/chomage-wallonie\/\",\"url\":\"https:\/\/peoplesphere.be\/fr\/chomage-wallonie\/\",\"name\":\"Ch\u00f4mage en Wallonie : pas d'\u00e9volution significative du nombre de demandeurs d'emploi sur le march\u00e9. - Peoplesphere\",\"isPartOf\":{\"@id\":\"https:\/\/peoplesphere.be\/fr\/#website\"},\"datePublished\":\"2023-07-14T07:30:38+00:00\",\"dateModified\":\"2023-07-28T06:41:58+00:00\",\"breadcrumb\":{\"@id\":\"https:\/\/peoplesphere.be\/fr\/chomage-wallonie\/#breadcrumb\"},\"inLanguage\":\"fr-FR\",\"potentialAction\":[{\"@type\":\"ReadAction\",\"target\":[\"https:\/\/peoplesphere.be\/fr\/chomage-wallonie\/\"]}]},{\"@type\":\"BreadcrumbList\",\"@id\":\"https:\/\/peoplesphere.be\/fr\/chomage-wallonie\/#breadcrumb\",\"itemListElement\":[{\"@type\":\"ListItem\",\"position\":1,\"name\":\"Accueil\",\"item\":\"https:\/\/peoplesphere.be\/fr\/\"},{\"@type\":\"ListItem\",\"position\":2,\"name\":\"Ch\u00f4mage en Wallonie : pas d&rsquo;\u00e9volution significative du nombre de demandeurs d&#8217;emploi sur le march\u00e9.\"}]},{\"@type\":\"WebSite\",\"@id\":\"https:\/\/peoplesphere.be\/fr\/#website\",\"url\":\"https:\/\/peoplesphere.be\/fr\/\",\"name\":\"Peoplesphere\",\"description\":\"The People Managers Magazine\",\"publisher\":{\"@id\":\"https:\/\/peoplesphere.be\/fr\/#organization\"},\"potentialAction\":[{\"@type\":\"SearchAction\",\"target\":{\"@type\":\"EntryPoint\",\"urlTemplate\":\"https:\/\/peoplesphere.be\/fr\/?s={search_term_string}\"},\"query-input\":\"required name=search_term_string\"}],\"inLanguage\":\"fr-FR\"},{\"@type\":\"Organization\",\"@id\":\"https:\/\/peoplesphere.be\/fr\/#organization\",\"name\":\"Peoplesphere Company srl\",\"url\":\"https:\/\/peoplesphere.be\/fr\/\",\"logo\":{\"@type\":\"ImageObject\",\"inLanguage\":\"fr-FR\",\"@id\":\"https:\/\/peoplesphere.be\/fr\/#\/schema\/logo\/image\/\",\"url\":\"https:\/\/peoplesphere.be\/fr\/wp-content\/uploads\/2023\/07\/peoplesphere-lgo-new-generik.jpg\",\"contentUrl\":\"https:\/\/peoplesphere.be\/fr\/wp-content\/uploads\/2023\/07\/peoplesphere-lgo-new-generik.jpg\",\"width\":1031,\"height\":1479,\"caption\":\"Peoplesphere Company srl\"},\"image\":{\"@id\":\"https:\/\/peoplesphere.be\/fr\/#\/schema\/logo\/image\/\"},\"sameAs\":[\"https:\/\/www.facebook.com\/peoplesphere\",\"https:\/\/twitter.com\/PeoplesphereMag\",\"https:\/\/www.linkedin.com\/company\/7587361?trk\",\"http:\/\/youtube.com\/peoplesphere\"]},{\"@type\":\"Person\",\"@id\":\"https:\/\/peoplesphere.be\/fr\/#\/schema\/person\/7976225ff17988604334abb7b3536a7e\",\"name\":\"Jean-Paul Erhard\",\"image\":{\"@type\":\"ImageObject\",\"inLanguage\":\"fr-FR\",\"@id\":\"https:\/\/peoplesphere.be\/fr\/#\/schema\/person\/image\/\",\"url\":\"https:\/\/secure.gravatar.com\/avatar\/f941e681460179738071629a51574930?s=96&d=mm&r=g\",\"contentUrl\":\"https:\/\/secure.gravatar.com\/avatar\/f941e681460179738071629a51574930?s=96&d=mm&r=g\",\"caption\":\"Jean-Paul Erhard\"},\"url\":\"https:\/\/peoplesphere.be\/fr\/author\/jpe\/\"}]}<\/script>\n<!-- \/ Yoast SEO plugin. -->","yoast_head_json":{"title":"Ch\u00f4mage en Wallonie : pas d'\u00e9volution significative du nombre de demandeurs d'emploi sur le march\u00e9. - Peoplesphere","robots":{"index":"index","follow":"follow","max-snippet":"max-snippet:-1","max-image-preview":"max-image-preview:large","max-video-preview":"max-video-preview:-1"},"canonical":"https:\/\/peoplesphere.be\/fr\/chomage-wallonie\/","og_locale":"fr_FR","og_type":"article","og_title":"Ch\u00f4mage en Wallonie : pas d'\u00e9volution significative du nombre de demandeurs d'emploi sur le march\u00e9. - Peoplesphere","og_description":"\u00c0 la fin de ce mois de juin, la Wallonie comptait 207.204 demandeurs d\u2019emploi inoccup\u00e9s (DEI). Ce nombre comprend 115.141 demandeurs d\u2019emploi demandeurs d\u2019allocations (dont 1.253 en Communaut\u00e9 germanophone) et 27.327 jeunes en stage d\u2019insertion professionnelle (dont 119 en Communaut\u00e9 [&hellip;]","og_url":"https:\/\/peoplesphere.be\/fr\/chomage-wallonie\/","og_site_name":"Peoplesphere","article_publisher":"https:\/\/www.facebook.com\/peoplesphere","article_published_time":"2023-07-14T07:30:38+00:00","article_modified_time":"2023-07-28T06:41:58+00:00","og_image":[{"url":"http:\/\/www.peoplesphere.be\/fr\/wp-content\/uploads\/2016\/07\/facebook-default-posting-1200x628px.jpg"}],"author":"Jean-Paul Erhard","twitter_card":"summary_large_image","twitter_creator":"@PeoplesphereMag","twitter_site":"@PeoplesphereMag","twitter_misc":{"\u00c9crit par":"Jean-Paul Erhard","Dur\u00e9e de lecture estim\u00e9e":"3 minutes"},"schema":{"@context":"https:\/\/schema.org","@graph":[{"@type":"Article","@id":"https:\/\/peoplesphere.be\/fr\/chomage-wallonie\/#article","isPartOf":{"@id":"https:\/\/peoplesphere.be\/fr\/chomage-wallonie\/"},"author":{"name":"Jean-Paul Erhard","@id":"https:\/\/peoplesphere.be\/fr\/#\/schema\/person\/7976225ff17988604334abb7b3536a7e"},"headline":"Ch\u00f4mage en Wallonie : pas d&rsquo;\u00e9volution significative du nombre de demandeurs d&#8217;emploi sur le march\u00e9.","datePublished":"2023-07-14T07:30:38+00:00","dateModified":"2023-07-28T06:41:58+00:00","mainEntityOfPage":{"@id":"https:\/\/peoplesphere.be\/fr\/chomage-wallonie\/"},"wordCount":549,"publisher":{"@id":"https:\/\/peoplesphere.be\/fr\/#organization"},"keywords":["forem","taux de ch\u00f4mage","Wallonie"],"articleSection":["Actualit\u00e9s","Digital"],"inLanguage":"fr-FR"},{"@type":"WebPage","@id":"https:\/\/peoplesphere.be\/fr\/chomage-wallonie\/","url":"https:\/\/peoplesphere.be\/fr\/chomage-wallonie\/","name":"Ch\u00f4mage en Wallonie : pas d'\u00e9volution significative du nombre de demandeurs d'emploi sur le march\u00e9. - Peoplesphere","isPartOf":{"@id":"https:\/\/peoplesphere.be\/fr\/#website"},"datePublished":"2023-07-14T07:30:38+00:00","dateModified":"2023-07-28T06:41:58+00:00","breadcrumb":{"@id":"https:\/\/peoplesphere.be\/fr\/chomage-wallonie\/#breadcrumb"},"inLanguage":"fr-FR","potentialAction":[{"@type":"ReadAction","target":["https:\/\/peoplesphere.be\/fr\/chomage-wallonie\/"]}]},{"@type":"BreadcrumbList","@id":"https:\/\/peoplesphere.be\/fr\/chomage-wallonie\/#breadcrumb","itemListElement":[{"@type":"ListItem","position":1,"name":"Accueil","item":"https:\/\/peoplesphere.be\/fr\/"},{"@type":"ListItem","position":2,"name":"Ch\u00f4mage en Wallonie : pas d&rsquo;\u00e9volution significative du nombre de demandeurs d&#8217;emploi sur le march\u00e9."}]},{"@type":"WebSite","@id":"https:\/\/peoplesphere.be\/fr\/#website","url":"https:\/\/peoplesphere.be\/fr\/","name":"Peoplesphere","description":"The People Managers Magazine","publisher":{"@id":"https:\/\/peoplesphere.be\/fr\/#organization"},"potentialAction":[{"@type":"SearchAction","target":{"@type":"EntryPoint","urlTemplate":"https:\/\/peoplesphere.be\/fr\/?s={search_term_string}"},"query-input":"required name=search_term_string"}],"inLanguage":"fr-FR"},{"@type":"Organization","@id":"https:\/\/peoplesphere.be\/fr\/#organization","name":"Peoplesphere Company srl","url":"https:\/\/peoplesphere.be\/fr\/","logo":{"@type":"ImageObject","inLanguage":"fr-FR","@id":"https:\/\/peoplesphere.be\/fr\/#\/schema\/logo\/image\/","url":"https:\/\/peoplesphere.be\/fr\/wp-content\/uploads\/2023\/07\/peoplesphere-lgo-new-generik.jpg","contentUrl":"https:\/\/peoplesphere.be\/fr\/wp-content\/uploads\/2023\/07\/peoplesphere-lgo-new-generik.jpg","width":1031,"height":1479,"caption":"Peoplesphere Company srl"},"image":{"@id":"https:\/\/peoplesphere.be\/fr\/#\/schema\/logo\/image\/"},"sameAs":["https:\/\/www.facebook.com\/peoplesphere","https:\/\/twitter.com\/PeoplesphereMag","https:\/\/www.linkedin.com\/company\/7587361?trk","http:\/\/youtube.com\/peoplesphere"]},{"@type":"Person","@id":"https:\/\/peoplesphere.be\/fr\/#\/schema\/person\/7976225ff17988604334abb7b3536a7e","name":"Jean-Paul Erhard","image":{"@type":"ImageObject","inLanguage":"fr-FR","@id":"https:\/\/peoplesphere.be\/fr\/#\/schema\/person\/image\/","url":"https:\/\/secure.gravatar.com\/avatar\/f941e681460179738071629a51574930?s=96&d=mm&r=g","contentUrl":"https:\/\/secure.gravatar.com\/avatar\/f941e681460179738071629a51574930?s=96&d=mm&r=g","caption":"Jean-Paul Erhard"},"url":"https:\/\/peoplesphere.be\/fr\/author\/jpe\/"}]}},"_links":{"self":[{"href":"https:\/\/peoplesphere.be\/fr\/wp-json\/wp\/v2\/posts\/14714"}],"collection":[{"href":"https:\/\/peoplesphere.be\/fr\/wp-json\/wp\/v2\/posts"}],"about":[{"href":"https:\/\/peoplesphere.be\/fr\/wp-json\/wp\/v2\/types\/post"}],"author":[{"embeddable":true,"href":"https:\/\/peoplesphere.be\/fr\/wp-json\/wp\/v2\/users\/2"}],"replies":[{"embeddable":true,"href":"https:\/\/peoplesphere.be\/fr\/wp-json\/wp\/v2\/comments?post=14714"}],"version-history":[{"count":1,"href":"https:\/\/peoplesphere.be\/fr\/wp-json\/wp\/v2\/posts\/14714\/revisions"}],"predecessor-version":[{"id":14715,"href":"https:\/\/peoplesphere.be\/fr\/wp-json\/wp\/v2\/posts\/14714\/revisions\/14715"}],"wp:attachment":[{"href":"https:\/\/peoplesphere.be\/fr\/wp-json\/wp\/v2\/media?parent=14714"}],"wp:term":[{"taxonomy":"category","embeddable":true,"href":"https:\/\/peoplesphere.be\/fr\/wp-json\/wp\/v2\/categories?post=14714"},{"taxonomy":"post_tag","embeddable":true,"href":"https:\/\/peoplesphere.be\/fr\/wp-json\/wp\/v2\/tags?post=14714"}],"curies":[{"name":"wp","href":"https:\/\/api.w.org\/{rel}","templated":true}]}}