









{"id":14733,"date":"2023-07-19T13:51:42","date_gmt":"2023-07-19T11:51:42","guid":{"rendered":"https:\/\/peoplesphere.be\/fr\/?p=14733"},"modified":"2023-07-19T13:51:42","modified_gmt":"2023-07-19T11:51:42","slug":"gestion-de-carriere-temps-de-prendre-devants-42-travailleurs-admettent-se-preparer-a-chercher-emploi","status":"publish","type":"post","link":"https:\/\/peoplesphere.be\/fr\/gestion-de-carriere-temps-de-prendre-devants-42-travailleurs-admettent-se-preparer-a-chercher-emploi\/","title":{"rendered":"Gestion de carri\u00e8re: il est temps de prendre les devants. 42% des travailleurs admettent se pr\u00e9parer \u00e0 chercher un autre emploi."},"content":{"rendered":"<p>Alors que l&rsquo;Europe continue d&rsquo;osciller autour de la zone dangereuse de la r\u00e9cession, il semble que les professionnels prennent de plus en plus le devant pour leur carri\u00e8re &#8211; un ph\u00e9nom\u00e8ne appel\u00e9 \u00ab\u00a0career cushioning\u00a0\u00bb. Cette approche strat\u00e9gique consiste \u00e0 prendre des mesures proactives pour se pr\u00e9parer \u00e0 d&rsquo;\u00e9ventuels changements d&#8217;emploi ou \u00e0 des \u00e9volutions du march\u00e9, afin de garantir un sentiment de stabilit\u00e9 et de s\u00e9curit\u00e9 dans sa carri\u00e8re.<!--more--><\/p>\n<p>Un r\u00e9cent sondage r\u00e9alis\u00e9 par le sp\u00e9cialiste du recrutement international Robert Walters met en lumi\u00e8re les strat\u00e9gies et les perspectives adopt\u00e9es par les professionnels pour cr\u00e9er un \u00a0\u00bb amortisseur de carri\u00e8re \u00a0\u00bb au cas o\u00f9 quelque chose tournerait mal dans leur emploi actuel. \u00d6zlem Simsek, managing director chez Robert Walters, nous fait part de son point de vue.<\/p>\n<p><strong><em>Pr\u00e9parer un \u00ab\u00a0plan de carri\u00e8re B\u00a0\u00bb<\/em><\/strong><\/p>\n<p>Alors que 55 % des employ\u00e9s interrog\u00e9s ont exprim\u00e9 leur pr\u00e9f\u00e9rence \u00e0 rester dans leur poste, les turbulences actuelles du march\u00e9 \u00e9conomique affectent clairement le sentiment des travailleurs. Pas moins de 42 % des personnes interrog\u00e9es ont d\u00e9j\u00e0 pris des mesures pour se pr\u00e9parer \u00e0 chercher un autre emploi, une tactique \u00ab\u00a0au cas o\u00f9\u00a0\u00bb.<\/p>\n<p>\u00d6zlem Simsek : <em>\u00ab\u00a0Dans certains secteurs, les salari\u00e9s sont parfaitement conscients des difficult\u00e9s que rencontrent les organisations en raison des conditions \u00e9conomiques \u00e9prouvantes. Si les professionnels de ces secteurs sont inquiets, je leur conseille de se pr\u00e9parer \u00e0 trouver un nouvel emploi le plus t\u00f4t possible. Il n&rsquo;y a pas de mal \u00e0 avoir un plan B.\u00a0\u00bb<\/em><\/p>\n<p><strong><em>Quelle tactique adopter?<\/em><\/strong><\/p>\n<p>Lorsqu&rsquo;on leur demande quel type de tactique les travailleurs adoptent pour prot\u00e9ger leur carri\u00e8re, un professionnel sur trois admet qu&rsquo;il surveille le march\u00e9 de l&#8217;emploi. Gr\u00e2ce \u00e0 cette approche, les travailleurs s&rsquo;assurent de rester inform\u00e9s des opportunit\u00e9s potentielles et des changements sur le march\u00e9 de l&#8217;emploi. En outre, 30% des r\u00e9pondants ont d\u00e9j\u00e0 mis de l&rsquo;ordre dans leur CV, afin de pouvoir agir rapidement lorsqu&rsquo;une opportunit\u00e9 se pr\u00e9sentera.<\/p>\n<p>36% des professionnels interrog\u00e9s d\u00e9clarent avoir intensifi\u00e9 leurs efforts de networking au cours des six derniers mois en raison des turbulences \u00e9conomiques. Le networking joue en effet un r\u00f4le crucial dans l&rsquo;\u00e9tablissement de relations professionnelles, l&rsquo;\u00e9largissement des contacts et l&rsquo;acc\u00e8s potentiel \u00e0 de nouvelles opportunit\u00e9s d&#8217;emploi. En outre, un professionnel sur cinq a fait appel \u00e0 un recruteur pour l&rsquo;aider \u00e0 assurer l&rsquo;avenir de sa carri\u00e8re. \u00d6zlem : <em>\u00ab\u00a0Outre la r\u00e9seautage avec des homologues et des chefs d&rsquo;entreprise, il est \u00e9galement important d&rsquo;\u00eatre ouvert aux approches des recruteurs qui peuvent vous fournir des informations pr\u00e9cieuses sur le march\u00e9 de l&#8217;emploi dans votre r\u00e9gion ou votre secteur d&rsquo;activit\u00e9. Il est donc conseill\u00e9 de se mettre en relation avec des recruteurs sur Linkedin et de s&rsquo;abonner \u00e0 des alertes d&#8217;emploi.\u00a0\u00bb<\/em><\/p>\n<p>L&rsquo;upskilling s&rsquo;av\u00e8re \u00e9galement \u00eatre une tactique populaire pour prendre les devants pour sa carri\u00e8re : pr\u00e8s d&rsquo;un professionnel sur quatre (24%) est en train de revoir son ensemble de comp\u00e9tences et de suivre des formations suppl\u00e9mentaires afin d&rsquo;am\u00e9liorer ses connaissances. Cela sugg\u00e8re que les professionnels reconnaissent l&rsquo;importance d&rsquo;am\u00e9liorer leurs comp\u00e9tences pour rester comp\u00e9titifs et adaptables sur le march\u00e9 du travail.<\/p>\n<p>Enfin, 8% des professionnels ont adopt\u00e9 une activit\u00e9 secondaire comme source de revenus alternative ou comme initiative entrepreneuriale.<\/p>\n<p><strong><em>Ce n\u2019est pas toujours mieux ailleurs<\/em><\/strong><\/p>\n<p>Il est int\u00e9ressant de noter que 20% des professionnels ont admis que leur exploration du march\u00e9 de l&#8217;emploi et l&rsquo;auto-\u00e9valuation de leurs comp\u00e9tences les ont amen\u00e9s \u00e0 d\u00e9couvrir que leur employeur actuel payait mieux que la moyenne du march\u00e9.<\/p>\n<p>\u00d6zlem Simsek ajoute : <em>\u00ab\u00a0Prendre les devants pour sa carri\u00e8re ne doit pas toujours \u00eatre consid\u00e9r\u00e9 comme un \u00e9l\u00e9ment n\u00e9gatif par les employeurs. Dans de nombreux cas, il peut conduire les employ\u00e9s \u00e0 se d\u00e9velopper, \u00e0 \u00eatre plus d\u00e9termin\u00e9s \u00e0 r\u00e9ussir ou \u00e0 s&rsquo;engager davantage dans des activit\u00e9s de networking, apportant ainsi une plus grande valeur ajout\u00e9e \u00e0 l&rsquo;entreprise. Il n&rsquo;est pas garanti que ceux qui prennent les devants partiront. C&rsquo;est un vieil adage, mais les employ\u00e9s qui recherchent des opportunit\u00e9s chez d&rsquo;autres employeurs peuvent souvent se rendre compte que ce n&rsquo;est pas toujours mieux ailleurs\u00a0\u00bb.<\/em><\/p>\n<p><em>Source : Robert Walters<\/em><\/p>\n","protected":false},"excerpt":{"rendered":"<p>Alors que l&rsquo;Europe continue d&rsquo;osciller autour de la zone dangereuse de la r\u00e9cession, il semble que les professionnels prennent de plus en plus le devant pour leur carri\u00e8re &#8211; un ph\u00e9nom\u00e8ne appel\u00e9 \u00ab\u00a0career cushioning\u00a0\u00bb. Cette approche strat\u00e9gique consiste \u00e0 prendre [&hellip;]<\/p>\n","protected":false},"author":2,"featured_media":0,"comment_status":"closed","ping_status":"open","sticky":false,"template":"","format":"standard","meta":[],"categories":[65,10],"tags":[438,787,1379,72],"yoast_head":"<!-- This site is optimized with the Yoast SEO plugin v21.0 - https:\/\/yoast.com\/wordpress\/plugins\/seo\/ -->\n<title>Gestion de carri\u00e8re: il est temps de prendre les devants. 42% des travailleurs admettent se pr\u00e9parer \u00e0 chercher un autre emploi. - Peoplesphere<\/title>\n<meta name=\"robots\" content=\"index, follow, max-snippet:-1, max-image-preview:large, max-video-preview:-1\" \/>\n<link rel=\"canonical\" href=\"https:\/\/peoplesphere.be\/fr\/gestion-de-carriere-temps-de-prendre-devants-42-travailleurs-admettent-se-preparer-a-chercher-emploi\/\" \/>\n<meta property=\"og:locale\" content=\"fr_FR\" \/>\n<meta property=\"og:type\" content=\"article\" \/>\n<meta property=\"og:title\" content=\"Gestion de carri\u00e8re: il est temps de prendre les devants. 42% des travailleurs admettent se pr\u00e9parer \u00e0 chercher un autre emploi. - Peoplesphere\" \/>\n<meta property=\"og:description\" content=\"Alors que l&rsquo;Europe continue d&rsquo;osciller autour de la zone dangereuse de la r\u00e9cession, il semble que les professionnels prennent de plus en plus le devant pour leur carri\u00e8re &#8211; un ph\u00e9nom\u00e8ne appel\u00e9 \u00ab\u00a0career cushioning\u00a0\u00bb. Cette approche strat\u00e9gique consiste \u00e0 prendre [&hellip;]\" \/>\n<meta property=\"og:url\" content=\"https:\/\/peoplesphere.be\/fr\/gestion-de-carriere-temps-de-prendre-devants-42-travailleurs-admettent-se-preparer-a-chercher-emploi\/\" \/>\n<meta property=\"og:site_name\" content=\"Peoplesphere\" \/>\n<meta property=\"article:publisher\" content=\"https:\/\/www.facebook.com\/peoplesphere\" \/>\n<meta property=\"article:published_time\" content=\"2023-07-19T11:51:42+00:00\" \/>\n<meta property=\"og:image\" content=\"http:\/\/www.peoplesphere.be\/fr\/wp-content\/uploads\/2016\/07\/facebook-default-posting-1200x628px.jpg\" \/>\n<meta name=\"author\" content=\"Jean-Paul Erhard\" \/>\n<meta name=\"twitter:card\" content=\"summary_large_image\" \/>\n<meta name=\"twitter:creator\" content=\"@PeoplesphereMag\" \/>\n<meta name=\"twitter:site\" content=\"@PeoplesphereMag\" \/>\n<meta name=\"twitter:label1\" content=\"\u00c9crit par\" \/>\n\t<meta name=\"twitter:data1\" content=\"Jean-Paul Erhard\" \/>\n\t<meta name=\"twitter:label2\" content=\"Dur\u00e9e de lecture estim\u00e9e\" \/>\n\t<meta name=\"twitter:data2\" content=\"4 minutes\" \/>\n<script type=\"application\/ld+json\" class=\"yoast-schema-graph\">{\"@context\":\"https:\/\/schema.org\",\"@graph\":[{\"@type\":\"Article\",\"@id\":\"https:\/\/peoplesphere.be\/fr\/gestion-de-carriere-temps-de-prendre-devants-42-travailleurs-admettent-se-preparer-a-chercher-emploi\/#article\",\"isPartOf\":{\"@id\":\"https:\/\/peoplesphere.be\/fr\/gestion-de-carriere-temps-de-prendre-devants-42-travailleurs-admettent-se-preparer-a-chercher-emploi\/\"},\"author\":{\"name\":\"Jean-Paul Erhard\",\"@id\":\"https:\/\/peoplesphere.be\/fr\/#\/schema\/person\/7976225ff17988604334abb7b3536a7e\"},\"headline\":\"Gestion de carri\u00e8re: il est temps de prendre les devants. 42% des travailleurs admettent se pr\u00e9parer \u00e0 chercher un autre emploi.\",\"datePublished\":\"2023-07-19T11:51:42+00:00\",\"dateModified\":\"2023-07-19T11:51:42+00:00\",\"mainEntityOfPage\":{\"@id\":\"https:\/\/peoplesphere.be\/fr\/gestion-de-carriere-temps-de-prendre-devants-42-travailleurs-admettent-se-preparer-a-chercher-emploi\/\"},\"wordCount\":732,\"publisher\":{\"@id\":\"https:\/\/peoplesphere.be\/fr\/#organization\"},\"keywords\":[\"candidats\",\"gestion de carri\u00e8re\",\"mobilit\u00e9 professionnelle\",\"recrutement\"],\"articleSection\":[\"Actualit\u00e9s\",\"Digital\"],\"inLanguage\":\"fr-FR\"},{\"@type\":\"WebPage\",\"@id\":\"https:\/\/peoplesphere.be\/fr\/gestion-de-carriere-temps-de-prendre-devants-42-travailleurs-admettent-se-preparer-a-chercher-emploi\/\",\"url\":\"https:\/\/peoplesphere.be\/fr\/gestion-de-carriere-temps-de-prendre-devants-42-travailleurs-admettent-se-preparer-a-chercher-emploi\/\",\"name\":\"Gestion de carri\u00e8re: il est temps de prendre les devants. 42% des travailleurs admettent se pr\u00e9parer \u00e0 chercher un autre emploi. - Peoplesphere\",\"isPartOf\":{\"@id\":\"https:\/\/peoplesphere.be\/fr\/#website\"},\"datePublished\":\"2023-07-19T11:51:42+00:00\",\"dateModified\":\"2023-07-19T11:51:42+00:00\",\"breadcrumb\":{\"@id\":\"https:\/\/peoplesphere.be\/fr\/gestion-de-carriere-temps-de-prendre-devants-42-travailleurs-admettent-se-preparer-a-chercher-emploi\/#breadcrumb\"},\"inLanguage\":\"fr-FR\",\"potentialAction\":[{\"@type\":\"ReadAction\",\"target\":[\"https:\/\/peoplesphere.be\/fr\/gestion-de-carriere-temps-de-prendre-devants-42-travailleurs-admettent-se-preparer-a-chercher-emploi\/\"]}]},{\"@type\":\"BreadcrumbList\",\"@id\":\"https:\/\/peoplesphere.be\/fr\/gestion-de-carriere-temps-de-prendre-devants-42-travailleurs-admettent-se-preparer-a-chercher-emploi\/#breadcrumb\",\"itemListElement\":[{\"@type\":\"ListItem\",\"position\":1,\"name\":\"Accueil\",\"item\":\"https:\/\/peoplesphere.be\/fr\/\"},{\"@type\":\"ListItem\",\"position\":2,\"name\":\"Gestion de carri\u00e8re: il est temps de prendre les devants. 42% des travailleurs admettent se pr\u00e9parer \u00e0 chercher un autre emploi.\"}]},{\"@type\":\"WebSite\",\"@id\":\"https:\/\/peoplesphere.be\/fr\/#website\",\"url\":\"https:\/\/peoplesphere.be\/fr\/\",\"name\":\"Peoplesphere\",\"description\":\"The People Managers Magazine\",\"publisher\":{\"@id\":\"https:\/\/peoplesphere.be\/fr\/#organization\"},\"potentialAction\":[{\"@type\":\"SearchAction\",\"target\":{\"@type\":\"EntryPoint\",\"urlTemplate\":\"https:\/\/peoplesphere.be\/fr\/?s={search_term_string}\"},\"query-input\":\"required name=search_term_string\"}],\"inLanguage\":\"fr-FR\"},{\"@type\":\"Organization\",\"@id\":\"https:\/\/peoplesphere.be\/fr\/#organization\",\"name\":\"Peoplesphere Company srl\",\"url\":\"https:\/\/peoplesphere.be\/fr\/\",\"logo\":{\"@type\":\"ImageObject\",\"inLanguage\":\"fr-FR\",\"@id\":\"https:\/\/peoplesphere.be\/fr\/#\/schema\/logo\/image\/\",\"url\":\"https:\/\/peoplesphere.be\/fr\/wp-content\/uploads\/2023\/07\/peoplesphere-lgo-new-generik.jpg\",\"contentUrl\":\"https:\/\/peoplesphere.be\/fr\/wp-content\/uploads\/2023\/07\/peoplesphere-lgo-new-generik.jpg\",\"width\":1031,\"height\":1479,\"caption\":\"Peoplesphere Company srl\"},\"image\":{\"@id\":\"https:\/\/peoplesphere.be\/fr\/#\/schema\/logo\/image\/\"},\"sameAs\":[\"https:\/\/www.facebook.com\/peoplesphere\",\"https:\/\/twitter.com\/PeoplesphereMag\",\"https:\/\/www.linkedin.com\/company\/7587361?trk\",\"http:\/\/youtube.com\/peoplesphere\"]},{\"@type\":\"Person\",\"@id\":\"https:\/\/peoplesphere.be\/fr\/#\/schema\/person\/7976225ff17988604334abb7b3536a7e\",\"name\":\"Jean-Paul Erhard\",\"image\":{\"@type\":\"ImageObject\",\"inLanguage\":\"fr-FR\",\"@id\":\"https:\/\/peoplesphere.be\/fr\/#\/schema\/person\/image\/\",\"url\":\"https:\/\/secure.gravatar.com\/avatar\/f941e681460179738071629a51574930?s=96&d=mm&r=g\",\"contentUrl\":\"https:\/\/secure.gravatar.com\/avatar\/f941e681460179738071629a51574930?s=96&d=mm&r=g\",\"caption\":\"Jean-Paul Erhard\"},\"url\":\"https:\/\/peoplesphere.be\/fr\/author\/jpe\/\"}]}<\/script>\n<!-- \/ Yoast SEO plugin. -->","yoast_head_json":{"title":"Gestion de carri\u00e8re: il est temps de prendre les devants. 42% des travailleurs admettent se pr\u00e9parer \u00e0 chercher un autre emploi. - Peoplesphere","robots":{"index":"index","follow":"follow","max-snippet":"max-snippet:-1","max-image-preview":"max-image-preview:large","max-video-preview":"max-video-preview:-1"},"canonical":"https:\/\/peoplesphere.be\/fr\/gestion-de-carriere-temps-de-prendre-devants-42-travailleurs-admettent-se-preparer-a-chercher-emploi\/","og_locale":"fr_FR","og_type":"article","og_title":"Gestion de carri\u00e8re: il est temps de prendre les devants. 42% des travailleurs admettent se pr\u00e9parer \u00e0 chercher un autre emploi. - Peoplesphere","og_description":"Alors que l&rsquo;Europe continue d&rsquo;osciller autour de la zone dangereuse de la r\u00e9cession, il semble que les professionnels prennent de plus en plus le devant pour leur carri\u00e8re &#8211; un ph\u00e9nom\u00e8ne appel\u00e9 \u00ab\u00a0career cushioning\u00a0\u00bb. Cette approche strat\u00e9gique consiste \u00e0 prendre [&hellip;]","og_url":"https:\/\/peoplesphere.be\/fr\/gestion-de-carriere-temps-de-prendre-devants-42-travailleurs-admettent-se-preparer-a-chercher-emploi\/","og_site_name":"Peoplesphere","article_publisher":"https:\/\/www.facebook.com\/peoplesphere","article_published_time":"2023-07-19T11:51:42+00:00","og_image":[{"url":"http:\/\/www.peoplesphere.be\/fr\/wp-content\/uploads\/2016\/07\/facebook-default-posting-1200x628px.jpg"}],"author":"Jean-Paul Erhard","twitter_card":"summary_large_image","twitter_creator":"@PeoplesphereMag","twitter_site":"@PeoplesphereMag","twitter_misc":{"\u00c9crit par":"Jean-Paul Erhard","Dur\u00e9e de lecture estim\u00e9e":"4 minutes"},"schema":{"@context":"https:\/\/schema.org","@graph":[{"@type":"Article","@id":"https:\/\/peoplesphere.be\/fr\/gestion-de-carriere-temps-de-prendre-devants-42-travailleurs-admettent-se-preparer-a-chercher-emploi\/#article","isPartOf":{"@id":"https:\/\/peoplesphere.be\/fr\/gestion-de-carriere-temps-de-prendre-devants-42-travailleurs-admettent-se-preparer-a-chercher-emploi\/"},"author":{"name":"Jean-Paul Erhard","@id":"https:\/\/peoplesphere.be\/fr\/#\/schema\/person\/7976225ff17988604334abb7b3536a7e"},"headline":"Gestion de carri\u00e8re: il est temps de prendre les devants. 42% des travailleurs admettent se pr\u00e9parer \u00e0 chercher un autre emploi.","datePublished":"2023-07-19T11:51:42+00:00","dateModified":"2023-07-19T11:51:42+00:00","mainEntityOfPage":{"@id":"https:\/\/peoplesphere.be\/fr\/gestion-de-carriere-temps-de-prendre-devants-42-travailleurs-admettent-se-preparer-a-chercher-emploi\/"},"wordCount":732,"publisher":{"@id":"https:\/\/peoplesphere.be\/fr\/#organization"},"keywords":["candidats","gestion de carri\u00e8re","mobilit\u00e9 professionnelle","recrutement"],"articleSection":["Actualit\u00e9s","Digital"],"inLanguage":"fr-FR"},{"@type":"WebPage","@id":"https:\/\/peoplesphere.be\/fr\/gestion-de-carriere-temps-de-prendre-devants-42-travailleurs-admettent-se-preparer-a-chercher-emploi\/","url":"https:\/\/peoplesphere.be\/fr\/gestion-de-carriere-temps-de-prendre-devants-42-travailleurs-admettent-se-preparer-a-chercher-emploi\/","name":"Gestion de carri\u00e8re: il est temps de prendre les devants. 42% des travailleurs admettent se pr\u00e9parer \u00e0 chercher un autre emploi. - Peoplesphere","isPartOf":{"@id":"https:\/\/peoplesphere.be\/fr\/#website"},"datePublished":"2023-07-19T11:51:42+00:00","dateModified":"2023-07-19T11:51:42+00:00","breadcrumb":{"@id":"https:\/\/peoplesphere.be\/fr\/gestion-de-carriere-temps-de-prendre-devants-42-travailleurs-admettent-se-preparer-a-chercher-emploi\/#breadcrumb"},"inLanguage":"fr-FR","potentialAction":[{"@type":"ReadAction","target":["https:\/\/peoplesphere.be\/fr\/gestion-de-carriere-temps-de-prendre-devants-42-travailleurs-admettent-se-preparer-a-chercher-emploi\/"]}]},{"@type":"BreadcrumbList","@id":"https:\/\/peoplesphere.be\/fr\/gestion-de-carriere-temps-de-prendre-devants-42-travailleurs-admettent-se-preparer-a-chercher-emploi\/#breadcrumb","itemListElement":[{"@type":"ListItem","position":1,"name":"Accueil","item":"https:\/\/peoplesphere.be\/fr\/"},{"@type":"ListItem","position":2,"name":"Gestion de carri\u00e8re: il est temps de prendre les devants. 42% des travailleurs admettent se pr\u00e9parer \u00e0 chercher un autre emploi."}]},{"@type":"WebSite","@id":"https:\/\/peoplesphere.be\/fr\/#website","url":"https:\/\/peoplesphere.be\/fr\/","name":"Peoplesphere","description":"The People Managers Magazine","publisher":{"@id":"https:\/\/peoplesphere.be\/fr\/#organization"},"potentialAction":[{"@type":"SearchAction","target":{"@type":"EntryPoint","urlTemplate":"https:\/\/peoplesphere.be\/fr\/?s={search_term_string}"},"query-input":"required name=search_term_string"}],"inLanguage":"fr-FR"},{"@type":"Organization","@id":"https:\/\/peoplesphere.be\/fr\/#organization","name":"Peoplesphere Company srl","url":"https:\/\/peoplesphere.be\/fr\/","logo":{"@type":"ImageObject","inLanguage":"fr-FR","@id":"https:\/\/peoplesphere.be\/fr\/#\/schema\/logo\/image\/","url":"https:\/\/peoplesphere.be\/fr\/wp-content\/uploads\/2023\/07\/peoplesphere-lgo-new-generik.jpg","contentUrl":"https:\/\/peoplesphere.be\/fr\/wp-content\/uploads\/2023\/07\/peoplesphere-lgo-new-generik.jpg","width":1031,"height":1479,"caption":"Peoplesphere Company srl"},"image":{"@id":"https:\/\/peoplesphere.be\/fr\/#\/schema\/logo\/image\/"},"sameAs":["https:\/\/www.facebook.com\/peoplesphere","https:\/\/twitter.com\/PeoplesphereMag","https:\/\/www.linkedin.com\/company\/7587361?trk","http:\/\/youtube.com\/peoplesphere"]},{"@type":"Person","@id":"https:\/\/peoplesphere.be\/fr\/#\/schema\/person\/7976225ff17988604334abb7b3536a7e","name":"Jean-Paul Erhard","image":{"@type":"ImageObject","inLanguage":"fr-FR","@id":"https:\/\/peoplesphere.be\/fr\/#\/schema\/person\/image\/","url":"https:\/\/secure.gravatar.com\/avatar\/f941e681460179738071629a51574930?s=96&d=mm&r=g","contentUrl":"https:\/\/secure.gravatar.com\/avatar\/f941e681460179738071629a51574930?s=96&d=mm&r=g","caption":"Jean-Paul Erhard"},"url":"https:\/\/peoplesphere.be\/fr\/author\/jpe\/"}]}},"_links":{"self":[{"href":"https:\/\/peoplesphere.be\/fr\/wp-json\/wp\/v2\/posts\/14733"}],"collection":[{"href":"https:\/\/peoplesphere.be\/fr\/wp-json\/wp\/v2\/posts"}],"about":[{"href":"https:\/\/peoplesphere.be\/fr\/wp-json\/wp\/v2\/types\/post"}],"author":[{"embeddable":true,"href":"https:\/\/peoplesphere.be\/fr\/wp-json\/wp\/v2\/users\/2"}],"replies":[{"embeddable":true,"href":"https:\/\/peoplesphere.be\/fr\/wp-json\/wp\/v2\/comments?post=14733"}],"version-history":[{"count":1,"href":"https:\/\/peoplesphere.be\/fr\/wp-json\/wp\/v2\/posts\/14733\/revisions"}],"predecessor-version":[{"id":14734,"href":"https:\/\/peoplesphere.be\/fr\/wp-json\/wp\/v2\/posts\/14733\/revisions\/14734"}],"wp:attachment":[{"href":"https:\/\/peoplesphere.be\/fr\/wp-json\/wp\/v2\/media?parent=14733"}],"wp:term":[{"taxonomy":"category","embeddable":true,"href":"https:\/\/peoplesphere.be\/fr\/wp-json\/wp\/v2\/categories?post=14733"},{"taxonomy":"post_tag","embeddable":true,"href":"https:\/\/peoplesphere.be\/fr\/wp-json\/wp\/v2\/tags?post=14733"}],"curies":[{"name":"wp","href":"https:\/\/api.w.org\/{rel}","templated":true}]}}