









{"id":14740,"date":"2023-07-20T10:52:53","date_gmt":"2023-07-20T08:52:53","guid":{"rendered":"https:\/\/peoplesphere.be\/fr\/?p=14740"},"modified":"2023-07-20T10:52:53","modified_gmt":"2023-07-20T08:52:53","slug":"moitie-departs-volontaires-intervient-deux-premieres-annees-sein-de-lentreprise","status":"publish","type":"post","link":"https:\/\/peoplesphere.be\/fr\/moitie-departs-volontaires-intervient-deux-premieres-annees-sein-de-lentreprise\/","title":{"rendered":"La moiti\u00e9 des d\u00e9parts volontaires intervient dans les deux premi\u00e8res ann\u00e9es au sein de l&rsquo;entreprise."},"content":{"rendered":"<p>Dans la moiti\u00e9 des cas, les gens qui d\u00e9missionnent le font dans les deux \u00a0premi\u00e8res ann\u00e9es de service aupr\u00e8s de leur employeur. Trois d\u00e9parts volontaires sur dix se font m\u00eame dans l\u2019ann\u00e9e. Les chiffres sont les plus \u00e9lev\u00e9s dans l\u2019horeca et le secteur de l\u2019int\u00e9rim et des titres-services : plus de quatre d\u00e9parts volontaires sur dix se produisent dans l\u2019ann\u00e9e. Ce sont surtout les jeunes de moins de 25 ans qui partent le plus vite. <!--more--><\/p>\n<p>Pendant les mois d\u2019\u00e9t\u00e9, de nombreux \u00e9tudiants travaillent dans l\u2019horeca, l\u2019un des secteurs o\u00f9 la p\u00e9nurie de main-d\u2019\u0153uvre s\u00e9vit le plus. Cela vient notamment du fait que de nombreux collaborateurs fixes quittent rapidement l\u2019entreprise, comme le r\u00e9v\u00e8le une nouvelle enqu\u00eate d\u2019Acerta. Quatre travailleurs sur dix qui d\u00e9missionnent le font dans l\u2019ann\u00e9e dans l\u2019horeca. 61,8% des d\u00e9parts volontaires se font m\u00eame dans les deux ans. Cela place le secteur en deuxi\u00e8me position au classement des d\u00e9parts volontaires les plus rapides. Seul le secteur de l\u2019int\u00e9rim et des titres-services affiche une part encore plus \u00e9lev\u00e9e des d\u00e9parts volontaires dans les deux ans (69%).<\/p>\n<p><strong><em>Rotation dans tous les secteurs <\/em><\/strong><\/p>\n<p>De m\u00eame, dans tous les secteurs, on voit de nombreux travailleurs changer rapidement d\u2019emploi. Sur l\u2019ensemble des contrats \u00e0 dur\u00e9e ind\u00e9termin\u00e9e r\u00e9sili\u00e9s \u00e0 l\u2019initiative du travailleur ou de commun accord, 3 sur 10 le sont dans la premi\u00e8re ann\u00e9e. La moiti\u00e9 des d\u00e9parts volontaires (48%) se produisent au cours des deux premi\u00e8res ann\u00e9es, trois quarts (75,5%) dans les 5 premi\u00e8res ann\u00e9es.<\/p>\n<p>Beno\u00eet Caufriez, directeur d\u2019Acerta Consult : \u00ab\u00a0<em>Si nous partons du principe qu\u2019il faut jusqu\u2019\u00e0 neuf mois pour qu\u2019une personne soit int\u00e9gr\u00e9e dans l\u2019entreprise et six \u00e0 neuf mois suppl\u00e9mentaires pour qu\u2019elle atteigne sa vitesse de croisi\u00e8re, un recrutement a vite fait de repr\u00e9senter un investissement d\u2019un an et demi. Si l\u2019on ajoute \u00e0 cela le fait que la moiti\u00e9 des d\u00e9parts volontaires se font d\u00e9j\u00e0 dans les deux ans, on comprend qu\u2019il s\u2019agit d\u2019un point d\u2019attention pour de nombreuses entreprises dans ce march\u00e9 du travail en p\u00e9nurie. De nombreuses entreprises peuvent se demander ce qu\u2019est un taux de rotation du personnel sain chez elles. Un taux de rotation aussi bien trop faible que trop \u00e9lev\u00e9 peut repr\u00e9senter un risque pour votre entreprise d\u2019\u00eatre prise au pi\u00e8ge. Par exemple, certains secteurs, entreprises et d\u00e9partements peuvent \u00eatre tr\u00e8s attrayants pour un large public de jeunes dipl\u00f4m\u00e9s, et l\u2019on peut pr\u00e9dire que de nombreux travailleurs partiront rapidement apr\u00e8s une premi\u00e8re exp\u00e9rience professionnelle. La situation est tout autre dans des secteurs, entreprises ou d\u00e9partements qui demandent une expertise sp\u00e9cifique et donc rare, la perspective \u00e9tant d\u00e8s le d\u00e9part plus ax\u00e9e sur le long terme.\u00a0\u00bb<\/em><\/p>\n<p><strong><em>Les jeunes prompts \u00e0 quitter la navire.<\/em><\/strong><\/p>\n<p>Les chiffres montrent \u00e9galement des diff\u00e9rences en fonction de l&rsquo;\u00e2ge. Ce sont surtout les jeunes de moins de 25 ans qui partent le plus vite. Plus de la moiti\u00e9 (53,2%) des moins de 25 ans qui quittent l\u2019entreprise le font dans l\u2019ann\u00e9e. Globalement, m\u00eame dans la tranche la plus \u00e2g\u00e9e, les chiffres restent \u00e9lev\u00e9s : parmi les plus de 55 ans, un quart (23,5%) sont partis dans l\u2019ann\u00e9e et plus de la moiti\u00e9 (53%) dans les cinq ans, ph\u00e9nom\u00e8ne que les entreprises ont int\u00e9r\u00eat \u00e0 anticiper.<\/p>\n<p>Beno\u00eet Caufriez : \u00ab\u00a0<em>Les entreprises qui recrutent en se focalisant sur le pourvoi de postes vacants aujourd\u2019hui, par exemple parce que les besoins sont tr\u00e8s importants, attireront aussi des gens qui ne se concentrent que sur le pr\u00e9sent. Par exemple, parce qu\u2019ils ont besoin d\u2019un revenu \u00e0 court terme. Les entreprises qui recrutent en se focalisant sur le futur attireront plus de personnes au regard davantage tourn\u00e9 vers l\u2019avenir aussi. Et plus int\u00e9ress\u00e9es par des formations et avides d\u2019apprendre. Les entreprises qui souhaitent \u00e9viter autant que possible un d\u00e9part rapide ont tout int\u00e9r\u00eat \u00e0 miser sur l\u2019int\u00e9gration dans une perspective de carri\u00e8res durables. Notamment en cr\u00e9ant de la marge pour l\u2019autonomie, en veillant \u00e0 l\u2019implication et en respectant les comp\u00e9tences individuelles.\u00a0\u00bb<\/em><\/p>\n<p>&nbsp;<\/p>\n<p><em>Source: Acerta &#8211; les donn\u00e9es recueillies se basent sur les donn\u00e9es r\u00e9elles d\u2019un ensemble de 260.000 travailleurs sous contrat \u00e0 dur\u00e9e ind\u00e9termin\u00e9e occup\u00e9s aupr\u00e8s de plus de 40.000 employeurs du secteur priv\u00e9 auquel appartiennent aussi bien des PME que des grandes entreprises. \u200b<\/em><\/p>\n","protected":false},"excerpt":{"rendered":"<p>Dans la moiti\u00e9 des cas, les gens qui d\u00e9missionnent le font dans les deux \u00a0premi\u00e8res ann\u00e9es de service aupr\u00e8s de leur employeur. Trois d\u00e9parts volontaires sur dix se font m\u00eame dans l\u2019ann\u00e9e. Les chiffres sont les plus \u00e9lev\u00e9s dans l\u2019horeca [&hellip;]<\/p>\n","protected":false},"author":2,"featured_media":0,"comment_status":"closed","ping_status":"open","sticky":false,"template":"","format":"standard","meta":[],"categories":[65,10],"tags":[1379,732,299,102],"yoast_head":"<!-- This site is optimized with the Yoast SEO plugin v21.0 - https:\/\/yoast.com\/wordpress\/plugins\/seo\/ -->\n<title>La moiti\u00e9 des d\u00e9parts volontaires intervient dans les deux premi\u00e8res ann\u00e9es au sein de l&#039;entreprise. - Peoplesphere<\/title>\n<meta name=\"robots\" content=\"index, follow, max-snippet:-1, max-image-preview:large, max-video-preview:-1\" \/>\n<link rel=\"canonical\" href=\"https:\/\/peoplesphere.be\/fr\/moitie-departs-volontaires-intervient-deux-premieres-annees-sein-de-lentreprise\/\" \/>\n<meta property=\"og:locale\" content=\"fr_FR\" \/>\n<meta property=\"og:type\" content=\"article\" \/>\n<meta property=\"og:title\" content=\"La moiti\u00e9 des d\u00e9parts volontaires intervient dans les deux premi\u00e8res ann\u00e9es au sein de l&#039;entreprise. - Peoplesphere\" \/>\n<meta property=\"og:description\" content=\"Dans la moiti\u00e9 des cas, les gens qui d\u00e9missionnent le font dans les deux \u00a0premi\u00e8res ann\u00e9es de service aupr\u00e8s de leur employeur. Trois d\u00e9parts volontaires sur dix se font m\u00eame dans l\u2019ann\u00e9e. Les chiffres sont les plus \u00e9lev\u00e9s dans l\u2019horeca [&hellip;]\" \/>\n<meta property=\"og:url\" content=\"https:\/\/peoplesphere.be\/fr\/moitie-departs-volontaires-intervient-deux-premieres-annees-sein-de-lentreprise\/\" \/>\n<meta property=\"og:site_name\" content=\"Peoplesphere\" \/>\n<meta property=\"article:publisher\" content=\"https:\/\/www.facebook.com\/peoplesphere\" \/>\n<meta property=\"article:published_time\" content=\"2023-07-20T08:52:53+00:00\" \/>\n<meta property=\"og:image\" content=\"http:\/\/www.peoplesphere.be\/fr\/wp-content\/uploads\/2016\/07\/facebook-default-posting-1200x628px.jpg\" \/>\n<meta name=\"author\" content=\"Jean-Paul Erhard\" \/>\n<meta name=\"twitter:card\" content=\"summary_large_image\" \/>\n<meta name=\"twitter:creator\" content=\"@PeoplesphereMag\" \/>\n<meta name=\"twitter:site\" content=\"@PeoplesphereMag\" \/>\n<meta name=\"twitter:label1\" content=\"\u00c9crit par\" \/>\n\t<meta name=\"twitter:data1\" content=\"Jean-Paul Erhard\" \/>\n\t<meta name=\"twitter:label2\" content=\"Dur\u00e9e de lecture estim\u00e9e\" \/>\n\t<meta name=\"twitter:data2\" content=\"4 minutes\" \/>\n<script type=\"application\/ld+json\" class=\"yoast-schema-graph\">{\"@context\":\"https:\/\/schema.org\",\"@graph\":[{\"@type\":\"Article\",\"@id\":\"https:\/\/peoplesphere.be\/fr\/moitie-departs-volontaires-intervient-deux-premieres-annees-sein-de-lentreprise\/#article\",\"isPartOf\":{\"@id\":\"https:\/\/peoplesphere.be\/fr\/moitie-departs-volontaires-intervient-deux-premieres-annees-sein-de-lentreprise\/\"},\"author\":{\"name\":\"Jean-Paul Erhard\",\"@id\":\"https:\/\/peoplesphere.be\/fr\/#\/schema\/person\/7976225ff17988604334abb7b3536a7e\"},\"headline\":\"La moiti\u00e9 des d\u00e9parts volontaires intervient dans les deux premi\u00e8res ann\u00e9es au sein de l&rsquo;entreprise.\",\"datePublished\":\"2023-07-20T08:52:53+00:00\",\"dateModified\":\"2023-07-20T08:52:53+00:00\",\"mainEntityOfPage\":{\"@id\":\"https:\/\/peoplesphere.be\/fr\/moitie-departs-volontaires-intervient-deux-premieres-annees-sein-de-lentreprise\/\"},\"wordCount\":812,\"publisher\":{\"@id\":\"https:\/\/peoplesphere.be\/fr\/#organization\"},\"keywords\":[\"mobilit\u00e9 professionnelle\",\"onboarding\",\"r\u00e9tention\",\"rotation\"],\"articleSection\":[\"Actualit\u00e9s\",\"Digital\"],\"inLanguage\":\"fr-FR\"},{\"@type\":\"WebPage\",\"@id\":\"https:\/\/peoplesphere.be\/fr\/moitie-departs-volontaires-intervient-deux-premieres-annees-sein-de-lentreprise\/\",\"url\":\"https:\/\/peoplesphere.be\/fr\/moitie-departs-volontaires-intervient-deux-premieres-annees-sein-de-lentreprise\/\",\"name\":\"La moiti\u00e9 des d\u00e9parts volontaires intervient dans les deux premi\u00e8res ann\u00e9es au sein de l'entreprise. - Peoplesphere\",\"isPartOf\":{\"@id\":\"https:\/\/peoplesphere.be\/fr\/#website\"},\"datePublished\":\"2023-07-20T08:52:53+00:00\",\"dateModified\":\"2023-07-20T08:52:53+00:00\",\"breadcrumb\":{\"@id\":\"https:\/\/peoplesphere.be\/fr\/moitie-departs-volontaires-intervient-deux-premieres-annees-sein-de-lentreprise\/#breadcrumb\"},\"inLanguage\":\"fr-FR\",\"potentialAction\":[{\"@type\":\"ReadAction\",\"target\":[\"https:\/\/peoplesphere.be\/fr\/moitie-departs-volontaires-intervient-deux-premieres-annees-sein-de-lentreprise\/\"]}]},{\"@type\":\"BreadcrumbList\",\"@id\":\"https:\/\/peoplesphere.be\/fr\/moitie-departs-volontaires-intervient-deux-premieres-annees-sein-de-lentreprise\/#breadcrumb\",\"itemListElement\":[{\"@type\":\"ListItem\",\"position\":1,\"name\":\"Accueil\",\"item\":\"https:\/\/peoplesphere.be\/fr\/\"},{\"@type\":\"ListItem\",\"position\":2,\"name\":\"La moiti\u00e9 des d\u00e9parts volontaires intervient dans les deux premi\u00e8res ann\u00e9es au sein de l&rsquo;entreprise.\"}]},{\"@type\":\"WebSite\",\"@id\":\"https:\/\/peoplesphere.be\/fr\/#website\",\"url\":\"https:\/\/peoplesphere.be\/fr\/\",\"name\":\"Peoplesphere\",\"description\":\"The People Managers Magazine\",\"publisher\":{\"@id\":\"https:\/\/peoplesphere.be\/fr\/#organization\"},\"potentialAction\":[{\"@type\":\"SearchAction\",\"target\":{\"@type\":\"EntryPoint\",\"urlTemplate\":\"https:\/\/peoplesphere.be\/fr\/?s={search_term_string}\"},\"query-input\":\"required name=search_term_string\"}],\"inLanguage\":\"fr-FR\"},{\"@type\":\"Organization\",\"@id\":\"https:\/\/peoplesphere.be\/fr\/#organization\",\"name\":\"Peoplesphere Company srl\",\"url\":\"https:\/\/peoplesphere.be\/fr\/\",\"logo\":{\"@type\":\"ImageObject\",\"inLanguage\":\"fr-FR\",\"@id\":\"https:\/\/peoplesphere.be\/fr\/#\/schema\/logo\/image\/\",\"url\":\"https:\/\/peoplesphere.be\/fr\/wp-content\/uploads\/2023\/07\/peoplesphere-lgo-new-generik.jpg\",\"contentUrl\":\"https:\/\/peoplesphere.be\/fr\/wp-content\/uploads\/2023\/07\/peoplesphere-lgo-new-generik.jpg\",\"width\":1031,\"height\":1479,\"caption\":\"Peoplesphere Company srl\"},\"image\":{\"@id\":\"https:\/\/peoplesphere.be\/fr\/#\/schema\/logo\/image\/\"},\"sameAs\":[\"https:\/\/www.facebook.com\/peoplesphere\",\"https:\/\/twitter.com\/PeoplesphereMag\",\"https:\/\/www.linkedin.com\/company\/7587361?trk\",\"http:\/\/youtube.com\/peoplesphere\"]},{\"@type\":\"Person\",\"@id\":\"https:\/\/peoplesphere.be\/fr\/#\/schema\/person\/7976225ff17988604334abb7b3536a7e\",\"name\":\"Jean-Paul Erhard\",\"image\":{\"@type\":\"ImageObject\",\"inLanguage\":\"fr-FR\",\"@id\":\"https:\/\/peoplesphere.be\/fr\/#\/schema\/person\/image\/\",\"url\":\"https:\/\/secure.gravatar.com\/avatar\/f941e681460179738071629a51574930?s=96&d=mm&r=g\",\"contentUrl\":\"https:\/\/secure.gravatar.com\/avatar\/f941e681460179738071629a51574930?s=96&d=mm&r=g\",\"caption\":\"Jean-Paul Erhard\"},\"url\":\"https:\/\/peoplesphere.be\/fr\/author\/jpe\/\"}]}<\/script>\n<!-- \/ Yoast SEO plugin. -->","yoast_head_json":{"title":"La moiti\u00e9 des d\u00e9parts volontaires intervient dans les deux premi\u00e8res ann\u00e9es au sein de l'entreprise. - Peoplesphere","robots":{"index":"index","follow":"follow","max-snippet":"max-snippet:-1","max-image-preview":"max-image-preview:large","max-video-preview":"max-video-preview:-1"},"canonical":"https:\/\/peoplesphere.be\/fr\/moitie-departs-volontaires-intervient-deux-premieres-annees-sein-de-lentreprise\/","og_locale":"fr_FR","og_type":"article","og_title":"La moiti\u00e9 des d\u00e9parts volontaires intervient dans les deux premi\u00e8res ann\u00e9es au sein de l'entreprise. - Peoplesphere","og_description":"Dans la moiti\u00e9 des cas, les gens qui d\u00e9missionnent le font dans les deux \u00a0premi\u00e8res ann\u00e9es de service aupr\u00e8s de leur employeur. Trois d\u00e9parts volontaires sur dix se font m\u00eame dans l\u2019ann\u00e9e. Les chiffres sont les plus \u00e9lev\u00e9s dans l\u2019horeca [&hellip;]","og_url":"https:\/\/peoplesphere.be\/fr\/moitie-departs-volontaires-intervient-deux-premieres-annees-sein-de-lentreprise\/","og_site_name":"Peoplesphere","article_publisher":"https:\/\/www.facebook.com\/peoplesphere","article_published_time":"2023-07-20T08:52:53+00:00","og_image":[{"url":"http:\/\/www.peoplesphere.be\/fr\/wp-content\/uploads\/2016\/07\/facebook-default-posting-1200x628px.jpg"}],"author":"Jean-Paul Erhard","twitter_card":"summary_large_image","twitter_creator":"@PeoplesphereMag","twitter_site":"@PeoplesphereMag","twitter_misc":{"\u00c9crit par":"Jean-Paul Erhard","Dur\u00e9e de lecture estim\u00e9e":"4 minutes"},"schema":{"@context":"https:\/\/schema.org","@graph":[{"@type":"Article","@id":"https:\/\/peoplesphere.be\/fr\/moitie-departs-volontaires-intervient-deux-premieres-annees-sein-de-lentreprise\/#article","isPartOf":{"@id":"https:\/\/peoplesphere.be\/fr\/moitie-departs-volontaires-intervient-deux-premieres-annees-sein-de-lentreprise\/"},"author":{"name":"Jean-Paul Erhard","@id":"https:\/\/peoplesphere.be\/fr\/#\/schema\/person\/7976225ff17988604334abb7b3536a7e"},"headline":"La moiti\u00e9 des d\u00e9parts volontaires intervient dans les deux premi\u00e8res ann\u00e9es au sein de l&rsquo;entreprise.","datePublished":"2023-07-20T08:52:53+00:00","dateModified":"2023-07-20T08:52:53+00:00","mainEntityOfPage":{"@id":"https:\/\/peoplesphere.be\/fr\/moitie-departs-volontaires-intervient-deux-premieres-annees-sein-de-lentreprise\/"},"wordCount":812,"publisher":{"@id":"https:\/\/peoplesphere.be\/fr\/#organization"},"keywords":["mobilit\u00e9 professionnelle","onboarding","r\u00e9tention","rotation"],"articleSection":["Actualit\u00e9s","Digital"],"inLanguage":"fr-FR"},{"@type":"WebPage","@id":"https:\/\/peoplesphere.be\/fr\/moitie-departs-volontaires-intervient-deux-premieres-annees-sein-de-lentreprise\/","url":"https:\/\/peoplesphere.be\/fr\/moitie-departs-volontaires-intervient-deux-premieres-annees-sein-de-lentreprise\/","name":"La moiti\u00e9 des d\u00e9parts volontaires intervient dans les deux premi\u00e8res ann\u00e9es au sein de l'entreprise. - Peoplesphere","isPartOf":{"@id":"https:\/\/peoplesphere.be\/fr\/#website"},"datePublished":"2023-07-20T08:52:53+00:00","dateModified":"2023-07-20T08:52:53+00:00","breadcrumb":{"@id":"https:\/\/peoplesphere.be\/fr\/moitie-departs-volontaires-intervient-deux-premieres-annees-sein-de-lentreprise\/#breadcrumb"},"inLanguage":"fr-FR","potentialAction":[{"@type":"ReadAction","target":["https:\/\/peoplesphere.be\/fr\/moitie-departs-volontaires-intervient-deux-premieres-annees-sein-de-lentreprise\/"]}]},{"@type":"BreadcrumbList","@id":"https:\/\/peoplesphere.be\/fr\/moitie-departs-volontaires-intervient-deux-premieres-annees-sein-de-lentreprise\/#breadcrumb","itemListElement":[{"@type":"ListItem","position":1,"name":"Accueil","item":"https:\/\/peoplesphere.be\/fr\/"},{"@type":"ListItem","position":2,"name":"La moiti\u00e9 des d\u00e9parts volontaires intervient dans les deux premi\u00e8res ann\u00e9es au sein de l&rsquo;entreprise."}]},{"@type":"WebSite","@id":"https:\/\/peoplesphere.be\/fr\/#website","url":"https:\/\/peoplesphere.be\/fr\/","name":"Peoplesphere","description":"The People Managers Magazine","publisher":{"@id":"https:\/\/peoplesphere.be\/fr\/#organization"},"potentialAction":[{"@type":"SearchAction","target":{"@type":"EntryPoint","urlTemplate":"https:\/\/peoplesphere.be\/fr\/?s={search_term_string}"},"query-input":"required name=search_term_string"}],"inLanguage":"fr-FR"},{"@type":"Organization","@id":"https:\/\/peoplesphere.be\/fr\/#organization","name":"Peoplesphere Company srl","url":"https:\/\/peoplesphere.be\/fr\/","logo":{"@type":"ImageObject","inLanguage":"fr-FR","@id":"https:\/\/peoplesphere.be\/fr\/#\/schema\/logo\/image\/","url":"https:\/\/peoplesphere.be\/fr\/wp-content\/uploads\/2023\/07\/peoplesphere-lgo-new-generik.jpg","contentUrl":"https:\/\/peoplesphere.be\/fr\/wp-content\/uploads\/2023\/07\/peoplesphere-lgo-new-generik.jpg","width":1031,"height":1479,"caption":"Peoplesphere Company srl"},"image":{"@id":"https:\/\/peoplesphere.be\/fr\/#\/schema\/logo\/image\/"},"sameAs":["https:\/\/www.facebook.com\/peoplesphere","https:\/\/twitter.com\/PeoplesphereMag","https:\/\/www.linkedin.com\/company\/7587361?trk","http:\/\/youtube.com\/peoplesphere"]},{"@type":"Person","@id":"https:\/\/peoplesphere.be\/fr\/#\/schema\/person\/7976225ff17988604334abb7b3536a7e","name":"Jean-Paul Erhard","image":{"@type":"ImageObject","inLanguage":"fr-FR","@id":"https:\/\/peoplesphere.be\/fr\/#\/schema\/person\/image\/","url":"https:\/\/secure.gravatar.com\/avatar\/f941e681460179738071629a51574930?s=96&d=mm&r=g","contentUrl":"https:\/\/secure.gravatar.com\/avatar\/f941e681460179738071629a51574930?s=96&d=mm&r=g","caption":"Jean-Paul Erhard"},"url":"https:\/\/peoplesphere.be\/fr\/author\/jpe\/"}]}},"_links":{"self":[{"href":"https:\/\/peoplesphere.be\/fr\/wp-json\/wp\/v2\/posts\/14740"}],"collection":[{"href":"https:\/\/peoplesphere.be\/fr\/wp-json\/wp\/v2\/posts"}],"about":[{"href":"https:\/\/peoplesphere.be\/fr\/wp-json\/wp\/v2\/types\/post"}],"author":[{"embeddable":true,"href":"https:\/\/peoplesphere.be\/fr\/wp-json\/wp\/v2\/users\/2"}],"replies":[{"embeddable":true,"href":"https:\/\/peoplesphere.be\/fr\/wp-json\/wp\/v2\/comments?post=14740"}],"version-history":[{"count":1,"href":"https:\/\/peoplesphere.be\/fr\/wp-json\/wp\/v2\/posts\/14740\/revisions"}],"predecessor-version":[{"id":14741,"href":"https:\/\/peoplesphere.be\/fr\/wp-json\/wp\/v2\/posts\/14740\/revisions\/14741"}],"wp:attachment":[{"href":"https:\/\/peoplesphere.be\/fr\/wp-json\/wp\/v2\/media?parent=14740"}],"wp:term":[{"taxonomy":"category","embeddable":true,"href":"https:\/\/peoplesphere.be\/fr\/wp-json\/wp\/v2\/categories?post=14740"},{"taxonomy":"post_tag","embeddable":true,"href":"https:\/\/peoplesphere.be\/fr\/wp-json\/wp\/v2\/tags?post=14740"}],"curies":[{"name":"wp","href":"https:\/\/api.w.org\/{rel}","templated":true}]}}