









{"id":14758,"date":"2023-07-26T08:25:51","date_gmt":"2023-07-26T06:25:51","guid":{"rendered":"https:\/\/peoplesphere.be\/fr\/?p=14758"},"modified":"2023-07-26T08:25:51","modified_gmt":"2023-07-26T06:25:51","slug":"avantages-extra-legaux-se-generalisent-pme-travailleurs-ny-ont-possibilite-de-faire-choix","status":"publish","type":"post","link":"https:\/\/peoplesphere.be\/fr\/avantages-extra-legaux-se-generalisent-pme-travailleurs-ny-ont-possibilite-de-faire-choix\/","title":{"rendered":"Les avantages extra-l\u00e9gaux se g\u00e9n\u00e9ralisent dans les PME mais les travailleurs n&rsquo;y ont pas encore la possibilit\u00e9 de faire leur choix."},"content":{"rendered":"<p>Si les PME sont de plus en plus nombreuses \u00e0 offrir des avantages extral\u00e9gaux, les travailleurs de trois PME sur quatre ne sont pas encore en mesure de choisir ceux dont ils souhaitent b\u00e9n\u00e9ficier. Les ch\u00e8ques-repas, les \u00e9coch\u00e8ques et les formations sont les avantages les plus fr\u00e9quemment accord\u00e9s dans les PME belges. Autre observation : les PME \u00e9valuent de plus en plus le bien-\u00eatre mental de leurs travailleurs. <!--more--><\/p>\n<p>Les travailleurs de notre pays sont de plus en plus nombreux \u00e0 pouvoir choisir les avantages extral\u00e9gaux qui composent leur package salarial flexible. C\u2019est \u00e9galement le cas dans les PME : 90% des petites et moyennes entreprises offrent des avantages extral\u00e9gaux \u00e0 leurs collaborateurs. Or, ces types de r\u00e9mun\u00e9ration ne r\u00e9pondent souvent pas aux besoins individuels des travailleurs. La majorit\u00e9 des PME (75%) n\u2019offrent pas encore d\u2019avantages extral\u00e9gaux individuels. Tout le monde b\u00e9n\u00e9ficie des m\u00eames avantages, telle est la r\u00e8gle qui est donc appliqu\u00e9e. Les PME belges reconnaissent pourtant dans le barom\u00e8tre semestriel des PME d\u2019Acerta, ETION et VKW Limburg que la r\u00e9mun\u00e9ration et les perspectives de carri\u00e8re sont les deux facteurs principaux qui peuvent inciter leurs collaborateurs \u00e0 quitter l\u2019entreprise.<\/p>\n<p>Beno\u00eet Caufriez, directeur d\u2019Acerta Consult, indique : \u00ab\u00a0<em>Avec la p\u00e9nurie de main-d\u2019\u0153uvre qui persiste, tout d\u00e9part volontaire dans une PME est un d\u00e9part de trop. Les facteurs tels que la r\u00e9mun\u00e9ration et les perspectives de carri\u00e8re sont donc plus importants que jamais. Or, nous constatons que les PME ne jouent pas encore assez cette carte. Les petites et moyennes entreprises sont encore trop peu nombreuses \u00e0 offrir une r\u00e9mun\u00e9ration individuelle. Plus l\u2019ensemble du package salarial profite au collaborateur et \u00e0 sa progression, plus il l\u2019appr\u00e9ciera et plus le retour sur investissement sera important. Un collaborateur qui se sent appr\u00e9ci\u00e9 individuellement sera, de fait, moins enclin \u00e0 partir.\u00a0\u00bb<\/em><\/p>\n<p><strong><em>Les formations dans les PME rejoignent le top 3<\/em><\/strong><\/p>\n<p>En mati\u00e8re d\u2019avantages extral\u00e9gaux, les travailleurs des PME re\u00e7oivent g\u00e9n\u00e9ralement des ch\u00e8ques-repas (60%). Les \u00e9coch\u00e8ques sont \u00e9galement populaires (60%). Les formations gagnent elles aussi du terrain. Dans pr\u00e8s de la moiti\u00e9 des PME (49%), les travailleurs voient leurs formations pay\u00e9es ou rembours\u00e9es par leur employeur. Les formations rejoignent ainsi le top 3 des avantages extral\u00e9gaux les plus appr\u00e9ci\u00e9s dans les petites et moyennes entreprises.<\/p>\n<p>Beno\u00eet Caufriez explique : <em>\u00ab\u00a0Un bon avantage extral\u00e9gal, c\u2019est un avantage qui \u00e0 la fois est appr\u00e9ci\u00e9 par le travailleur et qui ne repr\u00e9sente pas un co\u00fbt suppl\u00e9mentaire ni une charge administrative trop importante pour l\u2019employeur. Si le plan caf\u00e9t\u00e9ria est devenu un classique en termes de concept, il n\u2019est visiblement pas encore devenu une \u00e9vidence parmi les PME, car seules 7% d\u2019entre elles le proposent \u00e0 leurs travailleurs. La mise en place de cette solution n\u00e9cessite certes quelques conseils au d\u00e9marrage, mais elle est relativement facile pour les PME. D\u2019un autre c\u00f4t\u00e9, les PME valorisent grandement le r\u00f4le des formations, qui se classent au troisi\u00e8me rang des avantages extral\u00e9gaux les plus accord\u00e9s. Les carri\u00e8res d\u2019aujourd\u2019hui ne sont plus aussi lisses qu\u2019auparavant : les techniques, les mat\u00e9riaux, les mati\u00e8res premi\u00e8res, les conditions et les t\u00e2ches \u00e9voluent. Il est donc important que les petites entreprises mettent tout en \u0153uvre pour favoriser l\u2019employabilit\u00e9 durable de leurs collaborateurs.\u00a0\u00bb<\/em><\/p>\n<p><strong><em>Le bien-\u00eatre au travail, une pr\u00e9occupation \u00e9videmment partag\u00e9e par les PME<\/em><\/strong><\/p>\n<p>Que mettent en place les PME pour favoriser le bien-\u00eatre au travail? Un employeur de PME sur trois interroge explicitement ses collaborateurs sur ce sujet. Et 87% des employeurs de PME indiquent qu\u2019ils interviendront si la charge de travail devient trop importante.<\/p>\n<p>Beno\u00eet Caufriez ajoute : <em>\u00ab\u00a0Dans les petites et moyennes entreprises, la distance entre les collaborateurs est g\u00e9n\u00e9ralement plus courte que dans les grandes entreprises. Les PME ne devraient cependant pas se contenter d\u2019imaginer qu\u2019elles sont bien loties en termes de bien-\u00eatre. Les mesures pr\u00e9ventives jouent un r\u00f4le crucial \u00e0 cet \u00e9gard. L\u2019enqu\u00eate men\u00e9e aupr\u00e8s des PME a par exemple r\u00e9v\u00e9l\u00e9 que si la charge de travail devenait trop importante, elles envisageraient de redistribuer les t\u00e2ches\/r\u00f4les. Pourquoi ne pas profiter de cette occasion pour permettre aux collaborateurs de s\u2019acquitter eux-m\u00eames d\u2019une partie des t\u00e2ches \u00e0 remplir et\/ou pour favoriser la mobilit\u00e9 interne\u2009? Autre point : m\u00eame si la r\u00e9mun\u00e9ration est traditionnellement li\u00e9e aux prestations, voire \u00e0 l\u2019anciennet\u00e9, elle l\u2019est encore trop souvent aujourd\u2019hui. Or, au vu des tensions qui r\u00e8gnent sur le march\u00e9 de l\u2019emploi, une r\u00e9mun\u00e9ration li\u00e9e \u00e9galement \u00e0 la capacit\u00e9 d\u2019apprentissage et aux comp\u00e9tences des travailleurs peut \u00eatre un v\u00e9ritable atout. Bien que ce type de r\u00e9mun\u00e9rations ait \u00e9t\u00e9 commun\u00e9ment r\u00e9serv\u00e9 aux grandes organisations, il n\u2019y a pas de raison que les PME ne puissent pas elles aussi l\u2019utiliser pour remporter la guerre des talents.\u00a0\u00bb<\/em><\/p>\n<p>&nbsp;<\/p>\n<p><em>Source: ces donn\u00e9es sont issues du barom\u00e8tre des PME r\u00e9alis\u00e9 par Acerta, en collaboration avec les organisations patronales ETION et VKW Limburg, deux fois par an aupr\u00e8s des employeurs de PME (moins de 100 travailleurs). Cette \u00e9dition du mois de mai 2023 a enregistr\u00e9 la participation de 527 PME. \u200b \u200b<\/em><\/p>\n","protected":false},"excerpt":{"rendered":"<p>Si les PME sont de plus en plus nombreuses \u00e0 offrir des avantages extral\u00e9gaux, les travailleurs de trois PME sur quatre ne sont pas encore en mesure de choisir ceux dont ils souhaitent b\u00e9n\u00e9ficier. Les ch\u00e8ques-repas, les \u00e9coch\u00e8ques et les [&hellip;]<\/p>\n","protected":false},"author":2,"featured_media":0,"comment_status":"closed","ping_status":"open","sticky":false,"template":"","format":"standard","meta":[],"categories":[65,10],"tags":[562,48,443,30],"yoast_head":"<!-- This site is optimized with the Yoast SEO plugin v21.0 - https:\/\/yoast.com\/wordpress\/plugins\/seo\/ -->\n<title>Les avantages extra-l\u00e9gaux se g\u00e9n\u00e9ralisent dans les PME mais les travailleurs n&#039;y ont pas encore la possibilit\u00e9 de faire leur choix. - Peoplesphere<\/title>\n<meta name=\"robots\" content=\"index, follow, max-snippet:-1, max-image-preview:large, max-video-preview:-1\" \/>\n<link rel=\"canonical\" href=\"https:\/\/peoplesphere.be\/fr\/avantages-extra-legaux-se-generalisent-pme-travailleurs-ny-ont-possibilite-de-faire-choix\/\" \/>\n<meta property=\"og:locale\" content=\"fr_FR\" \/>\n<meta property=\"og:type\" content=\"article\" \/>\n<meta property=\"og:title\" content=\"Les avantages extra-l\u00e9gaux se g\u00e9n\u00e9ralisent dans les PME mais les travailleurs n&#039;y ont pas encore la possibilit\u00e9 de faire leur choix. - Peoplesphere\" \/>\n<meta property=\"og:description\" content=\"Si les PME sont de plus en plus nombreuses \u00e0 offrir des avantages extral\u00e9gaux, les travailleurs de trois PME sur quatre ne sont pas encore en mesure de choisir ceux dont ils souhaitent b\u00e9n\u00e9ficier. Les ch\u00e8ques-repas, les \u00e9coch\u00e8ques et les [&hellip;]\" \/>\n<meta property=\"og:url\" content=\"https:\/\/peoplesphere.be\/fr\/avantages-extra-legaux-se-generalisent-pme-travailleurs-ny-ont-possibilite-de-faire-choix\/\" \/>\n<meta property=\"og:site_name\" content=\"Peoplesphere\" \/>\n<meta property=\"article:publisher\" content=\"https:\/\/www.facebook.com\/peoplesphere\" \/>\n<meta property=\"article:published_time\" content=\"2023-07-26T06:25:51+00:00\" \/>\n<meta property=\"og:image\" content=\"http:\/\/www.peoplesphere.be\/fr\/wp-content\/uploads\/2016\/07\/facebook-default-posting-1200x628px.jpg\" \/>\n<meta name=\"author\" content=\"Jean-Paul Erhard\" \/>\n<meta name=\"twitter:card\" content=\"summary_large_image\" \/>\n<meta name=\"twitter:creator\" content=\"@PeoplesphereMag\" \/>\n<meta name=\"twitter:site\" content=\"@PeoplesphereMag\" \/>\n<meta name=\"twitter:label1\" content=\"\u00c9crit par\" \/>\n\t<meta name=\"twitter:data1\" content=\"Jean-Paul Erhard\" \/>\n\t<meta name=\"twitter:label2\" content=\"Dur\u00e9e de lecture estim\u00e9e\" \/>\n\t<meta name=\"twitter:data2\" content=\"5 minutes\" \/>\n<script type=\"application\/ld+json\" class=\"yoast-schema-graph\">{\"@context\":\"https:\/\/schema.org\",\"@graph\":[{\"@type\":\"Article\",\"@id\":\"https:\/\/peoplesphere.be\/fr\/avantages-extra-legaux-se-generalisent-pme-travailleurs-ny-ont-possibilite-de-faire-choix\/#article\",\"isPartOf\":{\"@id\":\"https:\/\/peoplesphere.be\/fr\/avantages-extra-legaux-se-generalisent-pme-travailleurs-ny-ont-possibilite-de-faire-choix\/\"},\"author\":{\"name\":\"Jean-Paul Erhard\",\"@id\":\"https:\/\/peoplesphere.be\/fr\/#\/schema\/person\/7976225ff17988604334abb7b3536a7e\"},\"headline\":\"Les avantages extra-l\u00e9gaux se g\u00e9n\u00e9ralisent dans les PME mais les travailleurs n&rsquo;y ont pas encore la possibilit\u00e9 de faire leur choix.\",\"datePublished\":\"2023-07-26T06:25:51+00:00\",\"dateModified\":\"2023-07-26T06:25:51+00:00\",\"mainEntityOfPage\":{\"@id\":\"https:\/\/peoplesphere.be\/fr\/avantages-extra-legaux-se-generalisent-pme-travailleurs-ny-ont-possibilite-de-faire-choix\/\"},\"wordCount\":943,\"publisher\":{\"@id\":\"https:\/\/peoplesphere.be\/fr\/#organization\"},\"keywords\":[\"avantages extra-l\u00e9gaux\",\"Formation\",\"package salarial\",\"r\u00e9mun\u00e9ration\"],\"articleSection\":[\"Actualit\u00e9s\",\"Digital\"],\"inLanguage\":\"fr-FR\"},{\"@type\":\"WebPage\",\"@id\":\"https:\/\/peoplesphere.be\/fr\/avantages-extra-legaux-se-generalisent-pme-travailleurs-ny-ont-possibilite-de-faire-choix\/\",\"url\":\"https:\/\/peoplesphere.be\/fr\/avantages-extra-legaux-se-generalisent-pme-travailleurs-ny-ont-possibilite-de-faire-choix\/\",\"name\":\"Les avantages extra-l\u00e9gaux se g\u00e9n\u00e9ralisent dans les PME mais les travailleurs n'y ont pas encore la possibilit\u00e9 de faire leur choix. - Peoplesphere\",\"isPartOf\":{\"@id\":\"https:\/\/peoplesphere.be\/fr\/#website\"},\"datePublished\":\"2023-07-26T06:25:51+00:00\",\"dateModified\":\"2023-07-26T06:25:51+00:00\",\"breadcrumb\":{\"@id\":\"https:\/\/peoplesphere.be\/fr\/avantages-extra-legaux-se-generalisent-pme-travailleurs-ny-ont-possibilite-de-faire-choix\/#breadcrumb\"},\"inLanguage\":\"fr-FR\",\"potentialAction\":[{\"@type\":\"ReadAction\",\"target\":[\"https:\/\/peoplesphere.be\/fr\/avantages-extra-legaux-se-generalisent-pme-travailleurs-ny-ont-possibilite-de-faire-choix\/\"]}]},{\"@type\":\"BreadcrumbList\",\"@id\":\"https:\/\/peoplesphere.be\/fr\/avantages-extra-legaux-se-generalisent-pme-travailleurs-ny-ont-possibilite-de-faire-choix\/#breadcrumb\",\"itemListElement\":[{\"@type\":\"ListItem\",\"position\":1,\"name\":\"Accueil\",\"item\":\"https:\/\/peoplesphere.be\/fr\/\"},{\"@type\":\"ListItem\",\"position\":2,\"name\":\"Les avantages extra-l\u00e9gaux se g\u00e9n\u00e9ralisent dans les PME mais les travailleurs n&rsquo;y ont pas encore la possibilit\u00e9 de faire leur choix.\"}]},{\"@type\":\"WebSite\",\"@id\":\"https:\/\/peoplesphere.be\/fr\/#website\",\"url\":\"https:\/\/peoplesphere.be\/fr\/\",\"name\":\"Peoplesphere\",\"description\":\"The People Managers Magazine\",\"publisher\":{\"@id\":\"https:\/\/peoplesphere.be\/fr\/#organization\"},\"potentialAction\":[{\"@type\":\"SearchAction\",\"target\":{\"@type\":\"EntryPoint\",\"urlTemplate\":\"https:\/\/peoplesphere.be\/fr\/?s={search_term_string}\"},\"query-input\":\"required name=search_term_string\"}],\"inLanguage\":\"fr-FR\"},{\"@type\":\"Organization\",\"@id\":\"https:\/\/peoplesphere.be\/fr\/#organization\",\"name\":\"Peoplesphere Company srl\",\"url\":\"https:\/\/peoplesphere.be\/fr\/\",\"logo\":{\"@type\":\"ImageObject\",\"inLanguage\":\"fr-FR\",\"@id\":\"https:\/\/peoplesphere.be\/fr\/#\/schema\/logo\/image\/\",\"url\":\"https:\/\/peoplesphere.be\/fr\/wp-content\/uploads\/2023\/07\/peoplesphere-lgo-new-generik.jpg\",\"contentUrl\":\"https:\/\/peoplesphere.be\/fr\/wp-content\/uploads\/2023\/07\/peoplesphere-lgo-new-generik.jpg\",\"width\":1031,\"height\":1479,\"caption\":\"Peoplesphere Company srl\"},\"image\":{\"@id\":\"https:\/\/peoplesphere.be\/fr\/#\/schema\/logo\/image\/\"},\"sameAs\":[\"https:\/\/www.facebook.com\/peoplesphere\",\"https:\/\/twitter.com\/PeoplesphereMag\",\"https:\/\/www.linkedin.com\/company\/7587361?trk\",\"http:\/\/youtube.com\/peoplesphere\"]},{\"@type\":\"Person\",\"@id\":\"https:\/\/peoplesphere.be\/fr\/#\/schema\/person\/7976225ff17988604334abb7b3536a7e\",\"name\":\"Jean-Paul Erhard\",\"image\":{\"@type\":\"ImageObject\",\"inLanguage\":\"fr-FR\",\"@id\":\"https:\/\/peoplesphere.be\/fr\/#\/schema\/person\/image\/\",\"url\":\"https:\/\/secure.gravatar.com\/avatar\/f941e681460179738071629a51574930?s=96&d=mm&r=g\",\"contentUrl\":\"https:\/\/secure.gravatar.com\/avatar\/f941e681460179738071629a51574930?s=96&d=mm&r=g\",\"caption\":\"Jean-Paul Erhard\"},\"url\":\"https:\/\/peoplesphere.be\/fr\/author\/jpe\/\"}]}<\/script>\n<!-- \/ Yoast SEO plugin. -->","yoast_head_json":{"title":"Les avantages extra-l\u00e9gaux se g\u00e9n\u00e9ralisent dans les PME mais les travailleurs n'y ont pas encore la possibilit\u00e9 de faire leur choix. - Peoplesphere","robots":{"index":"index","follow":"follow","max-snippet":"max-snippet:-1","max-image-preview":"max-image-preview:large","max-video-preview":"max-video-preview:-1"},"canonical":"https:\/\/peoplesphere.be\/fr\/avantages-extra-legaux-se-generalisent-pme-travailleurs-ny-ont-possibilite-de-faire-choix\/","og_locale":"fr_FR","og_type":"article","og_title":"Les avantages extra-l\u00e9gaux se g\u00e9n\u00e9ralisent dans les PME mais les travailleurs n'y ont pas encore la possibilit\u00e9 de faire leur choix. - Peoplesphere","og_description":"Si les PME sont de plus en plus nombreuses \u00e0 offrir des avantages extral\u00e9gaux, les travailleurs de trois PME sur quatre ne sont pas encore en mesure de choisir ceux dont ils souhaitent b\u00e9n\u00e9ficier. Les ch\u00e8ques-repas, les \u00e9coch\u00e8ques et les [&hellip;]","og_url":"https:\/\/peoplesphere.be\/fr\/avantages-extra-legaux-se-generalisent-pme-travailleurs-ny-ont-possibilite-de-faire-choix\/","og_site_name":"Peoplesphere","article_publisher":"https:\/\/www.facebook.com\/peoplesphere","article_published_time":"2023-07-26T06:25:51+00:00","og_image":[{"url":"http:\/\/www.peoplesphere.be\/fr\/wp-content\/uploads\/2016\/07\/facebook-default-posting-1200x628px.jpg"}],"author":"Jean-Paul Erhard","twitter_card":"summary_large_image","twitter_creator":"@PeoplesphereMag","twitter_site":"@PeoplesphereMag","twitter_misc":{"\u00c9crit par":"Jean-Paul Erhard","Dur\u00e9e de lecture estim\u00e9e":"5 minutes"},"schema":{"@context":"https:\/\/schema.org","@graph":[{"@type":"Article","@id":"https:\/\/peoplesphere.be\/fr\/avantages-extra-legaux-se-generalisent-pme-travailleurs-ny-ont-possibilite-de-faire-choix\/#article","isPartOf":{"@id":"https:\/\/peoplesphere.be\/fr\/avantages-extra-legaux-se-generalisent-pme-travailleurs-ny-ont-possibilite-de-faire-choix\/"},"author":{"name":"Jean-Paul Erhard","@id":"https:\/\/peoplesphere.be\/fr\/#\/schema\/person\/7976225ff17988604334abb7b3536a7e"},"headline":"Les avantages extra-l\u00e9gaux se g\u00e9n\u00e9ralisent dans les PME mais les travailleurs n&rsquo;y ont pas encore la possibilit\u00e9 de faire leur choix.","datePublished":"2023-07-26T06:25:51+00:00","dateModified":"2023-07-26T06:25:51+00:00","mainEntityOfPage":{"@id":"https:\/\/peoplesphere.be\/fr\/avantages-extra-legaux-se-generalisent-pme-travailleurs-ny-ont-possibilite-de-faire-choix\/"},"wordCount":943,"publisher":{"@id":"https:\/\/peoplesphere.be\/fr\/#organization"},"keywords":["avantages extra-l\u00e9gaux","Formation","package salarial","r\u00e9mun\u00e9ration"],"articleSection":["Actualit\u00e9s","Digital"],"inLanguage":"fr-FR"},{"@type":"WebPage","@id":"https:\/\/peoplesphere.be\/fr\/avantages-extra-legaux-se-generalisent-pme-travailleurs-ny-ont-possibilite-de-faire-choix\/","url":"https:\/\/peoplesphere.be\/fr\/avantages-extra-legaux-se-generalisent-pme-travailleurs-ny-ont-possibilite-de-faire-choix\/","name":"Les avantages extra-l\u00e9gaux se g\u00e9n\u00e9ralisent dans les PME mais les travailleurs n'y ont pas encore la possibilit\u00e9 de faire leur choix. - Peoplesphere","isPartOf":{"@id":"https:\/\/peoplesphere.be\/fr\/#website"},"datePublished":"2023-07-26T06:25:51+00:00","dateModified":"2023-07-26T06:25:51+00:00","breadcrumb":{"@id":"https:\/\/peoplesphere.be\/fr\/avantages-extra-legaux-se-generalisent-pme-travailleurs-ny-ont-possibilite-de-faire-choix\/#breadcrumb"},"inLanguage":"fr-FR","potentialAction":[{"@type":"ReadAction","target":["https:\/\/peoplesphere.be\/fr\/avantages-extra-legaux-se-generalisent-pme-travailleurs-ny-ont-possibilite-de-faire-choix\/"]}]},{"@type":"BreadcrumbList","@id":"https:\/\/peoplesphere.be\/fr\/avantages-extra-legaux-se-generalisent-pme-travailleurs-ny-ont-possibilite-de-faire-choix\/#breadcrumb","itemListElement":[{"@type":"ListItem","position":1,"name":"Accueil","item":"https:\/\/peoplesphere.be\/fr\/"},{"@type":"ListItem","position":2,"name":"Les avantages extra-l\u00e9gaux se g\u00e9n\u00e9ralisent dans les PME mais les travailleurs n&rsquo;y ont pas encore la possibilit\u00e9 de faire leur choix."}]},{"@type":"WebSite","@id":"https:\/\/peoplesphere.be\/fr\/#website","url":"https:\/\/peoplesphere.be\/fr\/","name":"Peoplesphere","description":"The People Managers Magazine","publisher":{"@id":"https:\/\/peoplesphere.be\/fr\/#organization"},"potentialAction":[{"@type":"SearchAction","target":{"@type":"EntryPoint","urlTemplate":"https:\/\/peoplesphere.be\/fr\/?s={search_term_string}"},"query-input":"required name=search_term_string"}],"inLanguage":"fr-FR"},{"@type":"Organization","@id":"https:\/\/peoplesphere.be\/fr\/#organization","name":"Peoplesphere Company srl","url":"https:\/\/peoplesphere.be\/fr\/","logo":{"@type":"ImageObject","inLanguage":"fr-FR","@id":"https:\/\/peoplesphere.be\/fr\/#\/schema\/logo\/image\/","url":"https:\/\/peoplesphere.be\/fr\/wp-content\/uploads\/2023\/07\/peoplesphere-lgo-new-generik.jpg","contentUrl":"https:\/\/peoplesphere.be\/fr\/wp-content\/uploads\/2023\/07\/peoplesphere-lgo-new-generik.jpg","width":1031,"height":1479,"caption":"Peoplesphere Company srl"},"image":{"@id":"https:\/\/peoplesphere.be\/fr\/#\/schema\/logo\/image\/"},"sameAs":["https:\/\/www.facebook.com\/peoplesphere","https:\/\/twitter.com\/PeoplesphereMag","https:\/\/www.linkedin.com\/company\/7587361?trk","http:\/\/youtube.com\/peoplesphere"]},{"@type":"Person","@id":"https:\/\/peoplesphere.be\/fr\/#\/schema\/person\/7976225ff17988604334abb7b3536a7e","name":"Jean-Paul Erhard","image":{"@type":"ImageObject","inLanguage":"fr-FR","@id":"https:\/\/peoplesphere.be\/fr\/#\/schema\/person\/image\/","url":"https:\/\/secure.gravatar.com\/avatar\/f941e681460179738071629a51574930?s=96&d=mm&r=g","contentUrl":"https:\/\/secure.gravatar.com\/avatar\/f941e681460179738071629a51574930?s=96&d=mm&r=g","caption":"Jean-Paul Erhard"},"url":"https:\/\/peoplesphere.be\/fr\/author\/jpe\/"}]}},"_links":{"self":[{"href":"https:\/\/peoplesphere.be\/fr\/wp-json\/wp\/v2\/posts\/14758"}],"collection":[{"href":"https:\/\/peoplesphere.be\/fr\/wp-json\/wp\/v2\/posts"}],"about":[{"href":"https:\/\/peoplesphere.be\/fr\/wp-json\/wp\/v2\/types\/post"}],"author":[{"embeddable":true,"href":"https:\/\/peoplesphere.be\/fr\/wp-json\/wp\/v2\/users\/2"}],"replies":[{"embeddable":true,"href":"https:\/\/peoplesphere.be\/fr\/wp-json\/wp\/v2\/comments?post=14758"}],"version-history":[{"count":1,"href":"https:\/\/peoplesphere.be\/fr\/wp-json\/wp\/v2\/posts\/14758\/revisions"}],"predecessor-version":[{"id":14759,"href":"https:\/\/peoplesphere.be\/fr\/wp-json\/wp\/v2\/posts\/14758\/revisions\/14759"}],"wp:attachment":[{"href":"https:\/\/peoplesphere.be\/fr\/wp-json\/wp\/v2\/media?parent=14758"}],"wp:term":[{"taxonomy":"category","embeddable":true,"href":"https:\/\/peoplesphere.be\/fr\/wp-json\/wp\/v2\/categories?post=14758"},{"taxonomy":"post_tag","embeddable":true,"href":"https:\/\/peoplesphere.be\/fr\/wp-json\/wp\/v2\/tags?post=14758"}],"curies":[{"name":"wp","href":"https:\/\/api.w.org\/{rel}","templated":true}]}}