









{"id":14800,"date":"2023-08-02T14:15:30","date_gmt":"2023-08-02T12:15:30","guid":{"rendered":"https:\/\/peoplesphere.be\/fr\/?p=14800"},"modified":"2023-10-13T07:36:54","modified_gmt":"2023-10-13T05:36:54","slug":"les-chiffres-du-chomage-en-region-bruxelloise-montrent-une-amelioration-en-profondeur-du-marche-de-lemploi","status":"publish","type":"post","link":"https:\/\/peoplesphere.be\/fr\/les-chiffres-du-chomage-en-region-bruxelloise-montrent-une-amelioration-en-profondeur-du-marche-de-lemploi\/","title":{"rendered":"Les chiffres du ch\u00f4mage en R\u00e9gion bruxelloise montrent une am\u00e9lioration en profondeur du march\u00e9 de l&#8217;emploi."},"content":{"rendered":"<p>En juillet 2023, le nombre de b\u00e9n\u00e9ficiaires des allocations de ch\u00f4mage bruxellois diminue de 3,8% pour atteindre 52.609. La R\u00e9gion bruxelloise compte un total de 89.231 chercheurs d\u2019emploi (+3,6%). Effet saisonnier classique: l&rsquo;augmentation concerne principalement le ch\u00f4mage de courte dur\u00e9e: le nombre de chercheurs d&#8217;emploi inscrits depuis moins d&rsquo;un an a augment\u00e9 de 11,5% par rapport \u00e0 l&rsquo;ann\u00e9e derni\u00e8re. Quant \u00e0 lui, le nombre de chercheurs d&#8217;emploi inscrits depuis 1 \u00e0 2 ans se stabilise (+0,6%). Les chercheurs d\u2019emploi inscrits depuis plus de 2 ans sont en diminution (-1,2%).<!--more--><\/p>\n<p><strong><em>L\u00e9g\u00e8re hausse du ch\u00f4mage global, plus forte chez les jeunes bruxellois<\/em><\/strong><\/p>\n<p>Fin juillet, Bruxelles compte 89.231 chercheurs d\u2019emploi pour un taux de ch\u00f4mage de 15,5%. Cela signifie une augmentation de 3.064 personnes par rapport \u00e0 l\u2019ann\u00e9e pr\u00e9c\u00e9dente (+3,6%). En variation mensuelle, on constate une augmentation de 2.013 personnes (+2,3%). Le ch\u00f4mage des jeunes atteint quant \u00e0 lui un taux de 20,9%. Bruxelles compte 8.073 jeunes chercheurs d\u2019emploi en juillet 2023, soit 917 de plus que l\u2019an dernier (+12,8%).<\/p>\n<p><strong><em>Le taux de ch\u00f4mage<\/em><\/strong><\/p>\n<p>Fin juillet 2023, le taux de ch\u00f4mage en R\u00e9gion bruxelloise s\u2019\u00e9tablit \u00e0 15,5% (14,5% pour les hommes et 16,7% pour les femmes). En juillet 2022, le taux de ch\u00f4mage s\u2019\u00e9tablissait \u00e0 15,0%.<\/p>\n<p>Le taux de ch\u00f4mage est mesur\u00e9 sur la base de la population active la plus r\u00e9cente, calcul\u00e9e \u00e0 partir des donn\u00e9es de la Banque nationale et de l\u2019Enqu\u00eate sur les Forces de Travail du SPF \u00c9conomie. Le croisement de ces donn\u00e9es nous indique que la population active a, en R\u00e9gion bruxelloise, augment\u00e9 en 2020 de 0,9% par rapport \u00e0 l\u2019ann\u00e9e pr\u00e9c\u00e9dente.<\/p>\n<p><strong><em>Caract\u00e9ristiques et \u00e9volution du nombre de chercheurs d\u2019emploi<\/em><\/strong><\/p>\n<p>Fin juillet 2023, on d\u00e9nombre en R\u00e9gion de Bruxelles-Capitale 89.231 chercheurs d\u2019emploi inoccup\u00e9s (DEI), soit une augmentation par rapport \u00e0 l\u2019ann\u00e9e pr\u00e9c\u00e9dente (+3.064 personnes, +3,6%). On compte au cours du mois de juillet 10.043 entr\u00e9es dans le ch\u00f4mage (8.605 r\u00e9inscriptions et 1.438 nouvelles inscriptions) contre 8.030 sorties, soit une augmentation sur une base mensuelle du nombre de DEI de 2.013 personnes (+2,3%).<\/p>\n<p>On d\u00e9nombre en R\u00e9gion bruxelloise 52.609 chercheurs d\u2019emploi demandeurs d\u2019allocations (DEDA), 4.750 jeunes en stage d\u2019insertion professionnelle et 31.872 autres chercheurs d\u2019emploi inscrits librement ou obligatoirement.<br \/>\nOn retrouve dans cette derni\u00e8re cat\u00e9gorie (\u00ab autres DEI \u00bb) des personnes qui n\u2019ont pas encore re\u00e7u d\u2019allocation de ch\u00f4mage (qui ont introduit une demande aupr\u00e8s de l\u2019Onem), des personnes ayant \u00e9t\u00e9 exclues des allocations de ch\u00f4mage et qui sont venues se r\u00e9inscrire aupr\u00e8s d\u2019Actiris, des personnes b\u00e9n\u00e9ficiant d\u2019un revenu d\u2019int\u00e9gration sociale ou encore des personnes qui n\u2019ont aucun revenu de remplacement. Il est \u00e0 noter qu\u2019une partie importante de ces chercheurs d\u2019emploi d\u00e9pendent des CPAS ou n\u2019ont encore aucun revenu de remplacement.<\/p>\n<p>Parmi les 89.231 DEI inscrits en juillet 2023, 15.527 chercheurs d\u2019emploi sont usagers du CPAS (soit 17,4% du total des DEI). Ce pourcentage est plus \u00e9lev\u00e9 parmi les jeunes : sur les 8.073 jeunes DEI, 2.477 sont usagers du CPAS, soit 30,7%.<br \/>\nOn constate une diminution de -3,8% sur une base annuelle du nombre de chercheurs d\u2019emploi indemnis\u00e9s (DEDA). On constate une augmentation annuelle du nombre de jeunes en stage d\u2019insertion professionnelle (+875 unit\u00e9s, +22,6%). Le nombre des autres chercheurs d\u2019emploi a augment\u00e9 de 15,4% sur une base annuelle.<\/p>\n<p><strong><em>Diminution du volume d\u2019offres d\u2019emploi directement re\u00e7ues par Actiris<\/em><\/strong><\/p>\n<p>Actiris a re\u00e7u 4.466 offres d\u2019emploi (OE) en juillet 2023. On observe une diminution de -40,3% du nombre d\u2019offres d\u2019emploi re\u00e7ues par rapport au mois de juillet 2022. Sans tenir compte des offres d\u2019emploi de type int\u00e9rim, le nombre d\u2019offres d\u2019emploi reste en-dessous du niveau du mois de juillet 2022 (-42,2%).<br \/>\nOn constate une augmentation du nombre d\u2019offres d\u2019emploi re\u00e7ues total (y compris les OE re\u00e7ues par l\u2019interm\u00e9diaire du VDAB et Forem et des sites partenaires) de 3,7% sur une base annuelle.<\/p>\n<p><em>Source : Actiris, calculs view.brussels<\/em><\/p>\n","protected":false},"excerpt":{"rendered":"<p>En juillet 2023, le nombre de b\u00e9n\u00e9ficiaires des allocations de ch\u00f4mage bruxellois diminue de 3,8% pour atteindre 52.609. La R\u00e9gion bruxelloise compte un total de 89.231 chercheurs d\u2019emploi (+3,6%). Effet saisonnier classique: l&rsquo;augmentation concerne principalement le ch\u00f4mage de courte dur\u00e9e: [&hellip;]<\/p>\n","protected":false},"author":2,"featured_media":0,"comment_status":"closed","ping_status":"open","sticky":false,"template":"","format":"standard","meta":[],"categories":[65,10],"tags":[226,93,92,11],"yoast_head":"<!-- This site is optimized with the Yoast SEO plugin v21.0 - https:\/\/yoast.com\/wordpress\/plugins\/seo\/ -->\n<title>Les chiffres du ch\u00f4mage en R\u00e9gion bruxelloise montrent une am\u00e9lioration en profondeur du march\u00e9 de l&#039;emploi. - Peoplesphere<\/title>\n<meta name=\"robots\" content=\"index, follow, max-snippet:-1, max-image-preview:large, max-video-preview:-1\" \/>\n<link rel=\"canonical\" href=\"https:\/\/peoplesphere.be\/fr\/les-chiffres-du-chomage-en-region-bruxelloise-montrent-une-amelioration-en-profondeur-du-marche-de-lemploi\/\" \/>\n<meta property=\"og:locale\" content=\"fr_FR\" \/>\n<meta property=\"og:type\" content=\"article\" \/>\n<meta property=\"og:title\" content=\"Les chiffres du ch\u00f4mage en R\u00e9gion bruxelloise montrent une am\u00e9lioration en profondeur du march\u00e9 de l&#039;emploi. - Peoplesphere\" \/>\n<meta property=\"og:description\" content=\"En juillet 2023, le nombre de b\u00e9n\u00e9ficiaires des allocations de ch\u00f4mage bruxellois diminue de 3,8% pour atteindre 52.609. La R\u00e9gion bruxelloise compte un total de 89.231 chercheurs d\u2019emploi (+3,6%). Effet saisonnier classique: l&rsquo;augmentation concerne principalement le ch\u00f4mage de courte dur\u00e9e: [&hellip;]\" \/>\n<meta property=\"og:url\" content=\"https:\/\/peoplesphere.be\/fr\/les-chiffres-du-chomage-en-region-bruxelloise-montrent-une-amelioration-en-profondeur-du-marche-de-lemploi\/\" \/>\n<meta property=\"og:site_name\" content=\"Peoplesphere\" \/>\n<meta property=\"article:publisher\" content=\"https:\/\/www.facebook.com\/peoplesphere\" \/>\n<meta property=\"article:published_time\" content=\"2023-08-02T12:15:30+00:00\" \/>\n<meta property=\"article:modified_time\" content=\"2023-10-13T05:36:54+00:00\" \/>\n<meta property=\"og:image\" content=\"http:\/\/www.peoplesphere.be\/fr\/wp-content\/uploads\/2016\/07\/facebook-default-posting-1200x628px.jpg\" \/>\n<meta name=\"author\" content=\"Jean-Paul Erhard\" \/>\n<meta name=\"twitter:card\" content=\"summary_large_image\" \/>\n<meta name=\"twitter:creator\" content=\"@PeoplesphereMag\" \/>\n<meta name=\"twitter:site\" content=\"@PeoplesphereMag\" \/>\n<meta name=\"twitter:label1\" content=\"\u00c9crit par\" \/>\n\t<meta name=\"twitter:data1\" content=\"Jean-Paul Erhard\" \/>\n\t<meta name=\"twitter:label2\" content=\"Dur\u00e9e de lecture estim\u00e9e\" \/>\n\t<meta name=\"twitter:data2\" content=\"4 minutes\" \/>\n<script type=\"application\/ld+json\" class=\"yoast-schema-graph\">{\"@context\":\"https:\/\/schema.org\",\"@graph\":[{\"@type\":\"Article\",\"@id\":\"https:\/\/peoplesphere.be\/fr\/les-chiffres-du-chomage-en-region-bruxelloise-montrent-une-amelioration-en-profondeur-du-marche-de-lemploi\/#article\",\"isPartOf\":{\"@id\":\"https:\/\/peoplesphere.be\/fr\/les-chiffres-du-chomage-en-region-bruxelloise-montrent-une-amelioration-en-profondeur-du-marche-de-lemploi\/\"},\"author\":{\"name\":\"Jean-Paul Erhard\",\"@id\":\"https:\/\/peoplesphere.be\/fr\/#\/schema\/person\/7976225ff17988604334abb7b3536a7e\"},\"headline\":\"Les chiffres du ch\u00f4mage en R\u00e9gion bruxelloise montrent une am\u00e9lioration en profondeur du march\u00e9 de l&#8217;emploi.\",\"datePublished\":\"2023-08-02T12:15:30+00:00\",\"dateModified\":\"2023-10-13T05:36:54+00:00\",\"mainEntityOfPage\":{\"@id\":\"https:\/\/peoplesphere.be\/fr\/les-chiffres-du-chomage-en-region-bruxelloise-montrent-une-amelioration-en-profondeur-du-marche-de-lemploi\/\"},\"wordCount\":681,\"publisher\":{\"@id\":\"https:\/\/peoplesphere.be\/fr\/#organization\"},\"keywords\":[\"actiris\",\"bruxelles\",\"ch\u00f4mage\",\"emploi\"],\"articleSection\":[\"Actualit\u00e9s\",\"Digital\"],\"inLanguage\":\"fr-FR\"},{\"@type\":\"WebPage\",\"@id\":\"https:\/\/peoplesphere.be\/fr\/les-chiffres-du-chomage-en-region-bruxelloise-montrent-une-amelioration-en-profondeur-du-marche-de-lemploi\/\",\"url\":\"https:\/\/peoplesphere.be\/fr\/les-chiffres-du-chomage-en-region-bruxelloise-montrent-une-amelioration-en-profondeur-du-marche-de-lemploi\/\",\"name\":\"Les chiffres du ch\u00f4mage en R\u00e9gion bruxelloise montrent une am\u00e9lioration en profondeur du march\u00e9 de l'emploi. - Peoplesphere\",\"isPartOf\":{\"@id\":\"https:\/\/peoplesphere.be\/fr\/#website\"},\"datePublished\":\"2023-08-02T12:15:30+00:00\",\"dateModified\":\"2023-10-13T05:36:54+00:00\",\"breadcrumb\":{\"@id\":\"https:\/\/peoplesphere.be\/fr\/les-chiffres-du-chomage-en-region-bruxelloise-montrent-une-amelioration-en-profondeur-du-marche-de-lemploi\/#breadcrumb\"},\"inLanguage\":\"fr-FR\",\"potentialAction\":[{\"@type\":\"ReadAction\",\"target\":[\"https:\/\/peoplesphere.be\/fr\/les-chiffres-du-chomage-en-region-bruxelloise-montrent-une-amelioration-en-profondeur-du-marche-de-lemploi\/\"]}]},{\"@type\":\"BreadcrumbList\",\"@id\":\"https:\/\/peoplesphere.be\/fr\/les-chiffres-du-chomage-en-region-bruxelloise-montrent-une-amelioration-en-profondeur-du-marche-de-lemploi\/#breadcrumb\",\"itemListElement\":[{\"@type\":\"ListItem\",\"position\":1,\"name\":\"Accueil\",\"item\":\"https:\/\/peoplesphere.be\/fr\/\"},{\"@type\":\"ListItem\",\"position\":2,\"name\":\"Les chiffres du ch\u00f4mage en R\u00e9gion bruxelloise montrent une am\u00e9lioration en profondeur du march\u00e9 de l&#8217;emploi.\"}]},{\"@type\":\"WebSite\",\"@id\":\"https:\/\/peoplesphere.be\/fr\/#website\",\"url\":\"https:\/\/peoplesphere.be\/fr\/\",\"name\":\"Peoplesphere\",\"description\":\"The People Managers Magazine\",\"publisher\":{\"@id\":\"https:\/\/peoplesphere.be\/fr\/#organization\"},\"potentialAction\":[{\"@type\":\"SearchAction\",\"target\":{\"@type\":\"EntryPoint\",\"urlTemplate\":\"https:\/\/peoplesphere.be\/fr\/?s={search_term_string}\"},\"query-input\":\"required name=search_term_string\"}],\"inLanguage\":\"fr-FR\"},{\"@type\":\"Organization\",\"@id\":\"https:\/\/peoplesphere.be\/fr\/#organization\",\"name\":\"Peoplesphere Company srl\",\"url\":\"https:\/\/peoplesphere.be\/fr\/\",\"logo\":{\"@type\":\"ImageObject\",\"inLanguage\":\"fr-FR\",\"@id\":\"https:\/\/peoplesphere.be\/fr\/#\/schema\/logo\/image\/\",\"url\":\"https:\/\/peoplesphere.be\/fr\/wp-content\/uploads\/2023\/07\/peoplesphere-lgo-new-generik.jpg\",\"contentUrl\":\"https:\/\/peoplesphere.be\/fr\/wp-content\/uploads\/2023\/07\/peoplesphere-lgo-new-generik.jpg\",\"width\":1031,\"height\":1479,\"caption\":\"Peoplesphere Company srl\"},\"image\":{\"@id\":\"https:\/\/peoplesphere.be\/fr\/#\/schema\/logo\/image\/\"},\"sameAs\":[\"https:\/\/www.facebook.com\/peoplesphere\",\"https:\/\/twitter.com\/PeoplesphereMag\",\"https:\/\/www.linkedin.com\/company\/7587361?trk\",\"http:\/\/youtube.com\/peoplesphere\"]},{\"@type\":\"Person\",\"@id\":\"https:\/\/peoplesphere.be\/fr\/#\/schema\/person\/7976225ff17988604334abb7b3536a7e\",\"name\":\"Jean-Paul Erhard\",\"image\":{\"@type\":\"ImageObject\",\"inLanguage\":\"fr-FR\",\"@id\":\"https:\/\/peoplesphere.be\/fr\/#\/schema\/person\/image\/\",\"url\":\"https:\/\/secure.gravatar.com\/avatar\/f941e681460179738071629a51574930?s=96&d=mm&r=g\",\"contentUrl\":\"https:\/\/secure.gravatar.com\/avatar\/f941e681460179738071629a51574930?s=96&d=mm&r=g\",\"caption\":\"Jean-Paul Erhard\"},\"url\":\"https:\/\/peoplesphere.be\/fr\/author\/jpe\/\"}]}<\/script>\n<!-- \/ Yoast SEO plugin. -->","yoast_head_json":{"title":"Les chiffres du ch\u00f4mage en R\u00e9gion bruxelloise montrent une am\u00e9lioration en profondeur du march\u00e9 de l'emploi. - Peoplesphere","robots":{"index":"index","follow":"follow","max-snippet":"max-snippet:-1","max-image-preview":"max-image-preview:large","max-video-preview":"max-video-preview:-1"},"canonical":"https:\/\/peoplesphere.be\/fr\/les-chiffres-du-chomage-en-region-bruxelloise-montrent-une-amelioration-en-profondeur-du-marche-de-lemploi\/","og_locale":"fr_FR","og_type":"article","og_title":"Les chiffres du ch\u00f4mage en R\u00e9gion bruxelloise montrent une am\u00e9lioration en profondeur du march\u00e9 de l'emploi. - Peoplesphere","og_description":"En juillet 2023, le nombre de b\u00e9n\u00e9ficiaires des allocations de ch\u00f4mage bruxellois diminue de 3,8% pour atteindre 52.609. La R\u00e9gion bruxelloise compte un total de 89.231 chercheurs d\u2019emploi (+3,6%). Effet saisonnier classique: l&rsquo;augmentation concerne principalement le ch\u00f4mage de courte dur\u00e9e: [&hellip;]","og_url":"https:\/\/peoplesphere.be\/fr\/les-chiffres-du-chomage-en-region-bruxelloise-montrent-une-amelioration-en-profondeur-du-marche-de-lemploi\/","og_site_name":"Peoplesphere","article_publisher":"https:\/\/www.facebook.com\/peoplesphere","article_published_time":"2023-08-02T12:15:30+00:00","article_modified_time":"2023-10-13T05:36:54+00:00","og_image":[{"url":"http:\/\/www.peoplesphere.be\/fr\/wp-content\/uploads\/2016\/07\/facebook-default-posting-1200x628px.jpg"}],"author":"Jean-Paul Erhard","twitter_card":"summary_large_image","twitter_creator":"@PeoplesphereMag","twitter_site":"@PeoplesphereMag","twitter_misc":{"\u00c9crit par":"Jean-Paul Erhard","Dur\u00e9e de lecture estim\u00e9e":"4 minutes"},"schema":{"@context":"https:\/\/schema.org","@graph":[{"@type":"Article","@id":"https:\/\/peoplesphere.be\/fr\/les-chiffres-du-chomage-en-region-bruxelloise-montrent-une-amelioration-en-profondeur-du-marche-de-lemploi\/#article","isPartOf":{"@id":"https:\/\/peoplesphere.be\/fr\/les-chiffres-du-chomage-en-region-bruxelloise-montrent-une-amelioration-en-profondeur-du-marche-de-lemploi\/"},"author":{"name":"Jean-Paul Erhard","@id":"https:\/\/peoplesphere.be\/fr\/#\/schema\/person\/7976225ff17988604334abb7b3536a7e"},"headline":"Les chiffres du ch\u00f4mage en R\u00e9gion bruxelloise montrent une am\u00e9lioration en profondeur du march\u00e9 de l&#8217;emploi.","datePublished":"2023-08-02T12:15:30+00:00","dateModified":"2023-10-13T05:36:54+00:00","mainEntityOfPage":{"@id":"https:\/\/peoplesphere.be\/fr\/les-chiffres-du-chomage-en-region-bruxelloise-montrent-une-amelioration-en-profondeur-du-marche-de-lemploi\/"},"wordCount":681,"publisher":{"@id":"https:\/\/peoplesphere.be\/fr\/#organization"},"keywords":["actiris","bruxelles","ch\u00f4mage","emploi"],"articleSection":["Actualit\u00e9s","Digital"],"inLanguage":"fr-FR"},{"@type":"WebPage","@id":"https:\/\/peoplesphere.be\/fr\/les-chiffres-du-chomage-en-region-bruxelloise-montrent-une-amelioration-en-profondeur-du-marche-de-lemploi\/","url":"https:\/\/peoplesphere.be\/fr\/les-chiffres-du-chomage-en-region-bruxelloise-montrent-une-amelioration-en-profondeur-du-marche-de-lemploi\/","name":"Les chiffres du ch\u00f4mage en R\u00e9gion bruxelloise montrent une am\u00e9lioration en profondeur du march\u00e9 de l'emploi. - Peoplesphere","isPartOf":{"@id":"https:\/\/peoplesphere.be\/fr\/#website"},"datePublished":"2023-08-02T12:15:30+00:00","dateModified":"2023-10-13T05:36:54+00:00","breadcrumb":{"@id":"https:\/\/peoplesphere.be\/fr\/les-chiffres-du-chomage-en-region-bruxelloise-montrent-une-amelioration-en-profondeur-du-marche-de-lemploi\/#breadcrumb"},"inLanguage":"fr-FR","potentialAction":[{"@type":"ReadAction","target":["https:\/\/peoplesphere.be\/fr\/les-chiffres-du-chomage-en-region-bruxelloise-montrent-une-amelioration-en-profondeur-du-marche-de-lemploi\/"]}]},{"@type":"BreadcrumbList","@id":"https:\/\/peoplesphere.be\/fr\/les-chiffres-du-chomage-en-region-bruxelloise-montrent-une-amelioration-en-profondeur-du-marche-de-lemploi\/#breadcrumb","itemListElement":[{"@type":"ListItem","position":1,"name":"Accueil","item":"https:\/\/peoplesphere.be\/fr\/"},{"@type":"ListItem","position":2,"name":"Les chiffres du ch\u00f4mage en R\u00e9gion bruxelloise montrent une am\u00e9lioration en profondeur du march\u00e9 de l&#8217;emploi."}]},{"@type":"WebSite","@id":"https:\/\/peoplesphere.be\/fr\/#website","url":"https:\/\/peoplesphere.be\/fr\/","name":"Peoplesphere","description":"The People Managers Magazine","publisher":{"@id":"https:\/\/peoplesphere.be\/fr\/#organization"},"potentialAction":[{"@type":"SearchAction","target":{"@type":"EntryPoint","urlTemplate":"https:\/\/peoplesphere.be\/fr\/?s={search_term_string}"},"query-input":"required name=search_term_string"}],"inLanguage":"fr-FR"},{"@type":"Organization","@id":"https:\/\/peoplesphere.be\/fr\/#organization","name":"Peoplesphere Company srl","url":"https:\/\/peoplesphere.be\/fr\/","logo":{"@type":"ImageObject","inLanguage":"fr-FR","@id":"https:\/\/peoplesphere.be\/fr\/#\/schema\/logo\/image\/","url":"https:\/\/peoplesphere.be\/fr\/wp-content\/uploads\/2023\/07\/peoplesphere-lgo-new-generik.jpg","contentUrl":"https:\/\/peoplesphere.be\/fr\/wp-content\/uploads\/2023\/07\/peoplesphere-lgo-new-generik.jpg","width":1031,"height":1479,"caption":"Peoplesphere Company srl"},"image":{"@id":"https:\/\/peoplesphere.be\/fr\/#\/schema\/logo\/image\/"},"sameAs":["https:\/\/www.facebook.com\/peoplesphere","https:\/\/twitter.com\/PeoplesphereMag","https:\/\/www.linkedin.com\/company\/7587361?trk","http:\/\/youtube.com\/peoplesphere"]},{"@type":"Person","@id":"https:\/\/peoplesphere.be\/fr\/#\/schema\/person\/7976225ff17988604334abb7b3536a7e","name":"Jean-Paul Erhard","image":{"@type":"ImageObject","inLanguage":"fr-FR","@id":"https:\/\/peoplesphere.be\/fr\/#\/schema\/person\/image\/","url":"https:\/\/secure.gravatar.com\/avatar\/f941e681460179738071629a51574930?s=96&d=mm&r=g","contentUrl":"https:\/\/secure.gravatar.com\/avatar\/f941e681460179738071629a51574930?s=96&d=mm&r=g","caption":"Jean-Paul Erhard"},"url":"https:\/\/peoplesphere.be\/fr\/author\/jpe\/"}]}},"_links":{"self":[{"href":"https:\/\/peoplesphere.be\/fr\/wp-json\/wp\/v2\/posts\/14800"}],"collection":[{"href":"https:\/\/peoplesphere.be\/fr\/wp-json\/wp\/v2\/posts"}],"about":[{"href":"https:\/\/peoplesphere.be\/fr\/wp-json\/wp\/v2\/types\/post"}],"author":[{"embeddable":true,"href":"https:\/\/peoplesphere.be\/fr\/wp-json\/wp\/v2\/users\/2"}],"replies":[{"embeddable":true,"href":"https:\/\/peoplesphere.be\/fr\/wp-json\/wp\/v2\/comments?post=14800"}],"version-history":[{"count":1,"href":"https:\/\/peoplesphere.be\/fr\/wp-json\/wp\/v2\/posts\/14800\/revisions"}],"predecessor-version":[{"id":14801,"href":"https:\/\/peoplesphere.be\/fr\/wp-json\/wp\/v2\/posts\/14800\/revisions\/14801"}],"wp:attachment":[{"href":"https:\/\/peoplesphere.be\/fr\/wp-json\/wp\/v2\/media?parent=14800"}],"wp:term":[{"taxonomy":"category","embeddable":true,"href":"https:\/\/peoplesphere.be\/fr\/wp-json\/wp\/v2\/categories?post=14800"},{"taxonomy":"post_tag","embeddable":true,"href":"https:\/\/peoplesphere.be\/fr\/wp-json\/wp\/v2\/tags?post=14800"}],"curies":[{"name":"wp","href":"https:\/\/api.w.org\/{rel}","templated":true}]}}