









{"id":14850,"date":"2023-08-21T17:20:53","date_gmt":"2023-08-21T15:20:53","guid":{"rendered":"https:\/\/peoplesphere.be\/fr\/?p=14850"},"modified":"2023-08-21T17:20:53","modified_gmt":"2023-08-21T15:20:53","slug":"cumuler-travail-et-vacances-cest-le-workation-voici-le-top-10-des-meilleures-villes-pour-y-parvenir","status":"publish","type":"post","link":"https:\/\/peoplesphere.be\/fr\/cumuler-travail-et-vacances-cest-le-workation-voici-le-top-10-des-meilleures-villes-pour-y-parvenir\/","title":{"rendered":"Cumuler travail et vacances (c&rsquo;est le workation): voici le top 10 des meilleures villes pour y parvenir."},"content":{"rendered":"<p>Vous attendiez le top 10 des meilleures villes pour un workation? Les villes ont \u00e9t\u00e9 \u00e9valu\u00e9es sur neuf crit\u00e8res, dont le climat, le transport, la restauration et le d\u00e9bit Internet. Bruxelles fr\u00f4le le top dix. Barcelone, Toronto et P\u00e9kin forment le top trois.<!--more--><\/p>\n<p>L\u2019\u00e9t\u00e9 touche bient\u00f4t \u00e0 sa fin. Raison de plus pour IWG de r\u00e9aliser une \u00e9tude en vue de conna\u00eetre les meilleures villes pour un workation. Le \u00ab\u00a0workation\u00a0\u00bb, c\u2019est-\u00e0-dire le fait de travailler depuis l\u2019\u00e9tranger afin de prolonger ses vacances, est tr\u00e8s populaire depuis que le travail hybride est devenu la nouvelle norme. Il ressort de l\u2019\u00e9tude d\u2019IWG, le plus grand fournisseur mondial de solutions de travail hybride, avec des marques telles que Spaces et Regus, que 88% des travailleurs hybrides ont travaill\u00e9 \u00e0 distance l\u2019an dernier, et que pr\u00e8s de trois travailleurs sur cinq (57%) ont prolong\u00e9 leurs vacances en travaillant depuis l\u2019\u00e9tranger.<\/p>\n<p>Pour dresser la liste des 25 meilleures destinations de workation, IWG a compar\u00e9 25 grandes villes sur la base de neuf crit\u00e8res. Les villes ont \u00e9t\u00e9 not\u00e9es sur une \u00e9chelle de 1 \u00e0 10 pour le climat, la culture, l\u2019h\u00e9bergement, le transport, la restauration, le bonheur, le d\u00e9bit Internet et la disponibilit\u00e9 d\u2019espaces de travail flexibles. Barcelone, Toronto et P\u00e9kin d\u00e9crochent les trois premi\u00e8res places du classement. Bruxelles fr\u00f4le le top dix et se d\u00e9marque surtout par l\u2019h\u00e9bergement d\u00e9mocratique (8,5\/10), la mobilit\u00e9 abordable (8,5\/10) et le prix d\u2019un lunch (7\/10). Notre capitale se distingue \u00e9galement sur le plan de la culture \u2013 l\u2019offre de mus\u00e9es et de galeries (7,5\/10).<\/p>\n<p>L\u2019\u00e9tude r\u00e9v\u00e8le clairement la popularit\u00e9 croissante du \u00ab workation \u00bb. Plus de deux tiers (67%) des travailleurs estiment qu\u2019ils peuvent accomplir efficacement leur travail depuis l\u2019\u00e9tranger, et pas moins de 71% d\u00e9clarent qu\u2019ils n\u2019envisageraient un emploi que si celui-ci offre la flexibilit\u00e9 du travail \u00e0 distance, ne serait-ce qu\u2019une partie du temps. Il ressort de l\u2019\u00e9tude qu\u2019un meilleur \u00e9quilibre entre vie professionnelle et vie priv\u00e9e est l\u2019avantage le plus cit\u00e9 (76%) du travail depuis n\u2019importe o\u00f9. D\u2019autres avantages majeurs cit\u00e9s sont l\u2019opportunit\u00e9 de passer plus de temps avec les amis et la famille \u00e0 l\u2019\u00e9tranger (52%), les \u00e9conomies r\u00e9alis\u00e9es en voyageant pendant les heures creuses (47%) et la possibilit\u00e9 de prolonger ses vacances (30%).<\/p>\n<p>Mark Dixon, fondateur et CEO d\u2019IWG, d\u00e9clare \u00e0 ce propos : \u00ab\u00a0<em>Le travail hybride permet \u00e0 de plus en plus de travailleurs de travailler l\u00e0 o\u00f9 ils sont les plus productifs. Et gr\u00e2ce \u00e0 la technologie cloud, \u00e7a peut \u00eatre partout dans le monde, pour autant qu\u2019une connexion Internet fiable soit disponible. Rien d\u2019\u00e9tonnant donc que de plus en plus de personnes aient l\u2019id\u00e9e de combiner travail et voyage, que ce soit pour quelques jours \u00e0 la fin des vacances ou pour quelques mois en mode \u2018digital nomad\u2019. Cette tendance va encore s\u2019acc\u00e9l\u00e9rer : de plus en plus d\u2019entreprises adopteront une politique de workation afin d\u2019am\u00e9liorer l\u2019\u00e9quilibre entre vie professionnelle et vie priv\u00e9e de leurs travailleurs et de renforcer leur attrait en tant qu\u2019employeur.\u00a0\u00bb<\/em><\/p>\n<p>&nbsp;<\/p>\n<p><em>Source: IWG<\/em><\/p>\n","protected":false},"excerpt":{"rendered":"<p>Vous attendiez le top 10 des meilleures villes pour un workation? Les villes ont \u00e9t\u00e9 \u00e9valu\u00e9es sur neuf crit\u00e8res, dont le climat, le transport, la restauration et le d\u00e9bit Internet. Bruxelles fr\u00f4le le top dix. Barcelone, Toronto et P\u00e9kin forment [&hellip;]<\/p>\n","protected":false},"author":2,"featured_media":14851,"comment_status":"closed","ping_status":"open","sticky":false,"template":"","format":"standard","meta":[],"categories":[65,10],"tags":[601,2661,136,3672],"yoast_head":"<!-- This site is optimized with the Yoast SEO plugin v21.0 - https:\/\/yoast.com\/wordpress\/plugins\/seo\/ -->\n<title>Cumuler travail et vacances (c&#039;est le workation): voici le top 10 des meilleures villes pour y parvenir. - Peoplesphere<\/title>\n<meta name=\"robots\" content=\"index, follow, max-snippet:-1, max-image-preview:large, max-video-preview:-1\" \/>\n<link rel=\"canonical\" href=\"https:\/\/peoplesphere.be\/fr\/cumuler-travail-et-vacances-cest-le-workation-voici-le-top-10-des-meilleures-villes-pour-y-parvenir\/\" \/>\n<meta property=\"og:locale\" content=\"fr_FR\" \/>\n<meta property=\"og:type\" content=\"article\" \/>\n<meta property=\"og:title\" content=\"Cumuler travail et vacances (c&#039;est le workation): voici le top 10 des meilleures villes pour y parvenir. - Peoplesphere\" \/>\n<meta property=\"og:description\" content=\"Vous attendiez le top 10 des meilleures villes pour un workation? Les villes ont \u00e9t\u00e9 \u00e9valu\u00e9es sur neuf crit\u00e8res, dont le climat, le transport, la restauration et le d\u00e9bit Internet. Bruxelles fr\u00f4le le top dix. Barcelone, Toronto et P\u00e9kin forment [&hellip;]\" \/>\n<meta property=\"og:url\" content=\"https:\/\/peoplesphere.be\/fr\/cumuler-travail-et-vacances-cest-le-workation-voici-le-top-10-des-meilleures-villes-pour-y-parvenir\/\" \/>\n<meta property=\"og:site_name\" content=\"Peoplesphere\" \/>\n<meta property=\"article:publisher\" content=\"https:\/\/www.facebook.com\/peoplesphere\" \/>\n<meta property=\"article:published_time\" content=\"2023-08-21T15:20:53+00:00\" \/>\n<meta property=\"og:image\" content=\"https:\/\/peoplesphere.be\/fr\/wp-content\/uploads\/2023\/08\/20230817workationreguscities.jpg\" \/>\n\t<meta property=\"og:image:width\" content=\"1920\" \/>\n\t<meta property=\"og:image:height\" content=\"1280\" \/>\n\t<meta property=\"og:image:type\" content=\"image\/jpeg\" \/>\n<meta name=\"author\" content=\"Jean-Paul Erhard\" \/>\n<meta name=\"twitter:card\" content=\"summary_large_image\" \/>\n<meta name=\"twitter:creator\" content=\"@PeoplesphereMag\" \/>\n<meta name=\"twitter:site\" content=\"@PeoplesphereMag\" \/>\n<meta name=\"twitter:label1\" content=\"\u00c9crit par\" \/>\n\t<meta name=\"twitter:data1\" content=\"Jean-Paul Erhard\" \/>\n\t<meta name=\"twitter:label2\" content=\"Dur\u00e9e de lecture estim\u00e9e\" \/>\n\t<meta name=\"twitter:data2\" content=\"3 minutes\" \/>\n<script type=\"application\/ld+json\" class=\"yoast-schema-graph\">{\"@context\":\"https:\/\/schema.org\",\"@graph\":[{\"@type\":\"Article\",\"@id\":\"https:\/\/peoplesphere.be\/fr\/cumuler-travail-et-vacances-cest-le-workation-voici-le-top-10-des-meilleures-villes-pour-y-parvenir\/#article\",\"isPartOf\":{\"@id\":\"https:\/\/peoplesphere.be\/fr\/cumuler-travail-et-vacances-cest-le-workation-voici-le-top-10-des-meilleures-villes-pour-y-parvenir\/\"},\"author\":{\"name\":\"Jean-Paul Erhard\",\"@id\":\"https:\/\/peoplesphere.be\/fr\/#\/schema\/person\/7976225ff17988604334abb7b3536a7e\"},\"headline\":\"Cumuler travail et vacances (c&rsquo;est le workation): voici le top 10 des meilleures villes pour y parvenir.\",\"datePublished\":\"2023-08-21T15:20:53+00:00\",\"dateModified\":\"2023-08-21T15:20:53+00:00\",\"mainEntityOfPage\":{\"@id\":\"https:\/\/peoplesphere.be\/fr\/cumuler-travail-et-vacances-cest-le-workation-voici-le-top-10-des-meilleures-villes-pour-y-parvenir\/\"},\"wordCount\":552,\"publisher\":{\"@id\":\"https:\/\/peoplesphere.be\/fr\/#organization\"},\"keywords\":[\"\u00e9quilibre priv\u00e9-professionnel\",\"IWG\",\"mobilit\u00e9\",\"workation\"],\"articleSection\":[\"Actualit\u00e9s\",\"Digital\"],\"inLanguage\":\"fr-FR\"},{\"@type\":\"WebPage\",\"@id\":\"https:\/\/peoplesphere.be\/fr\/cumuler-travail-et-vacances-cest-le-workation-voici-le-top-10-des-meilleures-villes-pour-y-parvenir\/\",\"url\":\"https:\/\/peoplesphere.be\/fr\/cumuler-travail-et-vacances-cest-le-workation-voici-le-top-10-des-meilleures-villes-pour-y-parvenir\/\",\"name\":\"Cumuler travail et vacances (c'est le workation): voici le top 10 des meilleures villes pour y parvenir. - Peoplesphere\",\"isPartOf\":{\"@id\":\"https:\/\/peoplesphere.be\/fr\/#website\"},\"datePublished\":\"2023-08-21T15:20:53+00:00\",\"dateModified\":\"2023-08-21T15:20:53+00:00\",\"breadcrumb\":{\"@id\":\"https:\/\/peoplesphere.be\/fr\/cumuler-travail-et-vacances-cest-le-workation-voici-le-top-10-des-meilleures-villes-pour-y-parvenir\/#breadcrumb\"},\"inLanguage\":\"fr-FR\",\"potentialAction\":[{\"@type\":\"ReadAction\",\"target\":[\"https:\/\/peoplesphere.be\/fr\/cumuler-travail-et-vacances-cest-le-workation-voici-le-top-10-des-meilleures-villes-pour-y-parvenir\/\"]}]},{\"@type\":\"BreadcrumbList\",\"@id\":\"https:\/\/peoplesphere.be\/fr\/cumuler-travail-et-vacances-cest-le-workation-voici-le-top-10-des-meilleures-villes-pour-y-parvenir\/#breadcrumb\",\"itemListElement\":[{\"@type\":\"ListItem\",\"position\":1,\"name\":\"Accueil\",\"item\":\"https:\/\/peoplesphere.be\/fr\/\"},{\"@type\":\"ListItem\",\"position\":2,\"name\":\"Cumuler travail et vacances (c&rsquo;est le workation): voici le top 10 des meilleures villes pour y parvenir.\"}]},{\"@type\":\"WebSite\",\"@id\":\"https:\/\/peoplesphere.be\/fr\/#website\",\"url\":\"https:\/\/peoplesphere.be\/fr\/\",\"name\":\"Peoplesphere\",\"description\":\"The People Managers Magazine\",\"publisher\":{\"@id\":\"https:\/\/peoplesphere.be\/fr\/#organization\"},\"potentialAction\":[{\"@type\":\"SearchAction\",\"target\":{\"@type\":\"EntryPoint\",\"urlTemplate\":\"https:\/\/peoplesphere.be\/fr\/?s={search_term_string}\"},\"query-input\":\"required name=search_term_string\"}],\"inLanguage\":\"fr-FR\"},{\"@type\":\"Organization\",\"@id\":\"https:\/\/peoplesphere.be\/fr\/#organization\",\"name\":\"Peoplesphere Company srl\",\"url\":\"https:\/\/peoplesphere.be\/fr\/\",\"logo\":{\"@type\":\"ImageObject\",\"inLanguage\":\"fr-FR\",\"@id\":\"https:\/\/peoplesphere.be\/fr\/#\/schema\/logo\/image\/\",\"url\":\"https:\/\/peoplesphere.be\/fr\/wp-content\/uploads\/2023\/07\/peoplesphere-lgo-new-generik.jpg\",\"contentUrl\":\"https:\/\/peoplesphere.be\/fr\/wp-content\/uploads\/2023\/07\/peoplesphere-lgo-new-generik.jpg\",\"width\":1031,\"height\":1479,\"caption\":\"Peoplesphere Company srl\"},\"image\":{\"@id\":\"https:\/\/peoplesphere.be\/fr\/#\/schema\/logo\/image\/\"},\"sameAs\":[\"https:\/\/www.facebook.com\/peoplesphere\",\"https:\/\/twitter.com\/PeoplesphereMag\",\"https:\/\/www.linkedin.com\/company\/7587361?trk\",\"http:\/\/youtube.com\/peoplesphere\"]},{\"@type\":\"Person\",\"@id\":\"https:\/\/peoplesphere.be\/fr\/#\/schema\/person\/7976225ff17988604334abb7b3536a7e\",\"name\":\"Jean-Paul Erhard\",\"image\":{\"@type\":\"ImageObject\",\"inLanguage\":\"fr-FR\",\"@id\":\"https:\/\/peoplesphere.be\/fr\/#\/schema\/person\/image\/\",\"url\":\"https:\/\/secure.gravatar.com\/avatar\/f941e681460179738071629a51574930?s=96&d=mm&r=g\",\"contentUrl\":\"https:\/\/secure.gravatar.com\/avatar\/f941e681460179738071629a51574930?s=96&d=mm&r=g\",\"caption\":\"Jean-Paul Erhard\"},\"url\":\"https:\/\/peoplesphere.be\/fr\/author\/jpe\/\"}]}<\/script>\n<!-- \/ Yoast SEO plugin. -->","yoast_head_json":{"title":"Cumuler travail et vacances (c'est le workation): voici le top 10 des meilleures villes pour y parvenir. - Peoplesphere","robots":{"index":"index","follow":"follow","max-snippet":"max-snippet:-1","max-image-preview":"max-image-preview:large","max-video-preview":"max-video-preview:-1"},"canonical":"https:\/\/peoplesphere.be\/fr\/cumuler-travail-et-vacances-cest-le-workation-voici-le-top-10-des-meilleures-villes-pour-y-parvenir\/","og_locale":"fr_FR","og_type":"article","og_title":"Cumuler travail et vacances (c'est le workation): voici le top 10 des meilleures villes pour y parvenir. - Peoplesphere","og_description":"Vous attendiez le top 10 des meilleures villes pour un workation? Les villes ont \u00e9t\u00e9 \u00e9valu\u00e9es sur neuf crit\u00e8res, dont le climat, le transport, la restauration et le d\u00e9bit Internet. Bruxelles fr\u00f4le le top dix. Barcelone, Toronto et P\u00e9kin forment [&hellip;]","og_url":"https:\/\/peoplesphere.be\/fr\/cumuler-travail-et-vacances-cest-le-workation-voici-le-top-10-des-meilleures-villes-pour-y-parvenir\/","og_site_name":"Peoplesphere","article_publisher":"https:\/\/www.facebook.com\/peoplesphere","article_published_time":"2023-08-21T15:20:53+00:00","og_image":[{"width":1920,"height":1280,"url":"https:\/\/peoplesphere.be\/fr\/wp-content\/uploads\/2023\/08\/20230817workationreguscities.jpg","type":"image\/jpeg"}],"author":"Jean-Paul Erhard","twitter_card":"summary_large_image","twitter_creator":"@PeoplesphereMag","twitter_site":"@PeoplesphereMag","twitter_misc":{"\u00c9crit par":"Jean-Paul Erhard","Dur\u00e9e de lecture estim\u00e9e":"3 minutes"},"schema":{"@context":"https:\/\/schema.org","@graph":[{"@type":"Article","@id":"https:\/\/peoplesphere.be\/fr\/cumuler-travail-et-vacances-cest-le-workation-voici-le-top-10-des-meilleures-villes-pour-y-parvenir\/#article","isPartOf":{"@id":"https:\/\/peoplesphere.be\/fr\/cumuler-travail-et-vacances-cest-le-workation-voici-le-top-10-des-meilleures-villes-pour-y-parvenir\/"},"author":{"name":"Jean-Paul Erhard","@id":"https:\/\/peoplesphere.be\/fr\/#\/schema\/person\/7976225ff17988604334abb7b3536a7e"},"headline":"Cumuler travail et vacances (c&rsquo;est le workation): voici le top 10 des meilleures villes pour y parvenir.","datePublished":"2023-08-21T15:20:53+00:00","dateModified":"2023-08-21T15:20:53+00:00","mainEntityOfPage":{"@id":"https:\/\/peoplesphere.be\/fr\/cumuler-travail-et-vacances-cest-le-workation-voici-le-top-10-des-meilleures-villes-pour-y-parvenir\/"},"wordCount":552,"publisher":{"@id":"https:\/\/peoplesphere.be\/fr\/#organization"},"keywords":["\u00e9quilibre priv\u00e9-professionnel","IWG","mobilit\u00e9","workation"],"articleSection":["Actualit\u00e9s","Digital"],"inLanguage":"fr-FR"},{"@type":"WebPage","@id":"https:\/\/peoplesphere.be\/fr\/cumuler-travail-et-vacances-cest-le-workation-voici-le-top-10-des-meilleures-villes-pour-y-parvenir\/","url":"https:\/\/peoplesphere.be\/fr\/cumuler-travail-et-vacances-cest-le-workation-voici-le-top-10-des-meilleures-villes-pour-y-parvenir\/","name":"Cumuler travail et vacances (c'est le workation): voici le top 10 des meilleures villes pour y parvenir. - Peoplesphere","isPartOf":{"@id":"https:\/\/peoplesphere.be\/fr\/#website"},"datePublished":"2023-08-21T15:20:53+00:00","dateModified":"2023-08-21T15:20:53+00:00","breadcrumb":{"@id":"https:\/\/peoplesphere.be\/fr\/cumuler-travail-et-vacances-cest-le-workation-voici-le-top-10-des-meilleures-villes-pour-y-parvenir\/#breadcrumb"},"inLanguage":"fr-FR","potentialAction":[{"@type":"ReadAction","target":["https:\/\/peoplesphere.be\/fr\/cumuler-travail-et-vacances-cest-le-workation-voici-le-top-10-des-meilleures-villes-pour-y-parvenir\/"]}]},{"@type":"BreadcrumbList","@id":"https:\/\/peoplesphere.be\/fr\/cumuler-travail-et-vacances-cest-le-workation-voici-le-top-10-des-meilleures-villes-pour-y-parvenir\/#breadcrumb","itemListElement":[{"@type":"ListItem","position":1,"name":"Accueil","item":"https:\/\/peoplesphere.be\/fr\/"},{"@type":"ListItem","position":2,"name":"Cumuler travail et vacances (c&rsquo;est le workation): voici le top 10 des meilleures villes pour y parvenir."}]},{"@type":"WebSite","@id":"https:\/\/peoplesphere.be\/fr\/#website","url":"https:\/\/peoplesphere.be\/fr\/","name":"Peoplesphere","description":"The People Managers Magazine","publisher":{"@id":"https:\/\/peoplesphere.be\/fr\/#organization"},"potentialAction":[{"@type":"SearchAction","target":{"@type":"EntryPoint","urlTemplate":"https:\/\/peoplesphere.be\/fr\/?s={search_term_string}"},"query-input":"required name=search_term_string"}],"inLanguage":"fr-FR"},{"@type":"Organization","@id":"https:\/\/peoplesphere.be\/fr\/#organization","name":"Peoplesphere Company srl","url":"https:\/\/peoplesphere.be\/fr\/","logo":{"@type":"ImageObject","inLanguage":"fr-FR","@id":"https:\/\/peoplesphere.be\/fr\/#\/schema\/logo\/image\/","url":"https:\/\/peoplesphere.be\/fr\/wp-content\/uploads\/2023\/07\/peoplesphere-lgo-new-generik.jpg","contentUrl":"https:\/\/peoplesphere.be\/fr\/wp-content\/uploads\/2023\/07\/peoplesphere-lgo-new-generik.jpg","width":1031,"height":1479,"caption":"Peoplesphere Company srl"},"image":{"@id":"https:\/\/peoplesphere.be\/fr\/#\/schema\/logo\/image\/"},"sameAs":["https:\/\/www.facebook.com\/peoplesphere","https:\/\/twitter.com\/PeoplesphereMag","https:\/\/www.linkedin.com\/company\/7587361?trk","http:\/\/youtube.com\/peoplesphere"]},{"@type":"Person","@id":"https:\/\/peoplesphere.be\/fr\/#\/schema\/person\/7976225ff17988604334abb7b3536a7e","name":"Jean-Paul Erhard","image":{"@type":"ImageObject","inLanguage":"fr-FR","@id":"https:\/\/peoplesphere.be\/fr\/#\/schema\/person\/image\/","url":"https:\/\/secure.gravatar.com\/avatar\/f941e681460179738071629a51574930?s=96&d=mm&r=g","contentUrl":"https:\/\/secure.gravatar.com\/avatar\/f941e681460179738071629a51574930?s=96&d=mm&r=g","caption":"Jean-Paul Erhard"},"url":"https:\/\/peoplesphere.be\/fr\/author\/jpe\/"}]}},"_links":{"self":[{"href":"https:\/\/peoplesphere.be\/fr\/wp-json\/wp\/v2\/posts\/14850"}],"collection":[{"href":"https:\/\/peoplesphere.be\/fr\/wp-json\/wp\/v2\/posts"}],"about":[{"href":"https:\/\/peoplesphere.be\/fr\/wp-json\/wp\/v2\/types\/post"}],"author":[{"embeddable":true,"href":"https:\/\/peoplesphere.be\/fr\/wp-json\/wp\/v2\/users\/2"}],"replies":[{"embeddable":true,"href":"https:\/\/peoplesphere.be\/fr\/wp-json\/wp\/v2\/comments?post=14850"}],"version-history":[{"count":1,"href":"https:\/\/peoplesphere.be\/fr\/wp-json\/wp\/v2\/posts\/14850\/revisions"}],"predecessor-version":[{"id":14852,"href":"https:\/\/peoplesphere.be\/fr\/wp-json\/wp\/v2\/posts\/14850\/revisions\/14852"}],"wp:featuredmedia":[{"embeddable":true,"href":"https:\/\/peoplesphere.be\/fr\/wp-json\/wp\/v2\/media\/14851"}],"wp:attachment":[{"href":"https:\/\/peoplesphere.be\/fr\/wp-json\/wp\/v2\/media?parent=14850"}],"wp:term":[{"taxonomy":"category","embeddable":true,"href":"https:\/\/peoplesphere.be\/fr\/wp-json\/wp\/v2\/categories?post=14850"},{"taxonomy":"post_tag","embeddable":true,"href":"https:\/\/peoplesphere.be\/fr\/wp-json\/wp\/v2\/tags?post=14850"}],"curies":[{"name":"wp","href":"https:\/\/api.w.org\/{rel}","templated":true}]}}