









{"id":14853,"date":"2023-08-22T07:29:06","date_gmt":"2023-08-22T05:29:06","guid":{"rendered":"https:\/\/peoplesphere.be\/fr\/?p=14853"},"modified":"2023-08-24T04:38:24","modified_gmt":"2023-08-24T02:38:24","slug":"retrouver-la-motivation-apres-une-periode-des-vacances-il-y-a-des-recettes","status":"publish","type":"post","link":"https:\/\/peoplesphere.be\/fr\/retrouver-la-motivation-apres-une-periode-des-vacances-il-y-a-des-recettes\/","title":{"rendered":"Retrouver la motivation apr\u00e8s une p\u00e9riode de vacances, il y a des recettes?"},"content":{"rendered":"<p>Pour tout employ\u00e9, partir en vacances reste le moyen id\u00e9al de recharger les batteries apr\u00e8s une p\u00e9riode de travail \u00e9puisante. Apr\u00e8s ce repos bien m\u00e9rit\u00e9, tout le monde peut repartir \u00e0 plein r\u00e9gime. Du moins, c\u2019est l\u2019objectif. Mais pour bon nombre d\u2019employ\u00e9s, le retour de vacances peut s\u2019accompagner d\u2019une (l\u00e9g\u00e8re) chute de motivation. Comment \u00e9viter que la dynamique sur le lieu de travail en p\u00e2tisse? Il convient surtout de trouver le moyen de motiver les employ\u00e9s. <!--more--><\/p>\n<p>Les vacances sont b\u00e9n\u00e9fiques pour l\u2019ambiance de travail et, par cons\u00e9quent, les r\u00e9sultats de l\u2019entreprise. La perspective de quelques semaines de vacances donne des ailes aux employ\u00e9s. Ils se donnent au maximum, sachant qu\u2019ils profiteront ensuite de bons moments de d\u00e9tente. On peut ais\u00e9ment comprendre pourquoi il est plus difficile de poursuivre sur cet \u00e9lan apr\u00e8s les vacances :<\/p>\n<ul>\n<li>Une p\u00e9riode de vacances va souvent de pair avec une destination de voyage qui aspire \u00e0 la d\u00e9connexion et aux rencontres inoubliables. Il n\u2019est d\u00e8s lors pas \u00e9tonnant que le temps semble filer \u00e0 vive allure. Une fois de retour \u00e0 la maison, la plupart des jours de travail se ressemblent. La routine quotidienne reprend son cours et les vacances ont tout \u00e0 coup un go\u00fbt de trop peu.<\/li>\n<li>Sympt\u00f4me typique d\u2019une ou de plusieurs semaines de vacances : la bo\u00eete mail d\u00e9borde, sans parler de tous les dossiers rest\u00e9s en suspens sans que personne n\u2019y touche. Qui plus est, il y a de fortes chances que les autres coll\u00e8gues soient encore en cong\u00e9, si bien que le service fonctionne probablement en sous-effectifs.<\/li>\n<li>Il existe une grande diff\u00e9rence entre ne rien faire et travailler sous pression. Lorsqu\u2019on se remet au travail, il est difficile de reprendre un rythme habituel et l\u2019impression de manquer de main d\u2019oeuvre pour tout faire se fait vite ressentir.<\/li>\n<\/ul>\n<p><strong><em>Motiver son personnel : cela commence avant m\u00eame le d\u00e9but des vacances<\/em><\/strong><\/p>\n<p>Les facteurs \u00e9num\u00e9r\u00e9s ci-dessus ne sont pas sans cons\u00e9quences. Les employ\u00e9s qui reviennent d\u00e9motiv\u00e9s de vacances se sentent moins impliqu\u00e9s au sein de l\u2019organisation. Cela est n\u00e9faste pour la productivit\u00e9 et l\u2019efficacit\u00e9 de l\u2019\u00e9quipe. Heureusement, il existe de nombreux moyens de motiver les employ\u00e9s apr\u00e8s une p\u00e9riode de vacances.<\/p>\n<p>Il est pr\u00e9f\u00e9rable de lutter pr\u00e9ventivement contre le blues post-vacances. Avec la collaboration de l\u2019employeur, les employ\u00e9s peuvent \u00e9tablir un planning de vacances r\u00e9aliste, de sorte que la charge de travail ne soit jamais trop \u00e9lev\u00e9e malgr\u00e9 les absences. Un taux de personnel \u00e9quilibr\u00e9 pendant les p\u00e9riodes de vacances cr\u00e9e une situation de win-win, tant pour les vacanciers que pour les coll\u00e8gues actifs :<\/p>\n<p>Ceux qui restent peuvent mener toutes les t\u00e2ches \u00e0 bien et continuer de tirer de la satisfaction de leur travail, m\u00eame pendant la p\u00e9riode d\u2019\u00e9t\u00e9.<br \/>\nCeux qui partent en vacances sont soulag\u00e9s de ne pas laisser derri\u00e8re eux d\u2019importantes t\u00e2ches en suspens. Gr\u00e2ce au bon suivi de leurs coll\u00e8gues, ils peuvent entamer la p\u00e9riode post-vacances avec une \u00ab\u00a0to do list\u00a0\u00bb vierge.<\/p>\n<p><strong><em>Donnez du temps et du feedback \u00e0 ceux qui rentrent de vacances<\/em><\/strong><\/p>\n<p>Dans le cas o\u00f9 un employeur souhaite \u00eatre tenu au courant du moral de ses troupes, pr\u00e9voir un entretien d\u2019\u00e9valuation apr\u00e8s les vacances d\u2019un employ\u00e9 est une bonne id\u00e9e. Cela permettra non seulement de mesurer sa motivation, mais aussi de recueillir de nouveaux points de vue. Quand on revient de vacances, on porte souvent un regard neuf sur certains dossiers ou projets. En montrant sa propre implication, l\u2019employeur est \u00e0 m\u00eame de stimuler l\u2019engagement de ses employ\u00e9s.<\/p>\n<p>Et pour conclure : il est important pour tout employ\u00e9 de se laisser le temps de reprendre le rythme de travail habituel. Les premiers jours qui suivent le retour de vacances, il est important pour les coll\u00e8gues d\u00e9j\u00e0 pr\u00e9sents ainsi que l\u2019employeur de ne pas accabler les employ\u00e9s qui sont de retour avec des dossiers d\u00e9licats et des r\u00e9unions urgentes. Une semaine plus tard, les employ\u00e9s seront doublement motiv\u00e9s!<\/p>\n<p>&nbsp;<\/p>\n<p><em>Source: Robert Half<\/em><\/p>\n","protected":false},"excerpt":{"rendered":"<p>Pour tout employ\u00e9, partir en vacances reste le moyen id\u00e9al de recharger les batteries apr\u00e8s une p\u00e9riode de travail \u00e9puisante. Apr\u00e8s ce repos bien m\u00e9rit\u00e9, tout le monde peut repartir \u00e0 plein r\u00e9gime. Du moins, c\u2019est l\u2019objectif. Mais pour bon [&hellip;]<\/p>\n","protected":false},"author":2,"featured_media":14855,"comment_status":"closed","ping_status":"open","sticky":false,"template":"","format":"standard","meta":[],"categories":[65,10],"tags":[208,593,90,6],"yoast_head":"<!-- This site is optimized with the Yoast SEO plugin v21.0 - https:\/\/yoast.com\/wordpress\/plugins\/seo\/ -->\n<title>Retrouver la motivation apr\u00e8s une p\u00e9riode de vacances, il y a des recettes? - Peoplesphere<\/title>\n<meta name=\"robots\" content=\"index, follow, max-snippet:-1, max-image-preview:large, max-video-preview:-1\" \/>\n<link rel=\"canonical\" href=\"https:\/\/peoplesphere.be\/fr\/retrouver-la-motivation-apres-une-periode-des-vacances-il-y-a-des-recettes\/\" \/>\n<meta property=\"og:locale\" content=\"fr_FR\" \/>\n<meta property=\"og:type\" content=\"article\" \/>\n<meta property=\"og:title\" content=\"Retrouver la motivation apr\u00e8s une p\u00e9riode de vacances, il y a des recettes? - Peoplesphere\" \/>\n<meta property=\"og:description\" content=\"Pour tout employ\u00e9, partir en vacances reste le moyen id\u00e9al de recharger les batteries apr\u00e8s une p\u00e9riode de travail \u00e9puisante. Apr\u00e8s ce repos bien m\u00e9rit\u00e9, tout le monde peut repartir \u00e0 plein r\u00e9gime. Du moins, c\u2019est l\u2019objectif. Mais pour bon [&hellip;]\" \/>\n<meta property=\"og:url\" content=\"https:\/\/peoplesphere.be\/fr\/retrouver-la-motivation-apres-une-periode-des-vacances-il-y-a-des-recettes\/\" \/>\n<meta property=\"og:site_name\" content=\"Peoplesphere\" \/>\n<meta property=\"article:publisher\" content=\"https:\/\/www.facebook.com\/peoplesphere\" \/>\n<meta property=\"article:published_time\" content=\"2023-08-22T05:29:06+00:00\" \/>\n<meta property=\"article:modified_time\" content=\"2023-08-24T02:38:24+00:00\" \/>\n<meta property=\"og:image\" content=\"https:\/\/peoplesphere.be\/fr\/wp-content\/uploads\/2023\/08\/20230822motivationdip.jpg\" \/>\n\t<meta property=\"og:image:width\" content=\"1036\" \/>\n\t<meta property=\"og:image:height\" content=\"691\" \/>\n\t<meta property=\"og:image:type\" content=\"image\/jpeg\" \/>\n<meta name=\"author\" content=\"Jean-Paul Erhard\" \/>\n<meta name=\"twitter:card\" content=\"summary_large_image\" \/>\n<meta name=\"twitter:creator\" content=\"@PeoplesphereMag\" \/>\n<meta name=\"twitter:site\" content=\"@PeoplesphereMag\" \/>\n<meta name=\"twitter:label1\" content=\"\u00c9crit par\" \/>\n\t<meta name=\"twitter:data1\" content=\"Jean-Paul Erhard\" \/>\n\t<meta name=\"twitter:label2\" content=\"Dur\u00e9e de lecture estim\u00e9e\" \/>\n\t<meta name=\"twitter:data2\" content=\"4 minutes\" \/>\n<script type=\"application\/ld+json\" class=\"yoast-schema-graph\">{\"@context\":\"https:\/\/schema.org\",\"@graph\":[{\"@type\":\"Article\",\"@id\":\"https:\/\/peoplesphere.be\/fr\/retrouver-la-motivation-apres-une-periode-des-vacances-il-y-a-des-recettes\/#article\",\"isPartOf\":{\"@id\":\"https:\/\/peoplesphere.be\/fr\/retrouver-la-motivation-apres-une-periode-des-vacances-il-y-a-des-recettes\/\"},\"author\":{\"name\":\"Jean-Paul Erhard\",\"@id\":\"https:\/\/peoplesphere.be\/fr\/#\/schema\/person\/7976225ff17988604334abb7b3536a7e\"},\"headline\":\"Retrouver la motivation apr\u00e8s une p\u00e9riode de vacances, il y a des recettes?\",\"datePublished\":\"2023-08-22T05:29:06+00:00\",\"dateModified\":\"2023-08-24T02:38:24+00:00\",\"mainEntityOfPage\":{\"@id\":\"https:\/\/peoplesphere.be\/fr\/retrouver-la-motivation-apres-une-periode-des-vacances-il-y-a-des-recettes\/\"},\"wordCount\":746,\"publisher\":{\"@id\":\"https:\/\/peoplesphere.be\/fr\/#organization\"},\"keywords\":[\"engagement\",\"feedback\",\"motivation\",\"Vacances\"],\"articleSection\":[\"Actualit\u00e9s\",\"Digital\"],\"inLanguage\":\"fr-FR\"},{\"@type\":\"WebPage\",\"@id\":\"https:\/\/peoplesphere.be\/fr\/retrouver-la-motivation-apres-une-periode-des-vacances-il-y-a-des-recettes\/\",\"url\":\"https:\/\/peoplesphere.be\/fr\/retrouver-la-motivation-apres-une-periode-des-vacances-il-y-a-des-recettes\/\",\"name\":\"Retrouver la motivation apr\u00e8s une p\u00e9riode de vacances, il y a des recettes? - Peoplesphere\",\"isPartOf\":{\"@id\":\"https:\/\/peoplesphere.be\/fr\/#website\"},\"datePublished\":\"2023-08-22T05:29:06+00:00\",\"dateModified\":\"2023-08-24T02:38:24+00:00\",\"breadcrumb\":{\"@id\":\"https:\/\/peoplesphere.be\/fr\/retrouver-la-motivation-apres-une-periode-des-vacances-il-y-a-des-recettes\/#breadcrumb\"},\"inLanguage\":\"fr-FR\",\"potentialAction\":[{\"@type\":\"ReadAction\",\"target\":[\"https:\/\/peoplesphere.be\/fr\/retrouver-la-motivation-apres-une-periode-des-vacances-il-y-a-des-recettes\/\"]}]},{\"@type\":\"BreadcrumbList\",\"@id\":\"https:\/\/peoplesphere.be\/fr\/retrouver-la-motivation-apres-une-periode-des-vacances-il-y-a-des-recettes\/#breadcrumb\",\"itemListElement\":[{\"@type\":\"ListItem\",\"position\":1,\"name\":\"Accueil\",\"item\":\"https:\/\/peoplesphere.be\/fr\/\"},{\"@type\":\"ListItem\",\"position\":2,\"name\":\"Retrouver la motivation apr\u00e8s une p\u00e9riode de vacances, il y a des recettes?\"}]},{\"@type\":\"WebSite\",\"@id\":\"https:\/\/peoplesphere.be\/fr\/#website\",\"url\":\"https:\/\/peoplesphere.be\/fr\/\",\"name\":\"Peoplesphere\",\"description\":\"The People Managers Magazine\",\"publisher\":{\"@id\":\"https:\/\/peoplesphere.be\/fr\/#organization\"},\"potentialAction\":[{\"@type\":\"SearchAction\",\"target\":{\"@type\":\"EntryPoint\",\"urlTemplate\":\"https:\/\/peoplesphere.be\/fr\/?s={search_term_string}\"},\"query-input\":\"required name=search_term_string\"}],\"inLanguage\":\"fr-FR\"},{\"@type\":\"Organization\",\"@id\":\"https:\/\/peoplesphere.be\/fr\/#organization\",\"name\":\"Peoplesphere Company srl\",\"url\":\"https:\/\/peoplesphere.be\/fr\/\",\"logo\":{\"@type\":\"ImageObject\",\"inLanguage\":\"fr-FR\",\"@id\":\"https:\/\/peoplesphere.be\/fr\/#\/schema\/logo\/image\/\",\"url\":\"https:\/\/peoplesphere.be\/fr\/wp-content\/uploads\/2023\/07\/peoplesphere-lgo-new-generik.jpg\",\"contentUrl\":\"https:\/\/peoplesphere.be\/fr\/wp-content\/uploads\/2023\/07\/peoplesphere-lgo-new-generik.jpg\",\"width\":1031,\"height\":1479,\"caption\":\"Peoplesphere Company srl\"},\"image\":{\"@id\":\"https:\/\/peoplesphere.be\/fr\/#\/schema\/logo\/image\/\"},\"sameAs\":[\"https:\/\/www.facebook.com\/peoplesphere\",\"https:\/\/twitter.com\/PeoplesphereMag\",\"https:\/\/www.linkedin.com\/company\/7587361?trk\",\"http:\/\/youtube.com\/peoplesphere\"]},{\"@type\":\"Person\",\"@id\":\"https:\/\/peoplesphere.be\/fr\/#\/schema\/person\/7976225ff17988604334abb7b3536a7e\",\"name\":\"Jean-Paul Erhard\",\"image\":{\"@type\":\"ImageObject\",\"inLanguage\":\"fr-FR\",\"@id\":\"https:\/\/peoplesphere.be\/fr\/#\/schema\/person\/image\/\",\"url\":\"https:\/\/secure.gravatar.com\/avatar\/f941e681460179738071629a51574930?s=96&d=mm&r=g\",\"contentUrl\":\"https:\/\/secure.gravatar.com\/avatar\/f941e681460179738071629a51574930?s=96&d=mm&r=g\",\"caption\":\"Jean-Paul Erhard\"},\"url\":\"https:\/\/peoplesphere.be\/fr\/author\/jpe\/\"}]}<\/script>\n<!-- \/ Yoast SEO plugin. -->","yoast_head_json":{"title":"Retrouver la motivation apr\u00e8s une p\u00e9riode de vacances, il y a des recettes? - Peoplesphere","robots":{"index":"index","follow":"follow","max-snippet":"max-snippet:-1","max-image-preview":"max-image-preview:large","max-video-preview":"max-video-preview:-1"},"canonical":"https:\/\/peoplesphere.be\/fr\/retrouver-la-motivation-apres-une-periode-des-vacances-il-y-a-des-recettes\/","og_locale":"fr_FR","og_type":"article","og_title":"Retrouver la motivation apr\u00e8s une p\u00e9riode de vacances, il y a des recettes? - Peoplesphere","og_description":"Pour tout employ\u00e9, partir en vacances reste le moyen id\u00e9al de recharger les batteries apr\u00e8s une p\u00e9riode de travail \u00e9puisante. Apr\u00e8s ce repos bien m\u00e9rit\u00e9, tout le monde peut repartir \u00e0 plein r\u00e9gime. Du moins, c\u2019est l\u2019objectif. Mais pour bon [&hellip;]","og_url":"https:\/\/peoplesphere.be\/fr\/retrouver-la-motivation-apres-une-periode-des-vacances-il-y-a-des-recettes\/","og_site_name":"Peoplesphere","article_publisher":"https:\/\/www.facebook.com\/peoplesphere","article_published_time":"2023-08-22T05:29:06+00:00","article_modified_time":"2023-08-24T02:38:24+00:00","og_image":[{"width":1036,"height":691,"url":"https:\/\/peoplesphere.be\/fr\/wp-content\/uploads\/2023\/08\/20230822motivationdip.jpg","type":"image\/jpeg"}],"author":"Jean-Paul Erhard","twitter_card":"summary_large_image","twitter_creator":"@PeoplesphereMag","twitter_site":"@PeoplesphereMag","twitter_misc":{"\u00c9crit par":"Jean-Paul Erhard","Dur\u00e9e de lecture estim\u00e9e":"4 minutes"},"schema":{"@context":"https:\/\/schema.org","@graph":[{"@type":"Article","@id":"https:\/\/peoplesphere.be\/fr\/retrouver-la-motivation-apres-une-periode-des-vacances-il-y-a-des-recettes\/#article","isPartOf":{"@id":"https:\/\/peoplesphere.be\/fr\/retrouver-la-motivation-apres-une-periode-des-vacances-il-y-a-des-recettes\/"},"author":{"name":"Jean-Paul Erhard","@id":"https:\/\/peoplesphere.be\/fr\/#\/schema\/person\/7976225ff17988604334abb7b3536a7e"},"headline":"Retrouver la motivation apr\u00e8s une p\u00e9riode de vacances, il y a des recettes?","datePublished":"2023-08-22T05:29:06+00:00","dateModified":"2023-08-24T02:38:24+00:00","mainEntityOfPage":{"@id":"https:\/\/peoplesphere.be\/fr\/retrouver-la-motivation-apres-une-periode-des-vacances-il-y-a-des-recettes\/"},"wordCount":746,"publisher":{"@id":"https:\/\/peoplesphere.be\/fr\/#organization"},"keywords":["engagement","feedback","motivation","Vacances"],"articleSection":["Actualit\u00e9s","Digital"],"inLanguage":"fr-FR"},{"@type":"WebPage","@id":"https:\/\/peoplesphere.be\/fr\/retrouver-la-motivation-apres-une-periode-des-vacances-il-y-a-des-recettes\/","url":"https:\/\/peoplesphere.be\/fr\/retrouver-la-motivation-apres-une-periode-des-vacances-il-y-a-des-recettes\/","name":"Retrouver la motivation apr\u00e8s une p\u00e9riode de vacances, il y a des recettes? - Peoplesphere","isPartOf":{"@id":"https:\/\/peoplesphere.be\/fr\/#website"},"datePublished":"2023-08-22T05:29:06+00:00","dateModified":"2023-08-24T02:38:24+00:00","breadcrumb":{"@id":"https:\/\/peoplesphere.be\/fr\/retrouver-la-motivation-apres-une-periode-des-vacances-il-y-a-des-recettes\/#breadcrumb"},"inLanguage":"fr-FR","potentialAction":[{"@type":"ReadAction","target":["https:\/\/peoplesphere.be\/fr\/retrouver-la-motivation-apres-une-periode-des-vacances-il-y-a-des-recettes\/"]}]},{"@type":"BreadcrumbList","@id":"https:\/\/peoplesphere.be\/fr\/retrouver-la-motivation-apres-une-periode-des-vacances-il-y-a-des-recettes\/#breadcrumb","itemListElement":[{"@type":"ListItem","position":1,"name":"Accueil","item":"https:\/\/peoplesphere.be\/fr\/"},{"@type":"ListItem","position":2,"name":"Retrouver la motivation apr\u00e8s une p\u00e9riode de vacances, il y a des recettes?"}]},{"@type":"WebSite","@id":"https:\/\/peoplesphere.be\/fr\/#website","url":"https:\/\/peoplesphere.be\/fr\/","name":"Peoplesphere","description":"The People Managers Magazine","publisher":{"@id":"https:\/\/peoplesphere.be\/fr\/#organization"},"potentialAction":[{"@type":"SearchAction","target":{"@type":"EntryPoint","urlTemplate":"https:\/\/peoplesphere.be\/fr\/?s={search_term_string}"},"query-input":"required name=search_term_string"}],"inLanguage":"fr-FR"},{"@type":"Organization","@id":"https:\/\/peoplesphere.be\/fr\/#organization","name":"Peoplesphere Company srl","url":"https:\/\/peoplesphere.be\/fr\/","logo":{"@type":"ImageObject","inLanguage":"fr-FR","@id":"https:\/\/peoplesphere.be\/fr\/#\/schema\/logo\/image\/","url":"https:\/\/peoplesphere.be\/fr\/wp-content\/uploads\/2023\/07\/peoplesphere-lgo-new-generik.jpg","contentUrl":"https:\/\/peoplesphere.be\/fr\/wp-content\/uploads\/2023\/07\/peoplesphere-lgo-new-generik.jpg","width":1031,"height":1479,"caption":"Peoplesphere Company srl"},"image":{"@id":"https:\/\/peoplesphere.be\/fr\/#\/schema\/logo\/image\/"},"sameAs":["https:\/\/www.facebook.com\/peoplesphere","https:\/\/twitter.com\/PeoplesphereMag","https:\/\/www.linkedin.com\/company\/7587361?trk","http:\/\/youtube.com\/peoplesphere"]},{"@type":"Person","@id":"https:\/\/peoplesphere.be\/fr\/#\/schema\/person\/7976225ff17988604334abb7b3536a7e","name":"Jean-Paul Erhard","image":{"@type":"ImageObject","inLanguage":"fr-FR","@id":"https:\/\/peoplesphere.be\/fr\/#\/schema\/person\/image\/","url":"https:\/\/secure.gravatar.com\/avatar\/f941e681460179738071629a51574930?s=96&d=mm&r=g","contentUrl":"https:\/\/secure.gravatar.com\/avatar\/f941e681460179738071629a51574930?s=96&d=mm&r=g","caption":"Jean-Paul Erhard"},"url":"https:\/\/peoplesphere.be\/fr\/author\/jpe\/"}]}},"_links":{"self":[{"href":"https:\/\/peoplesphere.be\/fr\/wp-json\/wp\/v2\/posts\/14853"}],"collection":[{"href":"https:\/\/peoplesphere.be\/fr\/wp-json\/wp\/v2\/posts"}],"about":[{"href":"https:\/\/peoplesphere.be\/fr\/wp-json\/wp\/v2\/types\/post"}],"author":[{"embeddable":true,"href":"https:\/\/peoplesphere.be\/fr\/wp-json\/wp\/v2\/users\/2"}],"replies":[{"embeddable":true,"href":"https:\/\/peoplesphere.be\/fr\/wp-json\/wp\/v2\/comments?post=14853"}],"version-history":[{"count":2,"href":"https:\/\/peoplesphere.be\/fr\/wp-json\/wp\/v2\/posts\/14853\/revisions"}],"predecessor-version":[{"id":14861,"href":"https:\/\/peoplesphere.be\/fr\/wp-json\/wp\/v2\/posts\/14853\/revisions\/14861"}],"wp:featuredmedia":[{"embeddable":true,"href":"https:\/\/peoplesphere.be\/fr\/wp-json\/wp\/v2\/media\/14855"}],"wp:attachment":[{"href":"https:\/\/peoplesphere.be\/fr\/wp-json\/wp\/v2\/media?parent=14853"}],"wp:term":[{"taxonomy":"category","embeddable":true,"href":"https:\/\/peoplesphere.be\/fr\/wp-json\/wp\/v2\/categories?post=14853"},{"taxonomy":"post_tag","embeddable":true,"href":"https:\/\/peoplesphere.be\/fr\/wp-json\/wp\/v2\/tags?post=14853"}],"curies":[{"name":"wp","href":"https:\/\/api.w.org\/{rel}","templated":true}]}}