









{"id":14895,"date":"2023-09-01T15:25:29","date_gmt":"2023-09-01T13:25:29","guid":{"rendered":"https:\/\/peoplesphere.be\/fr\/?p=14895"},"modified":"2023-09-12T16:56:20","modified_gmt":"2023-09-12T14:56:20","slug":"fonction-publique-instauration-de-la-semaine-de-travail-de-quatre-jours-a-temps-plein-et-du-regime-hebdomadaire-alterne","status":"publish","type":"post","link":"https:\/\/peoplesphere.be\/fr\/fonction-publique-instauration-de-la-semaine-de-travail-de-quatre-jours-a-temps-plein-et-du-regime-hebdomadaire-alterne\/","title":{"rendered":"Fonction publique: instauration de la semaine de travail de quatre jours \u00e0 temps plein et du r\u00e9gime hebdomadaire altern\u00e9."},"content":{"rendered":"<p>Sur proposition de la ministre de la Fonction publique Petra De Sutter, le Conseil des ministres a approuv\u00e9 un projet d&rsquo;arr\u00eat\u00e9 royal visant \u00e0 instaurer le r\u00e9gime de la semaine de travail de quatre jours \u00e0 temps plein et le r\u00e9gime hebdomadaire altern\u00e9 dans la fonction publique administrative f\u00e9d\u00e9rale.<!--more--><\/p>\n<p>Depuis le 20 novembre 2022, les travailleurs du secteur priv\u00e9 peuvent r\u00e9partir les prestations \u00e0 temps plein sur quatre jours au lieu de cinq. En outre, les heures de travail peuvent \u00eatre r\u00e9parties sur un cycle de deux semaines dans le cadre du r\u00e9gime hebdomadaire altern\u00e9.<\/p>\n<p>Le projet vise \u00e0 instaurer ces mesures dans la fonction publique f\u00e9d\u00e9rale. Dans ce cadre, chaque organisation peut d\u00e9cider d\u2019appliquer l&rsquo;une de ces mesures de flexibilit\u00e9, les deux ou aucune. Chaque organisation peut en outre ajouter ses propres accents en tenant compte de l&rsquo;organisation du travail existante, des besoins de l&rsquo;organisation et des membres du personnel. En outre, cette approche de la mise en \u0153uvre de la semaine de travail de quatre jours \u00e0 temps plein et\/ou du r\u00e9gime hebdomadaire altern\u00e9 dans une organisation publique f\u00e9d\u00e9rale s&rsquo;inscrit parfaitement dans la politique de d\u00e9connexion de l\u2019Administration f\u00e9d\u00e9rale.<\/p>\n<p>Un membre du personnel peut demander \u00e0 travailler selon le r\u00e9gime de la semaine de quatre jours \u00e0 temps plein et le r\u00e9gime hebdomadaire altern\u00e9 uniquement si ces r\u00e9gimes de travail sont pr\u00e9vus au sein de son organisation f\u00e9d\u00e9rale et s&rsquo;il dispose de l&rsquo;autorisation du fonctionnaire dirigeant. L&rsquo;autorisation est valable pour trois mois au minimum et pour six mois au maximum. Le membre du personnel ne peut pas \u00eatre contraint de travailler suivant un de ces r\u00e9gimes de travail en particulier.<\/p>\n<p>Le projet est soumis \u00e0 la n\u00e9gociation syndicale. Il sera ensuite transmis pour avis au Conseil d&rsquo;Etat.<\/p>\n<p>&nbsp;<\/p>\n<p><em>Source: Cabinet de Petra De Sutter, Vice-Premi\u00e8re ministre et ministre de la Fonction publique, des Entreprises publiques, des T\u00e9l\u00e9communications et de la Poste<br \/>\nProjet d&rsquo;arr\u00eat\u00e9 royal modifiant diverses dispositions relatives \u00e0 la semaine de travail de quatre jours \u00e0 temps plein et au r\u00e9gime hebdomadaire altern\u00e9<\/em><\/p>\n","protected":false},"excerpt":{"rendered":"<p>Sur proposition de la ministre de la Fonction publique Petra De Sutter, le Conseil des ministres a approuv\u00e9 un projet d&rsquo;arr\u00eat\u00e9 royal visant \u00e0 instaurer le r\u00e9gime de la semaine de travail de quatre jours \u00e0 temps plein et le [&hellip;]<\/p>\n","protected":false},"author":2,"featured_media":0,"comment_status":"closed","ping_status":"open","sticky":false,"template":"","format":"standard","meta":[],"categories":[65,10],"tags":[392,3243,901,39],"yoast_head":"<!-- This site is optimized with the Yoast SEO plugin v21.0 - https:\/\/yoast.com\/wordpress\/plugins\/seo\/ -->\n<title>Fonction publique: instauration de la semaine de travail de quatre jours \u00e0 temps plein et du r\u00e9gime hebdomadaire altern\u00e9. - Peoplesphere<\/title>\n<meta name=\"robots\" content=\"index, follow, max-snippet:-1, max-image-preview:large, max-video-preview:-1\" \/>\n<link rel=\"canonical\" href=\"https:\/\/peoplesphere.be\/fr\/fonction-publique-instauration-de-la-semaine-de-travail-de-quatre-jours-a-temps-plein-et-du-regime-hebdomadaire-alterne\/\" \/>\n<meta property=\"og:locale\" content=\"fr_FR\" \/>\n<meta property=\"og:type\" content=\"article\" \/>\n<meta property=\"og:title\" content=\"Fonction publique: instauration de la semaine de travail de quatre jours \u00e0 temps plein et du r\u00e9gime hebdomadaire altern\u00e9. - Peoplesphere\" \/>\n<meta property=\"og:description\" content=\"Sur proposition de la ministre de la Fonction publique Petra De Sutter, le Conseil des ministres a approuv\u00e9 un projet d&rsquo;arr\u00eat\u00e9 royal visant \u00e0 instaurer le r\u00e9gime de la semaine de travail de quatre jours \u00e0 temps plein et le [&hellip;]\" \/>\n<meta property=\"og:url\" content=\"https:\/\/peoplesphere.be\/fr\/fonction-publique-instauration-de-la-semaine-de-travail-de-quatre-jours-a-temps-plein-et-du-regime-hebdomadaire-alterne\/\" \/>\n<meta property=\"og:site_name\" content=\"Peoplesphere\" \/>\n<meta property=\"article:publisher\" content=\"https:\/\/www.facebook.com\/peoplesphere\" \/>\n<meta property=\"article:published_time\" content=\"2023-09-01T13:25:29+00:00\" \/>\n<meta property=\"article:modified_time\" content=\"2023-09-12T14:56:20+00:00\" \/>\n<meta property=\"og:image\" content=\"http:\/\/www.peoplesphere.be\/fr\/wp-content\/uploads\/2016\/07\/facebook-default-posting-1200x628px.jpg\" \/>\n<meta name=\"author\" content=\"Jean-Paul Erhard\" \/>\n<meta name=\"twitter:card\" content=\"summary_large_image\" \/>\n<meta name=\"twitter:creator\" content=\"@PeoplesphereMag\" \/>\n<meta name=\"twitter:site\" content=\"@PeoplesphereMag\" \/>\n<meta name=\"twitter:label1\" content=\"\u00c9crit par\" \/>\n\t<meta name=\"twitter:data1\" content=\"Jean-Paul Erhard\" \/>\n\t<meta name=\"twitter:label2\" content=\"Dur\u00e9e de lecture estim\u00e9e\" \/>\n\t<meta name=\"twitter:data2\" content=\"2 minutes\" \/>\n<script type=\"application\/ld+json\" class=\"yoast-schema-graph\">{\"@context\":\"https:\/\/schema.org\",\"@graph\":[{\"@type\":\"Article\",\"@id\":\"https:\/\/peoplesphere.be\/fr\/fonction-publique-instauration-de-la-semaine-de-travail-de-quatre-jours-a-temps-plein-et-du-regime-hebdomadaire-alterne\/#article\",\"isPartOf\":{\"@id\":\"https:\/\/peoplesphere.be\/fr\/fonction-publique-instauration-de-la-semaine-de-travail-de-quatre-jours-a-temps-plein-et-du-regime-hebdomadaire-alterne\/\"},\"author\":{\"name\":\"Jean-Paul Erhard\",\"@id\":\"https:\/\/peoplesphere.be\/fr\/#\/schema\/person\/7976225ff17988604334abb7b3536a7e\"},\"headline\":\"Fonction publique: instauration de la semaine de travail de quatre jours \u00e0 temps plein et du r\u00e9gime hebdomadaire altern\u00e9.\",\"datePublished\":\"2023-09-01T13:25:29+00:00\",\"dateModified\":\"2023-09-12T14:56:20+00:00\",\"mainEntityOfPage\":{\"@id\":\"https:\/\/peoplesphere.be\/fr\/fonction-publique-instauration-de-la-semaine-de-travail-de-quatre-jours-a-temps-plein-et-du-regime-hebdomadaire-alterne\/\"},\"wordCount\":376,\"publisher\":{\"@id\":\"https:\/\/peoplesphere.be\/fr\/#organization\"},\"keywords\":[\"fonction publique\",\"Petra De Sutter\",\"semaine de 4 jours\",\"temps de travail\"],\"articleSection\":[\"Actualit\u00e9s\",\"Digital\"],\"inLanguage\":\"fr-FR\"},{\"@type\":\"WebPage\",\"@id\":\"https:\/\/peoplesphere.be\/fr\/fonction-publique-instauration-de-la-semaine-de-travail-de-quatre-jours-a-temps-plein-et-du-regime-hebdomadaire-alterne\/\",\"url\":\"https:\/\/peoplesphere.be\/fr\/fonction-publique-instauration-de-la-semaine-de-travail-de-quatre-jours-a-temps-plein-et-du-regime-hebdomadaire-alterne\/\",\"name\":\"Fonction publique: instauration de la semaine de travail de quatre jours \u00e0 temps plein et du r\u00e9gime hebdomadaire altern\u00e9. - Peoplesphere\",\"isPartOf\":{\"@id\":\"https:\/\/peoplesphere.be\/fr\/#website\"},\"datePublished\":\"2023-09-01T13:25:29+00:00\",\"dateModified\":\"2023-09-12T14:56:20+00:00\",\"breadcrumb\":{\"@id\":\"https:\/\/peoplesphere.be\/fr\/fonction-publique-instauration-de-la-semaine-de-travail-de-quatre-jours-a-temps-plein-et-du-regime-hebdomadaire-alterne\/#breadcrumb\"},\"inLanguage\":\"fr-FR\",\"potentialAction\":[{\"@type\":\"ReadAction\",\"target\":[\"https:\/\/peoplesphere.be\/fr\/fonction-publique-instauration-de-la-semaine-de-travail-de-quatre-jours-a-temps-plein-et-du-regime-hebdomadaire-alterne\/\"]}]},{\"@type\":\"BreadcrumbList\",\"@id\":\"https:\/\/peoplesphere.be\/fr\/fonction-publique-instauration-de-la-semaine-de-travail-de-quatre-jours-a-temps-plein-et-du-regime-hebdomadaire-alterne\/#breadcrumb\",\"itemListElement\":[{\"@type\":\"ListItem\",\"position\":1,\"name\":\"Accueil\",\"item\":\"https:\/\/peoplesphere.be\/fr\/\"},{\"@type\":\"ListItem\",\"position\":2,\"name\":\"Fonction publique: instauration de la semaine de travail de quatre jours \u00e0 temps plein et du r\u00e9gime hebdomadaire altern\u00e9.\"}]},{\"@type\":\"WebSite\",\"@id\":\"https:\/\/peoplesphere.be\/fr\/#website\",\"url\":\"https:\/\/peoplesphere.be\/fr\/\",\"name\":\"Peoplesphere\",\"description\":\"The People Managers Magazine\",\"publisher\":{\"@id\":\"https:\/\/peoplesphere.be\/fr\/#organization\"},\"potentialAction\":[{\"@type\":\"SearchAction\",\"target\":{\"@type\":\"EntryPoint\",\"urlTemplate\":\"https:\/\/peoplesphere.be\/fr\/?s={search_term_string}\"},\"query-input\":\"required name=search_term_string\"}],\"inLanguage\":\"fr-FR\"},{\"@type\":\"Organization\",\"@id\":\"https:\/\/peoplesphere.be\/fr\/#organization\",\"name\":\"Peoplesphere Company srl\",\"url\":\"https:\/\/peoplesphere.be\/fr\/\",\"logo\":{\"@type\":\"ImageObject\",\"inLanguage\":\"fr-FR\",\"@id\":\"https:\/\/peoplesphere.be\/fr\/#\/schema\/logo\/image\/\",\"url\":\"https:\/\/peoplesphere.be\/fr\/wp-content\/uploads\/2023\/07\/peoplesphere-lgo-new-generik.jpg\",\"contentUrl\":\"https:\/\/peoplesphere.be\/fr\/wp-content\/uploads\/2023\/07\/peoplesphere-lgo-new-generik.jpg\",\"width\":1031,\"height\":1479,\"caption\":\"Peoplesphere Company srl\"},\"image\":{\"@id\":\"https:\/\/peoplesphere.be\/fr\/#\/schema\/logo\/image\/\"},\"sameAs\":[\"https:\/\/www.facebook.com\/peoplesphere\",\"https:\/\/twitter.com\/PeoplesphereMag\",\"https:\/\/www.linkedin.com\/company\/7587361?trk\",\"http:\/\/youtube.com\/peoplesphere\"]},{\"@type\":\"Person\",\"@id\":\"https:\/\/peoplesphere.be\/fr\/#\/schema\/person\/7976225ff17988604334abb7b3536a7e\",\"name\":\"Jean-Paul Erhard\",\"image\":{\"@type\":\"ImageObject\",\"inLanguage\":\"fr-FR\",\"@id\":\"https:\/\/peoplesphere.be\/fr\/#\/schema\/person\/image\/\",\"url\":\"https:\/\/secure.gravatar.com\/avatar\/f941e681460179738071629a51574930?s=96&d=mm&r=g\",\"contentUrl\":\"https:\/\/secure.gravatar.com\/avatar\/f941e681460179738071629a51574930?s=96&d=mm&r=g\",\"caption\":\"Jean-Paul Erhard\"},\"url\":\"https:\/\/peoplesphere.be\/fr\/author\/jpe\/\"}]}<\/script>\n<!-- \/ Yoast SEO plugin. -->","yoast_head_json":{"title":"Fonction publique: instauration de la semaine de travail de quatre jours \u00e0 temps plein et du r\u00e9gime hebdomadaire altern\u00e9. - Peoplesphere","robots":{"index":"index","follow":"follow","max-snippet":"max-snippet:-1","max-image-preview":"max-image-preview:large","max-video-preview":"max-video-preview:-1"},"canonical":"https:\/\/peoplesphere.be\/fr\/fonction-publique-instauration-de-la-semaine-de-travail-de-quatre-jours-a-temps-plein-et-du-regime-hebdomadaire-alterne\/","og_locale":"fr_FR","og_type":"article","og_title":"Fonction publique: instauration de la semaine de travail de quatre jours \u00e0 temps plein et du r\u00e9gime hebdomadaire altern\u00e9. - Peoplesphere","og_description":"Sur proposition de la ministre de la Fonction publique Petra De Sutter, le Conseil des ministres a approuv\u00e9 un projet d&rsquo;arr\u00eat\u00e9 royal visant \u00e0 instaurer le r\u00e9gime de la semaine de travail de quatre jours \u00e0 temps plein et le [&hellip;]","og_url":"https:\/\/peoplesphere.be\/fr\/fonction-publique-instauration-de-la-semaine-de-travail-de-quatre-jours-a-temps-plein-et-du-regime-hebdomadaire-alterne\/","og_site_name":"Peoplesphere","article_publisher":"https:\/\/www.facebook.com\/peoplesphere","article_published_time":"2023-09-01T13:25:29+00:00","article_modified_time":"2023-09-12T14:56:20+00:00","og_image":[{"url":"http:\/\/www.peoplesphere.be\/fr\/wp-content\/uploads\/2016\/07\/facebook-default-posting-1200x628px.jpg"}],"author":"Jean-Paul Erhard","twitter_card":"summary_large_image","twitter_creator":"@PeoplesphereMag","twitter_site":"@PeoplesphereMag","twitter_misc":{"\u00c9crit par":"Jean-Paul Erhard","Dur\u00e9e de lecture estim\u00e9e":"2 minutes"},"schema":{"@context":"https:\/\/schema.org","@graph":[{"@type":"Article","@id":"https:\/\/peoplesphere.be\/fr\/fonction-publique-instauration-de-la-semaine-de-travail-de-quatre-jours-a-temps-plein-et-du-regime-hebdomadaire-alterne\/#article","isPartOf":{"@id":"https:\/\/peoplesphere.be\/fr\/fonction-publique-instauration-de-la-semaine-de-travail-de-quatre-jours-a-temps-plein-et-du-regime-hebdomadaire-alterne\/"},"author":{"name":"Jean-Paul Erhard","@id":"https:\/\/peoplesphere.be\/fr\/#\/schema\/person\/7976225ff17988604334abb7b3536a7e"},"headline":"Fonction publique: instauration de la semaine de travail de quatre jours \u00e0 temps plein et du r\u00e9gime hebdomadaire altern\u00e9.","datePublished":"2023-09-01T13:25:29+00:00","dateModified":"2023-09-12T14:56:20+00:00","mainEntityOfPage":{"@id":"https:\/\/peoplesphere.be\/fr\/fonction-publique-instauration-de-la-semaine-de-travail-de-quatre-jours-a-temps-plein-et-du-regime-hebdomadaire-alterne\/"},"wordCount":376,"publisher":{"@id":"https:\/\/peoplesphere.be\/fr\/#organization"},"keywords":["fonction publique","Petra De Sutter","semaine de 4 jours","temps de travail"],"articleSection":["Actualit\u00e9s","Digital"],"inLanguage":"fr-FR"},{"@type":"WebPage","@id":"https:\/\/peoplesphere.be\/fr\/fonction-publique-instauration-de-la-semaine-de-travail-de-quatre-jours-a-temps-plein-et-du-regime-hebdomadaire-alterne\/","url":"https:\/\/peoplesphere.be\/fr\/fonction-publique-instauration-de-la-semaine-de-travail-de-quatre-jours-a-temps-plein-et-du-regime-hebdomadaire-alterne\/","name":"Fonction publique: instauration de la semaine de travail de quatre jours \u00e0 temps plein et du r\u00e9gime hebdomadaire altern\u00e9. - Peoplesphere","isPartOf":{"@id":"https:\/\/peoplesphere.be\/fr\/#website"},"datePublished":"2023-09-01T13:25:29+00:00","dateModified":"2023-09-12T14:56:20+00:00","breadcrumb":{"@id":"https:\/\/peoplesphere.be\/fr\/fonction-publique-instauration-de-la-semaine-de-travail-de-quatre-jours-a-temps-plein-et-du-regime-hebdomadaire-alterne\/#breadcrumb"},"inLanguage":"fr-FR","potentialAction":[{"@type":"ReadAction","target":["https:\/\/peoplesphere.be\/fr\/fonction-publique-instauration-de-la-semaine-de-travail-de-quatre-jours-a-temps-plein-et-du-regime-hebdomadaire-alterne\/"]}]},{"@type":"BreadcrumbList","@id":"https:\/\/peoplesphere.be\/fr\/fonction-publique-instauration-de-la-semaine-de-travail-de-quatre-jours-a-temps-plein-et-du-regime-hebdomadaire-alterne\/#breadcrumb","itemListElement":[{"@type":"ListItem","position":1,"name":"Accueil","item":"https:\/\/peoplesphere.be\/fr\/"},{"@type":"ListItem","position":2,"name":"Fonction publique: instauration de la semaine de travail de quatre jours \u00e0 temps plein et du r\u00e9gime hebdomadaire altern\u00e9."}]},{"@type":"WebSite","@id":"https:\/\/peoplesphere.be\/fr\/#website","url":"https:\/\/peoplesphere.be\/fr\/","name":"Peoplesphere","description":"The People Managers Magazine","publisher":{"@id":"https:\/\/peoplesphere.be\/fr\/#organization"},"potentialAction":[{"@type":"SearchAction","target":{"@type":"EntryPoint","urlTemplate":"https:\/\/peoplesphere.be\/fr\/?s={search_term_string}"},"query-input":"required name=search_term_string"}],"inLanguage":"fr-FR"},{"@type":"Organization","@id":"https:\/\/peoplesphere.be\/fr\/#organization","name":"Peoplesphere Company srl","url":"https:\/\/peoplesphere.be\/fr\/","logo":{"@type":"ImageObject","inLanguage":"fr-FR","@id":"https:\/\/peoplesphere.be\/fr\/#\/schema\/logo\/image\/","url":"https:\/\/peoplesphere.be\/fr\/wp-content\/uploads\/2023\/07\/peoplesphere-lgo-new-generik.jpg","contentUrl":"https:\/\/peoplesphere.be\/fr\/wp-content\/uploads\/2023\/07\/peoplesphere-lgo-new-generik.jpg","width":1031,"height":1479,"caption":"Peoplesphere Company srl"},"image":{"@id":"https:\/\/peoplesphere.be\/fr\/#\/schema\/logo\/image\/"},"sameAs":["https:\/\/www.facebook.com\/peoplesphere","https:\/\/twitter.com\/PeoplesphereMag","https:\/\/www.linkedin.com\/company\/7587361?trk","http:\/\/youtube.com\/peoplesphere"]},{"@type":"Person","@id":"https:\/\/peoplesphere.be\/fr\/#\/schema\/person\/7976225ff17988604334abb7b3536a7e","name":"Jean-Paul Erhard","image":{"@type":"ImageObject","inLanguage":"fr-FR","@id":"https:\/\/peoplesphere.be\/fr\/#\/schema\/person\/image\/","url":"https:\/\/secure.gravatar.com\/avatar\/f941e681460179738071629a51574930?s=96&d=mm&r=g","contentUrl":"https:\/\/secure.gravatar.com\/avatar\/f941e681460179738071629a51574930?s=96&d=mm&r=g","caption":"Jean-Paul Erhard"},"url":"https:\/\/peoplesphere.be\/fr\/author\/jpe\/"}]}},"_links":{"self":[{"href":"https:\/\/peoplesphere.be\/fr\/wp-json\/wp\/v2\/posts\/14895"}],"collection":[{"href":"https:\/\/peoplesphere.be\/fr\/wp-json\/wp\/v2\/posts"}],"about":[{"href":"https:\/\/peoplesphere.be\/fr\/wp-json\/wp\/v2\/types\/post"}],"author":[{"embeddable":true,"href":"https:\/\/peoplesphere.be\/fr\/wp-json\/wp\/v2\/users\/2"}],"replies":[{"embeddable":true,"href":"https:\/\/peoplesphere.be\/fr\/wp-json\/wp\/v2\/comments?post=14895"}],"version-history":[{"count":1,"href":"https:\/\/peoplesphere.be\/fr\/wp-json\/wp\/v2\/posts\/14895\/revisions"}],"predecessor-version":[{"id":14896,"href":"https:\/\/peoplesphere.be\/fr\/wp-json\/wp\/v2\/posts\/14895\/revisions\/14896"}],"wp:attachment":[{"href":"https:\/\/peoplesphere.be\/fr\/wp-json\/wp\/v2\/media?parent=14895"}],"wp:term":[{"taxonomy":"category","embeddable":true,"href":"https:\/\/peoplesphere.be\/fr\/wp-json\/wp\/v2\/categories?post=14895"},{"taxonomy":"post_tag","embeddable":true,"href":"https:\/\/peoplesphere.be\/fr\/wp-json\/wp\/v2\/tags?post=14895"}],"curies":[{"name":"wp","href":"https:\/\/api.w.org\/{rel}","templated":true}]}}