









{"id":14899,"date":"2023-09-04T14:58:44","date_gmt":"2023-09-04T12:58:44","guid":{"rendered":"https:\/\/peoplesphere.be\/fr\/?p=14899"},"modified":"2023-09-07T03:37:44","modified_gmt":"2023-09-07T01:37:44","slug":"bien-etre-au-travail-seuls-4-employes-sur-10-trouve-la-pression-quils-subissent-raisonnable","status":"publish","type":"post","link":"https:\/\/peoplesphere.be\/fr\/bien-etre-au-travail-seuls-4-employes-sur-10-trouve-la-pression-quils-subissent-raisonnable\/","title":{"rendered":"Bien-\u00eatre au travail: seuls 4 employ\u00e9s sur 10 trouvent la &lsquo;pression&rsquo; qu&rsquo;ils subissent raisonnable."},"content":{"rendered":"<p>Le bien-\u00eatre et la pression au travail attirent de plus en plus l&rsquo;attention, selon une \u00e9tude de l&rsquo;Antwerp Management School. L&rsquo;enqu\u00eate note des diff\u00e9rences de perception entre ce que les employeurs et les employ\u00e9s consid\u00e8rent comme des raisons valables d&rsquo;absences li\u00e9es au stress. <em>\u00ab\u00a0Les employeurs courent ainsi le risque de prendre des mesures qui n\u2019auront que peu ou pas d\u2019effet.\u00a0\u00bb<\/em><!--more--><\/p>\n<p>Pour s\u00fbr, tant les employeurs (67%) que les employ\u00e9s (49%) s&rsquo;accordent \u00e0 dire que le bien-\u00eatre des salari\u00e9s fait aujourd&rsquo;hui l&rsquo;objet de plus d&rsquo;attention dans leur organisation qu&rsquo;avant 2020, au d\u00e9but de la pand\u00e9mie. Pour les employeurs, le sens de la responsabilit\u00e9 morale est la raison la plus importante (37%) pour mettre en \u0153uvre une politique de bien-\u00eatre, suivi par attirer et\/ou garder des talents (22%). La majorit\u00e9 des employeurs interrog\u00e9s disposent d&rsquo;une politique de bien-\u00eatre au travail (53%) ou envisagent d&rsquo;en cr\u00e9er une (35%).<\/p>\n<p><strong><em>Un changement dans le \u00ab noyau du travail \u00bb<\/em><\/strong><\/p>\n<p>Le bien-\u00eatre au travail est une responsabilit\u00e9 partag\u00e9e de l\u2019employeur et de l\u2019employ\u00e9. Cependant, les salari\u00e9s semblent se tourner davantage vers leur employeur pour leur bien-\u00eatre au travail que l\u2019inverse. Si pr\u00e8s de la moiti\u00e9 des salari\u00e9s (45%) attendent aujourd&rsquo;hui plus de leur employeur qu&rsquo;en 2020, ils ne sont pas n\u00e9cessairement eux-m\u00eames pr\u00eats \u00e0 \u00ab donner \u00bb davantage. La volont\u00e9 d&rsquo;\u00eatre disponible en dehors des heures de travail, de suivre une formation compl\u00e9mentaire ou d&rsquo;effectuer des t\u00e2ches suppl\u00e9mentaires en plus de l&rsquo;ensemble des t\u00e2ches est moindre qu&rsquo;avant 2020.<\/p>\n<p>Ce ph\u00e9nom\u00e8ne pourrait s\u2019expliquer par un changement dans le noyau du travail, c&rsquo;est-\u00e0-dire la place que le travail occupe dans la vie des salari\u00e9s. En effet, les employeurs t\u00e9moignent d\u2019une situation qui a \u00e9volu\u00e9 : pr\u00e8s de la moiti\u00e9 des interrog\u00e9s (46%) pensent que le travail est moins central dans la vie de leurs salari\u00e9s qu&rsquo;avant 2020 ; fait confirm\u00e9 par 7 salari\u00e9s sur 10.<\/p>\n<p><strong><em>La pression au travail est la premi\u00e8re raison d&rsquo;absent\u00e9isme li\u00e9 au stress<\/em><\/strong><\/p>\n<p>Les employ\u00e9s et les employeurs indiquent qu&rsquo;ils font face \u00e0 une charge de travail croissante ces derniers temps. Seul un quart des employeurs (23%) jugent la charge de travail raisonnable dans leur organisation. Pour les salari\u00e9s, ce chiffre est l\u00e9g\u00e8rement plus \u00e9lev\u00e9, \u00e0 38%. Il est frappant de constater que plus de la moiti\u00e9 des employeurs sond\u00e9s (56%) indiquent qu&rsquo;ils ont du mal \u00e0 trouver le sommeil la nuit en raison de la charge de travail \u00e9lev\u00e9e des employ\u00e9s.<\/p>\n<p>La pression au travail arrive \u00e9galement en premi\u00e8re position des possibles raisons d&rsquo;absence dues au stress (\u00e9galement connu sous le nom d&rsquo;absent\u00e9isme li\u00e9 au stress), tant pour les employ\u00e9s (91%) que pour les employeurs (82%). Dans le m\u00eame temps, ces diff\u00e9rences de perception montrent que la pression au travail est encore plus probl\u00e9matique pour les salari\u00e9s que ne le pensent les employeurs.<\/p>\n<p><strong><em>Raisons d&rsquo;absence dues au stress &#8211; Pourcentage d\u2019employ\u00e9s qui consid\u00e8rent cette raison comme (tr\u00e8s) importante<\/em><\/strong><br \/>\nLa charge de travail &#8211; 91 %<br \/>\nL&rsquo;\u00e9quilibre vie professionnelle et priv\u00e9e &#8211; 89 %<br \/>\nRaisons priv\u00e9es &#8211; 81 %<br \/>\nManque de soutien manag\u00e9rial &#8211; 81 %<br \/>\nConflits au travail &#8211; 81 %<br \/>\nRaisons familiales &#8211; 79 %<br \/>\nInad\u00e9quation entre capacit\u00e9s et t\u00e2ches de l\u2019employ\u00e9 &#8211; 75 %<br \/>\nVouloir trop accomplir en m\u00eame temps (carri\u00e8re, famille, vie sociale, sport\u2026) &#8211; 70 %<br \/>\nFlou dans les r\u00f4les au travail &#8211; 69 %<br \/>\nManque de coll\u00e8gue en support &#8211; 69 %<br \/>\nTrop de bureaucratie et d&rsquo;administration &#8211; 62 %<br \/>\nManque de r\u00e9silience &#8211; 57 %<br \/>\nStress technologique au travail &#8211; 45 %<br \/>\n<strong><em>Raisons d&rsquo;absence dues au stress &#8211; Pourcentage d\u2019employeurs qui consid\u00e8rent cette raison comme (tr\u00e8s) importante<\/em><\/strong><br \/>\nLa charge de travail &#8211; 82 %<br \/>\nRaisons priv\u00e9es &#8211; 78 %<br \/>\nRaisons familiales &#8211; 75 %<br \/>\nL&rsquo;\u00e9quilibre vie professionnelle et priv\u00e9e &#8211; 68 %<br \/>\nVouloir trop accomplir en m\u00eame temps (carri\u00e8re, famille, vie sociale, sport\u2026) &#8211; 60 %<br \/>\nManque de soutien manag\u00e9rial &#8211; 59 %<br \/>\nFlou dans les r\u00f4les au travail &#8211; 57 %<br \/>\nInad\u00e9quation entre capacit\u00e9s et t\u00e2ches de l\u2019employ\u00e9 &#8211; 52 %<br \/>\nManque de r\u00e9silience &#8211; 52 %<br \/>\nStress technologique au travail &#8211; 46 %<br \/>\nConflits au travail &#8211; 45 %<br \/>\nManque de coll\u00e8gue en support &#8211; 45 %<br \/>\nTrop de bureaucratie et d&rsquo;administration &#8211; 38 %<br \/>\nSituation financi\u00e8re difficile &#8211; 35 %<\/p>\n<p><strong><em>Les employeurs et les employ\u00e9s per\u00e7oivent diff\u00e9remment les causes de l\u2019absent\u00e9isme<\/em><\/strong><\/p>\n<p><em>\u00ab\u00a0Il semble que les employ\u00e9s et les employeurs sentent que quelque chose ne va pas, mais ne savent pas imm\u00e9diatement quoi faire\u00a0\u00bb,<\/em> explique Eva Geluk, chercheuse senior \u00e0 l&rsquo;Antwerp Management School dans le domaine de la sant\u00e9 mentale au travail. <em>\u00ab\u00a0N\u00e9anmoins, nous constatons des diff\u00e9rences assez importantes dans la perception des causes de l&rsquo;\u00e9chec. Prenons par exemple les conflits au travail, l\u2019inad\u00e9quation entre les talents et le travail et l\u2019exc\u00e8s de bureaucratie et d\u2019administration. C\u2019est probl\u00e9matique, car cela signifie que les salari\u00e9s y voient une raison majeure d\u2019absent\u00e9isme li\u00e9e au stress, contrairement aux employeurs. Ils courent donc le risque de p rendre des mesures qui n\u2019auront que peu ou pas d\u2019effet. On dirait presque que les employeurs ne prennent pas le pouls de ce qui se passe r\u00e9ellement.\u00a0\u00bb<\/em><\/p>\n<p><strong><em>Le bonheur au travail, une responsabilit\u00e9 partag\u00e9e<\/em><\/strong><br \/>\n<em>\u00ab\u00a0On peut se demander si les employeurs et les managers sont suffisamment conscients de la mani\u00e8re dont leurs collaborateurs per\u00e7oivent les actions et les initiatives qu&rsquo;ils mettent en place\u00a0\u00bb,<\/em> ajoute Kathleen Vangronsvelt, professeure en psychologie du travail \u00e0 l&rsquo;Antwerp Management School. <em>\u00ab Une attention particuli\u00e8re doit \u00eatre port\u00e9e aux diff\u00e9rences entre l&rsquo;intention d&rsquo;augmenter le bien-\u00eatre mental et la connectivit\u00e9 \u00e0 travers une politique de bien-\u00eatre, la mise en \u0153uvre par les managers et la perception des salari\u00e9s. Par exemple, vous ne voulez pas que les employ\u00e9s soient frustr\u00e9s \u00e0 cause d&rsquo;un verre bien intentionn\u00e9 en fin de journ\u00e9e qui les emp\u00each e de finir les t\u00e2ches qu\u2019ils ont en cours. Par ailleurs, je tiens \u00e0 souligner que le bien-\u00eatre au travail n\u2019est pas seulement la responsabilit\u00e9 de l\u2019employeur. Ce dernier a certes le devoir de cr\u00e9er des emplois d\u00e9cents sans dirigeants toxiques. Mais dans ce contexte, vous, en tant qu&#8217;employ\u00e9, cr\u00e9ez votre propre bien-\u00eatre au travail.\u00a0\u00bb<\/em><\/p>\n<p>&nbsp;<\/p>\n<p><em>Source: l\u2019enqu\u00eate sur l&rsquo;impact des \u00e9v\u00e9nements perturbateurs au travail a \u00e9t\u00e9 men\u00e9e aupr\u00e8s d\u2019employeurs et de salari\u00e9s par l&rsquo;Antwerp Management School. Celle-ci a \u00e9t\u00e9 dirig\u00e9e par Kathleen Vangronsvelt, professeure en psychologie du travail, et Eva Geluk, chercheuse senior. Puisque les citoyens eux-m\u00eames ont d\u00e9cid\u00e9 de participer ou non, les r\u00e9sultats ne peuvent pas \u00eatre \u00e9tendus \u00e0 tous les employeurs\/employ\u00e9s. La mention \u00ab\u00a0% des salari\u00e9s\u00a0\u00bb r\u00e9f\u00e8re toujours \u00e0 \u00ab\u00a0% des salari\u00e9s interrog\u00e9s\u00a0\u00bb. Cette restriction s\u2019applique \u00e0 (presque) toutes les enqu\u00eates publi\u00e9es ces derni\u00e8res ann\u00e9es.<\/em><\/p>\n","protected":false},"excerpt":{"rendered":"<p>Le bien-\u00eatre et la pression au travail attirent de plus en plus l&rsquo;attention, selon une \u00e9tude de l&rsquo;Antwerp Management School. L&rsquo;enqu\u00eate note des diff\u00e9rences de perception entre ce que les employeurs et les employ\u00e9s consid\u00e8rent comme des raisons valables d&rsquo;absences [&hellip;]<\/p>\n","protected":false},"author":2,"featured_media":12584,"comment_status":"closed","ping_status":"open","sticky":false,"template":"","format":"standard","meta":[],"categories":[65,10],"tags":[145,96,1823,17],"yoast_head":"<!-- This site is optimized with the Yoast SEO plugin v21.0 - https:\/\/yoast.com\/wordpress\/plugins\/seo\/ -->\n<title>Bien-\u00eatre au travail: seuls 4 employ\u00e9s sur 10 trouvent la &#039;pression&#039; qu&#039;ils subissent raisonnable. - Peoplesphere<\/title>\n<meta name=\"robots\" content=\"index, follow, max-snippet:-1, max-image-preview:large, max-video-preview:-1\" \/>\n<link rel=\"canonical\" href=\"https:\/\/peoplesphere.be\/fr\/bien-etre-au-travail-seuls-4-employes-sur-10-trouve-la-pression-quils-subissent-raisonnable\/\" \/>\n<meta property=\"og:locale\" content=\"fr_FR\" \/>\n<meta property=\"og:type\" content=\"article\" \/>\n<meta property=\"og:title\" content=\"Bien-\u00eatre au travail: seuls 4 employ\u00e9s sur 10 trouvent la &#039;pression&#039; qu&#039;ils subissent raisonnable. - Peoplesphere\" \/>\n<meta property=\"og:description\" content=\"Le bien-\u00eatre et la pression au travail attirent de plus en plus l&rsquo;attention, selon une \u00e9tude de l&rsquo;Antwerp Management School. L&rsquo;enqu\u00eate note des diff\u00e9rences de perception entre ce que les employeurs et les employ\u00e9s consid\u00e8rent comme des raisons valables d&rsquo;absences [&hellip;]\" \/>\n<meta property=\"og:url\" content=\"https:\/\/peoplesphere.be\/fr\/bien-etre-au-travail-seuls-4-employes-sur-10-trouve-la-pression-quils-subissent-raisonnable\/\" \/>\n<meta property=\"og:site_name\" content=\"Peoplesphere\" \/>\n<meta property=\"article:publisher\" content=\"https:\/\/www.facebook.com\/peoplesphere\" \/>\n<meta property=\"article:published_time\" content=\"2023-09-04T12:58:44+00:00\" \/>\n<meta property=\"article:modified_time\" content=\"2023-09-07T01:37:44+00:00\" \/>\n<meta property=\"og:image\" content=\"https:\/\/peoplesphere.be\/fr\/wp-content\/uploads\/2022\/03\/WellBeing.jpg\" \/>\n\t<meta property=\"og:image:width\" content=\"800\" \/>\n\t<meta property=\"og:image:height\" content=\"526\" \/>\n\t<meta property=\"og:image:type\" content=\"image\/jpeg\" \/>\n<meta name=\"author\" content=\"Jean-Paul Erhard\" \/>\n<meta name=\"twitter:card\" content=\"summary_large_image\" \/>\n<meta name=\"twitter:creator\" content=\"@PeoplesphereMag\" \/>\n<meta name=\"twitter:site\" content=\"@PeoplesphereMag\" \/>\n<meta name=\"twitter:label1\" content=\"\u00c9crit par\" \/>\n\t<meta name=\"twitter:data1\" content=\"Jean-Paul Erhard\" \/>\n\t<meta name=\"twitter:label2\" content=\"Dur\u00e9e de lecture estim\u00e9e\" \/>\n\t<meta name=\"twitter:data2\" content=\"6 minutes\" \/>\n<script type=\"application\/ld+json\" class=\"yoast-schema-graph\">{\"@context\":\"https:\/\/schema.org\",\"@graph\":[{\"@type\":\"Article\",\"@id\":\"https:\/\/peoplesphere.be\/fr\/bien-etre-au-travail-seuls-4-employes-sur-10-trouve-la-pression-quils-subissent-raisonnable\/#article\",\"isPartOf\":{\"@id\":\"https:\/\/peoplesphere.be\/fr\/bien-etre-au-travail-seuls-4-employes-sur-10-trouve-la-pression-quils-subissent-raisonnable\/\"},\"author\":{\"name\":\"Jean-Paul Erhard\",\"@id\":\"https:\/\/peoplesphere.be\/fr\/#\/schema\/person\/7976225ff17988604334abb7b3536a7e\"},\"headline\":\"Bien-\u00eatre au travail: seuls 4 employ\u00e9s sur 10 trouvent la &lsquo;pression&rsquo; qu&rsquo;ils subissent raisonnable.\",\"datePublished\":\"2023-09-04T12:58:44+00:00\",\"dateModified\":\"2023-09-07T01:37:44+00:00\",\"mainEntityOfPage\":{\"@id\":\"https:\/\/peoplesphere.be\/fr\/bien-etre-au-travail-seuls-4-employes-sur-10-trouve-la-pression-quils-subissent-raisonnable\/\"},\"wordCount\":1167,\"publisher\":{\"@id\":\"https:\/\/peoplesphere.be\/fr\/#organization\"},\"keywords\":[\"absent\u00e9isme\",\"bien-\u00eatre\",\"pression\",\"Sant\u00e9\"],\"articleSection\":[\"Actualit\u00e9s\",\"Digital\"],\"inLanguage\":\"fr-FR\"},{\"@type\":\"WebPage\",\"@id\":\"https:\/\/peoplesphere.be\/fr\/bien-etre-au-travail-seuls-4-employes-sur-10-trouve-la-pression-quils-subissent-raisonnable\/\",\"url\":\"https:\/\/peoplesphere.be\/fr\/bien-etre-au-travail-seuls-4-employes-sur-10-trouve-la-pression-quils-subissent-raisonnable\/\",\"name\":\"Bien-\u00eatre au travail: seuls 4 employ\u00e9s sur 10 trouvent la 'pression' qu'ils subissent raisonnable. - Peoplesphere\",\"isPartOf\":{\"@id\":\"https:\/\/peoplesphere.be\/fr\/#website\"},\"datePublished\":\"2023-09-04T12:58:44+00:00\",\"dateModified\":\"2023-09-07T01:37:44+00:00\",\"breadcrumb\":{\"@id\":\"https:\/\/peoplesphere.be\/fr\/bien-etre-au-travail-seuls-4-employes-sur-10-trouve-la-pression-quils-subissent-raisonnable\/#breadcrumb\"},\"inLanguage\":\"fr-FR\",\"potentialAction\":[{\"@type\":\"ReadAction\",\"target\":[\"https:\/\/peoplesphere.be\/fr\/bien-etre-au-travail-seuls-4-employes-sur-10-trouve-la-pression-quils-subissent-raisonnable\/\"]}]},{\"@type\":\"BreadcrumbList\",\"@id\":\"https:\/\/peoplesphere.be\/fr\/bien-etre-au-travail-seuls-4-employes-sur-10-trouve-la-pression-quils-subissent-raisonnable\/#breadcrumb\",\"itemListElement\":[{\"@type\":\"ListItem\",\"position\":1,\"name\":\"Accueil\",\"item\":\"https:\/\/peoplesphere.be\/fr\/\"},{\"@type\":\"ListItem\",\"position\":2,\"name\":\"Bien-\u00eatre au travail: seuls 4 employ\u00e9s sur 10 trouvent la &lsquo;pression&rsquo; qu&rsquo;ils subissent raisonnable.\"}]},{\"@type\":\"WebSite\",\"@id\":\"https:\/\/peoplesphere.be\/fr\/#website\",\"url\":\"https:\/\/peoplesphere.be\/fr\/\",\"name\":\"Peoplesphere\",\"description\":\"The People Managers Magazine\",\"publisher\":{\"@id\":\"https:\/\/peoplesphere.be\/fr\/#organization\"},\"potentialAction\":[{\"@type\":\"SearchAction\",\"target\":{\"@type\":\"EntryPoint\",\"urlTemplate\":\"https:\/\/peoplesphere.be\/fr\/?s={search_term_string}\"},\"query-input\":\"required name=search_term_string\"}],\"inLanguage\":\"fr-FR\"},{\"@type\":\"Organization\",\"@id\":\"https:\/\/peoplesphere.be\/fr\/#organization\",\"name\":\"Peoplesphere Company srl\",\"url\":\"https:\/\/peoplesphere.be\/fr\/\",\"logo\":{\"@type\":\"ImageObject\",\"inLanguage\":\"fr-FR\",\"@id\":\"https:\/\/peoplesphere.be\/fr\/#\/schema\/logo\/image\/\",\"url\":\"https:\/\/peoplesphere.be\/fr\/wp-content\/uploads\/2023\/07\/peoplesphere-lgo-new-generik.jpg\",\"contentUrl\":\"https:\/\/peoplesphere.be\/fr\/wp-content\/uploads\/2023\/07\/peoplesphere-lgo-new-generik.jpg\",\"width\":1031,\"height\":1479,\"caption\":\"Peoplesphere Company srl\"},\"image\":{\"@id\":\"https:\/\/peoplesphere.be\/fr\/#\/schema\/logo\/image\/\"},\"sameAs\":[\"https:\/\/www.facebook.com\/peoplesphere\",\"https:\/\/twitter.com\/PeoplesphereMag\",\"https:\/\/www.linkedin.com\/company\/7587361?trk\",\"http:\/\/youtube.com\/peoplesphere\"]},{\"@type\":\"Person\",\"@id\":\"https:\/\/peoplesphere.be\/fr\/#\/schema\/person\/7976225ff17988604334abb7b3536a7e\",\"name\":\"Jean-Paul Erhard\",\"image\":{\"@type\":\"ImageObject\",\"inLanguage\":\"fr-FR\",\"@id\":\"https:\/\/peoplesphere.be\/fr\/#\/schema\/person\/image\/\",\"url\":\"https:\/\/secure.gravatar.com\/avatar\/f941e681460179738071629a51574930?s=96&d=mm&r=g\",\"contentUrl\":\"https:\/\/secure.gravatar.com\/avatar\/f941e681460179738071629a51574930?s=96&d=mm&r=g\",\"caption\":\"Jean-Paul Erhard\"},\"url\":\"https:\/\/peoplesphere.be\/fr\/author\/jpe\/\"}]}<\/script>\n<!-- \/ Yoast SEO plugin. -->","yoast_head_json":{"title":"Bien-\u00eatre au travail: seuls 4 employ\u00e9s sur 10 trouvent la 'pression' qu'ils subissent raisonnable. - Peoplesphere","robots":{"index":"index","follow":"follow","max-snippet":"max-snippet:-1","max-image-preview":"max-image-preview:large","max-video-preview":"max-video-preview:-1"},"canonical":"https:\/\/peoplesphere.be\/fr\/bien-etre-au-travail-seuls-4-employes-sur-10-trouve-la-pression-quils-subissent-raisonnable\/","og_locale":"fr_FR","og_type":"article","og_title":"Bien-\u00eatre au travail: seuls 4 employ\u00e9s sur 10 trouvent la 'pression' qu'ils subissent raisonnable. - Peoplesphere","og_description":"Le bien-\u00eatre et la pression au travail attirent de plus en plus l&rsquo;attention, selon une \u00e9tude de l&rsquo;Antwerp Management School. L&rsquo;enqu\u00eate note des diff\u00e9rences de perception entre ce que les employeurs et les employ\u00e9s consid\u00e8rent comme des raisons valables d&rsquo;absences [&hellip;]","og_url":"https:\/\/peoplesphere.be\/fr\/bien-etre-au-travail-seuls-4-employes-sur-10-trouve-la-pression-quils-subissent-raisonnable\/","og_site_name":"Peoplesphere","article_publisher":"https:\/\/www.facebook.com\/peoplesphere","article_published_time":"2023-09-04T12:58:44+00:00","article_modified_time":"2023-09-07T01:37:44+00:00","og_image":[{"width":800,"height":526,"url":"https:\/\/peoplesphere.be\/fr\/wp-content\/uploads\/2022\/03\/WellBeing.jpg","type":"image\/jpeg"}],"author":"Jean-Paul Erhard","twitter_card":"summary_large_image","twitter_creator":"@PeoplesphereMag","twitter_site":"@PeoplesphereMag","twitter_misc":{"\u00c9crit par":"Jean-Paul Erhard","Dur\u00e9e de lecture estim\u00e9e":"6 minutes"},"schema":{"@context":"https:\/\/schema.org","@graph":[{"@type":"Article","@id":"https:\/\/peoplesphere.be\/fr\/bien-etre-au-travail-seuls-4-employes-sur-10-trouve-la-pression-quils-subissent-raisonnable\/#article","isPartOf":{"@id":"https:\/\/peoplesphere.be\/fr\/bien-etre-au-travail-seuls-4-employes-sur-10-trouve-la-pression-quils-subissent-raisonnable\/"},"author":{"name":"Jean-Paul Erhard","@id":"https:\/\/peoplesphere.be\/fr\/#\/schema\/person\/7976225ff17988604334abb7b3536a7e"},"headline":"Bien-\u00eatre au travail: seuls 4 employ\u00e9s sur 10 trouvent la &lsquo;pression&rsquo; qu&rsquo;ils subissent raisonnable.","datePublished":"2023-09-04T12:58:44+00:00","dateModified":"2023-09-07T01:37:44+00:00","mainEntityOfPage":{"@id":"https:\/\/peoplesphere.be\/fr\/bien-etre-au-travail-seuls-4-employes-sur-10-trouve-la-pression-quils-subissent-raisonnable\/"},"wordCount":1167,"publisher":{"@id":"https:\/\/peoplesphere.be\/fr\/#organization"},"keywords":["absent\u00e9isme","bien-\u00eatre","pression","Sant\u00e9"],"articleSection":["Actualit\u00e9s","Digital"],"inLanguage":"fr-FR"},{"@type":"WebPage","@id":"https:\/\/peoplesphere.be\/fr\/bien-etre-au-travail-seuls-4-employes-sur-10-trouve-la-pression-quils-subissent-raisonnable\/","url":"https:\/\/peoplesphere.be\/fr\/bien-etre-au-travail-seuls-4-employes-sur-10-trouve-la-pression-quils-subissent-raisonnable\/","name":"Bien-\u00eatre au travail: seuls 4 employ\u00e9s sur 10 trouvent la 'pression' qu'ils subissent raisonnable. - Peoplesphere","isPartOf":{"@id":"https:\/\/peoplesphere.be\/fr\/#website"},"datePublished":"2023-09-04T12:58:44+00:00","dateModified":"2023-09-07T01:37:44+00:00","breadcrumb":{"@id":"https:\/\/peoplesphere.be\/fr\/bien-etre-au-travail-seuls-4-employes-sur-10-trouve-la-pression-quils-subissent-raisonnable\/#breadcrumb"},"inLanguage":"fr-FR","potentialAction":[{"@type":"ReadAction","target":["https:\/\/peoplesphere.be\/fr\/bien-etre-au-travail-seuls-4-employes-sur-10-trouve-la-pression-quils-subissent-raisonnable\/"]}]},{"@type":"BreadcrumbList","@id":"https:\/\/peoplesphere.be\/fr\/bien-etre-au-travail-seuls-4-employes-sur-10-trouve-la-pression-quils-subissent-raisonnable\/#breadcrumb","itemListElement":[{"@type":"ListItem","position":1,"name":"Accueil","item":"https:\/\/peoplesphere.be\/fr\/"},{"@type":"ListItem","position":2,"name":"Bien-\u00eatre au travail: seuls 4 employ\u00e9s sur 10 trouvent la &lsquo;pression&rsquo; qu&rsquo;ils subissent raisonnable."}]},{"@type":"WebSite","@id":"https:\/\/peoplesphere.be\/fr\/#website","url":"https:\/\/peoplesphere.be\/fr\/","name":"Peoplesphere","description":"The People Managers Magazine","publisher":{"@id":"https:\/\/peoplesphere.be\/fr\/#organization"},"potentialAction":[{"@type":"SearchAction","target":{"@type":"EntryPoint","urlTemplate":"https:\/\/peoplesphere.be\/fr\/?s={search_term_string}"},"query-input":"required name=search_term_string"}],"inLanguage":"fr-FR"},{"@type":"Organization","@id":"https:\/\/peoplesphere.be\/fr\/#organization","name":"Peoplesphere Company srl","url":"https:\/\/peoplesphere.be\/fr\/","logo":{"@type":"ImageObject","inLanguage":"fr-FR","@id":"https:\/\/peoplesphere.be\/fr\/#\/schema\/logo\/image\/","url":"https:\/\/peoplesphere.be\/fr\/wp-content\/uploads\/2023\/07\/peoplesphere-lgo-new-generik.jpg","contentUrl":"https:\/\/peoplesphere.be\/fr\/wp-content\/uploads\/2023\/07\/peoplesphere-lgo-new-generik.jpg","width":1031,"height":1479,"caption":"Peoplesphere Company srl"},"image":{"@id":"https:\/\/peoplesphere.be\/fr\/#\/schema\/logo\/image\/"},"sameAs":["https:\/\/www.facebook.com\/peoplesphere","https:\/\/twitter.com\/PeoplesphereMag","https:\/\/www.linkedin.com\/company\/7587361?trk","http:\/\/youtube.com\/peoplesphere"]},{"@type":"Person","@id":"https:\/\/peoplesphere.be\/fr\/#\/schema\/person\/7976225ff17988604334abb7b3536a7e","name":"Jean-Paul Erhard","image":{"@type":"ImageObject","inLanguage":"fr-FR","@id":"https:\/\/peoplesphere.be\/fr\/#\/schema\/person\/image\/","url":"https:\/\/secure.gravatar.com\/avatar\/f941e681460179738071629a51574930?s=96&d=mm&r=g","contentUrl":"https:\/\/secure.gravatar.com\/avatar\/f941e681460179738071629a51574930?s=96&d=mm&r=g","caption":"Jean-Paul Erhard"},"url":"https:\/\/peoplesphere.be\/fr\/author\/jpe\/"}]}},"_links":{"self":[{"href":"https:\/\/peoplesphere.be\/fr\/wp-json\/wp\/v2\/posts\/14899"}],"collection":[{"href":"https:\/\/peoplesphere.be\/fr\/wp-json\/wp\/v2\/posts"}],"about":[{"href":"https:\/\/peoplesphere.be\/fr\/wp-json\/wp\/v2\/types\/post"}],"author":[{"embeddable":true,"href":"https:\/\/peoplesphere.be\/fr\/wp-json\/wp\/v2\/users\/2"}],"replies":[{"embeddable":true,"href":"https:\/\/peoplesphere.be\/fr\/wp-json\/wp\/v2\/comments?post=14899"}],"version-history":[{"count":2,"href":"https:\/\/peoplesphere.be\/fr\/wp-json\/wp\/v2\/posts\/14899\/revisions"}],"predecessor-version":[{"id":14919,"href":"https:\/\/peoplesphere.be\/fr\/wp-json\/wp\/v2\/posts\/14899\/revisions\/14919"}],"wp:featuredmedia":[{"embeddable":true,"href":"https:\/\/peoplesphere.be\/fr\/wp-json\/wp\/v2\/media\/12584"}],"wp:attachment":[{"href":"https:\/\/peoplesphere.be\/fr\/wp-json\/wp\/v2\/media?parent=14899"}],"wp:term":[{"taxonomy":"category","embeddable":true,"href":"https:\/\/peoplesphere.be\/fr\/wp-json\/wp\/v2\/categories?post=14899"},{"taxonomy":"post_tag","embeddable":true,"href":"https:\/\/peoplesphere.be\/fr\/wp-json\/wp\/v2\/tags?post=14899"}],"curies":[{"name":"wp","href":"https:\/\/api.w.org\/{rel}","templated":true}]}}