









{"id":14921,"date":"2023-09-07T07:20:02","date_gmt":"2023-09-07T05:20:02","guid":{"rendered":"https:\/\/peoplesphere.be\/fr\/?p=14921"},"modified":"2023-09-07T07:24:01","modified_gmt":"2023-09-07T05:24:01","slug":"enquete-sur-les-pensions-en-2022-10-de-travailleurs-et-5-dindependants-supplementaires-ont-pris-leur-pension-avant-lage-de-65-ans","status":"publish","type":"post","link":"https:\/\/peoplesphere.be\/fr\/enquete-sur-les-pensions-en-2022-10-de-travailleurs-et-5-dindependants-supplementaires-ont-pris-leur-pension-avant-lage-de-65-ans\/","title":{"rendered":"Enqu\u00eate sur les pensions: en 2022, 10% de travailleurs et 5% d\u2019ind\u00e9pendants suppl\u00e9mentaires ont pris leur retraite avant l\u2019\u00e2ge de 65 ans."},"content":{"rendered":"<p>Parmi les travailleurs belges qui sont partis \u00e0 la pension l\u2019ann\u00e9e derni\u00e8re, 4 sur 10 l\u2019ont fait avant l\u2019\u00e2ge l\u00e9gal de 65 ans. C\u2019est donc pr\u00e8s de 10 % plus qu\u2019en 2021. Les ind\u00e9pendants sont encore plus susceptibles de quitter le march\u00e9 du travail avant leur 65e anniversaire : plus de la moiti\u00e9 d\u2019entre eux (55 %) prennent leur pension avant l\u2019\u00e2ge de 65 ans.<!--more--><\/p>\n<p>Selon les experts Acerta, auteurs de l&rsquo;analyse effectu\u00e9e sur la base des donn\u00e9es de 300.000 travailleurs et 200.000 ind\u00e9pendants. \u00ab\u00a0<em>La r\u00e9forme des pensions vise \u00e0 allonger les carri\u00e8res, mais les entreprises et les travailleurs doivent veiller \u00e0 ce que ces carri\u00e8res soient plus durables\u00a0\u00bb.<\/em><\/p>\n<p>La mise en \u0153uvre du plan de r\u00e9forme des pensions figure \u00e0 l\u2019agenda du gouvernement f\u00e9d\u00e9ral pour cet automne. L\u2019une des ambitions est de faire en sorte que les Belges travaillent plus longtemps, notamment gr\u00e2ce au bonus pension. L\u2019\u00e2ge l\u00e9gal de la pension est pour l\u2019instant fix\u00e9 \u00e0 65 ans, mais il passera \u00e0 66 ans en 2025 et \u00e0 67 ans en 2030. Mais dans les faits, attend-on r\u00e9ellement ses 65 ans pour prendre sa pension ? De moins en moins, selon les chiffres d\u2019Acerta bas\u00e9s sur les donn\u00e9es de 260 000 travailleurs en service aupr\u00e8s de 40 000 employeurs.<\/p>\n<p><strong><em>Plus de la moiti\u00e9 des ind\u00e9pendants prennent leur pension avant 65 ans<\/em><\/strong><\/p>\n<p>Une grande partie des ind\u00e9pendants, en particulier, prennent leur pension avant leur 65e anniversaire. Plus de la moiti\u00e9 (55,12%) d\u2019entre eux arr\u00eatent de travailler avant l\u2019\u00e2ge l\u00e9gal de la pension (65 ans). C\u2019est presque 5% de plus que l\u2019ann\u00e9e pr\u00e9c\u00e9dente.<\/p>\n<p>Mieke Bruyninckx, expert juridique chez Acerta Caisse d\u2019Assurance, explique : \u00ab\u00a0<em>Les ind\u00e9pendants ne disposent pas des m\u00eames options que les travailleurs pour une \u201cfin de carri\u00e8re en douceur\u201d avec compl\u00e9ment de l\u2019ONEM. Certaines activit\u00e9s permettent th\u00e9oriquement de rester actif de mani\u00e8re r\u00e9duite, mais dans la pratique, c\u2019est parfois compliqu\u00e9 : les clients ne sont pas toujours satisfaits d\u2019un service r\u00e9duit, il n\u2019est pas toujours \u00e9vident de planifier les achats en cons\u00e9quence, il est aussi parfois plus int\u00e9ressant de c\u00e9der une entreprise qui fonctionne \u00e0 100% qu\u2019une entreprise au ralenti, etc. D\u2019o\u00f9 le fait que de nombreux ind\u00e9pendants continuent \u00e0 temps plein ou s\u2019arr\u00eatent compl\u00e8tement. Plus de la moiti\u00e9 d\u2019entre eux choisissent alors de prendre leur pension avant l\u2019\u00e2ge de 65 ans.\u00a0\u00bb<\/em><\/p>\n<p><strong><em>\u00c9cart important entre les ind\u00e9pendants et les travailleurs<\/em><\/strong><\/p>\n<p>L\u2019\u00e9cart entre les ind\u00e9pendants et les travailleurs salari\u00e9s est important. Parmi les travailleurs belges qui sont partis \u00e0 la pension en 2022, 41,17% l\u2019ont fait avant l\u2019\u00e2ge l\u00e9gal actuel de 65 ans. C\u2019est donc environ 15 points de pourcentage de moins que pour les ind\u00e9pendants. Le nombre de travailleurs qui arr\u00eatent de travailler plus t\u00f4t est toutefois en augmentation. L\u2019ann\u00e9e derni\u00e8re, nous avons enregistr\u00e9 une augmentation de pr\u00e8s de 10% par rapport \u00e0 2021. Les travailleurs qui prennent leur pension avant 65 ans repr\u00e9sentent 1,14% de la population active totale.<\/p>\n<p>Olivier Marcq, expert juridique d\u2019Acerta Consult: \u00ab\u00a0<em>La proportion de Belges qui profitent des possibilit\u00e9s de sortie anticip\u00e9e du march\u00e9 du travail continue d\u2019augmenter fortement. En tant que soci\u00e9t\u00e9, nous devrons donc faire un effort suppl\u00e9mentaire pour maintenir l\u2019attrait du travail, y compris pour les personnes de plus de 60 ans. Le bonus pension vise \u00e0 atteindre cet objectif, gr\u00e2ce \u00e0 une incitation financi\u00e8re. Mais il existe d\u2019autres moyens de motiver les gens \u00e0 travailler plus longtemps : proposer un emploi faisable et qui a du sens, par exemple. Les carri\u00e8res durables, o\u00f9 il est \u00e9vident que les r\u00f4les et les fonctions peuvent changer au fur et \u00e0 mesure de la progression de la carri\u00e8re, doivent devenir la norme dans les entreprises.\u00a0\u00bb<\/em><\/p>\n<p><strong><em>Les ouvriers, principaux travailleurs \u00e0 prendre leur pension avant 65 ans<\/em><\/strong><\/p>\n<p>Enfin, un chiffre frappant : les ouvriers prennent beaucoup plus souvent leur pension de mani\u00e8re anticip\u00e9e que les employ\u00e9s. Un ouvrier sur deux a quitt\u00e9 son emploi avant son 65e anniversaire en 2022. Chez les employ\u00e9s, ce chiffre s\u2019\u00e9levait \u00ab seulement \u00bb \u00e0 34,65 %.<\/p>\n<p>Olivier Marcq : \u00ab\u00a0<em>Ces chiffres s\u2019expliquent par le fait qu\u2019en moyenne, les ouvriers commencent \u00e0 travailler plus t\u00f4t et sont donc plus susceptibles d\u2019avoir une carri\u00e8re suffisamment longue. En outre, le travail qu\u2019ils effectuent est g\u00e9n\u00e9ralement plus exigeant sur le plan physique, ce qui constitue un d\u00e9fi pour l\u2019organisation de carri\u00e8res durables.\u00a0\u00bb<\/em><\/p>\n<p>&nbsp;<\/p>\n<p><em>Source: donn\u00e9es r\u00e9elles de 20.000 travailleurs qui ont pris leur pension entre 2019 et 2022 (dans une population d\u2019environ 300.000 travailleurs en service aupr\u00e8s de 38.000 employeurs) + donn\u00e9es r\u00e9elles de 8500 ind\u00e9pendants qui ont pris leur pension entre 2019 et 2022 (dans une population d\u2019environ 200.000 ind\u00e9pendants actifs en activit\u00e9 principale).<\/em><\/p>\n","protected":false},"excerpt":{"rendered":"<p>Parmi les travailleurs belges qui sont partis \u00e0 la pension l\u2019ann\u00e9e derni\u00e8re, 4 sur 10 l\u2019ont fait avant l\u2019\u00e2ge l\u00e9gal de 65 ans. C\u2019est donc pr\u00e8s de 10 % plus qu\u2019en 2021. Les ind\u00e9pendants sont encore plus susceptibles de quitter [&hellip;]<\/p>\n","protected":false},"author":2,"featured_media":0,"comment_status":"closed","ping_status":"open","sticky":false,"template":"","format":"standard","meta":[],"categories":[65,10],"tags":[285,284,57,687,2518],"yoast_head":"<!-- This site is optimized with the Yoast SEO plugin v21.0 - https:\/\/yoast.com\/wordpress\/plugins\/seo\/ -->\n<title>Enqu\u00eate sur les pensions: en 2022, 10% de travailleurs et 5% d\u2019ind\u00e9pendants suppl\u00e9mentaires ont pris leur retraite avant l\u2019\u00e2ge de 65 ans. - Peoplesphere<\/title>\n<meta name=\"robots\" content=\"index, follow, max-snippet:-1, max-image-preview:large, max-video-preview:-1\" \/>\n<link rel=\"canonical\" href=\"https:\/\/peoplesphere.be\/fr\/enquete-sur-les-pensions-en-2022-10-de-travailleurs-et-5-dindependants-supplementaires-ont-pris-leur-pension-avant-lage-de-65-ans\/\" \/>\n<meta property=\"og:locale\" content=\"fr_FR\" \/>\n<meta property=\"og:type\" content=\"article\" \/>\n<meta property=\"og:title\" content=\"Enqu\u00eate sur les pensions: en 2022, 10% de travailleurs et 5% d\u2019ind\u00e9pendants suppl\u00e9mentaires ont pris leur retraite avant l\u2019\u00e2ge de 65 ans. - Peoplesphere\" \/>\n<meta property=\"og:description\" content=\"Parmi les travailleurs belges qui sont partis \u00e0 la pension l\u2019ann\u00e9e derni\u00e8re, 4 sur 10 l\u2019ont fait avant l\u2019\u00e2ge l\u00e9gal de 65 ans. C\u2019est donc pr\u00e8s de 10 % plus qu\u2019en 2021. Les ind\u00e9pendants sont encore plus susceptibles de quitter [&hellip;]\" \/>\n<meta property=\"og:url\" content=\"https:\/\/peoplesphere.be\/fr\/enquete-sur-les-pensions-en-2022-10-de-travailleurs-et-5-dindependants-supplementaires-ont-pris-leur-pension-avant-lage-de-65-ans\/\" \/>\n<meta property=\"og:site_name\" content=\"Peoplesphere\" \/>\n<meta property=\"article:publisher\" content=\"https:\/\/www.facebook.com\/peoplesphere\" \/>\n<meta property=\"article:published_time\" content=\"2023-09-07T05:20:02+00:00\" \/>\n<meta property=\"article:modified_time\" content=\"2023-09-07T05:24:01+00:00\" \/>\n<meta property=\"og:image\" content=\"http:\/\/www.peoplesphere.be\/fr\/wp-content\/uploads\/2016\/07\/facebook-default-posting-1200x628px.jpg\" \/>\n<meta name=\"author\" content=\"Jean-Paul Erhard\" \/>\n<meta name=\"twitter:card\" content=\"summary_large_image\" \/>\n<meta name=\"twitter:creator\" content=\"@PeoplesphereMag\" \/>\n<meta name=\"twitter:site\" content=\"@PeoplesphereMag\" \/>\n<meta name=\"twitter:label1\" content=\"\u00c9crit par\" \/>\n\t<meta name=\"twitter:data1\" content=\"Jean-Paul Erhard\" \/>\n\t<meta name=\"twitter:label2\" content=\"Dur\u00e9e de lecture estim\u00e9e\" \/>\n\t<meta name=\"twitter:data2\" content=\"4 minutes\" \/>\n<script type=\"application\/ld+json\" class=\"yoast-schema-graph\">{\"@context\":\"https:\/\/schema.org\",\"@graph\":[{\"@type\":\"Article\",\"@id\":\"https:\/\/peoplesphere.be\/fr\/enquete-sur-les-pensions-en-2022-10-de-travailleurs-et-5-dindependants-supplementaires-ont-pris-leur-pension-avant-lage-de-65-ans\/#article\",\"isPartOf\":{\"@id\":\"https:\/\/peoplesphere.be\/fr\/enquete-sur-les-pensions-en-2022-10-de-travailleurs-et-5-dindependants-supplementaires-ont-pris-leur-pension-avant-lage-de-65-ans\/\"},\"author\":{\"name\":\"Jean-Paul Erhard\",\"@id\":\"https:\/\/peoplesphere.be\/fr\/#\/schema\/person\/7976225ff17988604334abb7b3536a7e\"},\"headline\":\"Enqu\u00eate sur les pensions: en 2022, 10% de travailleurs et 5% d\u2019ind\u00e9pendants suppl\u00e9mentaires ont pris leur retraite avant l\u2019\u00e2ge de 65 ans.\",\"datePublished\":\"2023-09-07T05:20:02+00:00\",\"dateModified\":\"2023-09-07T05:24:01+00:00\",\"mainEntityOfPage\":{\"@id\":\"https:\/\/peoplesphere.be\/fr\/enquete-sur-les-pensions-en-2022-10-de-travailleurs-et-5-dindependants-supplementaires-ont-pris-leur-pension-avant-lage-de-65-ans\/\"},\"wordCount\":831,\"publisher\":{\"@id\":\"https:\/\/peoplesphere.be\/fr\/#organization\"},\"keywords\":[\"ind\u00e9pendants\",\"ouvriers\",\"pensions\",\"r\u00e9forme\",\"salari\u00e9s\"],\"articleSection\":[\"Actualit\u00e9s\",\"Digital\"],\"inLanguage\":\"fr-FR\"},{\"@type\":\"WebPage\",\"@id\":\"https:\/\/peoplesphere.be\/fr\/enquete-sur-les-pensions-en-2022-10-de-travailleurs-et-5-dindependants-supplementaires-ont-pris-leur-pension-avant-lage-de-65-ans\/\",\"url\":\"https:\/\/peoplesphere.be\/fr\/enquete-sur-les-pensions-en-2022-10-de-travailleurs-et-5-dindependants-supplementaires-ont-pris-leur-pension-avant-lage-de-65-ans\/\",\"name\":\"Enqu\u00eate sur les pensions: en 2022, 10% de travailleurs et 5% d\u2019ind\u00e9pendants suppl\u00e9mentaires ont pris leur retraite avant l\u2019\u00e2ge de 65 ans. - Peoplesphere\",\"isPartOf\":{\"@id\":\"https:\/\/peoplesphere.be\/fr\/#website\"},\"datePublished\":\"2023-09-07T05:20:02+00:00\",\"dateModified\":\"2023-09-07T05:24:01+00:00\",\"breadcrumb\":{\"@id\":\"https:\/\/peoplesphere.be\/fr\/enquete-sur-les-pensions-en-2022-10-de-travailleurs-et-5-dindependants-supplementaires-ont-pris-leur-pension-avant-lage-de-65-ans\/#breadcrumb\"},\"inLanguage\":\"fr-FR\",\"potentialAction\":[{\"@type\":\"ReadAction\",\"target\":[\"https:\/\/peoplesphere.be\/fr\/enquete-sur-les-pensions-en-2022-10-de-travailleurs-et-5-dindependants-supplementaires-ont-pris-leur-pension-avant-lage-de-65-ans\/\"]}]},{\"@type\":\"BreadcrumbList\",\"@id\":\"https:\/\/peoplesphere.be\/fr\/enquete-sur-les-pensions-en-2022-10-de-travailleurs-et-5-dindependants-supplementaires-ont-pris-leur-pension-avant-lage-de-65-ans\/#breadcrumb\",\"itemListElement\":[{\"@type\":\"ListItem\",\"position\":1,\"name\":\"Accueil\",\"item\":\"https:\/\/peoplesphere.be\/fr\/\"},{\"@type\":\"ListItem\",\"position\":2,\"name\":\"Enqu\u00eate sur les pensions: en 2022, 10% de travailleurs et 5% d\u2019ind\u00e9pendants suppl\u00e9mentaires ont pris leur retraite avant l\u2019\u00e2ge de 65 ans.\"}]},{\"@type\":\"WebSite\",\"@id\":\"https:\/\/peoplesphere.be\/fr\/#website\",\"url\":\"https:\/\/peoplesphere.be\/fr\/\",\"name\":\"Peoplesphere\",\"description\":\"The People Managers Magazine\",\"publisher\":{\"@id\":\"https:\/\/peoplesphere.be\/fr\/#organization\"},\"potentialAction\":[{\"@type\":\"SearchAction\",\"target\":{\"@type\":\"EntryPoint\",\"urlTemplate\":\"https:\/\/peoplesphere.be\/fr\/?s={search_term_string}\"},\"query-input\":\"required name=search_term_string\"}],\"inLanguage\":\"fr-FR\"},{\"@type\":\"Organization\",\"@id\":\"https:\/\/peoplesphere.be\/fr\/#organization\",\"name\":\"Peoplesphere Company srl\",\"url\":\"https:\/\/peoplesphere.be\/fr\/\",\"logo\":{\"@type\":\"ImageObject\",\"inLanguage\":\"fr-FR\",\"@id\":\"https:\/\/peoplesphere.be\/fr\/#\/schema\/logo\/image\/\",\"url\":\"https:\/\/peoplesphere.be\/fr\/wp-content\/uploads\/2023\/07\/peoplesphere-lgo-new-generik.jpg\",\"contentUrl\":\"https:\/\/peoplesphere.be\/fr\/wp-content\/uploads\/2023\/07\/peoplesphere-lgo-new-generik.jpg\",\"width\":1031,\"height\":1479,\"caption\":\"Peoplesphere Company srl\"},\"image\":{\"@id\":\"https:\/\/peoplesphere.be\/fr\/#\/schema\/logo\/image\/\"},\"sameAs\":[\"https:\/\/www.facebook.com\/peoplesphere\",\"https:\/\/twitter.com\/PeoplesphereMag\",\"https:\/\/www.linkedin.com\/company\/7587361?trk\",\"http:\/\/youtube.com\/peoplesphere\"]},{\"@type\":\"Person\",\"@id\":\"https:\/\/peoplesphere.be\/fr\/#\/schema\/person\/7976225ff17988604334abb7b3536a7e\",\"name\":\"Jean-Paul Erhard\",\"image\":{\"@type\":\"ImageObject\",\"inLanguage\":\"fr-FR\",\"@id\":\"https:\/\/peoplesphere.be\/fr\/#\/schema\/person\/image\/\",\"url\":\"https:\/\/secure.gravatar.com\/avatar\/f941e681460179738071629a51574930?s=96&d=mm&r=g\",\"contentUrl\":\"https:\/\/secure.gravatar.com\/avatar\/f941e681460179738071629a51574930?s=96&d=mm&r=g\",\"caption\":\"Jean-Paul Erhard\"},\"url\":\"https:\/\/peoplesphere.be\/fr\/author\/jpe\/\"}]}<\/script>\n<!-- \/ Yoast SEO plugin. -->","yoast_head_json":{"title":"Enqu\u00eate sur les pensions: en 2022, 10% de travailleurs et 5% d\u2019ind\u00e9pendants suppl\u00e9mentaires ont pris leur retraite avant l\u2019\u00e2ge de 65 ans. - Peoplesphere","robots":{"index":"index","follow":"follow","max-snippet":"max-snippet:-1","max-image-preview":"max-image-preview:large","max-video-preview":"max-video-preview:-1"},"canonical":"https:\/\/peoplesphere.be\/fr\/enquete-sur-les-pensions-en-2022-10-de-travailleurs-et-5-dindependants-supplementaires-ont-pris-leur-pension-avant-lage-de-65-ans\/","og_locale":"fr_FR","og_type":"article","og_title":"Enqu\u00eate sur les pensions: en 2022, 10% de travailleurs et 5% d\u2019ind\u00e9pendants suppl\u00e9mentaires ont pris leur retraite avant l\u2019\u00e2ge de 65 ans. - Peoplesphere","og_description":"Parmi les travailleurs belges qui sont partis \u00e0 la pension l\u2019ann\u00e9e derni\u00e8re, 4 sur 10 l\u2019ont fait avant l\u2019\u00e2ge l\u00e9gal de 65 ans. C\u2019est donc pr\u00e8s de 10 % plus qu\u2019en 2021. Les ind\u00e9pendants sont encore plus susceptibles de quitter [&hellip;]","og_url":"https:\/\/peoplesphere.be\/fr\/enquete-sur-les-pensions-en-2022-10-de-travailleurs-et-5-dindependants-supplementaires-ont-pris-leur-pension-avant-lage-de-65-ans\/","og_site_name":"Peoplesphere","article_publisher":"https:\/\/www.facebook.com\/peoplesphere","article_published_time":"2023-09-07T05:20:02+00:00","article_modified_time":"2023-09-07T05:24:01+00:00","og_image":[{"url":"http:\/\/www.peoplesphere.be\/fr\/wp-content\/uploads\/2016\/07\/facebook-default-posting-1200x628px.jpg"}],"author":"Jean-Paul Erhard","twitter_card":"summary_large_image","twitter_creator":"@PeoplesphereMag","twitter_site":"@PeoplesphereMag","twitter_misc":{"\u00c9crit par":"Jean-Paul Erhard","Dur\u00e9e de lecture estim\u00e9e":"4 minutes"},"schema":{"@context":"https:\/\/schema.org","@graph":[{"@type":"Article","@id":"https:\/\/peoplesphere.be\/fr\/enquete-sur-les-pensions-en-2022-10-de-travailleurs-et-5-dindependants-supplementaires-ont-pris-leur-pension-avant-lage-de-65-ans\/#article","isPartOf":{"@id":"https:\/\/peoplesphere.be\/fr\/enquete-sur-les-pensions-en-2022-10-de-travailleurs-et-5-dindependants-supplementaires-ont-pris-leur-pension-avant-lage-de-65-ans\/"},"author":{"name":"Jean-Paul Erhard","@id":"https:\/\/peoplesphere.be\/fr\/#\/schema\/person\/7976225ff17988604334abb7b3536a7e"},"headline":"Enqu\u00eate sur les pensions: en 2022, 10% de travailleurs et 5% d\u2019ind\u00e9pendants suppl\u00e9mentaires ont pris leur retraite avant l\u2019\u00e2ge de 65 ans.","datePublished":"2023-09-07T05:20:02+00:00","dateModified":"2023-09-07T05:24:01+00:00","mainEntityOfPage":{"@id":"https:\/\/peoplesphere.be\/fr\/enquete-sur-les-pensions-en-2022-10-de-travailleurs-et-5-dindependants-supplementaires-ont-pris-leur-pension-avant-lage-de-65-ans\/"},"wordCount":831,"publisher":{"@id":"https:\/\/peoplesphere.be\/fr\/#organization"},"keywords":["ind\u00e9pendants","ouvriers","pensions","r\u00e9forme","salari\u00e9s"],"articleSection":["Actualit\u00e9s","Digital"],"inLanguage":"fr-FR"},{"@type":"WebPage","@id":"https:\/\/peoplesphere.be\/fr\/enquete-sur-les-pensions-en-2022-10-de-travailleurs-et-5-dindependants-supplementaires-ont-pris-leur-pension-avant-lage-de-65-ans\/","url":"https:\/\/peoplesphere.be\/fr\/enquete-sur-les-pensions-en-2022-10-de-travailleurs-et-5-dindependants-supplementaires-ont-pris-leur-pension-avant-lage-de-65-ans\/","name":"Enqu\u00eate sur les pensions: en 2022, 10% de travailleurs et 5% d\u2019ind\u00e9pendants suppl\u00e9mentaires ont pris leur retraite avant l\u2019\u00e2ge de 65 ans. - Peoplesphere","isPartOf":{"@id":"https:\/\/peoplesphere.be\/fr\/#website"},"datePublished":"2023-09-07T05:20:02+00:00","dateModified":"2023-09-07T05:24:01+00:00","breadcrumb":{"@id":"https:\/\/peoplesphere.be\/fr\/enquete-sur-les-pensions-en-2022-10-de-travailleurs-et-5-dindependants-supplementaires-ont-pris-leur-pension-avant-lage-de-65-ans\/#breadcrumb"},"inLanguage":"fr-FR","potentialAction":[{"@type":"ReadAction","target":["https:\/\/peoplesphere.be\/fr\/enquete-sur-les-pensions-en-2022-10-de-travailleurs-et-5-dindependants-supplementaires-ont-pris-leur-pension-avant-lage-de-65-ans\/"]}]},{"@type":"BreadcrumbList","@id":"https:\/\/peoplesphere.be\/fr\/enquete-sur-les-pensions-en-2022-10-de-travailleurs-et-5-dindependants-supplementaires-ont-pris-leur-pension-avant-lage-de-65-ans\/#breadcrumb","itemListElement":[{"@type":"ListItem","position":1,"name":"Accueil","item":"https:\/\/peoplesphere.be\/fr\/"},{"@type":"ListItem","position":2,"name":"Enqu\u00eate sur les pensions: en 2022, 10% de travailleurs et 5% d\u2019ind\u00e9pendants suppl\u00e9mentaires ont pris leur retraite avant l\u2019\u00e2ge de 65 ans."}]},{"@type":"WebSite","@id":"https:\/\/peoplesphere.be\/fr\/#website","url":"https:\/\/peoplesphere.be\/fr\/","name":"Peoplesphere","description":"The People Managers Magazine","publisher":{"@id":"https:\/\/peoplesphere.be\/fr\/#organization"},"potentialAction":[{"@type":"SearchAction","target":{"@type":"EntryPoint","urlTemplate":"https:\/\/peoplesphere.be\/fr\/?s={search_term_string}"},"query-input":"required name=search_term_string"}],"inLanguage":"fr-FR"},{"@type":"Organization","@id":"https:\/\/peoplesphere.be\/fr\/#organization","name":"Peoplesphere Company srl","url":"https:\/\/peoplesphere.be\/fr\/","logo":{"@type":"ImageObject","inLanguage":"fr-FR","@id":"https:\/\/peoplesphere.be\/fr\/#\/schema\/logo\/image\/","url":"https:\/\/peoplesphere.be\/fr\/wp-content\/uploads\/2023\/07\/peoplesphere-lgo-new-generik.jpg","contentUrl":"https:\/\/peoplesphere.be\/fr\/wp-content\/uploads\/2023\/07\/peoplesphere-lgo-new-generik.jpg","width":1031,"height":1479,"caption":"Peoplesphere Company srl"},"image":{"@id":"https:\/\/peoplesphere.be\/fr\/#\/schema\/logo\/image\/"},"sameAs":["https:\/\/www.facebook.com\/peoplesphere","https:\/\/twitter.com\/PeoplesphereMag","https:\/\/www.linkedin.com\/company\/7587361?trk","http:\/\/youtube.com\/peoplesphere"]},{"@type":"Person","@id":"https:\/\/peoplesphere.be\/fr\/#\/schema\/person\/7976225ff17988604334abb7b3536a7e","name":"Jean-Paul Erhard","image":{"@type":"ImageObject","inLanguage":"fr-FR","@id":"https:\/\/peoplesphere.be\/fr\/#\/schema\/person\/image\/","url":"https:\/\/secure.gravatar.com\/avatar\/f941e681460179738071629a51574930?s=96&d=mm&r=g","contentUrl":"https:\/\/secure.gravatar.com\/avatar\/f941e681460179738071629a51574930?s=96&d=mm&r=g","caption":"Jean-Paul Erhard"},"url":"https:\/\/peoplesphere.be\/fr\/author\/jpe\/"}]}},"_links":{"self":[{"href":"https:\/\/peoplesphere.be\/fr\/wp-json\/wp\/v2\/posts\/14921"}],"collection":[{"href":"https:\/\/peoplesphere.be\/fr\/wp-json\/wp\/v2\/posts"}],"about":[{"href":"https:\/\/peoplesphere.be\/fr\/wp-json\/wp\/v2\/types\/post"}],"author":[{"embeddable":true,"href":"https:\/\/peoplesphere.be\/fr\/wp-json\/wp\/v2\/users\/2"}],"replies":[{"embeddable":true,"href":"https:\/\/peoplesphere.be\/fr\/wp-json\/wp\/v2\/comments?post=14921"}],"version-history":[{"count":3,"href":"https:\/\/peoplesphere.be\/fr\/wp-json\/wp\/v2\/posts\/14921\/revisions"}],"predecessor-version":[{"id":14924,"href":"https:\/\/peoplesphere.be\/fr\/wp-json\/wp\/v2\/posts\/14921\/revisions\/14924"}],"wp:attachment":[{"href":"https:\/\/peoplesphere.be\/fr\/wp-json\/wp\/v2\/media?parent=14921"}],"wp:term":[{"taxonomy":"category","embeddable":true,"href":"https:\/\/peoplesphere.be\/fr\/wp-json\/wp\/v2\/categories?post=14921"},{"taxonomy":"post_tag","embeddable":true,"href":"https:\/\/peoplesphere.be\/fr\/wp-json\/wp\/v2\/tags?post=14921"}],"curies":[{"name":"wp","href":"https:\/\/api.w.org\/{rel}","templated":true}]}}