









{"id":14930,"date":"2023-09-08T15:12:52","date_gmt":"2023-09-08T13:12:52","guid":{"rendered":"https:\/\/peoplesphere.be\/fr\/?p=14930"},"modified":"2023-09-08T15:12:52","modified_gmt":"2023-09-08T13:12:52","slug":"relations-entre-collegues-pres-dun-travailleur-sur-deux-souhaite-davantage-de-reunions-lorsquil-se-rend-au-bureau","status":"publish","type":"post","link":"https:\/\/peoplesphere.be\/fr\/relations-entre-collegues-pres-dun-travailleur-sur-deux-souhaite-davantage-de-reunions-lorsquil-se-rend-au-bureau\/","title":{"rendered":"Relations entre coll\u00e8gues: pr\u00e8s d&rsquo;un travailleur sur deux souhaite davantage de r\u00e9unions lorsqu&rsquo;il se rend au bureau&#8230;"},"content":{"rendered":"<p>YouGov, l\u2019institut d\u2019\u00e9tude, a interrog\u00e9 plus de 1 000 travailleurs belges, pour le compte de Comet, expert du travail hybride, quant \u00e0 leur approche envers leur lieu de travail et les relations entre coll\u00e8gues. Les chiffres r\u00e9v\u00e8lent notamment que les femmes et les jeunes actifs ont par exemple davantage besoin de se r\u00e9unir en pr\u00e9sentiel. Autre chiffre remarquable, pr\u00e8s d\u2019un Belge sur deux souhaite voir plus souvent ses coll\u00e8gues.\u00a0<!--more--><\/p>\n<p>Selon une \u00e9tude YouGov, pr\u00e8s de 50% des actifs belges souhaitent voir plus souvent leurs coll\u00e8gues! D\u2019ailleurs, 37% d\u2019entre eux consid\u00e8rent que le t\u00e9l\u00e9travail peut avoir un impact n\u00e9gatif sur leur \u00e9panouissement individuel et professionnel. Le travail \u00e0 distance n\u2019est donc pas une solution pour tous. Parmi les maux point\u00e9s du doigt, il y a : le manque de relations humaines (29%) et de partage d\u2019information entre coll\u00e8gues (29%), le sentiment d\u2019isolement (22%) et d\u2019augmentation de la charge de travail (20%).<\/p>\n<p>C\u2019est pour cette raison que pr\u00e8s de la moiti\u00e9 des Belges souhaitent retourner plus r\u00e9guli\u00e8rement au bureau pour se r\u00e9unir entre coll\u00e8gues (47%), ainsi que pour maintenir (36%) et cr\u00e9er de nouvelles relations (35 %).<\/p>\n<p><strong><em>L\u2019environnement de travail : un \u00e9l\u00e9ment cl\u00e9 dans le bien-\u00eatre des employ\u00e9s<\/em><\/strong><\/p>\n<p>A l\u2019heure o\u00f9 l\u2019immobilier de bureaux vit une crise mondiale sans pr\u00e9c\u00e9dent, ce qui ressort \u00e9galement de l\u2019enqu\u00eate men\u00e9e par YouGov pour Comet, c\u2019est l\u2019importance que rev\u00eat l\u2019environnement de travail pour les travailleurs belges. Pour r\u00e9pondre \u00e0 l\u2019\u00e9mergence de nouveaux besoins, de nombreux services sont apparus ces derni\u00e8res ann\u00e9es. Ils visent \u00e0 enrichir l\u2019offre de bureaux et \u00e0 apporter une exp\u00e9rience plus qualitative aux employ\u00e9s. Comet, par exemple, propose plusieurs solutions permettant aux entreprises de r\u00e9investir dans le temps collectif et pr\u00e9sentiel, m\u00eame ponctuel : des salles de r\u00e9unions et d\u2019\u00e9v\u00e9nementiel dot\u00e9es de nombreux services (restauration, assistance technique, bien-\u00eatre etc.).<\/p>\n<p>Victor Carreau, CEO et co-fondateur de Comet (photo) :<em> \u00ab\u00a0Alors que le secteur de l\u2019immobilier de bureau traverse une crise sans pr\u00e9c\u00e9dent, il est important que les grands acteurs et entreprises revoient leur copie et proposent des espaces plus adapt\u00e9s aux besoins des salari\u00e9s et \u00e0 leur mode de travail hybride. Plus que jamais, ces derniers se d\u00e9placent au bureau pour y voir leurs coll\u00e8gues, cr\u00e9er et entretenir du lien, obtenir des informations ou g\u00e9n\u00e9rer de nouvelles id\u00e9es, choses qu\u2019ils ne peuvent pas faire \u00e0 distance. Les espaces de rencontre professionnels &#8211; bureaux, \u00e9v\u00e9nements, formations et autres &#8211; doivent donc d\u2019abord et avant tout permettre de rassembler et faire circuler les id\u00e9es.\u00a0\u00bb<br \/>\n<\/em><\/p>\n<p><strong><em>De l\u2019immobilier \u00e0 l\u2019hospitalit\u00e9&#8230;<\/em><\/strong><\/p>\n<p>Comet s\u2019est lanc\u00e9e dans les lieux de r\u00e9union et l\u2019\u00e9v\u00e9nementiel en 2016. D\u2019abord acteur de l\u2019immobilier, Comet voit dans les r\u00e9sultats de cette \u00e9tude l\u2019occasion de recentrer son identit\u00e9 sur son m\u00e9tier d\u2019hospitalit\u00e9 : l\u2019accueil et l\u2019accompagnement de ses clients. Concentr\u00e9e sur les carences et frustrations qui naissent du t\u00e9l\u00e9travail, l\u2019entreprise souhaite pr\u00e9parer la prochaine \u00e9tape dans son d\u00e9veloppement et annoncer l\u2019\u00e9volution de sa marque.<br \/>\nVictor Carreau se r\u00e9jouit de cette \u00e9volution : \u00ab\u00a0<em>Si nous restons un acteur de l\u2019immobilier, il est frappant de noter que nos clients viennent et reviennent principalement pour notre accompagnement humain et chaleureux. Il \u00e9tait temps que cette proximit\u00e9 soit rendue dans notre identit\u00e9 visuelle car nous exer\u00e7ons surtout un m\u00e9tier de service, d\u2019humain \u00e0 humain. Au travers de nos lieux, nous cherchons \u00e0 rassembler les professionnels dans un monde qui tend \u00e0 les \u00e9loigner, \u00e0 les faire \u00e9changer. C\u2019est d\u2019ailleurs pour cette raison que notre nouvelle marque met en avant le pr\u00e9fixe \u201cco\u201d : il vient des termes \u201ccollaboration\u201d, \u201ccollectif\u201d ou \u201ccoh\u00e9sion\u201d, notamment.\u00a0\u00bb<br \/>\n<\/em><\/p>\n<p>&nbsp;<\/p>\n<p><em>M\u00e9thodologie de l\u2019enqu\u00eate : l&rsquo;enqu\u00eate a \u00e9t\u00e9 r\u00e9alis\u00e9e aupr\u00e8s d&rsquo;un \u00e9chantillon repr\u00e9sentatif de la population active (18+) en Belgique (n=1017), France (n=1005) et Espagne (n=1020). Le sondage a \u00e9t\u00e9 effectu\u00e9 en ligne, sur les panels propri\u00e9taires de YouGov, du 4 au 10 juillet 2023, selon la m\u00e9thode des quotas.<\/em><\/p>\n","protected":false},"excerpt":{"rendered":"<p>YouGov, l\u2019institut d\u2019\u00e9tude, a interrog\u00e9 plus de 1 000 travailleurs belges, pour le compte de Comet, expert du travail hybride, quant \u00e0 leur approche envers leur lieu de travail et les relations entre coll\u00e8gues. Les chiffres r\u00e9v\u00e8lent notamment que les [&hellip;]<\/p>\n","protected":false},"author":2,"featured_media":14931,"comment_status":"closed","ping_status":"open","sticky":false,"template":"","format":"standard","meta":[],"categories":[65,10],"tags":[74,165,3871,2447],"yoast_head":"<!-- This site is optimized with the Yoast SEO plugin v21.0 - https:\/\/yoast.com\/wordpress\/plugins\/seo\/ -->\n<title>Relations entre coll\u00e8gues: pr\u00e8s d&#039;un travailleur sur deux souhaite davantage de r\u00e9unions lorsqu&#039;il se rend au bureau... - Peoplesphere<\/title>\n<meta name=\"robots\" content=\"index, follow, max-snippet:-1, max-image-preview:large, max-video-preview:-1\" \/>\n<link rel=\"canonical\" href=\"https:\/\/peoplesphere.be\/fr\/relations-entre-collegues-pres-dun-travailleur-sur-deux-souhaite-davantage-de-reunions-lorsquil-se-rend-au-bureau\/\" \/>\n<meta property=\"og:locale\" content=\"fr_FR\" \/>\n<meta property=\"og:type\" content=\"article\" \/>\n<meta property=\"og:title\" content=\"Relations entre coll\u00e8gues: pr\u00e8s d&#039;un travailleur sur deux souhaite davantage de r\u00e9unions lorsqu&#039;il se rend au bureau... - Peoplesphere\" \/>\n<meta property=\"og:description\" content=\"YouGov, l\u2019institut d\u2019\u00e9tude, a interrog\u00e9 plus de 1 000 travailleurs belges, pour le compte de Comet, expert du travail hybride, quant \u00e0 leur approche envers leur lieu de travail et les relations entre coll\u00e8gues. Les chiffres r\u00e9v\u00e8lent notamment que les [&hellip;]\" \/>\n<meta property=\"og:url\" content=\"https:\/\/peoplesphere.be\/fr\/relations-entre-collegues-pres-dun-travailleur-sur-deux-souhaite-davantage-de-reunions-lorsquil-se-rend-au-bureau\/\" \/>\n<meta property=\"og:site_name\" content=\"Peoplesphere\" \/>\n<meta property=\"article:publisher\" content=\"https:\/\/www.facebook.com\/peoplesphere\" \/>\n<meta property=\"article:published_time\" content=\"2023-09-08T13:12:52+00:00\" \/>\n<meta property=\"og:image\" content=\"https:\/\/peoplesphere.be\/fr\/wp-content\/uploads\/2023\/09\/64f7370c8b4a7.jpg\" \/>\n\t<meta property=\"og:image:width\" content=\"1000\" \/>\n\t<meta property=\"og:image:height\" content=\"667\" \/>\n\t<meta property=\"og:image:type\" content=\"image\/jpeg\" \/>\n<meta name=\"author\" content=\"Jean-Paul Erhard\" \/>\n<meta name=\"twitter:card\" content=\"summary_large_image\" \/>\n<meta name=\"twitter:creator\" content=\"@PeoplesphereMag\" \/>\n<meta name=\"twitter:site\" content=\"@PeoplesphereMag\" \/>\n<meta name=\"twitter:label1\" content=\"\u00c9crit par\" \/>\n\t<meta name=\"twitter:data1\" content=\"Jean-Paul Erhard\" \/>\n\t<meta name=\"twitter:label2\" content=\"Dur\u00e9e de lecture estim\u00e9e\" \/>\n\t<meta name=\"twitter:data2\" content=\"4 minutes\" \/>\n<script type=\"application\/ld+json\" class=\"yoast-schema-graph\">{\"@context\":\"https:\/\/schema.org\",\"@graph\":[{\"@type\":\"Article\",\"@id\":\"https:\/\/peoplesphere.be\/fr\/relations-entre-collegues-pres-dun-travailleur-sur-deux-souhaite-davantage-de-reunions-lorsquil-se-rend-au-bureau\/#article\",\"isPartOf\":{\"@id\":\"https:\/\/peoplesphere.be\/fr\/relations-entre-collegues-pres-dun-travailleur-sur-deux-souhaite-davantage-de-reunions-lorsquil-se-rend-au-bureau\/\"},\"author\":{\"name\":\"Jean-Paul Erhard\",\"@id\":\"https:\/\/peoplesphere.be\/fr\/#\/schema\/person\/7976225ff17988604334abb7b3536a7e\"},\"headline\":\"Relations entre coll\u00e8gues: pr\u00e8s d&rsquo;un travailleur sur deux souhaite davantage de r\u00e9unions lorsqu&rsquo;il se rend au bureau&#8230;\",\"datePublished\":\"2023-09-08T13:12:52+00:00\",\"dateModified\":\"2023-09-08T13:12:52+00:00\",\"mainEntityOfPage\":{\"@id\":\"https:\/\/peoplesphere.be\/fr\/relations-entre-collegues-pres-dun-travailleur-sur-deux-souhaite-davantage-de-reunions-lorsquil-se-rend-au-bureau\/\"},\"wordCount\":732,\"publisher\":{\"@id\":\"https:\/\/peoplesphere.be\/fr\/#organization\"},\"keywords\":[\"collaboration\",\"environnement de travail\",\"hospitalit\u00e9\",\"immobilier\"],\"articleSection\":[\"Actualit\u00e9s\",\"Digital\"],\"inLanguage\":\"fr-FR\"},{\"@type\":\"WebPage\",\"@id\":\"https:\/\/peoplesphere.be\/fr\/relations-entre-collegues-pres-dun-travailleur-sur-deux-souhaite-davantage-de-reunions-lorsquil-se-rend-au-bureau\/\",\"url\":\"https:\/\/peoplesphere.be\/fr\/relations-entre-collegues-pres-dun-travailleur-sur-deux-souhaite-davantage-de-reunions-lorsquil-se-rend-au-bureau\/\",\"name\":\"Relations entre coll\u00e8gues: pr\u00e8s d'un travailleur sur deux souhaite davantage de r\u00e9unions lorsqu'il se rend au bureau... - Peoplesphere\",\"isPartOf\":{\"@id\":\"https:\/\/peoplesphere.be\/fr\/#website\"},\"datePublished\":\"2023-09-08T13:12:52+00:00\",\"dateModified\":\"2023-09-08T13:12:52+00:00\",\"breadcrumb\":{\"@id\":\"https:\/\/peoplesphere.be\/fr\/relations-entre-collegues-pres-dun-travailleur-sur-deux-souhaite-davantage-de-reunions-lorsquil-se-rend-au-bureau\/#breadcrumb\"},\"inLanguage\":\"fr-FR\",\"potentialAction\":[{\"@type\":\"ReadAction\",\"target\":[\"https:\/\/peoplesphere.be\/fr\/relations-entre-collegues-pres-dun-travailleur-sur-deux-souhaite-davantage-de-reunions-lorsquil-se-rend-au-bureau\/\"]}]},{\"@type\":\"BreadcrumbList\",\"@id\":\"https:\/\/peoplesphere.be\/fr\/relations-entre-collegues-pres-dun-travailleur-sur-deux-souhaite-davantage-de-reunions-lorsquil-se-rend-au-bureau\/#breadcrumb\",\"itemListElement\":[{\"@type\":\"ListItem\",\"position\":1,\"name\":\"Accueil\",\"item\":\"https:\/\/peoplesphere.be\/fr\/\"},{\"@type\":\"ListItem\",\"position\":2,\"name\":\"Relations entre coll\u00e8gues: pr\u00e8s d&rsquo;un travailleur sur deux souhaite davantage de r\u00e9unions lorsqu&rsquo;il se rend au bureau&#8230;\"}]},{\"@type\":\"WebSite\",\"@id\":\"https:\/\/peoplesphere.be\/fr\/#website\",\"url\":\"https:\/\/peoplesphere.be\/fr\/\",\"name\":\"Peoplesphere\",\"description\":\"The People Managers Magazine\",\"publisher\":{\"@id\":\"https:\/\/peoplesphere.be\/fr\/#organization\"},\"potentialAction\":[{\"@type\":\"SearchAction\",\"target\":{\"@type\":\"EntryPoint\",\"urlTemplate\":\"https:\/\/peoplesphere.be\/fr\/?s={search_term_string}\"},\"query-input\":\"required name=search_term_string\"}],\"inLanguage\":\"fr-FR\"},{\"@type\":\"Organization\",\"@id\":\"https:\/\/peoplesphere.be\/fr\/#organization\",\"name\":\"Peoplesphere Company srl\",\"url\":\"https:\/\/peoplesphere.be\/fr\/\",\"logo\":{\"@type\":\"ImageObject\",\"inLanguage\":\"fr-FR\",\"@id\":\"https:\/\/peoplesphere.be\/fr\/#\/schema\/logo\/image\/\",\"url\":\"https:\/\/peoplesphere.be\/fr\/wp-content\/uploads\/2023\/07\/peoplesphere-lgo-new-generik.jpg\",\"contentUrl\":\"https:\/\/peoplesphere.be\/fr\/wp-content\/uploads\/2023\/07\/peoplesphere-lgo-new-generik.jpg\",\"width\":1031,\"height\":1479,\"caption\":\"Peoplesphere Company srl\"},\"image\":{\"@id\":\"https:\/\/peoplesphere.be\/fr\/#\/schema\/logo\/image\/\"},\"sameAs\":[\"https:\/\/www.facebook.com\/peoplesphere\",\"https:\/\/twitter.com\/PeoplesphereMag\",\"https:\/\/www.linkedin.com\/company\/7587361?trk\",\"http:\/\/youtube.com\/peoplesphere\"]},{\"@type\":\"Person\",\"@id\":\"https:\/\/peoplesphere.be\/fr\/#\/schema\/person\/7976225ff17988604334abb7b3536a7e\",\"name\":\"Jean-Paul Erhard\",\"image\":{\"@type\":\"ImageObject\",\"inLanguage\":\"fr-FR\",\"@id\":\"https:\/\/peoplesphere.be\/fr\/#\/schema\/person\/image\/\",\"url\":\"https:\/\/secure.gravatar.com\/avatar\/f941e681460179738071629a51574930?s=96&d=mm&r=g\",\"contentUrl\":\"https:\/\/secure.gravatar.com\/avatar\/f941e681460179738071629a51574930?s=96&d=mm&r=g\",\"caption\":\"Jean-Paul Erhard\"},\"url\":\"https:\/\/peoplesphere.be\/fr\/author\/jpe\/\"}]}<\/script>\n<!-- \/ Yoast SEO plugin. -->","yoast_head_json":{"title":"Relations entre coll\u00e8gues: pr\u00e8s d'un travailleur sur deux souhaite davantage de r\u00e9unions lorsqu'il se rend au bureau... - Peoplesphere","robots":{"index":"index","follow":"follow","max-snippet":"max-snippet:-1","max-image-preview":"max-image-preview:large","max-video-preview":"max-video-preview:-1"},"canonical":"https:\/\/peoplesphere.be\/fr\/relations-entre-collegues-pres-dun-travailleur-sur-deux-souhaite-davantage-de-reunions-lorsquil-se-rend-au-bureau\/","og_locale":"fr_FR","og_type":"article","og_title":"Relations entre coll\u00e8gues: pr\u00e8s d'un travailleur sur deux souhaite davantage de r\u00e9unions lorsqu'il se rend au bureau... - Peoplesphere","og_description":"YouGov, l\u2019institut d\u2019\u00e9tude, a interrog\u00e9 plus de 1 000 travailleurs belges, pour le compte de Comet, expert du travail hybride, quant \u00e0 leur approche envers leur lieu de travail et les relations entre coll\u00e8gues. Les chiffres r\u00e9v\u00e8lent notamment que les [&hellip;]","og_url":"https:\/\/peoplesphere.be\/fr\/relations-entre-collegues-pres-dun-travailleur-sur-deux-souhaite-davantage-de-reunions-lorsquil-se-rend-au-bureau\/","og_site_name":"Peoplesphere","article_publisher":"https:\/\/www.facebook.com\/peoplesphere","article_published_time":"2023-09-08T13:12:52+00:00","og_image":[{"width":1000,"height":667,"url":"https:\/\/peoplesphere.be\/fr\/wp-content\/uploads\/2023\/09\/64f7370c8b4a7.jpg","type":"image\/jpeg"}],"author":"Jean-Paul Erhard","twitter_card":"summary_large_image","twitter_creator":"@PeoplesphereMag","twitter_site":"@PeoplesphereMag","twitter_misc":{"\u00c9crit par":"Jean-Paul Erhard","Dur\u00e9e de lecture estim\u00e9e":"4 minutes"},"schema":{"@context":"https:\/\/schema.org","@graph":[{"@type":"Article","@id":"https:\/\/peoplesphere.be\/fr\/relations-entre-collegues-pres-dun-travailleur-sur-deux-souhaite-davantage-de-reunions-lorsquil-se-rend-au-bureau\/#article","isPartOf":{"@id":"https:\/\/peoplesphere.be\/fr\/relations-entre-collegues-pres-dun-travailleur-sur-deux-souhaite-davantage-de-reunions-lorsquil-se-rend-au-bureau\/"},"author":{"name":"Jean-Paul Erhard","@id":"https:\/\/peoplesphere.be\/fr\/#\/schema\/person\/7976225ff17988604334abb7b3536a7e"},"headline":"Relations entre coll\u00e8gues: pr\u00e8s d&rsquo;un travailleur sur deux souhaite davantage de r\u00e9unions lorsqu&rsquo;il se rend au bureau&#8230;","datePublished":"2023-09-08T13:12:52+00:00","dateModified":"2023-09-08T13:12:52+00:00","mainEntityOfPage":{"@id":"https:\/\/peoplesphere.be\/fr\/relations-entre-collegues-pres-dun-travailleur-sur-deux-souhaite-davantage-de-reunions-lorsquil-se-rend-au-bureau\/"},"wordCount":732,"publisher":{"@id":"https:\/\/peoplesphere.be\/fr\/#organization"},"keywords":["collaboration","environnement de travail","hospitalit\u00e9","immobilier"],"articleSection":["Actualit\u00e9s","Digital"],"inLanguage":"fr-FR"},{"@type":"WebPage","@id":"https:\/\/peoplesphere.be\/fr\/relations-entre-collegues-pres-dun-travailleur-sur-deux-souhaite-davantage-de-reunions-lorsquil-se-rend-au-bureau\/","url":"https:\/\/peoplesphere.be\/fr\/relations-entre-collegues-pres-dun-travailleur-sur-deux-souhaite-davantage-de-reunions-lorsquil-se-rend-au-bureau\/","name":"Relations entre coll\u00e8gues: pr\u00e8s d'un travailleur sur deux souhaite davantage de r\u00e9unions lorsqu'il se rend au bureau... - Peoplesphere","isPartOf":{"@id":"https:\/\/peoplesphere.be\/fr\/#website"},"datePublished":"2023-09-08T13:12:52+00:00","dateModified":"2023-09-08T13:12:52+00:00","breadcrumb":{"@id":"https:\/\/peoplesphere.be\/fr\/relations-entre-collegues-pres-dun-travailleur-sur-deux-souhaite-davantage-de-reunions-lorsquil-se-rend-au-bureau\/#breadcrumb"},"inLanguage":"fr-FR","potentialAction":[{"@type":"ReadAction","target":["https:\/\/peoplesphere.be\/fr\/relations-entre-collegues-pres-dun-travailleur-sur-deux-souhaite-davantage-de-reunions-lorsquil-se-rend-au-bureau\/"]}]},{"@type":"BreadcrumbList","@id":"https:\/\/peoplesphere.be\/fr\/relations-entre-collegues-pres-dun-travailleur-sur-deux-souhaite-davantage-de-reunions-lorsquil-se-rend-au-bureau\/#breadcrumb","itemListElement":[{"@type":"ListItem","position":1,"name":"Accueil","item":"https:\/\/peoplesphere.be\/fr\/"},{"@type":"ListItem","position":2,"name":"Relations entre coll\u00e8gues: pr\u00e8s d&rsquo;un travailleur sur deux souhaite davantage de r\u00e9unions lorsqu&rsquo;il se rend au bureau&#8230;"}]},{"@type":"WebSite","@id":"https:\/\/peoplesphere.be\/fr\/#website","url":"https:\/\/peoplesphere.be\/fr\/","name":"Peoplesphere","description":"The People Managers Magazine","publisher":{"@id":"https:\/\/peoplesphere.be\/fr\/#organization"},"potentialAction":[{"@type":"SearchAction","target":{"@type":"EntryPoint","urlTemplate":"https:\/\/peoplesphere.be\/fr\/?s={search_term_string}"},"query-input":"required name=search_term_string"}],"inLanguage":"fr-FR"},{"@type":"Organization","@id":"https:\/\/peoplesphere.be\/fr\/#organization","name":"Peoplesphere Company srl","url":"https:\/\/peoplesphere.be\/fr\/","logo":{"@type":"ImageObject","inLanguage":"fr-FR","@id":"https:\/\/peoplesphere.be\/fr\/#\/schema\/logo\/image\/","url":"https:\/\/peoplesphere.be\/fr\/wp-content\/uploads\/2023\/07\/peoplesphere-lgo-new-generik.jpg","contentUrl":"https:\/\/peoplesphere.be\/fr\/wp-content\/uploads\/2023\/07\/peoplesphere-lgo-new-generik.jpg","width":1031,"height":1479,"caption":"Peoplesphere Company srl"},"image":{"@id":"https:\/\/peoplesphere.be\/fr\/#\/schema\/logo\/image\/"},"sameAs":["https:\/\/www.facebook.com\/peoplesphere","https:\/\/twitter.com\/PeoplesphereMag","https:\/\/www.linkedin.com\/company\/7587361?trk","http:\/\/youtube.com\/peoplesphere"]},{"@type":"Person","@id":"https:\/\/peoplesphere.be\/fr\/#\/schema\/person\/7976225ff17988604334abb7b3536a7e","name":"Jean-Paul Erhard","image":{"@type":"ImageObject","inLanguage":"fr-FR","@id":"https:\/\/peoplesphere.be\/fr\/#\/schema\/person\/image\/","url":"https:\/\/secure.gravatar.com\/avatar\/f941e681460179738071629a51574930?s=96&d=mm&r=g","contentUrl":"https:\/\/secure.gravatar.com\/avatar\/f941e681460179738071629a51574930?s=96&d=mm&r=g","caption":"Jean-Paul Erhard"},"url":"https:\/\/peoplesphere.be\/fr\/author\/jpe\/"}]}},"_links":{"self":[{"href":"https:\/\/peoplesphere.be\/fr\/wp-json\/wp\/v2\/posts\/14930"}],"collection":[{"href":"https:\/\/peoplesphere.be\/fr\/wp-json\/wp\/v2\/posts"}],"about":[{"href":"https:\/\/peoplesphere.be\/fr\/wp-json\/wp\/v2\/types\/post"}],"author":[{"embeddable":true,"href":"https:\/\/peoplesphere.be\/fr\/wp-json\/wp\/v2\/users\/2"}],"replies":[{"embeddable":true,"href":"https:\/\/peoplesphere.be\/fr\/wp-json\/wp\/v2\/comments?post=14930"}],"version-history":[{"count":1,"href":"https:\/\/peoplesphere.be\/fr\/wp-json\/wp\/v2\/posts\/14930\/revisions"}],"predecessor-version":[{"id":14932,"href":"https:\/\/peoplesphere.be\/fr\/wp-json\/wp\/v2\/posts\/14930\/revisions\/14932"}],"wp:featuredmedia":[{"embeddable":true,"href":"https:\/\/peoplesphere.be\/fr\/wp-json\/wp\/v2\/media\/14931"}],"wp:attachment":[{"href":"https:\/\/peoplesphere.be\/fr\/wp-json\/wp\/v2\/media?parent=14930"}],"wp:term":[{"taxonomy":"category","embeddable":true,"href":"https:\/\/peoplesphere.be\/fr\/wp-json\/wp\/v2\/categories?post=14930"},{"taxonomy":"post_tag","embeddable":true,"href":"https:\/\/peoplesphere.be\/fr\/wp-json\/wp\/v2\/tags?post=14930"}],"curies":[{"name":"wp","href":"https:\/\/api.w.org\/{rel}","templated":true}]}}