









{"id":14934,"date":"2023-09-11T07:48:57","date_gmt":"2023-09-11T05:48:57","guid":{"rendered":"https:\/\/peoplesphere.be\/fr\/?p=14934"},"modified":"2023-09-13T08:28:03","modified_gmt":"2023-09-13T06:28:03","slug":"le-gouvernement-initie-un-projet-de-recherche-sur-les-effets-dune-reduction-collective-du-temps-de-travail","status":"publish","type":"post","link":"https:\/\/peoplesphere.be\/fr\/le-gouvernement-initie-un-projet-de-recherche-sur-les-effets-dune-reduction-collective-du-temps-de-travail\/","title":{"rendered":"Le gouvernement initie un projet de recherche sur les effets d&rsquo;une r\u00e9duction collective du temps de travail. Les employeurs sont constern\u00e9s&#8230;"},"content":{"rendered":"<p>Sur proposition du secr\u00e9taire d\u2019\u00c9tat charg\u00e9 de la Politique scientifique Thomas Dermine, le Conseil des ministres a marqu\u00e9 son accord sur le lancement d\u2019un projet de recherche sur les effets d&rsquo;une r\u00e9duction collective du temps de travail sur la productivit\u00e9, l&#8217;emploi, le bien-\u00eatre et l&rsquo;\u00e9quilibre financier des entreprises. Les premi\u00e8res r\u00e9actions du c\u00f4t\u00e9 patronal expriment une opposition radicale.<!--more--><\/p>\n<p>Le Conseil des ministres a valid\u00e9 le plan d\u2019actions en ex\u00e9cution de la conf\u00e9rence pour l\u2019emploi 2021 lors de sa r\u00e9union du 17 f\u00e9vrier 2023. Une des mesures figurant dans le plan est l\u2019\u00e9valuation de la r\u00e9duction groupe cible ONSS \u00ab r\u00e9duction collective du temps de travail \u00bb.<\/p>\n<p>L\u2019analyse sera compl\u00e9t\u00e9e par une enqu\u00eate men\u00e9e aupr\u00e8s des entreprises. Ce volet de l\u2019\u00e9tude doit \u00eatre confi\u00e9 \u00e0 un institut de recherche belge ext\u00e9rieur.<\/p>\n<p>Il s&rsquo;agit d&rsquo;obtenir des r\u00e9ponses \u00e9quilibr\u00e9es sur les effets d&rsquo;une r\u00e9duction collective du temps de travail sur la productivit\u00e9, l&#8217;emploi, le bien-\u00eatre et l&rsquo;\u00e9quilibre financier des entreprises. L\u2019institut s\u00e9lectionn\u00e9 m\u00e8nera l\u2019\u00e9tude en \u00e9troite collaboration avec le Bureau f\u00e9d\u00e9ral du plan et ce dernier sera impliqu\u00e9 dans la proc\u00e9dure de s\u00e9lection. Cela devrait \u00e9galement permettre d\u2019identifier les avantages et les limites de la r\u00e9duction du temps de travail et de d\u00e9finir des mesures de soutien efficaces.<\/p>\n<p>Le service public f\u00e9d\u00e9ral en charge de la politique scientifique (BELSPO) est charg\u00e9 de s\u00e9lectionner et de financer l\u2019\u00e9quipe scientifique qui se chargera de mener ladite enqu\u00eate aupr\u00e8s des entreprises, coupl\u00e9e \u00e0 une exp\u00e9rience sur la r\u00e9duction du temps de travail.<\/p>\n<p>UCM a pris connaissance de la proposition de test grandeur nature d\u2019am\u00e9nagement de temps de travail port\u00e9e par le ministre de l\u2019emploi Pierre-Yves Dermagne. Loin de la r\u00e9alit\u00e9 de terrain des PME, cette id\u00e9e s\u2019apparente \u00e0 un frein en pleine relance \u00e9conomique. <em>\u00ab\u00a0A l\u2019heure o\u00f9 la relance \u00e9conomique doit \u00eatre une priorit\u00e9 \u00e0 tous les niveaux de pouvoir et que le monde \u00e9conomique met toutes ses forces dans la bataille, cette exp\u00e9rience grandeur nature s\u2019apparente \u00e0 un s\u00e9rieux coup de frein et \u00e0 une m\u00e9connaissance de la vie des PME dans notre pays. UCM n\u2019ignore pas, loin de l\u00e0, les nouvelles tendances en mati\u00e8re de faisabilit\u00e9 de travail. Il y a des solutions pour changer la vie professionnelle des employeurs et des collaborateurs. A un moment o\u00f9 la p\u00e9nurie de main d\u2019\u0153uvre devient une histoire de survie de nos PME, ouvrir la possibilit\u00e9 de r\u00e9duire le temps de travail est totalement contreproductif. La semaine en 4 jours n\u2019avait d\u00e9j\u00e0 pas s\u00e9duit beaucoup de PME\u2026 Que dire alors d\u2019une r\u00e9duction collective du temps de travail avec maintien int\u00e9gral du salaire\u2026\u00a0\u00bb<\/em><br \/>\n<em>\u00a0<\/em><\/p>\n<p><em>Source: Cabinet de Thomas Dermine, secr\u00e9taire d\u2019\u00c9tat pour la Relance et les Investissements strat\u00e9giques, charg\u00e9 de la Politique scientifique &#8211; UCM<\/em><\/p>\n","protected":false},"excerpt":{"rendered":"<p>Sur proposition du secr\u00e9taire d\u2019\u00c9tat charg\u00e9 de la Politique scientifique Thomas Dermine, le Conseil des ministres a marqu\u00e9 son accord sur le lancement d\u2019un projet de recherche sur les effets d&rsquo;une r\u00e9duction collective du temps de travail sur la productivit\u00e9, [&hellip;]<\/p>\n","protected":false},"author":2,"featured_media":0,"comment_status":"closed","ping_status":"open","sticky":false,"template":"","format":"standard","meta":[],"categories":[65,10],"tags":[3872,3518,39],"yoast_head":"<!-- This site is optimized with the Yoast SEO plugin v21.0 - https:\/\/yoast.com\/wordpress\/plugins\/seo\/ -->\n<title>Le gouvernement initie un projet de recherche sur les effets d&#039;une r\u00e9duction collective du temps de travail. Les employeurs sont constern\u00e9s... - Peoplesphere<\/title>\n<meta name=\"robots\" content=\"index, follow, max-snippet:-1, max-image-preview:large, max-video-preview:-1\" \/>\n<link rel=\"canonical\" href=\"https:\/\/peoplesphere.be\/fr\/le-gouvernement-initie-un-projet-de-recherche-sur-les-effets-dune-reduction-collective-du-temps-de-travail\/\" \/>\n<meta property=\"og:locale\" content=\"fr_FR\" \/>\n<meta property=\"og:type\" content=\"article\" \/>\n<meta property=\"og:title\" content=\"Le gouvernement initie un projet de recherche sur les effets d&#039;une r\u00e9duction collective du temps de travail. Les employeurs sont constern\u00e9s... - Peoplesphere\" \/>\n<meta property=\"og:description\" content=\"Sur proposition du secr\u00e9taire d\u2019\u00c9tat charg\u00e9 de la Politique scientifique Thomas Dermine, le Conseil des ministres a marqu\u00e9 son accord sur le lancement d\u2019un projet de recherche sur les effets d&rsquo;une r\u00e9duction collective du temps de travail sur la productivit\u00e9, [&hellip;]\" \/>\n<meta property=\"og:url\" content=\"https:\/\/peoplesphere.be\/fr\/le-gouvernement-initie-un-projet-de-recherche-sur-les-effets-dune-reduction-collective-du-temps-de-travail\/\" \/>\n<meta property=\"og:site_name\" content=\"Peoplesphere\" \/>\n<meta property=\"article:publisher\" content=\"https:\/\/www.facebook.com\/peoplesphere\" \/>\n<meta property=\"article:published_time\" content=\"2023-09-11T05:48:57+00:00\" \/>\n<meta property=\"article:modified_time\" content=\"2023-09-13T06:28:03+00:00\" \/>\n<meta property=\"og:image\" content=\"http:\/\/www.peoplesphere.be\/fr\/wp-content\/uploads\/2016\/07\/facebook-default-posting-1200x628px.jpg\" \/>\n<meta name=\"author\" content=\"Jean-Paul Erhard\" \/>\n<meta name=\"twitter:card\" content=\"summary_large_image\" \/>\n<meta name=\"twitter:creator\" content=\"@PeoplesphereMag\" \/>\n<meta name=\"twitter:site\" content=\"@PeoplesphereMag\" \/>\n<meta name=\"twitter:label1\" content=\"\u00c9crit par\" \/>\n\t<meta name=\"twitter:data1\" content=\"Jean-Paul Erhard\" \/>\n\t<meta name=\"twitter:label2\" content=\"Dur\u00e9e de lecture estim\u00e9e\" \/>\n\t<meta name=\"twitter:data2\" content=\"3 minutes\" \/>\n<script type=\"application\/ld+json\" class=\"yoast-schema-graph\">{\"@context\":\"https:\/\/schema.org\",\"@graph\":[{\"@type\":\"Article\",\"@id\":\"https:\/\/peoplesphere.be\/fr\/le-gouvernement-initie-un-projet-de-recherche-sur-les-effets-dune-reduction-collective-du-temps-de-travail\/#article\",\"isPartOf\":{\"@id\":\"https:\/\/peoplesphere.be\/fr\/le-gouvernement-initie-un-projet-de-recherche-sur-les-effets-dune-reduction-collective-du-temps-de-travail\/\"},\"author\":{\"name\":\"Jean-Paul Erhard\",\"@id\":\"https:\/\/peoplesphere.be\/fr\/#\/schema\/person\/7976225ff17988604334abb7b3536a7e\"},\"headline\":\"Le gouvernement initie un projet de recherche sur les effets d&rsquo;une r\u00e9duction collective du temps de travail. Les employeurs sont constern\u00e9s&#8230;\",\"datePublished\":\"2023-09-11T05:48:57+00:00\",\"dateModified\":\"2023-09-13T06:28:03+00:00\",\"mainEntityOfPage\":{\"@id\":\"https:\/\/peoplesphere.be\/fr\/le-gouvernement-initie-un-projet-de-recherche-sur-les-effets-dune-reduction-collective-du-temps-de-travail\/\"},\"wordCount\":534,\"publisher\":{\"@id\":\"https:\/\/peoplesphere.be\/fr\/#organization\"},\"keywords\":[\"bien-\u00eatre productivit\u00e9\",\"r\u00e9duction\",\"temps de travail\"],\"articleSection\":[\"Actualit\u00e9s\",\"Digital\"],\"inLanguage\":\"fr-FR\"},{\"@type\":\"WebPage\",\"@id\":\"https:\/\/peoplesphere.be\/fr\/le-gouvernement-initie-un-projet-de-recherche-sur-les-effets-dune-reduction-collective-du-temps-de-travail\/\",\"url\":\"https:\/\/peoplesphere.be\/fr\/le-gouvernement-initie-un-projet-de-recherche-sur-les-effets-dune-reduction-collective-du-temps-de-travail\/\",\"name\":\"Le gouvernement initie un projet de recherche sur les effets d'une r\u00e9duction collective du temps de travail. Les employeurs sont constern\u00e9s... - Peoplesphere\",\"isPartOf\":{\"@id\":\"https:\/\/peoplesphere.be\/fr\/#website\"},\"datePublished\":\"2023-09-11T05:48:57+00:00\",\"dateModified\":\"2023-09-13T06:28:03+00:00\",\"breadcrumb\":{\"@id\":\"https:\/\/peoplesphere.be\/fr\/le-gouvernement-initie-un-projet-de-recherche-sur-les-effets-dune-reduction-collective-du-temps-de-travail\/#breadcrumb\"},\"inLanguage\":\"fr-FR\",\"potentialAction\":[{\"@type\":\"ReadAction\",\"target\":[\"https:\/\/peoplesphere.be\/fr\/le-gouvernement-initie-un-projet-de-recherche-sur-les-effets-dune-reduction-collective-du-temps-de-travail\/\"]}]},{\"@type\":\"BreadcrumbList\",\"@id\":\"https:\/\/peoplesphere.be\/fr\/le-gouvernement-initie-un-projet-de-recherche-sur-les-effets-dune-reduction-collective-du-temps-de-travail\/#breadcrumb\",\"itemListElement\":[{\"@type\":\"ListItem\",\"position\":1,\"name\":\"Accueil\",\"item\":\"https:\/\/peoplesphere.be\/fr\/\"},{\"@type\":\"ListItem\",\"position\":2,\"name\":\"Le gouvernement initie un projet de recherche sur les effets d&rsquo;une r\u00e9duction collective du temps de travail. Les employeurs sont constern\u00e9s&#8230;\"}]},{\"@type\":\"WebSite\",\"@id\":\"https:\/\/peoplesphere.be\/fr\/#website\",\"url\":\"https:\/\/peoplesphere.be\/fr\/\",\"name\":\"Peoplesphere\",\"description\":\"The People Managers Magazine\",\"publisher\":{\"@id\":\"https:\/\/peoplesphere.be\/fr\/#organization\"},\"potentialAction\":[{\"@type\":\"SearchAction\",\"target\":{\"@type\":\"EntryPoint\",\"urlTemplate\":\"https:\/\/peoplesphere.be\/fr\/?s={search_term_string}\"},\"query-input\":\"required name=search_term_string\"}],\"inLanguage\":\"fr-FR\"},{\"@type\":\"Organization\",\"@id\":\"https:\/\/peoplesphere.be\/fr\/#organization\",\"name\":\"Peoplesphere Company srl\",\"url\":\"https:\/\/peoplesphere.be\/fr\/\",\"logo\":{\"@type\":\"ImageObject\",\"inLanguage\":\"fr-FR\",\"@id\":\"https:\/\/peoplesphere.be\/fr\/#\/schema\/logo\/image\/\",\"url\":\"https:\/\/peoplesphere.be\/fr\/wp-content\/uploads\/2023\/07\/peoplesphere-lgo-new-generik.jpg\",\"contentUrl\":\"https:\/\/peoplesphere.be\/fr\/wp-content\/uploads\/2023\/07\/peoplesphere-lgo-new-generik.jpg\",\"width\":1031,\"height\":1479,\"caption\":\"Peoplesphere Company srl\"},\"image\":{\"@id\":\"https:\/\/peoplesphere.be\/fr\/#\/schema\/logo\/image\/\"},\"sameAs\":[\"https:\/\/www.facebook.com\/peoplesphere\",\"https:\/\/twitter.com\/PeoplesphereMag\",\"https:\/\/www.linkedin.com\/company\/7587361?trk\",\"http:\/\/youtube.com\/peoplesphere\"]},{\"@type\":\"Person\",\"@id\":\"https:\/\/peoplesphere.be\/fr\/#\/schema\/person\/7976225ff17988604334abb7b3536a7e\",\"name\":\"Jean-Paul Erhard\",\"image\":{\"@type\":\"ImageObject\",\"inLanguage\":\"fr-FR\",\"@id\":\"https:\/\/peoplesphere.be\/fr\/#\/schema\/person\/image\/\",\"url\":\"https:\/\/secure.gravatar.com\/avatar\/f941e681460179738071629a51574930?s=96&d=mm&r=g\",\"contentUrl\":\"https:\/\/secure.gravatar.com\/avatar\/f941e681460179738071629a51574930?s=96&d=mm&r=g\",\"caption\":\"Jean-Paul Erhard\"},\"url\":\"https:\/\/peoplesphere.be\/fr\/author\/jpe\/\"}]}<\/script>\n<!-- \/ Yoast SEO plugin. -->","yoast_head_json":{"title":"Le gouvernement initie un projet de recherche sur les effets d'une r\u00e9duction collective du temps de travail. Les employeurs sont constern\u00e9s... - Peoplesphere","robots":{"index":"index","follow":"follow","max-snippet":"max-snippet:-1","max-image-preview":"max-image-preview:large","max-video-preview":"max-video-preview:-1"},"canonical":"https:\/\/peoplesphere.be\/fr\/le-gouvernement-initie-un-projet-de-recherche-sur-les-effets-dune-reduction-collective-du-temps-de-travail\/","og_locale":"fr_FR","og_type":"article","og_title":"Le gouvernement initie un projet de recherche sur les effets d'une r\u00e9duction collective du temps de travail. Les employeurs sont constern\u00e9s... - Peoplesphere","og_description":"Sur proposition du secr\u00e9taire d\u2019\u00c9tat charg\u00e9 de la Politique scientifique Thomas Dermine, le Conseil des ministres a marqu\u00e9 son accord sur le lancement d\u2019un projet de recherche sur les effets d&rsquo;une r\u00e9duction collective du temps de travail sur la productivit\u00e9, [&hellip;]","og_url":"https:\/\/peoplesphere.be\/fr\/le-gouvernement-initie-un-projet-de-recherche-sur-les-effets-dune-reduction-collective-du-temps-de-travail\/","og_site_name":"Peoplesphere","article_publisher":"https:\/\/www.facebook.com\/peoplesphere","article_published_time":"2023-09-11T05:48:57+00:00","article_modified_time":"2023-09-13T06:28:03+00:00","og_image":[{"url":"http:\/\/www.peoplesphere.be\/fr\/wp-content\/uploads\/2016\/07\/facebook-default-posting-1200x628px.jpg"}],"author":"Jean-Paul Erhard","twitter_card":"summary_large_image","twitter_creator":"@PeoplesphereMag","twitter_site":"@PeoplesphereMag","twitter_misc":{"\u00c9crit par":"Jean-Paul Erhard","Dur\u00e9e de lecture estim\u00e9e":"3 minutes"},"schema":{"@context":"https:\/\/schema.org","@graph":[{"@type":"Article","@id":"https:\/\/peoplesphere.be\/fr\/le-gouvernement-initie-un-projet-de-recherche-sur-les-effets-dune-reduction-collective-du-temps-de-travail\/#article","isPartOf":{"@id":"https:\/\/peoplesphere.be\/fr\/le-gouvernement-initie-un-projet-de-recherche-sur-les-effets-dune-reduction-collective-du-temps-de-travail\/"},"author":{"name":"Jean-Paul Erhard","@id":"https:\/\/peoplesphere.be\/fr\/#\/schema\/person\/7976225ff17988604334abb7b3536a7e"},"headline":"Le gouvernement initie un projet de recherche sur les effets d&rsquo;une r\u00e9duction collective du temps de travail. Les employeurs sont constern\u00e9s&#8230;","datePublished":"2023-09-11T05:48:57+00:00","dateModified":"2023-09-13T06:28:03+00:00","mainEntityOfPage":{"@id":"https:\/\/peoplesphere.be\/fr\/le-gouvernement-initie-un-projet-de-recherche-sur-les-effets-dune-reduction-collective-du-temps-de-travail\/"},"wordCount":534,"publisher":{"@id":"https:\/\/peoplesphere.be\/fr\/#organization"},"keywords":["bien-\u00eatre productivit\u00e9","r\u00e9duction","temps de travail"],"articleSection":["Actualit\u00e9s","Digital"],"inLanguage":"fr-FR"},{"@type":"WebPage","@id":"https:\/\/peoplesphere.be\/fr\/le-gouvernement-initie-un-projet-de-recherche-sur-les-effets-dune-reduction-collective-du-temps-de-travail\/","url":"https:\/\/peoplesphere.be\/fr\/le-gouvernement-initie-un-projet-de-recherche-sur-les-effets-dune-reduction-collective-du-temps-de-travail\/","name":"Le gouvernement initie un projet de recherche sur les effets d'une r\u00e9duction collective du temps de travail. Les employeurs sont constern\u00e9s... - Peoplesphere","isPartOf":{"@id":"https:\/\/peoplesphere.be\/fr\/#website"},"datePublished":"2023-09-11T05:48:57+00:00","dateModified":"2023-09-13T06:28:03+00:00","breadcrumb":{"@id":"https:\/\/peoplesphere.be\/fr\/le-gouvernement-initie-un-projet-de-recherche-sur-les-effets-dune-reduction-collective-du-temps-de-travail\/#breadcrumb"},"inLanguage":"fr-FR","potentialAction":[{"@type":"ReadAction","target":["https:\/\/peoplesphere.be\/fr\/le-gouvernement-initie-un-projet-de-recherche-sur-les-effets-dune-reduction-collective-du-temps-de-travail\/"]}]},{"@type":"BreadcrumbList","@id":"https:\/\/peoplesphere.be\/fr\/le-gouvernement-initie-un-projet-de-recherche-sur-les-effets-dune-reduction-collective-du-temps-de-travail\/#breadcrumb","itemListElement":[{"@type":"ListItem","position":1,"name":"Accueil","item":"https:\/\/peoplesphere.be\/fr\/"},{"@type":"ListItem","position":2,"name":"Le gouvernement initie un projet de recherche sur les effets d&rsquo;une r\u00e9duction collective du temps de travail. Les employeurs sont constern\u00e9s&#8230;"}]},{"@type":"WebSite","@id":"https:\/\/peoplesphere.be\/fr\/#website","url":"https:\/\/peoplesphere.be\/fr\/","name":"Peoplesphere","description":"The People Managers Magazine","publisher":{"@id":"https:\/\/peoplesphere.be\/fr\/#organization"},"potentialAction":[{"@type":"SearchAction","target":{"@type":"EntryPoint","urlTemplate":"https:\/\/peoplesphere.be\/fr\/?s={search_term_string}"},"query-input":"required name=search_term_string"}],"inLanguage":"fr-FR"},{"@type":"Organization","@id":"https:\/\/peoplesphere.be\/fr\/#organization","name":"Peoplesphere Company srl","url":"https:\/\/peoplesphere.be\/fr\/","logo":{"@type":"ImageObject","inLanguage":"fr-FR","@id":"https:\/\/peoplesphere.be\/fr\/#\/schema\/logo\/image\/","url":"https:\/\/peoplesphere.be\/fr\/wp-content\/uploads\/2023\/07\/peoplesphere-lgo-new-generik.jpg","contentUrl":"https:\/\/peoplesphere.be\/fr\/wp-content\/uploads\/2023\/07\/peoplesphere-lgo-new-generik.jpg","width":1031,"height":1479,"caption":"Peoplesphere Company srl"},"image":{"@id":"https:\/\/peoplesphere.be\/fr\/#\/schema\/logo\/image\/"},"sameAs":["https:\/\/www.facebook.com\/peoplesphere","https:\/\/twitter.com\/PeoplesphereMag","https:\/\/www.linkedin.com\/company\/7587361?trk","http:\/\/youtube.com\/peoplesphere"]},{"@type":"Person","@id":"https:\/\/peoplesphere.be\/fr\/#\/schema\/person\/7976225ff17988604334abb7b3536a7e","name":"Jean-Paul Erhard","image":{"@type":"ImageObject","inLanguage":"fr-FR","@id":"https:\/\/peoplesphere.be\/fr\/#\/schema\/person\/image\/","url":"https:\/\/secure.gravatar.com\/avatar\/f941e681460179738071629a51574930?s=96&d=mm&r=g","contentUrl":"https:\/\/secure.gravatar.com\/avatar\/f941e681460179738071629a51574930?s=96&d=mm&r=g","caption":"Jean-Paul Erhard"},"url":"https:\/\/peoplesphere.be\/fr\/author\/jpe\/"}]}},"_links":{"self":[{"href":"https:\/\/peoplesphere.be\/fr\/wp-json\/wp\/v2\/posts\/14934"}],"collection":[{"href":"https:\/\/peoplesphere.be\/fr\/wp-json\/wp\/v2\/posts"}],"about":[{"href":"https:\/\/peoplesphere.be\/fr\/wp-json\/wp\/v2\/types\/post"}],"author":[{"embeddable":true,"href":"https:\/\/peoplesphere.be\/fr\/wp-json\/wp\/v2\/users\/2"}],"replies":[{"embeddable":true,"href":"https:\/\/peoplesphere.be\/fr\/wp-json\/wp\/v2\/comments?post=14934"}],"version-history":[{"count":4,"href":"https:\/\/peoplesphere.be\/fr\/wp-json\/wp\/v2\/posts\/14934\/revisions"}],"predecessor-version":[{"id":14958,"href":"https:\/\/peoplesphere.be\/fr\/wp-json\/wp\/v2\/posts\/14934\/revisions\/14958"}],"wp:attachment":[{"href":"https:\/\/peoplesphere.be\/fr\/wp-json\/wp\/v2\/media?parent=14934"}],"wp:term":[{"taxonomy":"category","embeddable":true,"href":"https:\/\/peoplesphere.be\/fr\/wp-json\/wp\/v2\/categories?post=14934"},{"taxonomy":"post_tag","embeddable":true,"href":"https:\/\/peoplesphere.be\/fr\/wp-json\/wp\/v2\/tags?post=14934"}],"curies":[{"name":"wp","href":"https:\/\/api.w.org\/{rel}","templated":true}]}}