









{"id":14936,"date":"2023-09-11T13:52:45","date_gmt":"2023-09-11T11:52:45","guid":{"rendered":"https:\/\/peoplesphere.be\/fr\/?p=14936"},"modified":"2023-09-11T13:52:45","modified_gmt":"2023-09-11T11:52:45","slug":"le-nombre-total-demplois-vacants-diminue-de-10-en-belgique-au-deuxieme-trimestre","status":"publish","type":"post","link":"https:\/\/peoplesphere.be\/fr\/le-nombre-total-demplois-vacants-diminue-de-10-en-belgique-au-deuxieme-trimestre\/","title":{"rendered":"Le nombre total d\u2019emplois vacants diminue de 1,0% en Belgique au deuxi\u00e8me trimestre."},"content":{"rendered":"<p>Statbel, l&rsquo;office belge de statistique, publie aujourd\u2019hui le nombre d\u2019emplois vacants dans les entreprises belges au 2e trimestre 2023. Le taux de vacance d\u2019emploi &#8211; le nombre d&#8217;emplois vacants par rapport au nombre total de postes au sein de l\u2019entreprise &#8211; diminue principalement dans les secteurs de l\u2019information et communication, des autres services et de l\u2019industrie, tandis qu\u2019il augmente essentiellement dans celui de l\u2019h\u00e9bergement et de la restauration. Le taux de vacance d\u2019emploi des postes d\u2019int\u00e9rim reste nettement sup\u00e9rieur \u00e0 celui des postes fixes.<!--more--><\/p>\n<p>Au deuxi\u00e8me trimestre 2023, les entreprises belges offraient 194.957 emplois vacants contre 196.922 au premier trimestre 2023.<\/p>\n<p>Le taux de vacance d\u2019emploi &#8211; le nombre d&#8217;emplois vacants par rapport au nombre total d&#8217;emplois dans l&rsquo;entreprise \u2013 a lui aussi diminu\u00e9 en passant de 4,68% \u00e0 4,63%.<\/p>\n<p>Le nombre d\u2019emplois vacants a diminu\u00e9 dans les 3 r\u00e9gions avec respectivement une baisse de 1.351 postes vacants en R\u00e9gion flamande, de 485 en R\u00e9gion de Bruxelles-Capitale et de 128 en R\u00e9gion wallonne par rapport au premier trimestre 2023.<\/p>\n<p>Avec 67,36% de l\u2019ensemble des emplois vacants en Belgique, la R\u00e9gion flamande reste la r\u00e9gion du pays pr\u00e9sentant le plus grand nombre d\u2019emplois vacants. Elle est suivie par la R\u00e9gion wallonne avec 19,69% et la R\u00e9gion de Bruxelles-Capitale avec 12,95%.<\/p>\n<p>Le taux de vacance d\u2019emploi reste plus \u00e9lev\u00e9 en R\u00e9gion flamande (5,21%) qu\u2019en R\u00e9gion de Bruxelles-Capitale (4,03%) et qu\u2019en R\u00e9gion wallonne (3,60%).<\/p>\n<p><strong><em>Type d&rsquo;entreprises et type d\u2019emplois<\/em><\/strong><\/p>\n<p>Il y a 5,02 fois plus d\u2019emplois vacants dans les grandes et moyennes entreprises que dans les petites entreprises. Le taux de vacance d\u2019emploi reste toutefois plus \u00e9lev\u00e9 dans les petites entreprises (6,17%) que dans les grandes et les moyennes (4,41%).<\/p>\n<p>Bien que davantage d\u2019emplois vacants soient offerts pour des postes fixes (87,23%), le taux de vacance d\u2019emploi est nettement sup\u00e9rieur pour les postes d\u2019int\u00e9rim (18,95%) que pour les postes fixes (4,17%).<\/p>\n<p>Plus de trois quarts (77,2%) des emplois vacants se trouvent dans cinq secteurs \u00e9conomiques: le secteur non-marchand, les sciences et services, l\u2019industrie, le commerce et la construction.<\/p>\n<p>Le taux de vacance d\u2019emploi diminue principalement dans les secteurs de l\u2019information et communication (-1,38 point de pourcentage), des autres services (-0,77 point) et de l\u2019industrie (-0,46 point) tandis qu\u2019il augmente essentiellement dans celui de l\u2019h\u00e9bergement et restauration (+1,13 point). Par ailleurs, ce taux reste le plus \u00e9lev\u00e9 dans les secteurs de l\u2019h\u00e9bergement et restauration (9,1%) et de l\u2019information et communication (7,0%) tandis qu\u2019il reste le plus faible dans le secteur des activit\u00e9s immobili\u00e8res (2,8%).<\/p>\n<p>&nbsp;<\/p>\n<p><em>Source : Statbel<\/em><\/p>\n","protected":false},"excerpt":{"rendered":"<p>Statbel, l&rsquo;office belge de statistique, publie aujourd\u2019hui le nombre d\u2019emplois vacants dans les entreprises belges au 2e trimestre 2023. Le taux de vacance d\u2019emploi &#8211; le nombre d&#8217;emplois vacants par rapport au nombre total de postes au sein de l\u2019entreprise [&hellip;]<\/p>\n","protected":false},"author":2,"featured_media":0,"comment_status":"closed","ping_status":"open","sticky":false,"template":"","format":"standard","meta":[],"categories":[65,10],"tags":[2099,702,3873,2283],"yoast_head":"<!-- This site is optimized with the Yoast SEO plugin v21.0 - https:\/\/yoast.com\/wordpress\/plugins\/seo\/ -->\n<title>Le nombre total d\u2019emplois vacants diminue de 1,0% en Belgique au deuxi\u00e8me trimestre. - Peoplesphere<\/title>\n<meta name=\"robots\" content=\"index, follow, max-snippet:-1, max-image-preview:large, max-video-preview:-1\" \/>\n<link rel=\"canonical\" href=\"https:\/\/peoplesphere.be\/fr\/le-nombre-total-demplois-vacants-diminue-de-10-en-belgique-au-deuxieme-trimestre\/\" \/>\n<meta property=\"og:locale\" content=\"fr_FR\" \/>\n<meta property=\"og:type\" content=\"article\" \/>\n<meta property=\"og:title\" content=\"Le nombre total d\u2019emplois vacants diminue de 1,0% en Belgique au deuxi\u00e8me trimestre. - Peoplesphere\" \/>\n<meta property=\"og:description\" content=\"Statbel, l&rsquo;office belge de statistique, publie aujourd\u2019hui le nombre d\u2019emplois vacants dans les entreprises belges au 2e trimestre 2023. Le taux de vacance d\u2019emploi &#8211; le nombre d&#8217;emplois vacants par rapport au nombre total de postes au sein de l\u2019entreprise [&hellip;]\" \/>\n<meta property=\"og:url\" content=\"https:\/\/peoplesphere.be\/fr\/le-nombre-total-demplois-vacants-diminue-de-10-en-belgique-au-deuxieme-trimestre\/\" \/>\n<meta property=\"og:site_name\" content=\"Peoplesphere\" \/>\n<meta property=\"article:publisher\" content=\"https:\/\/www.facebook.com\/peoplesphere\" \/>\n<meta property=\"article:published_time\" content=\"2023-09-11T11:52:45+00:00\" \/>\n<meta property=\"og:image\" content=\"http:\/\/www.peoplesphere.be\/fr\/wp-content\/uploads\/2016\/07\/facebook-default-posting-1200x628px.jpg\" \/>\n<meta name=\"author\" content=\"Jean-Paul Erhard\" \/>\n<meta name=\"twitter:card\" content=\"summary_large_image\" \/>\n<meta name=\"twitter:creator\" content=\"@PeoplesphereMag\" \/>\n<meta name=\"twitter:site\" content=\"@PeoplesphereMag\" \/>\n<meta name=\"twitter:label1\" content=\"\u00c9crit par\" \/>\n\t<meta name=\"twitter:data1\" content=\"Jean-Paul Erhard\" \/>\n\t<meta name=\"twitter:label2\" content=\"Dur\u00e9e de lecture estim\u00e9e\" \/>\n\t<meta name=\"twitter:data2\" content=\"3 minutes\" \/>\n<script type=\"application\/ld+json\" class=\"yoast-schema-graph\">{\"@context\":\"https:\/\/schema.org\",\"@graph\":[{\"@type\":\"Article\",\"@id\":\"https:\/\/peoplesphere.be\/fr\/le-nombre-total-demplois-vacants-diminue-de-10-en-belgique-au-deuxieme-trimestre\/#article\",\"isPartOf\":{\"@id\":\"https:\/\/peoplesphere.be\/fr\/le-nombre-total-demplois-vacants-diminue-de-10-en-belgique-au-deuxieme-trimestre\/\"},\"author\":{\"name\":\"Jean-Paul Erhard\",\"@id\":\"https:\/\/peoplesphere.be\/fr\/#\/schema\/person\/7976225ff17988604334abb7b3536a7e\"},\"headline\":\"Le nombre total d\u2019emplois vacants diminue de 1,0% en Belgique au deuxi\u00e8me trimestre.\",\"datePublished\":\"2023-09-11T11:52:45+00:00\",\"dateModified\":\"2023-09-11T11:52:45+00:00\",\"mainEntityOfPage\":{\"@id\":\"https:\/\/peoplesphere.be\/fr\/le-nombre-total-demplois-vacants-diminue-de-10-en-belgique-au-deuxieme-trimestre\/\"},\"wordCount\":449,\"publisher\":{\"@id\":\"https:\/\/peoplesphere.be\/fr\/#organization\"},\"keywords\":[\"emplois vacants\",\"march\u00e9 de l'emploi\",\"secteurs\",\"statbel\"],\"articleSection\":[\"Actualit\u00e9s\",\"Digital\"],\"inLanguage\":\"fr-FR\"},{\"@type\":\"WebPage\",\"@id\":\"https:\/\/peoplesphere.be\/fr\/le-nombre-total-demplois-vacants-diminue-de-10-en-belgique-au-deuxieme-trimestre\/\",\"url\":\"https:\/\/peoplesphere.be\/fr\/le-nombre-total-demplois-vacants-diminue-de-10-en-belgique-au-deuxieme-trimestre\/\",\"name\":\"Le nombre total d\u2019emplois vacants diminue de 1,0% en Belgique au deuxi\u00e8me trimestre. - Peoplesphere\",\"isPartOf\":{\"@id\":\"https:\/\/peoplesphere.be\/fr\/#website\"},\"datePublished\":\"2023-09-11T11:52:45+00:00\",\"dateModified\":\"2023-09-11T11:52:45+00:00\",\"breadcrumb\":{\"@id\":\"https:\/\/peoplesphere.be\/fr\/le-nombre-total-demplois-vacants-diminue-de-10-en-belgique-au-deuxieme-trimestre\/#breadcrumb\"},\"inLanguage\":\"fr-FR\",\"potentialAction\":[{\"@type\":\"ReadAction\",\"target\":[\"https:\/\/peoplesphere.be\/fr\/le-nombre-total-demplois-vacants-diminue-de-10-en-belgique-au-deuxieme-trimestre\/\"]}]},{\"@type\":\"BreadcrumbList\",\"@id\":\"https:\/\/peoplesphere.be\/fr\/le-nombre-total-demplois-vacants-diminue-de-10-en-belgique-au-deuxieme-trimestre\/#breadcrumb\",\"itemListElement\":[{\"@type\":\"ListItem\",\"position\":1,\"name\":\"Accueil\",\"item\":\"https:\/\/peoplesphere.be\/fr\/\"},{\"@type\":\"ListItem\",\"position\":2,\"name\":\"Le nombre total d\u2019emplois vacants diminue de 1,0% en Belgique au deuxi\u00e8me trimestre.\"}]},{\"@type\":\"WebSite\",\"@id\":\"https:\/\/peoplesphere.be\/fr\/#website\",\"url\":\"https:\/\/peoplesphere.be\/fr\/\",\"name\":\"Peoplesphere\",\"description\":\"The People Managers Magazine\",\"publisher\":{\"@id\":\"https:\/\/peoplesphere.be\/fr\/#organization\"},\"potentialAction\":[{\"@type\":\"SearchAction\",\"target\":{\"@type\":\"EntryPoint\",\"urlTemplate\":\"https:\/\/peoplesphere.be\/fr\/?s={search_term_string}\"},\"query-input\":\"required name=search_term_string\"}],\"inLanguage\":\"fr-FR\"},{\"@type\":\"Organization\",\"@id\":\"https:\/\/peoplesphere.be\/fr\/#organization\",\"name\":\"Peoplesphere Company srl\",\"url\":\"https:\/\/peoplesphere.be\/fr\/\",\"logo\":{\"@type\":\"ImageObject\",\"inLanguage\":\"fr-FR\",\"@id\":\"https:\/\/peoplesphere.be\/fr\/#\/schema\/logo\/image\/\",\"url\":\"https:\/\/peoplesphere.be\/fr\/wp-content\/uploads\/2023\/07\/peoplesphere-lgo-new-generik.jpg\",\"contentUrl\":\"https:\/\/peoplesphere.be\/fr\/wp-content\/uploads\/2023\/07\/peoplesphere-lgo-new-generik.jpg\",\"width\":1031,\"height\":1479,\"caption\":\"Peoplesphere Company srl\"},\"image\":{\"@id\":\"https:\/\/peoplesphere.be\/fr\/#\/schema\/logo\/image\/\"},\"sameAs\":[\"https:\/\/www.facebook.com\/peoplesphere\",\"https:\/\/twitter.com\/PeoplesphereMag\",\"https:\/\/www.linkedin.com\/company\/7587361?trk\",\"http:\/\/youtube.com\/peoplesphere\"]},{\"@type\":\"Person\",\"@id\":\"https:\/\/peoplesphere.be\/fr\/#\/schema\/person\/7976225ff17988604334abb7b3536a7e\",\"name\":\"Jean-Paul Erhard\",\"image\":{\"@type\":\"ImageObject\",\"inLanguage\":\"fr-FR\",\"@id\":\"https:\/\/peoplesphere.be\/fr\/#\/schema\/person\/image\/\",\"url\":\"https:\/\/secure.gravatar.com\/avatar\/f941e681460179738071629a51574930?s=96&d=mm&r=g\",\"contentUrl\":\"https:\/\/secure.gravatar.com\/avatar\/f941e681460179738071629a51574930?s=96&d=mm&r=g\",\"caption\":\"Jean-Paul Erhard\"},\"url\":\"https:\/\/peoplesphere.be\/fr\/author\/jpe\/\"}]}<\/script>\n<!-- \/ Yoast SEO plugin. -->","yoast_head_json":{"title":"Le nombre total d\u2019emplois vacants diminue de 1,0% en Belgique au deuxi\u00e8me trimestre. - Peoplesphere","robots":{"index":"index","follow":"follow","max-snippet":"max-snippet:-1","max-image-preview":"max-image-preview:large","max-video-preview":"max-video-preview:-1"},"canonical":"https:\/\/peoplesphere.be\/fr\/le-nombre-total-demplois-vacants-diminue-de-10-en-belgique-au-deuxieme-trimestre\/","og_locale":"fr_FR","og_type":"article","og_title":"Le nombre total d\u2019emplois vacants diminue de 1,0% en Belgique au deuxi\u00e8me trimestre. - Peoplesphere","og_description":"Statbel, l&rsquo;office belge de statistique, publie aujourd\u2019hui le nombre d\u2019emplois vacants dans les entreprises belges au 2e trimestre 2023. Le taux de vacance d\u2019emploi &#8211; le nombre d&#8217;emplois vacants par rapport au nombre total de postes au sein de l\u2019entreprise [&hellip;]","og_url":"https:\/\/peoplesphere.be\/fr\/le-nombre-total-demplois-vacants-diminue-de-10-en-belgique-au-deuxieme-trimestre\/","og_site_name":"Peoplesphere","article_publisher":"https:\/\/www.facebook.com\/peoplesphere","article_published_time":"2023-09-11T11:52:45+00:00","og_image":[{"url":"http:\/\/www.peoplesphere.be\/fr\/wp-content\/uploads\/2016\/07\/facebook-default-posting-1200x628px.jpg"}],"author":"Jean-Paul Erhard","twitter_card":"summary_large_image","twitter_creator":"@PeoplesphereMag","twitter_site":"@PeoplesphereMag","twitter_misc":{"\u00c9crit par":"Jean-Paul Erhard","Dur\u00e9e de lecture estim\u00e9e":"3 minutes"},"schema":{"@context":"https:\/\/schema.org","@graph":[{"@type":"Article","@id":"https:\/\/peoplesphere.be\/fr\/le-nombre-total-demplois-vacants-diminue-de-10-en-belgique-au-deuxieme-trimestre\/#article","isPartOf":{"@id":"https:\/\/peoplesphere.be\/fr\/le-nombre-total-demplois-vacants-diminue-de-10-en-belgique-au-deuxieme-trimestre\/"},"author":{"name":"Jean-Paul Erhard","@id":"https:\/\/peoplesphere.be\/fr\/#\/schema\/person\/7976225ff17988604334abb7b3536a7e"},"headline":"Le nombre total d\u2019emplois vacants diminue de 1,0% en Belgique au deuxi\u00e8me trimestre.","datePublished":"2023-09-11T11:52:45+00:00","dateModified":"2023-09-11T11:52:45+00:00","mainEntityOfPage":{"@id":"https:\/\/peoplesphere.be\/fr\/le-nombre-total-demplois-vacants-diminue-de-10-en-belgique-au-deuxieme-trimestre\/"},"wordCount":449,"publisher":{"@id":"https:\/\/peoplesphere.be\/fr\/#organization"},"keywords":["emplois vacants","march\u00e9 de l'emploi","secteurs","statbel"],"articleSection":["Actualit\u00e9s","Digital"],"inLanguage":"fr-FR"},{"@type":"WebPage","@id":"https:\/\/peoplesphere.be\/fr\/le-nombre-total-demplois-vacants-diminue-de-10-en-belgique-au-deuxieme-trimestre\/","url":"https:\/\/peoplesphere.be\/fr\/le-nombre-total-demplois-vacants-diminue-de-10-en-belgique-au-deuxieme-trimestre\/","name":"Le nombre total d\u2019emplois vacants diminue de 1,0% en Belgique au deuxi\u00e8me trimestre. - Peoplesphere","isPartOf":{"@id":"https:\/\/peoplesphere.be\/fr\/#website"},"datePublished":"2023-09-11T11:52:45+00:00","dateModified":"2023-09-11T11:52:45+00:00","breadcrumb":{"@id":"https:\/\/peoplesphere.be\/fr\/le-nombre-total-demplois-vacants-diminue-de-10-en-belgique-au-deuxieme-trimestre\/#breadcrumb"},"inLanguage":"fr-FR","potentialAction":[{"@type":"ReadAction","target":["https:\/\/peoplesphere.be\/fr\/le-nombre-total-demplois-vacants-diminue-de-10-en-belgique-au-deuxieme-trimestre\/"]}]},{"@type":"BreadcrumbList","@id":"https:\/\/peoplesphere.be\/fr\/le-nombre-total-demplois-vacants-diminue-de-10-en-belgique-au-deuxieme-trimestre\/#breadcrumb","itemListElement":[{"@type":"ListItem","position":1,"name":"Accueil","item":"https:\/\/peoplesphere.be\/fr\/"},{"@type":"ListItem","position":2,"name":"Le nombre total d\u2019emplois vacants diminue de 1,0% en Belgique au deuxi\u00e8me trimestre."}]},{"@type":"WebSite","@id":"https:\/\/peoplesphere.be\/fr\/#website","url":"https:\/\/peoplesphere.be\/fr\/","name":"Peoplesphere","description":"The People Managers Magazine","publisher":{"@id":"https:\/\/peoplesphere.be\/fr\/#organization"},"potentialAction":[{"@type":"SearchAction","target":{"@type":"EntryPoint","urlTemplate":"https:\/\/peoplesphere.be\/fr\/?s={search_term_string}"},"query-input":"required name=search_term_string"}],"inLanguage":"fr-FR"},{"@type":"Organization","@id":"https:\/\/peoplesphere.be\/fr\/#organization","name":"Peoplesphere Company srl","url":"https:\/\/peoplesphere.be\/fr\/","logo":{"@type":"ImageObject","inLanguage":"fr-FR","@id":"https:\/\/peoplesphere.be\/fr\/#\/schema\/logo\/image\/","url":"https:\/\/peoplesphere.be\/fr\/wp-content\/uploads\/2023\/07\/peoplesphere-lgo-new-generik.jpg","contentUrl":"https:\/\/peoplesphere.be\/fr\/wp-content\/uploads\/2023\/07\/peoplesphere-lgo-new-generik.jpg","width":1031,"height":1479,"caption":"Peoplesphere Company srl"},"image":{"@id":"https:\/\/peoplesphere.be\/fr\/#\/schema\/logo\/image\/"},"sameAs":["https:\/\/www.facebook.com\/peoplesphere","https:\/\/twitter.com\/PeoplesphereMag","https:\/\/www.linkedin.com\/company\/7587361?trk","http:\/\/youtube.com\/peoplesphere"]},{"@type":"Person","@id":"https:\/\/peoplesphere.be\/fr\/#\/schema\/person\/7976225ff17988604334abb7b3536a7e","name":"Jean-Paul Erhard","image":{"@type":"ImageObject","inLanguage":"fr-FR","@id":"https:\/\/peoplesphere.be\/fr\/#\/schema\/person\/image\/","url":"https:\/\/secure.gravatar.com\/avatar\/f941e681460179738071629a51574930?s=96&d=mm&r=g","contentUrl":"https:\/\/secure.gravatar.com\/avatar\/f941e681460179738071629a51574930?s=96&d=mm&r=g","caption":"Jean-Paul Erhard"},"url":"https:\/\/peoplesphere.be\/fr\/author\/jpe\/"}]}},"_links":{"self":[{"href":"https:\/\/peoplesphere.be\/fr\/wp-json\/wp\/v2\/posts\/14936"}],"collection":[{"href":"https:\/\/peoplesphere.be\/fr\/wp-json\/wp\/v2\/posts"}],"about":[{"href":"https:\/\/peoplesphere.be\/fr\/wp-json\/wp\/v2\/types\/post"}],"author":[{"embeddable":true,"href":"https:\/\/peoplesphere.be\/fr\/wp-json\/wp\/v2\/users\/2"}],"replies":[{"embeddable":true,"href":"https:\/\/peoplesphere.be\/fr\/wp-json\/wp\/v2\/comments?post=14936"}],"version-history":[{"count":2,"href":"https:\/\/peoplesphere.be\/fr\/wp-json\/wp\/v2\/posts\/14936\/revisions"}],"predecessor-version":[{"id":14938,"href":"https:\/\/peoplesphere.be\/fr\/wp-json\/wp\/v2\/posts\/14936\/revisions\/14938"}],"wp:attachment":[{"href":"https:\/\/peoplesphere.be\/fr\/wp-json\/wp\/v2\/media?parent=14936"}],"wp:term":[{"taxonomy":"category","embeddable":true,"href":"https:\/\/peoplesphere.be\/fr\/wp-json\/wp\/v2\/categories?post=14936"},{"taxonomy":"post_tag","embeddable":true,"href":"https:\/\/peoplesphere.be\/fr\/wp-json\/wp\/v2\/tags?post=14936"}],"curies":[{"name":"wp","href":"https:\/\/api.w.org\/{rel}","templated":true}]}}