









{"id":14941,"date":"2023-09-12T09:12:58","date_gmt":"2023-09-12T07:12:58","guid":{"rendered":"https:\/\/peoplesphere.be\/fr\/?p=14941"},"modified":"2023-09-12T16:51:24","modified_gmt":"2023-09-12T14:51:24","slug":"des-employeurs-plutot-optimistes-pour-cette-fin-dannee-le-recrutement-et-la-fidelisation-des-talents-sont-prioritaires","status":"publish","type":"post","link":"https:\/\/peoplesphere.be\/fr\/des-employeurs-plutot-optimistes-pour-cette-fin-dannee-le-recrutement-et-la-fidelisation-des-talents-sont-prioritaires\/","title":{"rendered":"Des employeurs plut\u00f4t optimistes pour cette fin d&rsquo;ann\u00e9e: le recrutement et la fid\u00e9lisation des talents sont prioritaires."},"content":{"rendered":"<p>Selon le Barom\u00e8tre de l\u2019emploi de ManpowerGroup publi\u00e9 ce jour, l\u2019activit\u00e9 sur le march\u00e9 de l\u2019emploi en Belgique devrait se renforcer au cours du prochain trimestre. En effet, sur les 510 employeurs sond\u00e9s en juillet par ManpowerGroup, 45% pr\u00e9voient d\u2019augmenter leurs effectifs d\u2019ici la fin du mois de d\u00e9cembre 2023, tandis que 14% d\u2019entre eux pr\u00e9voient de les r\u00e9duire. 38% des employeurs interrog\u00e9s n\u2019anticipent aucun changement.<!--more--><\/p>\n<p>Apr\u00e8s correction des variations saisonni\u00e8res, la Pr\u00e9vision Nette d\u2019Emploi \u2013 ou le diff\u00e9rentiel entre le pourcentage d\u2019employeurs pr\u00e9voyant des embauches et le pourcentage de ceux pr\u00e9voyant des r\u00e9ductions d\u2019effectifs \u2013 atteint la valeur encourageante de +31%. C\u2019est une hausse de 8 points par rapport au trimestre pr\u00e9c\u00e9dent, mais une l\u00e9g\u00e8re baisse 2 points par rapport au 4\u00e8me trimestre 2022.<\/p>\n<p><em>\u00ab\u00a0Les donn\u00e9es de notre enqu\u00eate pour le 4\u00e8me trimestre laissent appara\u00eetre un regain d\u2019optimisme chez les employeurs pour le deuxi\u00e8me trimestre cons\u00e9cutif, malgr\u00e9 les incertitudes \u00e9conomiques qui persistent\u00a0\u00bb<\/em> explique S\u00e9bastien Delfosse, Managing Director de ManpowerGroup BeLux. \u00ab\u00a0<em>Cette embellie survient apr\u00e8s le ralentissement des embauches observ\u00e9 au premier semestre, notamment en raison de l\u2019augmentation des co\u00fbts salariaux. Cette tendance positive s\u2019explique aussi par un report des intentions de recrutement pour des fonctions qui restent ouvertes \u00e0 cause des p\u00e9nuries de talents et des difficult\u00e9s rencontr\u00e9es pour trouver les bons profils. Alors que nous approchons de la fin de l&rsquo;ann\u00e9e, les entreprises restent concentr\u00e9es sur le recrutement et la fid\u00e9lisation des talents dont elles ont besoin pour stimuler leur croissance sur un march\u00e9 de l\u2019emploi qui reste toujours tendu. Investir dans les ressources humaines en mettant l\u2019accent sur l\u2019upskilling, le reskilling, la flexibilit\u00e9 et la culture d\u2019entreprise \u2013 reste la cl\u00e9 pour les entreprises afin de renforcer leur r\u00e9silience et leur agilit\u00e9 \u00e0 l&rsquo;avenir.\u00a0\u00bb<\/em><\/p>\n<p><strong><em>Climat d\u2019embauche tr\u00e8s robuste \u00e0 Bruxelles<\/em><\/strong><\/p>\n<p>Les employeurs des trois r\u00e9gions du pays rapportent des intentions de recrutement positives pour le prochain trimestre. C\u2019est \u00e0 Bruxelles que les employeurs se montrent les plus optimistes, en rapportant la Pr\u00e9vision Nette d\u2019Emploi la plus forte observ\u00e9e en 2023 (+41%), en progression de 18 points par rapport au trimestre pr\u00e9c\u00e9dent et au m\u00eame qu\u2019en Q4 2022. Dans les deux autres r\u00e9gions, les employeurs se se montrent plus prudents : la Pr\u00e9vision Nette d\u2019Emploi y atteint +27%, ce qui repr\u00e9sente une hausse de 5 points en Flandre une baisse de 8 points en Wallonie par rapport \u00e0 la m\u00eame p\u00e9riode l\u2019an dernier.<\/p>\n<p><strong><em>Perspectives d\u2019emploi positives dans tous les 9 secteurs sond\u00e9s<\/em><\/strong><\/p>\n<p>Les employeurs de tous les 9 secteurs d\u2019activit\u00e9 sond\u00e9s pr\u00e9voient d\u2019augmenter leurs effectifs d\u2019ici la fin de l\u2019ann\u00e9e. C\u2019est dans le secteur de l\u2019\u00c9nergie (+48%) et dans le secteur des Soins de sant\u00e9\/Sciences du vivant (+45%) que les employeurs anticipent l\u2019activit\u00e9 de recrutement la plus forte. Les perspectives d\u2019emploi sont \u00e9galement tr\u00e8s optimistes dans les secteurs des Services<br \/>\nde communication (+38%), de la Finance et de l\u2019Immobilier (+35%), du Transport\/Logistique\/Automobile (+35%) . Le march\u00e9 de l\u2019emploi devrait \u00eatre dynamique dans le secteur de l\u2019Industrie manufacturi\u00e8re\/Construction\/Agriculture &amp; P\u00eache (+30%). \u00c0 l\u2019inverse, les employeurs se montrent nettement plus prudents dans les secteurs des Services Publics\/Education\/Autres (+ 25%), des Biens de Consommation\/ Services\/Horeca\/Retail (+17%) et dans le secteur de l\u2019IT(+17%) .<\/p>\n<p>Depuis le troisi\u00e8me trimestre 2023, les intentions de recrutement sont en progression dans 6 des 9 secteurs sond\u00e9s et en recul dans trois autres. Par rapport au quatri\u00e8me trimestre 2022, le climat d\u2019embauche s\u2019est am\u00e9lior\u00e9 dans 4 des 8 secteurs pour lesquels nous disposons de donn\u00e9es, et s\u2019est affaibli dans 4 secteurs.<\/p>\n<p><strong><em>Plus d\u2019optimisme dans les petites et les moyennes entreprises<\/em><\/strong><\/p>\n<p>Selon l\u2019enqu\u00eate de ManpowerGroup, la Pr\u00e9vision Nette d\u2019Emploi est positive dans les quatre segments d\u2019entreprise sond\u00e9s : + 20% pour les micro-entreprises (&lt;10 travailleurs), +38% pour les petites entreprises (10-49 travailleurs), +39% pour les moyennes entreprises (50-249 travailleurs) et +29% dans les grandes entreprises (\u2265 250 travailleurs)<\/p>\n<p><strong><em>Perspectives d\u2019emploi positives dans tous les 41 pays et territoires sond\u00e9s<\/em><\/strong><\/p>\n<p>Au niveau mondial, les intentions de recrutement sont positives dans tous les 41 pays et territoires sond\u00e9s. La Pr\u00e9vIsion Nette d\u2019Emploi s\u2019\u00e9l\u00e8ve \u00e0 +30% et reste assez stable tant par rapport au trimestre pr\u00e9c\u00e9dent (+1point) que par rapport \u00e0 la m\u00eame p\u00e9riode l\u2019an dernier. <em>\u00ab Les employeurs \u00e0 travers le monde continuent \u00e0 faire preuve de r\u00e9silience dans un envionnement \u00e9conomique toujours incertain \u00bb<\/em> analyse S\u00e9batien Delfosse. Plus concr\u00e8tement, la confiance des employeurs s\u2019est renforc\u00e9e dans 24 pays, est rest\u00e9e stable dans un pays et a diminu\u00e9 dans 16 autres par rapport \u00e0 l\u2019an dernier.<\/p>\n<p>C\u2019est au Costa Ricca (+41%), au Br\u00e9sil (+38%) et en Suisse (+38%) que les employeurs ont annonc\u00e9 les plans d\u2019embauche les plus optimistes, tandis que les pr\u00e9visions les plus pessimistes sont observ\u00e9es en Argentine (+11%), en R\u00e9publique tch\u00e8que (+11%) et au Japon (+11%).<\/p>\n<p>Avec une Pr\u00e9vision Nette d\u2019Emploi \u00e0 +31%, la Belgique se situe 6 points au-dessus de la moyenne europ\u00e9enne (+25%) et un point au-dessus de la moyenne mondiale (+30%). Notre pays occupe la septi\u00e8me place sur 24 au niveau de la r\u00e9gion EMEA, derri\u00e8re la Suisse (+38%), les Pays-Bas (+35%), le Portugal (+35%), la Finande (+33%), et l\u2019Irlande (+33%), mais devant le Royaume-Uni (+27%), la France (+26%), l\u2019Allemagne (+22%), l\u2019Italie (+19%), l\u2019Espagne (+19%) ou la Pologne (+17%).<\/p>\n<p>Ailleurs dans le monde, le climat d\u2019embauche pour le quatri\u00e8me trimestre s\u2019annonce plus dynamique en Inde (+37%), aux \u00c9tats-Unis (+36%) et en Chine (+35%), mais nettement plus faible au Japon (+11%).<\/p>\n<p>&nbsp;<\/p>\n<p><em>Source: ManpowerGroup<\/em><\/p>\n","protected":false},"excerpt":{"rendered":"<p>Selon le Barom\u00e8tre de l\u2019emploi de ManpowerGroup publi\u00e9 ce jour, l\u2019activit\u00e9 sur le march\u00e9 de l\u2019emploi en Belgique devrait se renforcer au cours du prochain trimestre. En effet, sur les 510 employeurs sond\u00e9s en juillet par ManpowerGroup, 45% pr\u00e9voient d\u2019augmenter [&hellip;]<\/p>\n","protected":false},"author":2,"featured_media":14942,"comment_status":"closed","ping_status":"open","sticky":false,"template":"","format":"standard","meta":[],"categories":[65,10],"tags":[11,302,371,72],"yoast_head":"<!-- This site is optimized with the Yoast SEO plugin v21.0 - https:\/\/yoast.com\/wordpress\/plugins\/seo\/ -->\n<title>Des employeurs plut\u00f4t optimistes pour cette fin d&#039;ann\u00e9e: le recrutement et la fid\u00e9lisation des talents sont prioritaires. - Peoplesphere<\/title>\n<meta name=\"robots\" content=\"index, follow, max-snippet:-1, max-image-preview:large, max-video-preview:-1\" \/>\n<link rel=\"canonical\" href=\"https:\/\/peoplesphere.be\/fr\/des-employeurs-plutot-optimistes-pour-cette-fin-dannee-le-recrutement-et-la-fidelisation-des-talents-sont-prioritaires\/\" \/>\n<meta property=\"og:locale\" content=\"fr_FR\" \/>\n<meta property=\"og:type\" content=\"article\" \/>\n<meta property=\"og:title\" content=\"Des employeurs plut\u00f4t optimistes pour cette fin d&#039;ann\u00e9e: le recrutement et la fid\u00e9lisation des talents sont prioritaires. - Peoplesphere\" \/>\n<meta property=\"og:description\" content=\"Selon le Barom\u00e8tre de l\u2019emploi de ManpowerGroup publi\u00e9 ce jour, l\u2019activit\u00e9 sur le march\u00e9 de l\u2019emploi en Belgique devrait se renforcer au cours du prochain trimestre. En effet, sur les 510 employeurs sond\u00e9s en juillet par ManpowerGroup, 45% pr\u00e9voient d\u2019augmenter [&hellip;]\" \/>\n<meta property=\"og:url\" content=\"https:\/\/peoplesphere.be\/fr\/des-employeurs-plutot-optimistes-pour-cette-fin-dannee-le-recrutement-et-la-fidelisation-des-talents-sont-prioritaires\/\" \/>\n<meta property=\"og:site_name\" content=\"Peoplesphere\" \/>\n<meta property=\"article:publisher\" content=\"https:\/\/www.facebook.com\/peoplesphere\" \/>\n<meta property=\"article:published_time\" content=\"2023-09-12T07:12:58+00:00\" \/>\n<meta property=\"article:modified_time\" content=\"2023-09-12T14:51:24+00:00\" \/>\n<meta property=\"og:image\" content=\"https:\/\/peoplesphere.be\/fr\/wp-content\/uploads\/2023\/09\/20230912manpowerbarometre.jpg\" \/>\n\t<meta property=\"og:image:width\" content=\"1054\" \/>\n\t<meta property=\"og:image:height\" content=\"735\" \/>\n\t<meta property=\"og:image:type\" content=\"image\/jpeg\" \/>\n<meta name=\"author\" content=\"Jean-Paul Erhard\" \/>\n<meta name=\"twitter:card\" content=\"summary_large_image\" \/>\n<meta name=\"twitter:creator\" content=\"@PeoplesphereMag\" \/>\n<meta name=\"twitter:site\" content=\"@PeoplesphereMag\" \/>\n<meta name=\"twitter:label1\" content=\"\u00c9crit par\" \/>\n\t<meta name=\"twitter:data1\" content=\"Jean-Paul Erhard\" \/>\n\t<meta name=\"twitter:label2\" content=\"Dur\u00e9e de lecture estim\u00e9e\" \/>\n\t<meta name=\"twitter:data2\" content=\"5 minutes\" \/>\n<script type=\"application\/ld+json\" class=\"yoast-schema-graph\">{\"@context\":\"https:\/\/schema.org\",\"@graph\":[{\"@type\":\"Article\",\"@id\":\"https:\/\/peoplesphere.be\/fr\/des-employeurs-plutot-optimistes-pour-cette-fin-dannee-le-recrutement-et-la-fidelisation-des-talents-sont-prioritaires\/#article\",\"isPartOf\":{\"@id\":\"https:\/\/peoplesphere.be\/fr\/des-employeurs-plutot-optimistes-pour-cette-fin-dannee-le-recrutement-et-la-fidelisation-des-talents-sont-prioritaires\/\"},\"author\":{\"name\":\"Jean-Paul Erhard\",\"@id\":\"https:\/\/peoplesphere.be\/fr\/#\/schema\/person\/7976225ff17988604334abb7b3536a7e\"},\"headline\":\"Des employeurs plut\u00f4t optimistes pour cette fin d&rsquo;ann\u00e9e: le recrutement et la fid\u00e9lisation des talents sont prioritaires.\",\"datePublished\":\"2023-09-12T07:12:58+00:00\",\"dateModified\":\"2023-09-12T14:51:24+00:00\",\"mainEntityOfPage\":{\"@id\":\"https:\/\/peoplesphere.be\/fr\/des-employeurs-plutot-optimistes-pour-cette-fin-dannee-le-recrutement-et-la-fidelisation-des-talents-sont-prioritaires\/\"},\"wordCount\":969,\"publisher\":{\"@id\":\"https:\/\/peoplesphere.be\/fr\/#organization\"},\"keywords\":[\"emploi\",\"fid\u00e9lisation\",\"manpowergroup\",\"recrutement\"],\"articleSection\":[\"Actualit\u00e9s\",\"Digital\"],\"inLanguage\":\"fr-FR\"},{\"@type\":\"WebPage\",\"@id\":\"https:\/\/peoplesphere.be\/fr\/des-employeurs-plutot-optimistes-pour-cette-fin-dannee-le-recrutement-et-la-fidelisation-des-talents-sont-prioritaires\/\",\"url\":\"https:\/\/peoplesphere.be\/fr\/des-employeurs-plutot-optimistes-pour-cette-fin-dannee-le-recrutement-et-la-fidelisation-des-talents-sont-prioritaires\/\",\"name\":\"Des employeurs plut\u00f4t optimistes pour cette fin d'ann\u00e9e: le recrutement et la fid\u00e9lisation des talents sont prioritaires. - Peoplesphere\",\"isPartOf\":{\"@id\":\"https:\/\/peoplesphere.be\/fr\/#website\"},\"datePublished\":\"2023-09-12T07:12:58+00:00\",\"dateModified\":\"2023-09-12T14:51:24+00:00\",\"breadcrumb\":{\"@id\":\"https:\/\/peoplesphere.be\/fr\/des-employeurs-plutot-optimistes-pour-cette-fin-dannee-le-recrutement-et-la-fidelisation-des-talents-sont-prioritaires\/#breadcrumb\"},\"inLanguage\":\"fr-FR\",\"potentialAction\":[{\"@type\":\"ReadAction\",\"target\":[\"https:\/\/peoplesphere.be\/fr\/des-employeurs-plutot-optimistes-pour-cette-fin-dannee-le-recrutement-et-la-fidelisation-des-talents-sont-prioritaires\/\"]}]},{\"@type\":\"BreadcrumbList\",\"@id\":\"https:\/\/peoplesphere.be\/fr\/des-employeurs-plutot-optimistes-pour-cette-fin-dannee-le-recrutement-et-la-fidelisation-des-talents-sont-prioritaires\/#breadcrumb\",\"itemListElement\":[{\"@type\":\"ListItem\",\"position\":1,\"name\":\"Accueil\",\"item\":\"https:\/\/peoplesphere.be\/fr\/\"},{\"@type\":\"ListItem\",\"position\":2,\"name\":\"Des employeurs plut\u00f4t optimistes pour cette fin d&rsquo;ann\u00e9e: le recrutement et la fid\u00e9lisation des talents sont prioritaires.\"}]},{\"@type\":\"WebSite\",\"@id\":\"https:\/\/peoplesphere.be\/fr\/#website\",\"url\":\"https:\/\/peoplesphere.be\/fr\/\",\"name\":\"Peoplesphere\",\"description\":\"The People Managers Magazine\",\"publisher\":{\"@id\":\"https:\/\/peoplesphere.be\/fr\/#organization\"},\"potentialAction\":[{\"@type\":\"SearchAction\",\"target\":{\"@type\":\"EntryPoint\",\"urlTemplate\":\"https:\/\/peoplesphere.be\/fr\/?s={search_term_string}\"},\"query-input\":\"required name=search_term_string\"}],\"inLanguage\":\"fr-FR\"},{\"@type\":\"Organization\",\"@id\":\"https:\/\/peoplesphere.be\/fr\/#organization\",\"name\":\"Peoplesphere Company srl\",\"url\":\"https:\/\/peoplesphere.be\/fr\/\",\"logo\":{\"@type\":\"ImageObject\",\"inLanguage\":\"fr-FR\",\"@id\":\"https:\/\/peoplesphere.be\/fr\/#\/schema\/logo\/image\/\",\"url\":\"https:\/\/peoplesphere.be\/fr\/wp-content\/uploads\/2023\/07\/peoplesphere-lgo-new-generik.jpg\",\"contentUrl\":\"https:\/\/peoplesphere.be\/fr\/wp-content\/uploads\/2023\/07\/peoplesphere-lgo-new-generik.jpg\",\"width\":1031,\"height\":1479,\"caption\":\"Peoplesphere Company srl\"},\"image\":{\"@id\":\"https:\/\/peoplesphere.be\/fr\/#\/schema\/logo\/image\/\"},\"sameAs\":[\"https:\/\/www.facebook.com\/peoplesphere\",\"https:\/\/twitter.com\/PeoplesphereMag\",\"https:\/\/www.linkedin.com\/company\/7587361?trk\",\"http:\/\/youtube.com\/peoplesphere\"]},{\"@type\":\"Person\",\"@id\":\"https:\/\/peoplesphere.be\/fr\/#\/schema\/person\/7976225ff17988604334abb7b3536a7e\",\"name\":\"Jean-Paul Erhard\",\"image\":{\"@type\":\"ImageObject\",\"inLanguage\":\"fr-FR\",\"@id\":\"https:\/\/peoplesphere.be\/fr\/#\/schema\/person\/image\/\",\"url\":\"https:\/\/secure.gravatar.com\/avatar\/f941e681460179738071629a51574930?s=96&d=mm&r=g\",\"contentUrl\":\"https:\/\/secure.gravatar.com\/avatar\/f941e681460179738071629a51574930?s=96&d=mm&r=g\",\"caption\":\"Jean-Paul Erhard\"},\"url\":\"https:\/\/peoplesphere.be\/fr\/author\/jpe\/\"}]}<\/script>\n<!-- \/ Yoast SEO plugin. -->","yoast_head_json":{"title":"Des employeurs plut\u00f4t optimistes pour cette fin d'ann\u00e9e: le recrutement et la fid\u00e9lisation des talents sont prioritaires. - Peoplesphere","robots":{"index":"index","follow":"follow","max-snippet":"max-snippet:-1","max-image-preview":"max-image-preview:large","max-video-preview":"max-video-preview:-1"},"canonical":"https:\/\/peoplesphere.be\/fr\/des-employeurs-plutot-optimistes-pour-cette-fin-dannee-le-recrutement-et-la-fidelisation-des-talents-sont-prioritaires\/","og_locale":"fr_FR","og_type":"article","og_title":"Des employeurs plut\u00f4t optimistes pour cette fin d'ann\u00e9e: le recrutement et la fid\u00e9lisation des talents sont prioritaires. - Peoplesphere","og_description":"Selon le Barom\u00e8tre de l\u2019emploi de ManpowerGroup publi\u00e9 ce jour, l\u2019activit\u00e9 sur le march\u00e9 de l\u2019emploi en Belgique devrait se renforcer au cours du prochain trimestre. En effet, sur les 510 employeurs sond\u00e9s en juillet par ManpowerGroup, 45% pr\u00e9voient d\u2019augmenter [&hellip;]","og_url":"https:\/\/peoplesphere.be\/fr\/des-employeurs-plutot-optimistes-pour-cette-fin-dannee-le-recrutement-et-la-fidelisation-des-talents-sont-prioritaires\/","og_site_name":"Peoplesphere","article_publisher":"https:\/\/www.facebook.com\/peoplesphere","article_published_time":"2023-09-12T07:12:58+00:00","article_modified_time":"2023-09-12T14:51:24+00:00","og_image":[{"width":1054,"height":735,"url":"https:\/\/peoplesphere.be\/fr\/wp-content\/uploads\/2023\/09\/20230912manpowerbarometre.jpg","type":"image\/jpeg"}],"author":"Jean-Paul Erhard","twitter_card":"summary_large_image","twitter_creator":"@PeoplesphereMag","twitter_site":"@PeoplesphereMag","twitter_misc":{"\u00c9crit par":"Jean-Paul Erhard","Dur\u00e9e de lecture estim\u00e9e":"5 minutes"},"schema":{"@context":"https:\/\/schema.org","@graph":[{"@type":"Article","@id":"https:\/\/peoplesphere.be\/fr\/des-employeurs-plutot-optimistes-pour-cette-fin-dannee-le-recrutement-et-la-fidelisation-des-talents-sont-prioritaires\/#article","isPartOf":{"@id":"https:\/\/peoplesphere.be\/fr\/des-employeurs-plutot-optimistes-pour-cette-fin-dannee-le-recrutement-et-la-fidelisation-des-talents-sont-prioritaires\/"},"author":{"name":"Jean-Paul Erhard","@id":"https:\/\/peoplesphere.be\/fr\/#\/schema\/person\/7976225ff17988604334abb7b3536a7e"},"headline":"Des employeurs plut\u00f4t optimistes pour cette fin d&rsquo;ann\u00e9e: le recrutement et la fid\u00e9lisation des talents sont prioritaires.","datePublished":"2023-09-12T07:12:58+00:00","dateModified":"2023-09-12T14:51:24+00:00","mainEntityOfPage":{"@id":"https:\/\/peoplesphere.be\/fr\/des-employeurs-plutot-optimistes-pour-cette-fin-dannee-le-recrutement-et-la-fidelisation-des-talents-sont-prioritaires\/"},"wordCount":969,"publisher":{"@id":"https:\/\/peoplesphere.be\/fr\/#organization"},"keywords":["emploi","fid\u00e9lisation","manpowergroup","recrutement"],"articleSection":["Actualit\u00e9s","Digital"],"inLanguage":"fr-FR"},{"@type":"WebPage","@id":"https:\/\/peoplesphere.be\/fr\/des-employeurs-plutot-optimistes-pour-cette-fin-dannee-le-recrutement-et-la-fidelisation-des-talents-sont-prioritaires\/","url":"https:\/\/peoplesphere.be\/fr\/des-employeurs-plutot-optimistes-pour-cette-fin-dannee-le-recrutement-et-la-fidelisation-des-talents-sont-prioritaires\/","name":"Des employeurs plut\u00f4t optimistes pour cette fin d'ann\u00e9e: le recrutement et la fid\u00e9lisation des talents sont prioritaires. - Peoplesphere","isPartOf":{"@id":"https:\/\/peoplesphere.be\/fr\/#website"},"datePublished":"2023-09-12T07:12:58+00:00","dateModified":"2023-09-12T14:51:24+00:00","breadcrumb":{"@id":"https:\/\/peoplesphere.be\/fr\/des-employeurs-plutot-optimistes-pour-cette-fin-dannee-le-recrutement-et-la-fidelisation-des-talents-sont-prioritaires\/#breadcrumb"},"inLanguage":"fr-FR","potentialAction":[{"@type":"ReadAction","target":["https:\/\/peoplesphere.be\/fr\/des-employeurs-plutot-optimistes-pour-cette-fin-dannee-le-recrutement-et-la-fidelisation-des-talents-sont-prioritaires\/"]}]},{"@type":"BreadcrumbList","@id":"https:\/\/peoplesphere.be\/fr\/des-employeurs-plutot-optimistes-pour-cette-fin-dannee-le-recrutement-et-la-fidelisation-des-talents-sont-prioritaires\/#breadcrumb","itemListElement":[{"@type":"ListItem","position":1,"name":"Accueil","item":"https:\/\/peoplesphere.be\/fr\/"},{"@type":"ListItem","position":2,"name":"Des employeurs plut\u00f4t optimistes pour cette fin d&rsquo;ann\u00e9e: le recrutement et la fid\u00e9lisation des talents sont prioritaires."}]},{"@type":"WebSite","@id":"https:\/\/peoplesphere.be\/fr\/#website","url":"https:\/\/peoplesphere.be\/fr\/","name":"Peoplesphere","description":"The People Managers Magazine","publisher":{"@id":"https:\/\/peoplesphere.be\/fr\/#organization"},"potentialAction":[{"@type":"SearchAction","target":{"@type":"EntryPoint","urlTemplate":"https:\/\/peoplesphere.be\/fr\/?s={search_term_string}"},"query-input":"required name=search_term_string"}],"inLanguage":"fr-FR"},{"@type":"Organization","@id":"https:\/\/peoplesphere.be\/fr\/#organization","name":"Peoplesphere Company srl","url":"https:\/\/peoplesphere.be\/fr\/","logo":{"@type":"ImageObject","inLanguage":"fr-FR","@id":"https:\/\/peoplesphere.be\/fr\/#\/schema\/logo\/image\/","url":"https:\/\/peoplesphere.be\/fr\/wp-content\/uploads\/2023\/07\/peoplesphere-lgo-new-generik.jpg","contentUrl":"https:\/\/peoplesphere.be\/fr\/wp-content\/uploads\/2023\/07\/peoplesphere-lgo-new-generik.jpg","width":1031,"height":1479,"caption":"Peoplesphere Company srl"},"image":{"@id":"https:\/\/peoplesphere.be\/fr\/#\/schema\/logo\/image\/"},"sameAs":["https:\/\/www.facebook.com\/peoplesphere","https:\/\/twitter.com\/PeoplesphereMag","https:\/\/www.linkedin.com\/company\/7587361?trk","http:\/\/youtube.com\/peoplesphere"]},{"@type":"Person","@id":"https:\/\/peoplesphere.be\/fr\/#\/schema\/person\/7976225ff17988604334abb7b3536a7e","name":"Jean-Paul Erhard","image":{"@type":"ImageObject","inLanguage":"fr-FR","@id":"https:\/\/peoplesphere.be\/fr\/#\/schema\/person\/image\/","url":"https:\/\/secure.gravatar.com\/avatar\/f941e681460179738071629a51574930?s=96&d=mm&r=g","contentUrl":"https:\/\/secure.gravatar.com\/avatar\/f941e681460179738071629a51574930?s=96&d=mm&r=g","caption":"Jean-Paul Erhard"},"url":"https:\/\/peoplesphere.be\/fr\/author\/jpe\/"}]}},"_links":{"self":[{"href":"https:\/\/peoplesphere.be\/fr\/wp-json\/wp\/v2\/posts\/14941"}],"collection":[{"href":"https:\/\/peoplesphere.be\/fr\/wp-json\/wp\/v2\/posts"}],"about":[{"href":"https:\/\/peoplesphere.be\/fr\/wp-json\/wp\/v2\/types\/post"}],"author":[{"embeddable":true,"href":"https:\/\/peoplesphere.be\/fr\/wp-json\/wp\/v2\/users\/2"}],"replies":[{"embeddable":true,"href":"https:\/\/peoplesphere.be\/fr\/wp-json\/wp\/v2\/comments?post=14941"}],"version-history":[{"count":3,"href":"https:\/\/peoplesphere.be\/fr\/wp-json\/wp\/v2\/posts\/14941\/revisions"}],"predecessor-version":[{"id":14945,"href":"https:\/\/peoplesphere.be\/fr\/wp-json\/wp\/v2\/posts\/14941\/revisions\/14945"}],"wp:featuredmedia":[{"embeddable":true,"href":"https:\/\/peoplesphere.be\/fr\/wp-json\/wp\/v2\/media\/14942"}],"wp:attachment":[{"href":"https:\/\/peoplesphere.be\/fr\/wp-json\/wp\/v2\/media?parent=14941"}],"wp:term":[{"taxonomy":"category","embeddable":true,"href":"https:\/\/peoplesphere.be\/fr\/wp-json\/wp\/v2\/categories?post=14941"},{"taxonomy":"post_tag","embeddable":true,"href":"https:\/\/peoplesphere.be\/fr\/wp-json\/wp\/v2\/tags?post=14941"}],"curies":[{"name":"wp","href":"https:\/\/api.w.org\/{rel}","templated":true}]}}