









{"id":15033,"date":"2023-09-28T03:26:29","date_gmt":"2023-09-28T01:26:29","guid":{"rendered":"https:\/\/peoplesphere.be\/fr\/?p=15033"},"modified":"2023-09-28T03:31:03","modified_gmt":"2023-09-28T01:31:03","slug":"editorial-que-lon-soit-pour-ou-contre-le-grand-rassemblement-le-retour-massif-au-bureau-naura-pas-lieu","status":"publish","type":"post","link":"https:\/\/peoplesphere.be\/fr\/editorial-que-lon-soit-pour-ou-contre-le-grand-rassemblement-le-retour-massif-au-bureau-naura-pas-lieu\/","title":{"rendered":"Editorial &#8211; Que l\u2019on soit pour ou contre le grand rassemblement, le retour massif au bureau n\u2019aura pas lieu."},"content":{"rendered":"<p>Les g\u00e9ants technologiques US viennent de sonner le grand rassemblement: ils font revenir leurs employ\u00e9s au bureau. Ce ne sont ni les seuls, ni les premiers mais nous les regardons souvent comme une source d\u2019inspiration d\u00e9finitive. M\u00eame si ce mouvement de retour est ironique dans la mesure o\u00f9 ces acteurs \u00e9conomiques majeurs ont grandement contribu\u00e9 \u00e0 l\u2019intensification du travail \u00e0 distance, il repose sur une analyse de besoins non rencontr\u00e9s dans nos entreprises. Il annonce aussi de nouveaux d\u00e9fis RH que nous ne pourrons pas prendre \u00e0 la l\u00e9g\u00e8re. Comme chaque semaine, on essaye donc de comprendre et surtout de voir comment on aborde la question au cours des prochains mois.<!--more--><\/p>\n<p>Cette envie d\u2019op\u00e9rer un retour en arri\u00e8re correspond \u00e0 trois nostalgies&#8230; Trois profondes envies de retrouver quelque chose que nous pensons avoir perdu (alors que nous ne les avons peut-\u00eatre m\u00eame jamais poss\u00e9d\u00e9es vraiment !). Faut-il pour autant essayer de les imposer \u00e0 nos collaborateurs? Certainement pas.<\/p>\n<p><strong><em>Nostalgie n\u00b01: le retour du contr\u00f4le<\/em><\/strong><\/p>\n<p>Il n\u2019y a rien \u00e0 faire\u2026 Pour certains managers, cela reste intol\u00e9rable d\u2019imaginer que telle collaboratrice puisse aller \u00e0 la piscine et manger un bout sur le pouce avec une copine alors qu\u2019elle est en t\u00e9l\u00e9travail\u2026 Et pourtant, qu\u2019est-ce que cela change \u00e0 la qualit\u00e9 et\/ou au volume du travail r\u00e9alis\u00e9 en fin de journ\u00e9e? Nada.<br \/>\nMieux g\u00e9rer les talents en les ayant sous les yeux, cela reste un r\u00e9flexe simple, et plut\u00f4t naturel. Nos entreprises tournent gr\u00e2ce \u00e0 des indicateurs. Et malgr\u00e9 la puissance des outils dont nous disposons, mesurer le travail s\u2019av\u00e8re compliqu\u00e9 lorsque nous ne sommes pas au courant de l\u2019activit\u00e9 concr\u00e8te de celles et ceux qui font tourner la boutique. Evidemment, ce n\u2019est pas la distance qui nous emp\u00eache de savoir ce qui se passe au quotidien\u2026 La difficult\u00e9 de ma\u00eetriser l\u2019avanc\u00e9e r\u00e9elle des activit\u00e9s vient du manque de communication entre les parties. Le retour au pr\u00e9sentiel permet de \u2018voir\u2019 et d\u2019entendre, sans effort, comment l\u2019\u00e9nergie et les talents de nos coll\u00e8gues se d\u00e9ploient.<\/p>\n<p>Probl\u00e8me cependant: il n\u2019y a pas de valeur ajout\u00e9e pour les travailleurs dans ce retour du contr\u00f4le. Celles et ceux qui \u00e9voluent dans la transparence et l\u2019honn\u00eatet\u00e9 y voient un manque de confiance terrible. Les autres qui tendent \u00e0 \u2018abuser\u2019 du syst\u00e8me (une notion tr\u00e8s relative bien s\u00fbr) perdent un avantage acquis. Seuls les collaborateurs en d\u00e9ficit d\u2019encadrement peuvent y trouver un int\u00e9r\u00eat. Sont-ils suffisamment nombreux pour susciter un retour massif vers nos bureaux cossus? Non.<\/p>\n<p><strong><em>Nostalgie n\u00b02: le retour de la performance collective<\/em><\/strong><\/p>\n<p>Soyons de bon compte: le travail \u00e0 distance a permis d\u2019am\u00e9liorer globalement le niveau de performance individuelle. Meilleure concentration, stress r\u00e9duit puisque lib\u00e9r\u00e9 des contraintes de mobilit\u00e9 entre autres, disponibilit\u00e9 \u00e9tal\u00e9e dans le temps: les avantages sont nombreux. Le tableau serait idyllique s\u2019il n\u2019\u00e9tait obscurci par une autre mont\u00e9e en puissance, \u00e0 savoir celle de l\u2019\u00e9go\u00efsme forcen\u00e9 de nos collaborateurs. L\u2019expression \u2018Me Myself and I\u2019 n\u2019a jamais \u00e9t\u00e9 aussi pertinente.<\/p>\n<p>Cela semble aller de soi: au fur et \u00e0 mesure que les int\u00e9r\u00eats individuels prennent le pas, la contribution aux objectifs communs passe au second plan. Aujourd\u2019hui, l\u2019efficience collective de nos entreprises est mise \u00e0 mal. Ce que nous ressentons au quotidien, c\u2019est un manque de fluidit\u00e9 dans les \u00e9changes ainsi que le ralentissement des interactions n\u00e9cessaires pour garantir l\u2019alignement\u2026 Nous sommes frapp\u00e9s chaque jour par la difficult\u00e9 d\u2019organiser des efforts simultan\u00e9s. Ces moments o\u00f9 l\u2019\u00e9quipe en place se mobilise et r\u00e9alise des progr\u00e8s visibles gr\u00e2ce \u00e0 l\u2019entraide imm\u00e9diate sont devenus rares.<\/p>\n<p>Il devient urgent d\u2019organiser la performance collective malgr\u00e9 l\u2019\u00e9loignement et la d\u00e9synchronisation des \u00e9quipes. Voil\u00e0 une bonne raison de revenir au bureau. Mais dans un \u2018combat\u2019 entre la performance collective et les am\u00e9nagements de confort individuel, ce sont ces derniers qui l\u2019emportent quoi que l\u2019on en dise. Le mod\u00e8le durable d\u2019\u00e9quipe dispers\u00e9e et efficiente \u00e0 la fois reste donc \u00e0 inventer.<\/p>\n<p><strong><em>Nostalgie n\u00b03 : le retour de la convivialit\u00e9 (et de la solidarit\u00e9)<\/em><\/strong><\/p>\n<p>Enfin, reconnaissons que malgr\u00e9 nos rappels insistants, la dimension sociale du travail reste largement sous estim\u00e9e. Se lever le matin pour relever des challenges passionnants, \u00e7a se con\u00e7oit dans un environnement de travail stimulant\u2026 Prendre la route pour partager quelques heures avec des personnes que l\u2019on appr\u00e9cie (et d\u2019autres que l\u2019on ex\u00e8cre), c\u2019est n\u00e9cessaire. Dans le volont\u00e9 de maintenir une pr\u00e9sence physique minimale au bureau, il y a une intuition forte qui consiste \u00e0 prot\u00e9ger le corps social que repr\u00e9sente des travailleurs pr\u00e9sents ensemble, ici et maintenant, pour vivre des moments uniques. L\u2019exp\u00e9rience conviviale est un des fondements de notre rapport au travail.<\/p>\n<p>Ensuite, la performance collective que nous \u00e9voquions \u00e0 l&rsquo;instant n\u2019est ni le fruit du hasard, ni celui d\u2019une alchimie magique et inexplicable. C\u2019est le fruit du travail, de la recherche des synergies, de la r\u00e9p\u00e9tition des efforts\u2026 Il s\u2019agit de construire une \u00e9quipe en d\u00e9veloppant un v\u00e9cu commun. Se retrouver r\u00e9guli\u00e8rement pour y arriver est l\u00e0 aussi n\u00e9cessaire. Mieux encore, c\u2019est un facteur d\u2019acc\u00e9l\u00e9ration certain. Il serait idiot de s\u2019en priver\u2026 sans en abuser.<\/p>\n<p>Nos sch\u00e9mas de pens\u00e9e aiment les oppositions. Les choix dichotomiques nous simplifient la vie mais ils ne sont pas forc\u00e9ment adapt\u00e9s \u00e0 notre r\u00e9alit\u00e9. La pr\u00e9sence physique dans nos environnements de travail ne peut plus se g\u00e9rer par une approche de type noir ou blanc. Les g\u00e9ants de la tech US qui veulent imposer un retour inconditionnel au bureau \u00e9taient ceux qui se pronon\u00e7aient pour un t\u00e9l\u00e9travail permanent lorsque la pand\u00e9mie se prolongeait. Un manque de nuance qui confine \u00e0 la b\u00eatise\u2026<\/p>\n<p>Individualisme et convivialit\u00e9 ne sont pas des contraires. Performance collective et d\u00e9veloppement individuel ne sont pas incompatibles. Ce sont des tendances fortes, tant\u00f4t compl\u00e9mentaires, tant\u00f4t contradictoires qui font du people management une discipline complexe, voire de temps \u00e0 autre un art raffin\u00e9 que nous adorons pratiquer.<\/p>\n<p>Jean-Paul Erhard<\/p>\n","protected":false},"excerpt":{"rendered":"<p>Les g\u00e9ants technologiques US viennent de sonner le grand rassemblement: ils font revenir leurs employ\u00e9s au bureau. Ce ne sont ni les seuls, ni les premiers mais nous les regardons souvent comme une source d\u2019inspiration d\u00e9finitive. M\u00eame si ce mouvement [&hellip;]<\/p>\n","protected":false},"author":2,"featured_media":15036,"comment_status":"closed","ping_status":"open","sticky":false,"template":"","format":"standard","meta":[],"categories":[65,62,10,2],"tags":[298,847,109,3039,219,2974],"yoast_head":"<!-- This site is optimized with the Yoast SEO plugin v21.0 - https:\/\/yoast.com\/wordpress\/plugins\/seo\/ -->\n<title>Editorial - Que l\u2019on soit pour ou contre le grand rassemblement, le retour massif au bureau n\u2019aura pas lieu. - Peoplesphere<\/title>\n<meta name=\"robots\" content=\"index, follow, max-snippet:-1, max-image-preview:large, max-video-preview:-1\" \/>\n<link rel=\"canonical\" href=\"https:\/\/peoplesphere.be\/fr\/editorial-que-lon-soit-pour-ou-contre-le-grand-rassemblement-le-retour-massif-au-bureau-naura-pas-lieu\/\" \/>\n<meta property=\"og:locale\" content=\"fr_FR\" \/>\n<meta property=\"og:type\" content=\"article\" \/>\n<meta property=\"og:title\" content=\"Editorial - Que l\u2019on soit pour ou contre le grand rassemblement, le retour massif au bureau n\u2019aura pas lieu. - Peoplesphere\" \/>\n<meta property=\"og:description\" content=\"Les g\u00e9ants technologiques US viennent de sonner le grand rassemblement: ils font revenir leurs employ\u00e9s au bureau. Ce ne sont ni les seuls, ni les premiers mais nous les regardons souvent comme une source d\u2019inspiration d\u00e9finitive. M\u00eame si ce mouvement [&hellip;]\" \/>\n<meta property=\"og:url\" content=\"https:\/\/peoplesphere.be\/fr\/editorial-que-lon-soit-pour-ou-contre-le-grand-rassemblement-le-retour-massif-au-bureau-naura-pas-lieu\/\" \/>\n<meta property=\"og:site_name\" content=\"Peoplesphere\" \/>\n<meta property=\"article:publisher\" content=\"https:\/\/www.facebook.com\/peoplesphere\" \/>\n<meta property=\"article:published_time\" content=\"2023-09-28T01:26:29+00:00\" \/>\n<meta property=\"article:modified_time\" content=\"2023-09-28T01:31:03+00:00\" \/>\n<meta property=\"og:image\" content=\"https:\/\/peoplesphere.be\/fr\/wp-content\/uploads\/2023\/09\/20230928backtoffice.jpg\" \/>\n\t<meta property=\"og:image:width\" content=\"959\" \/>\n\t<meta property=\"og:image:height\" content=\"662\" \/>\n\t<meta property=\"og:image:type\" content=\"image\/jpeg\" \/>\n<meta name=\"author\" content=\"Jean-Paul Erhard\" \/>\n<meta name=\"twitter:card\" content=\"summary_large_image\" \/>\n<meta name=\"twitter:creator\" content=\"@PeoplesphereMag\" \/>\n<meta name=\"twitter:site\" content=\"@PeoplesphereMag\" \/>\n<meta name=\"twitter:label1\" content=\"\u00c9crit par\" \/>\n\t<meta name=\"twitter:data1\" content=\"Jean-Paul Erhard\" \/>\n\t<meta name=\"twitter:label2\" content=\"Dur\u00e9e de lecture estim\u00e9e\" \/>\n\t<meta name=\"twitter:data2\" content=\"5 minutes\" \/>\n<script type=\"application\/ld+json\" class=\"yoast-schema-graph\">{\"@context\":\"https:\/\/schema.org\",\"@graph\":[{\"@type\":\"Article\",\"@id\":\"https:\/\/peoplesphere.be\/fr\/editorial-que-lon-soit-pour-ou-contre-le-grand-rassemblement-le-retour-massif-au-bureau-naura-pas-lieu\/#article\",\"isPartOf\":{\"@id\":\"https:\/\/peoplesphere.be\/fr\/editorial-que-lon-soit-pour-ou-contre-le-grand-rassemblement-le-retour-massif-au-bureau-naura-pas-lieu\/\"},\"author\":{\"name\":\"Jean-Paul Erhard\",\"@id\":\"https:\/\/peoplesphere.be\/fr\/#\/schema\/person\/7976225ff17988604334abb7b3536a7e\"},\"headline\":\"Editorial &#8211; Que l\u2019on soit pour ou contre le grand rassemblement, le retour massif au bureau n\u2019aura pas lieu.\",\"datePublished\":\"2023-09-28T01:26:29+00:00\",\"dateModified\":\"2023-09-28T01:31:03+00:00\",\"mainEntityOfPage\":{\"@id\":\"https:\/\/peoplesphere.be\/fr\/editorial-que-lon-soit-pour-ou-contre-le-grand-rassemblement-le-retour-massif-au-bureau-naura-pas-lieu\/\"},\"wordCount\":1101,\"publisher\":{\"@id\":\"https:\/\/peoplesphere.be\/fr\/#organization\"},\"keywords\":[\"contr\u00f4le\",\"convivialit\u00e9\",\"performance\",\"retour au bureau\",\"t\u00e9l\u00e9travail\",\"travail \u00e0 distance\"],\"articleSection\":[\"Actualit\u00e9s\",\"Articles\",\"Digital\",\"Magazine\"],\"inLanguage\":\"fr-FR\"},{\"@type\":\"WebPage\",\"@id\":\"https:\/\/peoplesphere.be\/fr\/editorial-que-lon-soit-pour-ou-contre-le-grand-rassemblement-le-retour-massif-au-bureau-naura-pas-lieu\/\",\"url\":\"https:\/\/peoplesphere.be\/fr\/editorial-que-lon-soit-pour-ou-contre-le-grand-rassemblement-le-retour-massif-au-bureau-naura-pas-lieu\/\",\"name\":\"Editorial - Que l\u2019on soit pour ou contre le grand rassemblement, le retour massif au bureau n\u2019aura pas lieu. - Peoplesphere\",\"isPartOf\":{\"@id\":\"https:\/\/peoplesphere.be\/fr\/#website\"},\"datePublished\":\"2023-09-28T01:26:29+00:00\",\"dateModified\":\"2023-09-28T01:31:03+00:00\",\"breadcrumb\":{\"@id\":\"https:\/\/peoplesphere.be\/fr\/editorial-que-lon-soit-pour-ou-contre-le-grand-rassemblement-le-retour-massif-au-bureau-naura-pas-lieu\/#breadcrumb\"},\"inLanguage\":\"fr-FR\",\"potentialAction\":[{\"@type\":\"ReadAction\",\"target\":[\"https:\/\/peoplesphere.be\/fr\/editorial-que-lon-soit-pour-ou-contre-le-grand-rassemblement-le-retour-massif-au-bureau-naura-pas-lieu\/\"]}]},{\"@type\":\"BreadcrumbList\",\"@id\":\"https:\/\/peoplesphere.be\/fr\/editorial-que-lon-soit-pour-ou-contre-le-grand-rassemblement-le-retour-massif-au-bureau-naura-pas-lieu\/#breadcrumb\",\"itemListElement\":[{\"@type\":\"ListItem\",\"position\":1,\"name\":\"Accueil\",\"item\":\"https:\/\/peoplesphere.be\/fr\/\"},{\"@type\":\"ListItem\",\"position\":2,\"name\":\"Editorial &#8211; Que l\u2019on soit pour ou contre le grand rassemblement, le retour massif au bureau n\u2019aura pas lieu.\"}]},{\"@type\":\"WebSite\",\"@id\":\"https:\/\/peoplesphere.be\/fr\/#website\",\"url\":\"https:\/\/peoplesphere.be\/fr\/\",\"name\":\"Peoplesphere\",\"description\":\"The People Managers Magazine\",\"publisher\":{\"@id\":\"https:\/\/peoplesphere.be\/fr\/#organization\"},\"potentialAction\":[{\"@type\":\"SearchAction\",\"target\":{\"@type\":\"EntryPoint\",\"urlTemplate\":\"https:\/\/peoplesphere.be\/fr\/?s={search_term_string}\"},\"query-input\":\"required name=search_term_string\"}],\"inLanguage\":\"fr-FR\"},{\"@type\":\"Organization\",\"@id\":\"https:\/\/peoplesphere.be\/fr\/#organization\",\"name\":\"Peoplesphere Company srl\",\"url\":\"https:\/\/peoplesphere.be\/fr\/\",\"logo\":{\"@type\":\"ImageObject\",\"inLanguage\":\"fr-FR\",\"@id\":\"https:\/\/peoplesphere.be\/fr\/#\/schema\/logo\/image\/\",\"url\":\"https:\/\/peoplesphere.be\/fr\/wp-content\/uploads\/2023\/07\/peoplesphere-lgo-new-generik.jpg\",\"contentUrl\":\"https:\/\/peoplesphere.be\/fr\/wp-content\/uploads\/2023\/07\/peoplesphere-lgo-new-generik.jpg\",\"width\":1031,\"height\":1479,\"caption\":\"Peoplesphere Company srl\"},\"image\":{\"@id\":\"https:\/\/peoplesphere.be\/fr\/#\/schema\/logo\/image\/\"},\"sameAs\":[\"https:\/\/www.facebook.com\/peoplesphere\",\"https:\/\/twitter.com\/PeoplesphereMag\",\"https:\/\/www.linkedin.com\/company\/7587361?trk\",\"http:\/\/youtube.com\/peoplesphere\"]},{\"@type\":\"Person\",\"@id\":\"https:\/\/peoplesphere.be\/fr\/#\/schema\/person\/7976225ff17988604334abb7b3536a7e\",\"name\":\"Jean-Paul Erhard\",\"image\":{\"@type\":\"ImageObject\",\"inLanguage\":\"fr-FR\",\"@id\":\"https:\/\/peoplesphere.be\/fr\/#\/schema\/person\/image\/\",\"url\":\"https:\/\/secure.gravatar.com\/avatar\/f941e681460179738071629a51574930?s=96&d=mm&r=g\",\"contentUrl\":\"https:\/\/secure.gravatar.com\/avatar\/f941e681460179738071629a51574930?s=96&d=mm&r=g\",\"caption\":\"Jean-Paul Erhard\"},\"url\":\"https:\/\/peoplesphere.be\/fr\/author\/jpe\/\"}]}<\/script>\n<!-- \/ Yoast SEO plugin. -->","yoast_head_json":{"title":"Editorial - Que l\u2019on soit pour ou contre le grand rassemblement, le retour massif au bureau n\u2019aura pas lieu. - Peoplesphere","robots":{"index":"index","follow":"follow","max-snippet":"max-snippet:-1","max-image-preview":"max-image-preview:large","max-video-preview":"max-video-preview:-1"},"canonical":"https:\/\/peoplesphere.be\/fr\/editorial-que-lon-soit-pour-ou-contre-le-grand-rassemblement-le-retour-massif-au-bureau-naura-pas-lieu\/","og_locale":"fr_FR","og_type":"article","og_title":"Editorial - Que l\u2019on soit pour ou contre le grand rassemblement, le retour massif au bureau n\u2019aura pas lieu. - Peoplesphere","og_description":"Les g\u00e9ants technologiques US viennent de sonner le grand rassemblement: ils font revenir leurs employ\u00e9s au bureau. Ce ne sont ni les seuls, ni les premiers mais nous les regardons souvent comme une source d\u2019inspiration d\u00e9finitive. M\u00eame si ce mouvement [&hellip;]","og_url":"https:\/\/peoplesphere.be\/fr\/editorial-que-lon-soit-pour-ou-contre-le-grand-rassemblement-le-retour-massif-au-bureau-naura-pas-lieu\/","og_site_name":"Peoplesphere","article_publisher":"https:\/\/www.facebook.com\/peoplesphere","article_published_time":"2023-09-28T01:26:29+00:00","article_modified_time":"2023-09-28T01:31:03+00:00","og_image":[{"width":959,"height":662,"url":"https:\/\/peoplesphere.be\/fr\/wp-content\/uploads\/2023\/09\/20230928backtoffice.jpg","type":"image\/jpeg"}],"author":"Jean-Paul Erhard","twitter_card":"summary_large_image","twitter_creator":"@PeoplesphereMag","twitter_site":"@PeoplesphereMag","twitter_misc":{"\u00c9crit par":"Jean-Paul Erhard","Dur\u00e9e de lecture estim\u00e9e":"5 minutes"},"schema":{"@context":"https:\/\/schema.org","@graph":[{"@type":"Article","@id":"https:\/\/peoplesphere.be\/fr\/editorial-que-lon-soit-pour-ou-contre-le-grand-rassemblement-le-retour-massif-au-bureau-naura-pas-lieu\/#article","isPartOf":{"@id":"https:\/\/peoplesphere.be\/fr\/editorial-que-lon-soit-pour-ou-contre-le-grand-rassemblement-le-retour-massif-au-bureau-naura-pas-lieu\/"},"author":{"name":"Jean-Paul Erhard","@id":"https:\/\/peoplesphere.be\/fr\/#\/schema\/person\/7976225ff17988604334abb7b3536a7e"},"headline":"Editorial &#8211; Que l\u2019on soit pour ou contre le grand rassemblement, le retour massif au bureau n\u2019aura pas lieu.","datePublished":"2023-09-28T01:26:29+00:00","dateModified":"2023-09-28T01:31:03+00:00","mainEntityOfPage":{"@id":"https:\/\/peoplesphere.be\/fr\/editorial-que-lon-soit-pour-ou-contre-le-grand-rassemblement-le-retour-massif-au-bureau-naura-pas-lieu\/"},"wordCount":1101,"publisher":{"@id":"https:\/\/peoplesphere.be\/fr\/#organization"},"keywords":["contr\u00f4le","convivialit\u00e9","performance","retour au bureau","t\u00e9l\u00e9travail","travail \u00e0 distance"],"articleSection":["Actualit\u00e9s","Articles","Digital","Magazine"],"inLanguage":"fr-FR"},{"@type":"WebPage","@id":"https:\/\/peoplesphere.be\/fr\/editorial-que-lon-soit-pour-ou-contre-le-grand-rassemblement-le-retour-massif-au-bureau-naura-pas-lieu\/","url":"https:\/\/peoplesphere.be\/fr\/editorial-que-lon-soit-pour-ou-contre-le-grand-rassemblement-le-retour-massif-au-bureau-naura-pas-lieu\/","name":"Editorial - Que l\u2019on soit pour ou contre le grand rassemblement, le retour massif au bureau n\u2019aura pas lieu. - Peoplesphere","isPartOf":{"@id":"https:\/\/peoplesphere.be\/fr\/#website"},"datePublished":"2023-09-28T01:26:29+00:00","dateModified":"2023-09-28T01:31:03+00:00","breadcrumb":{"@id":"https:\/\/peoplesphere.be\/fr\/editorial-que-lon-soit-pour-ou-contre-le-grand-rassemblement-le-retour-massif-au-bureau-naura-pas-lieu\/#breadcrumb"},"inLanguage":"fr-FR","potentialAction":[{"@type":"ReadAction","target":["https:\/\/peoplesphere.be\/fr\/editorial-que-lon-soit-pour-ou-contre-le-grand-rassemblement-le-retour-massif-au-bureau-naura-pas-lieu\/"]}]},{"@type":"BreadcrumbList","@id":"https:\/\/peoplesphere.be\/fr\/editorial-que-lon-soit-pour-ou-contre-le-grand-rassemblement-le-retour-massif-au-bureau-naura-pas-lieu\/#breadcrumb","itemListElement":[{"@type":"ListItem","position":1,"name":"Accueil","item":"https:\/\/peoplesphere.be\/fr\/"},{"@type":"ListItem","position":2,"name":"Editorial &#8211; Que l\u2019on soit pour ou contre le grand rassemblement, le retour massif au bureau n\u2019aura pas lieu."}]},{"@type":"WebSite","@id":"https:\/\/peoplesphere.be\/fr\/#website","url":"https:\/\/peoplesphere.be\/fr\/","name":"Peoplesphere","description":"The People Managers Magazine","publisher":{"@id":"https:\/\/peoplesphere.be\/fr\/#organization"},"potentialAction":[{"@type":"SearchAction","target":{"@type":"EntryPoint","urlTemplate":"https:\/\/peoplesphere.be\/fr\/?s={search_term_string}"},"query-input":"required name=search_term_string"}],"inLanguage":"fr-FR"},{"@type":"Organization","@id":"https:\/\/peoplesphere.be\/fr\/#organization","name":"Peoplesphere Company srl","url":"https:\/\/peoplesphere.be\/fr\/","logo":{"@type":"ImageObject","inLanguage":"fr-FR","@id":"https:\/\/peoplesphere.be\/fr\/#\/schema\/logo\/image\/","url":"https:\/\/peoplesphere.be\/fr\/wp-content\/uploads\/2023\/07\/peoplesphere-lgo-new-generik.jpg","contentUrl":"https:\/\/peoplesphere.be\/fr\/wp-content\/uploads\/2023\/07\/peoplesphere-lgo-new-generik.jpg","width":1031,"height":1479,"caption":"Peoplesphere Company srl"},"image":{"@id":"https:\/\/peoplesphere.be\/fr\/#\/schema\/logo\/image\/"},"sameAs":["https:\/\/www.facebook.com\/peoplesphere","https:\/\/twitter.com\/PeoplesphereMag","https:\/\/www.linkedin.com\/company\/7587361?trk","http:\/\/youtube.com\/peoplesphere"]},{"@type":"Person","@id":"https:\/\/peoplesphere.be\/fr\/#\/schema\/person\/7976225ff17988604334abb7b3536a7e","name":"Jean-Paul Erhard","image":{"@type":"ImageObject","inLanguage":"fr-FR","@id":"https:\/\/peoplesphere.be\/fr\/#\/schema\/person\/image\/","url":"https:\/\/secure.gravatar.com\/avatar\/f941e681460179738071629a51574930?s=96&d=mm&r=g","contentUrl":"https:\/\/secure.gravatar.com\/avatar\/f941e681460179738071629a51574930?s=96&d=mm&r=g","caption":"Jean-Paul Erhard"},"url":"https:\/\/peoplesphere.be\/fr\/author\/jpe\/"}]}},"_links":{"self":[{"href":"https:\/\/peoplesphere.be\/fr\/wp-json\/wp\/v2\/posts\/15033"}],"collection":[{"href":"https:\/\/peoplesphere.be\/fr\/wp-json\/wp\/v2\/posts"}],"about":[{"href":"https:\/\/peoplesphere.be\/fr\/wp-json\/wp\/v2\/types\/post"}],"author":[{"embeddable":true,"href":"https:\/\/peoplesphere.be\/fr\/wp-json\/wp\/v2\/users\/2"}],"replies":[{"embeddable":true,"href":"https:\/\/peoplesphere.be\/fr\/wp-json\/wp\/v2\/comments?post=15033"}],"version-history":[{"count":1,"href":"https:\/\/peoplesphere.be\/fr\/wp-json\/wp\/v2\/posts\/15033\/revisions"}],"predecessor-version":[{"id":15035,"href":"https:\/\/peoplesphere.be\/fr\/wp-json\/wp\/v2\/posts\/15033\/revisions\/15035"}],"wp:featuredmedia":[{"embeddable":true,"href":"https:\/\/peoplesphere.be\/fr\/wp-json\/wp\/v2\/media\/15036"}],"wp:attachment":[{"href":"https:\/\/peoplesphere.be\/fr\/wp-json\/wp\/v2\/media?parent=15033"}],"wp:term":[{"taxonomy":"category","embeddable":true,"href":"https:\/\/peoplesphere.be\/fr\/wp-json\/wp\/v2\/categories?post=15033"},{"taxonomy":"post_tag","embeddable":true,"href":"https:\/\/peoplesphere.be\/fr\/wp-json\/wp\/v2\/tags?post=15033"}],"curies":[{"name":"wp","href":"https:\/\/api.w.org\/{rel}","templated":true}]}}