









{"id":15053,"date":"2023-09-30T09:54:14","date_gmt":"2023-09-30T07:54:14","guid":{"rendered":"https:\/\/peoplesphere.be\/fr\/?p=15053"},"modified":"2023-10-02T09:59:34","modified_gmt":"2023-10-02T07:59:34","slug":"formation-et-developpement-personnel-nos-collaborateurs-optent-pour-les-solutions-pratiques-et-se-tournent-vers-le-numerique","status":"publish","type":"post","link":"https:\/\/peoplesphere.be\/fr\/formation-et-developpement-personnel-nos-collaborateurs-optent-pour-les-solutions-pratiques-et-se-tournent-vers-le-numerique\/","title":{"rendered":"Formation et d\u00e9veloppement personnel: nos collaborateurs optent pour les solutions pratiques et se tournent vers le num\u00e9rique."},"content":{"rendered":"<p>Trois quarts des Belges pr\u00e9f\u00e8rent la formation pratique \u00e0 la formation th\u00e9orique sur le lieu de travail. Pour quatre Belges sur dix (38%), il peut s&rsquo;agir d&rsquo;une formation num\u00e9rique, tandis que 48 % en moyenne pr\u00e9f\u00e8rent la formation en pr\u00e9sentiel. Les avis sont partag\u00e9s et cela s&rsquo;explique en partie par l&rsquo;\u00e2ge. Les jeunes sont plus positifs \u00e0 l&rsquo;\u00e9gard de l&rsquo;apprentissage num\u00e9rique : les moins de 25 ans le pr\u00e9f\u00e8rent m\u00eame. C&rsquo;est ce qui ressort de l&rsquo;enqu\u00eate annuelle men\u00e9e par SD Worx aupr\u00e8s de 16 011 travailleurs dans 10 pays europ\u00e9ens, dont 1 000 Belges actifs. Chez KFC Belgique, les possibilit\u00e9s de croissance et d&rsquo;avancement des travailleurs sont renforc\u00e9es avec une offre de formation suppl\u00e9mentaire, de plus en plus disponible sous forme num\u00e9rique.<!--more--><\/p>\n<p><strong><em>Pr\u00e9f\u00e9rence \u00e9galement pour le \u2018learning-on-the-job\u2019 et \u00e0 son propre rythme<\/em><\/strong><\/p>\n<p>Conform\u00e9ment au score \u00e9lev\u00e9 de la formation ax\u00e9e sur la pratique, qui applique imm\u00e9diatement la th\u00e9orie dans la pratique, SD Worx identifie \u00e9galement une pr\u00e9f\u00e9rence pour le concept de \u2018learning-on-the-job\u2019 : 62% des Belges indiquent qu\u2019ils apprennent pendant leurs heures de travail (l&rsquo;apprentissage sur le lieu de travail ou l&rsquo;apprentissage par la pratique par exemple). Cette pr\u00e9f\u00e9rence s&rsquo;oppose \u00e0 l&rsquo;apprentissage loin du travail r\u00e9el (la formation loin du lieu de travail par exemple).<br \/>\nD&rsquo;autre part, 62% des Belges pr\u00e9f\u00e8rent \u00e9galement apprendre \u00e0 leur propre rythme plut\u00f4t que d&rsquo;apprendre au rythme d&rsquo;un programme d&rsquo;apprentissage pr\u00e9d\u00e9termin\u00e9.<\/p>\n<p><strong><em>L&rsquo;apprentissage num\u00e9rique est \u00e9vident pour les jeunes travailleurs<\/em><\/strong><\/p>\n<p>Chez les moins de 25 ans, les Belges sont plus nombreux \u00e0 privil\u00e9gier la formation num\u00e9rique. Chez les moins de 35 ans, ils sont au moins aussi nombreux \u00e0 \u00eatre favorables que d\u00e9favorables. Chez les plus de 55 ans, plus d&rsquo;un quart d&rsquo;entre eux sont \u00e9galement favorables \u00e0 la formation num\u00e9rique. Lorsqu&rsquo;on leur demande quel type de formation ils ont re\u00e7u l&rsquo;ann\u00e9e derni\u00e8re, 43% des Belges r\u00e9pondent avec la formation num\u00e9rique.<\/p>\n<p>Steven Rosseel, Business Unit Manager de SD Worx : \u00ab\u00a0<em>Des secteurs tels que l&rsquo;h\u00f4tellerie connaissent chaque ann\u00e9e un afflux de jeunes travailleurs. Pour garantir aux clients une exp\u00e9rience optimale, ces employeurs doivent agir rapidement pour les former \u00e0 leurs bonnes pratiques. Cette formation peut se faire en douceur via un smartphone sur le lieu de travail ou au moment le plus opportun. Elle compl\u00e8te les formes d&rsquo;apprentissage plus traditionnelles. En outre, c&rsquo;est un moyen d&rsquo;attirer et de retenir les talents en leur offrant de r\u00e9elles perspectives de carri\u00e8res.\u00a0\u00bb<\/em><\/p>\n<p><strong><em>Faire la diff\u00e9rence avec son offre de formation<\/em><\/strong><\/p>\n<p>Depuis l&rsquo;ouverture en 2019 de son premier restaurant KFC en Belgique, Benelux Food Group (BFG) se d\u00e9veloppe visiblement en tant que franchise. En novembre, l&rsquo;entreprise familiale bas\u00e9e \u00e0 Turnhout ouvrira son dixi\u00e8me point de vente en Belgique. En outre, BFG exploite huit restaurants KFC aux Pays-Bas.<br \/>\nJoren Jonckers, Responsable des Ressources Humaines, explique l&rsquo;importance de la formation : \u00ab\u00a0<em>Nous voulons faire la diff\u00e9rence en accueillant les nouveaux travailleurs (onboarding) et en leur offrant des possibilit\u00e9s de d\u00e9veloppement par le biais de la formation. Notre ambition est de pourvoir 70 % des postes de cadres vacants en interne.\u202f<\/em><em>C&rsquo;est pourquoi nous avons non seulement d\u00e9sign\u00e9 un \u00ab\u202fformateur de terrain\u202f\u00bb, mais aussi mis en place une acad\u00e9mie interne, \u00e0 laquelle toutes les \u00e9quipes de soutien, y compris les membres de l&rsquo;\u00e9quipe de direction, contribuent \u00e9galement. En peu de temps, nous avons ainsi mis au point une vingtaine de nouveaux cours de formation qui s&rsquo;adressent \u00e0 la fois aux nouveaux membres de l&rsquo;\u00e9quipe et aux directeurs de restaurant (adjoints). Le contact personnel et la formation pratique dans le restaurant restent les principaux \u00e9l\u00e9ments. Notre nouvelle plateforme d&rsquo;apprentissage avec offre num\u00e9rique est le compl\u00e9ment id\u00e9al qui nous permet de gagner en efficacit\u00e9 et de r\u00e9pondre aux besoins de nos travailleurs.\u00a0\u00bb<\/em><\/p>\n<p>\u00c0 partir de 2023, chaque travailleur \u00e0 temps plein du secteur de l\u2019Horeca, employ\u00e9 dans des organisations de 20 travailleurs ou plus, a droit \u00e0 quatre jours de formation en 2023. Ce nombre passera \u00e0 cinq jours de formation \u00e0 partir de 2024. Pour les organisations comptant entre 10 et 20 travailleurs, il s&rsquo;agira d&rsquo;un jour de formation. Ces employeurs doivent d\u00e9terminer avant le 30 septembre de chaque ann\u00e9e le nombre de jours de formation auxquels les travailleurs ont droit pour l&rsquo;ann\u00e9e en question. Cette obligation ne s&rsquo;applique pas aux employeurs de moins de 10 travailleurs. Toutefois, il est \u00e9vident qu&rsquo;il est \u00e9galement important d&rsquo;investir dans des possibilit\u00e9s de formation de qualit\u00e9 dans ces organisations.<\/p>\n<p>&nbsp;<\/p>\n<p><em>Source: SD Worx<\/em><\/p>\n","protected":false},"excerpt":{"rendered":"<p>Trois quarts des Belges pr\u00e9f\u00e8rent la formation pratique \u00e0 la formation th\u00e9orique sur le lieu de travail. Pour quatre Belges sur dix (38%), il peut s&rsquo;agir d&rsquo;une formation num\u00e9rique, tandis que 48 % en moyenne pr\u00e9f\u00e8rent la formation en pr\u00e9sentiel. [&hellip;]<\/p>\n","protected":false},"author":2,"featured_media":0,"comment_status":"closed","ping_status":"open","sticky":false,"template":"","format":"standard","meta":[],"categories":[65,10],"tags":[47,77,48,3892,574],"yoast_head":"<!-- This site is optimized with the Yoast SEO plugin v21.0 - https:\/\/yoast.com\/wordpress\/plugins\/seo\/ -->\n<title>Formation et d\u00e9veloppement personnel: nos collaborateurs optent pour les solutions pratiques et se tournent vers le num\u00e9rique. - Peoplesphere<\/title>\n<meta name=\"robots\" content=\"index, follow, max-snippet:-1, max-image-preview:large, max-video-preview:-1\" \/>\n<link rel=\"canonical\" href=\"https:\/\/peoplesphere.be\/fr\/formation-et-developpement-personnel-nos-collaborateurs-optent-pour-les-solutions-pratiques-et-se-tournent-vers-le-numerique\/\" \/>\n<meta property=\"og:locale\" content=\"fr_FR\" \/>\n<meta property=\"og:type\" content=\"article\" \/>\n<meta property=\"og:title\" content=\"Formation et d\u00e9veloppement personnel: nos collaborateurs optent pour les solutions pratiques et se tournent vers le num\u00e9rique. - Peoplesphere\" \/>\n<meta property=\"og:description\" content=\"Trois quarts des Belges pr\u00e9f\u00e8rent la formation pratique \u00e0 la formation th\u00e9orique sur le lieu de travail. Pour quatre Belges sur dix (38%), il peut s&rsquo;agir d&rsquo;une formation num\u00e9rique, tandis que 48 % en moyenne pr\u00e9f\u00e8rent la formation en pr\u00e9sentiel. [&hellip;]\" \/>\n<meta property=\"og:url\" content=\"https:\/\/peoplesphere.be\/fr\/formation-et-developpement-personnel-nos-collaborateurs-optent-pour-les-solutions-pratiques-et-se-tournent-vers-le-numerique\/\" \/>\n<meta property=\"og:site_name\" content=\"Peoplesphere\" \/>\n<meta property=\"article:publisher\" content=\"https:\/\/www.facebook.com\/peoplesphere\" \/>\n<meta property=\"article:published_time\" content=\"2023-09-30T07:54:14+00:00\" \/>\n<meta property=\"article:modified_time\" content=\"2023-10-02T07:59:34+00:00\" \/>\n<meta property=\"og:image\" content=\"http:\/\/www.peoplesphere.be\/fr\/wp-content\/uploads\/2016\/07\/facebook-default-posting-1200x628px.jpg\" \/>\n<meta name=\"author\" content=\"Jean-Paul Erhard\" \/>\n<meta name=\"twitter:card\" content=\"summary_large_image\" \/>\n<meta name=\"twitter:creator\" content=\"@PeoplesphereMag\" \/>\n<meta name=\"twitter:site\" content=\"@PeoplesphereMag\" \/>\n<meta name=\"twitter:label1\" content=\"\u00c9crit par\" \/>\n\t<meta name=\"twitter:data1\" content=\"Jean-Paul Erhard\" \/>\n\t<meta name=\"twitter:label2\" content=\"Dur\u00e9e de lecture estim\u00e9e\" \/>\n\t<meta name=\"twitter:data2\" content=\"4 minutes\" \/>\n<script type=\"application\/ld+json\" class=\"yoast-schema-graph\">{\"@context\":\"https:\/\/schema.org\",\"@graph\":[{\"@type\":\"Article\",\"@id\":\"https:\/\/peoplesphere.be\/fr\/formation-et-developpement-personnel-nos-collaborateurs-optent-pour-les-solutions-pratiques-et-se-tournent-vers-le-numerique\/#article\",\"isPartOf\":{\"@id\":\"https:\/\/peoplesphere.be\/fr\/formation-et-developpement-personnel-nos-collaborateurs-optent-pour-les-solutions-pratiques-et-se-tournent-vers-le-numerique\/\"},\"author\":{\"name\":\"Jean-Paul Erhard\",\"@id\":\"https:\/\/peoplesphere.be\/fr\/#\/schema\/person\/7976225ff17988604334abb7b3536a7e\"},\"headline\":\"Formation et d\u00e9veloppement personnel: nos collaborateurs optent pour les solutions pratiques et se tournent vers le num\u00e9rique.\",\"datePublished\":\"2023-09-30T07:54:14+00:00\",\"dateModified\":\"2023-10-02T07:59:34+00:00\",\"mainEntityOfPage\":{\"@id\":\"https:\/\/peoplesphere.be\/fr\/formation-et-developpement-personnel-nos-collaborateurs-optent-pour-les-solutions-pratiques-et-se-tournent-vers-le-numerique\/\"},\"wordCount\":774,\"publisher\":{\"@id\":\"https:\/\/peoplesphere.be\/fr\/#organization\"},\"keywords\":[\"Apprentissage\",\"digital\",\"Formation\",\"KFC\",\"num\u00e9rique\"],\"articleSection\":[\"Actualit\u00e9s\",\"Digital\"],\"inLanguage\":\"fr-FR\"},{\"@type\":\"WebPage\",\"@id\":\"https:\/\/peoplesphere.be\/fr\/formation-et-developpement-personnel-nos-collaborateurs-optent-pour-les-solutions-pratiques-et-se-tournent-vers-le-numerique\/\",\"url\":\"https:\/\/peoplesphere.be\/fr\/formation-et-developpement-personnel-nos-collaborateurs-optent-pour-les-solutions-pratiques-et-se-tournent-vers-le-numerique\/\",\"name\":\"Formation et d\u00e9veloppement personnel: nos collaborateurs optent pour les solutions pratiques et se tournent vers le num\u00e9rique. - Peoplesphere\",\"isPartOf\":{\"@id\":\"https:\/\/peoplesphere.be\/fr\/#website\"},\"datePublished\":\"2023-09-30T07:54:14+00:00\",\"dateModified\":\"2023-10-02T07:59:34+00:00\",\"breadcrumb\":{\"@id\":\"https:\/\/peoplesphere.be\/fr\/formation-et-developpement-personnel-nos-collaborateurs-optent-pour-les-solutions-pratiques-et-se-tournent-vers-le-numerique\/#breadcrumb\"},\"inLanguage\":\"fr-FR\",\"potentialAction\":[{\"@type\":\"ReadAction\",\"target\":[\"https:\/\/peoplesphere.be\/fr\/formation-et-developpement-personnel-nos-collaborateurs-optent-pour-les-solutions-pratiques-et-se-tournent-vers-le-numerique\/\"]}]},{\"@type\":\"BreadcrumbList\",\"@id\":\"https:\/\/peoplesphere.be\/fr\/formation-et-developpement-personnel-nos-collaborateurs-optent-pour-les-solutions-pratiques-et-se-tournent-vers-le-numerique\/#breadcrumb\",\"itemListElement\":[{\"@type\":\"ListItem\",\"position\":1,\"name\":\"Accueil\",\"item\":\"https:\/\/peoplesphere.be\/fr\/\"},{\"@type\":\"ListItem\",\"position\":2,\"name\":\"Formation et d\u00e9veloppement personnel: nos collaborateurs optent pour les solutions pratiques et se tournent vers le num\u00e9rique.\"}]},{\"@type\":\"WebSite\",\"@id\":\"https:\/\/peoplesphere.be\/fr\/#website\",\"url\":\"https:\/\/peoplesphere.be\/fr\/\",\"name\":\"Peoplesphere\",\"description\":\"The People Managers Magazine\",\"publisher\":{\"@id\":\"https:\/\/peoplesphere.be\/fr\/#organization\"},\"potentialAction\":[{\"@type\":\"SearchAction\",\"target\":{\"@type\":\"EntryPoint\",\"urlTemplate\":\"https:\/\/peoplesphere.be\/fr\/?s={search_term_string}\"},\"query-input\":\"required name=search_term_string\"}],\"inLanguage\":\"fr-FR\"},{\"@type\":\"Organization\",\"@id\":\"https:\/\/peoplesphere.be\/fr\/#organization\",\"name\":\"Peoplesphere Company srl\",\"url\":\"https:\/\/peoplesphere.be\/fr\/\",\"logo\":{\"@type\":\"ImageObject\",\"inLanguage\":\"fr-FR\",\"@id\":\"https:\/\/peoplesphere.be\/fr\/#\/schema\/logo\/image\/\",\"url\":\"https:\/\/peoplesphere.be\/fr\/wp-content\/uploads\/2023\/07\/peoplesphere-lgo-new-generik.jpg\",\"contentUrl\":\"https:\/\/peoplesphere.be\/fr\/wp-content\/uploads\/2023\/07\/peoplesphere-lgo-new-generik.jpg\",\"width\":1031,\"height\":1479,\"caption\":\"Peoplesphere Company srl\"},\"image\":{\"@id\":\"https:\/\/peoplesphere.be\/fr\/#\/schema\/logo\/image\/\"},\"sameAs\":[\"https:\/\/www.facebook.com\/peoplesphere\",\"https:\/\/twitter.com\/PeoplesphereMag\",\"https:\/\/www.linkedin.com\/company\/7587361?trk\",\"http:\/\/youtube.com\/peoplesphere\"]},{\"@type\":\"Person\",\"@id\":\"https:\/\/peoplesphere.be\/fr\/#\/schema\/person\/7976225ff17988604334abb7b3536a7e\",\"name\":\"Jean-Paul Erhard\",\"image\":{\"@type\":\"ImageObject\",\"inLanguage\":\"fr-FR\",\"@id\":\"https:\/\/peoplesphere.be\/fr\/#\/schema\/person\/image\/\",\"url\":\"https:\/\/secure.gravatar.com\/avatar\/f941e681460179738071629a51574930?s=96&d=mm&r=g\",\"contentUrl\":\"https:\/\/secure.gravatar.com\/avatar\/f941e681460179738071629a51574930?s=96&d=mm&r=g\",\"caption\":\"Jean-Paul Erhard\"},\"url\":\"https:\/\/peoplesphere.be\/fr\/author\/jpe\/\"}]}<\/script>\n<!-- \/ Yoast SEO plugin. -->","yoast_head_json":{"title":"Formation et d\u00e9veloppement personnel: nos collaborateurs optent pour les solutions pratiques et se tournent vers le num\u00e9rique. - Peoplesphere","robots":{"index":"index","follow":"follow","max-snippet":"max-snippet:-1","max-image-preview":"max-image-preview:large","max-video-preview":"max-video-preview:-1"},"canonical":"https:\/\/peoplesphere.be\/fr\/formation-et-developpement-personnel-nos-collaborateurs-optent-pour-les-solutions-pratiques-et-se-tournent-vers-le-numerique\/","og_locale":"fr_FR","og_type":"article","og_title":"Formation et d\u00e9veloppement personnel: nos collaborateurs optent pour les solutions pratiques et se tournent vers le num\u00e9rique. - Peoplesphere","og_description":"Trois quarts des Belges pr\u00e9f\u00e8rent la formation pratique \u00e0 la formation th\u00e9orique sur le lieu de travail. Pour quatre Belges sur dix (38%), il peut s&rsquo;agir d&rsquo;une formation num\u00e9rique, tandis que 48 % en moyenne pr\u00e9f\u00e8rent la formation en pr\u00e9sentiel. [&hellip;]","og_url":"https:\/\/peoplesphere.be\/fr\/formation-et-developpement-personnel-nos-collaborateurs-optent-pour-les-solutions-pratiques-et-se-tournent-vers-le-numerique\/","og_site_name":"Peoplesphere","article_publisher":"https:\/\/www.facebook.com\/peoplesphere","article_published_time":"2023-09-30T07:54:14+00:00","article_modified_time":"2023-10-02T07:59:34+00:00","og_image":[{"url":"http:\/\/www.peoplesphere.be\/fr\/wp-content\/uploads\/2016\/07\/facebook-default-posting-1200x628px.jpg"}],"author":"Jean-Paul Erhard","twitter_card":"summary_large_image","twitter_creator":"@PeoplesphereMag","twitter_site":"@PeoplesphereMag","twitter_misc":{"\u00c9crit par":"Jean-Paul Erhard","Dur\u00e9e de lecture estim\u00e9e":"4 minutes"},"schema":{"@context":"https:\/\/schema.org","@graph":[{"@type":"Article","@id":"https:\/\/peoplesphere.be\/fr\/formation-et-developpement-personnel-nos-collaborateurs-optent-pour-les-solutions-pratiques-et-se-tournent-vers-le-numerique\/#article","isPartOf":{"@id":"https:\/\/peoplesphere.be\/fr\/formation-et-developpement-personnel-nos-collaborateurs-optent-pour-les-solutions-pratiques-et-se-tournent-vers-le-numerique\/"},"author":{"name":"Jean-Paul Erhard","@id":"https:\/\/peoplesphere.be\/fr\/#\/schema\/person\/7976225ff17988604334abb7b3536a7e"},"headline":"Formation et d\u00e9veloppement personnel: nos collaborateurs optent pour les solutions pratiques et se tournent vers le num\u00e9rique.","datePublished":"2023-09-30T07:54:14+00:00","dateModified":"2023-10-02T07:59:34+00:00","mainEntityOfPage":{"@id":"https:\/\/peoplesphere.be\/fr\/formation-et-developpement-personnel-nos-collaborateurs-optent-pour-les-solutions-pratiques-et-se-tournent-vers-le-numerique\/"},"wordCount":774,"publisher":{"@id":"https:\/\/peoplesphere.be\/fr\/#organization"},"keywords":["Apprentissage","digital","Formation","KFC","num\u00e9rique"],"articleSection":["Actualit\u00e9s","Digital"],"inLanguage":"fr-FR"},{"@type":"WebPage","@id":"https:\/\/peoplesphere.be\/fr\/formation-et-developpement-personnel-nos-collaborateurs-optent-pour-les-solutions-pratiques-et-se-tournent-vers-le-numerique\/","url":"https:\/\/peoplesphere.be\/fr\/formation-et-developpement-personnel-nos-collaborateurs-optent-pour-les-solutions-pratiques-et-se-tournent-vers-le-numerique\/","name":"Formation et d\u00e9veloppement personnel: nos collaborateurs optent pour les solutions pratiques et se tournent vers le num\u00e9rique. - Peoplesphere","isPartOf":{"@id":"https:\/\/peoplesphere.be\/fr\/#website"},"datePublished":"2023-09-30T07:54:14+00:00","dateModified":"2023-10-02T07:59:34+00:00","breadcrumb":{"@id":"https:\/\/peoplesphere.be\/fr\/formation-et-developpement-personnel-nos-collaborateurs-optent-pour-les-solutions-pratiques-et-se-tournent-vers-le-numerique\/#breadcrumb"},"inLanguage":"fr-FR","potentialAction":[{"@type":"ReadAction","target":["https:\/\/peoplesphere.be\/fr\/formation-et-developpement-personnel-nos-collaborateurs-optent-pour-les-solutions-pratiques-et-se-tournent-vers-le-numerique\/"]}]},{"@type":"BreadcrumbList","@id":"https:\/\/peoplesphere.be\/fr\/formation-et-developpement-personnel-nos-collaborateurs-optent-pour-les-solutions-pratiques-et-se-tournent-vers-le-numerique\/#breadcrumb","itemListElement":[{"@type":"ListItem","position":1,"name":"Accueil","item":"https:\/\/peoplesphere.be\/fr\/"},{"@type":"ListItem","position":2,"name":"Formation et d\u00e9veloppement personnel: nos collaborateurs optent pour les solutions pratiques et se tournent vers le num\u00e9rique."}]},{"@type":"WebSite","@id":"https:\/\/peoplesphere.be\/fr\/#website","url":"https:\/\/peoplesphere.be\/fr\/","name":"Peoplesphere","description":"The People Managers Magazine","publisher":{"@id":"https:\/\/peoplesphere.be\/fr\/#organization"},"potentialAction":[{"@type":"SearchAction","target":{"@type":"EntryPoint","urlTemplate":"https:\/\/peoplesphere.be\/fr\/?s={search_term_string}"},"query-input":"required name=search_term_string"}],"inLanguage":"fr-FR"},{"@type":"Organization","@id":"https:\/\/peoplesphere.be\/fr\/#organization","name":"Peoplesphere Company srl","url":"https:\/\/peoplesphere.be\/fr\/","logo":{"@type":"ImageObject","inLanguage":"fr-FR","@id":"https:\/\/peoplesphere.be\/fr\/#\/schema\/logo\/image\/","url":"https:\/\/peoplesphere.be\/fr\/wp-content\/uploads\/2023\/07\/peoplesphere-lgo-new-generik.jpg","contentUrl":"https:\/\/peoplesphere.be\/fr\/wp-content\/uploads\/2023\/07\/peoplesphere-lgo-new-generik.jpg","width":1031,"height":1479,"caption":"Peoplesphere Company srl"},"image":{"@id":"https:\/\/peoplesphere.be\/fr\/#\/schema\/logo\/image\/"},"sameAs":["https:\/\/www.facebook.com\/peoplesphere","https:\/\/twitter.com\/PeoplesphereMag","https:\/\/www.linkedin.com\/company\/7587361?trk","http:\/\/youtube.com\/peoplesphere"]},{"@type":"Person","@id":"https:\/\/peoplesphere.be\/fr\/#\/schema\/person\/7976225ff17988604334abb7b3536a7e","name":"Jean-Paul Erhard","image":{"@type":"ImageObject","inLanguage":"fr-FR","@id":"https:\/\/peoplesphere.be\/fr\/#\/schema\/person\/image\/","url":"https:\/\/secure.gravatar.com\/avatar\/f941e681460179738071629a51574930?s=96&d=mm&r=g","contentUrl":"https:\/\/secure.gravatar.com\/avatar\/f941e681460179738071629a51574930?s=96&d=mm&r=g","caption":"Jean-Paul Erhard"},"url":"https:\/\/peoplesphere.be\/fr\/author\/jpe\/"}]}},"_links":{"self":[{"href":"https:\/\/peoplesphere.be\/fr\/wp-json\/wp\/v2\/posts\/15053"}],"collection":[{"href":"https:\/\/peoplesphere.be\/fr\/wp-json\/wp\/v2\/posts"}],"about":[{"href":"https:\/\/peoplesphere.be\/fr\/wp-json\/wp\/v2\/types\/post"}],"author":[{"embeddable":true,"href":"https:\/\/peoplesphere.be\/fr\/wp-json\/wp\/v2\/users\/2"}],"replies":[{"embeddable":true,"href":"https:\/\/peoplesphere.be\/fr\/wp-json\/wp\/v2\/comments?post=15053"}],"version-history":[{"count":1,"href":"https:\/\/peoplesphere.be\/fr\/wp-json\/wp\/v2\/posts\/15053\/revisions"}],"predecessor-version":[{"id":15054,"href":"https:\/\/peoplesphere.be\/fr\/wp-json\/wp\/v2\/posts\/15053\/revisions\/15054"}],"wp:attachment":[{"href":"https:\/\/peoplesphere.be\/fr\/wp-json\/wp\/v2\/media?parent=15053"}],"wp:term":[{"taxonomy":"category","embeddable":true,"href":"https:\/\/peoplesphere.be\/fr\/wp-json\/wp\/v2\/categories?post=15053"},{"taxonomy":"post_tag","embeddable":true,"href":"https:\/\/peoplesphere.be\/fr\/wp-json\/wp\/v2\/tags?post=15053"}],"curies":[{"name":"wp","href":"https:\/\/api.w.org\/{rel}","templated":true}]}}