









{"id":15068,"date":"2023-10-04T08:04:08","date_gmt":"2023-10-04T06:04:08","guid":{"rendered":"https:\/\/peoplesphere.be\/fr\/?p=15068"},"modified":"2023-10-04T08:04:08","modified_gmt":"2023-10-04T06:04:08","slug":"semaine-de-travail-prestee-sur-4-jours-1-travailleur-sur-130-concerne-par-la-mesure-actuellement","status":"publish","type":"post","link":"https:\/\/peoplesphere.be\/fr\/semaine-de-travail-prestee-sur-4-jours-1-travailleur-sur-130-concerne-par-la-mesure-actuellement\/","title":{"rendered":"Semaine de travail prest\u00e9e sur 4 jours: 1 travailleur sur 130 concern\u00e9 par la mesure actuellement."},"content":{"rendered":"<p>Gr\u00e2ce au deal pour l\u2019emploi, les travailleurs peuvent depuis la fin de l\u2019ann\u00e9e 2022 prester leur semaine de travail \u00e0 temps sur quatre jours tout en conservant leur salaire. La demande, qui doit \u00eatre introduite par le travailleur, peut \u00eatre accept\u00e9e ou refus\u00e9e par l\u2019employeur. Les chiffres de ao\u00fbt 2023 d\u2019Acerta, portant sur 40.000 employeurs occupant 390.000 travailleurs \u00e0 temps plein sous contrat \u00e0 dur\u00e9e ind\u00e9termin\u00e9e \u00e0 temps plein, r\u00e9v\u00e8lent que le nombre de travailleurs \u00e0 opter pour la semaine de quatre jours a augment\u00e9 de moiti\u00e9 (+56,5%) depuis le d\u00e9but de l\u2019ann\u00e9e.<!--more--><\/p>\n<p>Cela signifie donc qu\u2019aujourd\u2019hui, environ 1 travailleur sur 130 \u00e0 temps plein preste ses heures \u00e0 temps plein sur 4 jours au lieu de 5. Par ailleurs, cette hausse concerne davantage les employ\u00e9s. Parmi eux, 0,8 % en moyenne opte pour la semaine de quatre jours, autant que les ouvriers. En outre, 1,9 % des employeurs appliquent ce nouveau r\u00e9gime.<\/p>\n<p><strong><em>Des progr\u00e8s en particulier chez les employ\u00e9s<\/em><\/strong><\/p>\n<p>En ao\u00fbt 2023, 0,8 % des travailleurs belges du secteur priv\u00e9 sous contrat \u00e0 dur\u00e9e ind\u00e9termin\u00e9e ont travaill\u00e9 sous le r\u00e9gime de la semaine de travail de quatre jours \u00e0 temps plein. La popularit\u00e9 de ce r\u00e9gime a ainsi augment\u00e9 de 56,5 % depuis le d\u00e9but de l\u2019ann\u00e9e 2023. Aujourd\u2019hui, environ 1 travailleur \u00e0 temps plein sur 130 a recours \u00e0 ce nouveau syst\u00e8me. Cette hausse s\u2019explique principalement par le grand nombre d\u2019employ\u00e9s qui sont pass\u00e9s \u00e0 ce r\u00e9gime avec l\u2019accord de leur employeur. D\u2019ailleurs, la semaine de quatre jours est aussi \u200b populaire chez eux que chez les ouvriers : en ao\u00fbt, 0,8 % des employ\u00e9s en moyenne travaillaient sous ce nouveau r\u00e9gime, soit une hausse de plus du double (+106,5 %). Si les ouvriers ont \u00e9t\u00e9 les premiers \u00e0 appliquer ce r\u00e9gime, la croissance a \u00e9t\u00e9 plus modeste parmi eux : +9,8 %, pour atteindre 0,8 %.<\/p>\n<p>Olivier Marcq, expert juridique d\u2019Acerta Consult, explique :<em> \u00ab\u00a0La possibilit\u00e9 de prester une semaine de travail \u00e0 temps plein sur quatre jours existait d\u00e9j\u00e0, mais \u00e9tait limit\u00e9e. Le deal pour l\u2019emploi a ouvert cette possibilit\u00e9 \u00e0 tous les secteurs. Comme pour toutes les nouveaut\u00e9s, il fallait s\u2019attendre \u00e0 ce que la semaine de travail \u00e0 temps plein de quatre jours prenne un certain temps pour se g\u00e9n\u00e9raliser. En effet, les employeurs et les travailleurs ont d\u2019abord d\u00fb se familiariser avec l\u2019id\u00e9e et ses avantages potentiels. Le fait que ce r\u00e9gime ait \u00e9t\u00e9 appliqu\u00e9 plus rapidement chez les ouvriers que chez les employ\u00e9s peut s\u2019expliquer par le fait que la version limit\u00e9e qui pr\u00e9c\u00e9dait le deal pour l\u2019emploi se concentrait principalement sur les ouvriers.\u00a0\u00bb<\/em><\/p>\n<p><strong><em>1,9 % des employeurs adh\u00e8rent \u00e0 la semaine de travail de quatre jours \u00e0 temps plein, en particulier les grandes entreprises<\/em><\/strong><\/p>\n<p>Il est normal que les employeurs veuillent d\u2019abord d\u00e9terminer si la semaine de travail de quatre jours \u00e0 temps plein est faisable et int\u00e9ressante pour eux. Jusqu\u2019\u00e0 aujourd\u2019hui, 1 employeur sur 50 applique ce syst\u00e8me, puisque 1,9 % d\u2019entre eux occupent des travailleurs (contrats \u00e0 temps plein \u00e0 dur\u00e9e ind\u00e9termin\u00e9e) qui prestent leur temps plein sur quatre jours. Ce r\u00e9gime est plus courant dans les grandes entreprises.<\/p>\n<p>Olivier Marcq poursuit : \u00ab\u00a0<em>Il est logique que le r\u00e9gime soit surtout adopt\u00e9 par les grandes entreprises, car il peut s\u2019av\u00e9rer plus facile pour elles d\u2019assurer la continuit\u00e9. Le fait qu\u2019elles soient mieux par\u00e9es pour g\u00e9rer ce r\u00e9gime sur le plan administratif peut \u00e9galement jouer un r\u00f4le. En effet, l\u2019adoption de la semaine de travail \u00e0 temps plein de quatre jours n\u2019est valable que pour six mois \u00e0 chaque fois, et peut \u00e9ventuellement \u00eatre renouvel\u00e9e par la suite.\u00a0\u00bb<\/em><\/p>\n<p>&nbsp;<\/p>\n<p><em>Source: Acerta &#8211; les pourcentages se basent sur les donn\u00e9es r\u00e9elles des travailleurs \u00e0 temps plein faisant partie d\u2019un ensemble de 390.000 travailleurs \u00e0 temps plein occup\u00e9s aupr\u00e8s de plus de 40.000 employeurs du secteur priv\u00e9 auquel appartiennent aussi bien des PME que des grandes entreprises. \u200b <\/em><\/p>\n","protected":false},"excerpt":{"rendered":"<p>Gr\u00e2ce au deal pour l\u2019emploi, les travailleurs peuvent depuis la fin de l\u2019ann\u00e9e 2022 prester leur semaine de travail \u00e0 temps sur quatre jours tout en conservant leur salaire. La demande, qui doit \u00eatre introduite par le travailleur, peut \u00eatre [&hellip;]<\/p>\n","protected":false},"author":2,"featured_media":0,"comment_status":"closed","ping_status":"open","sticky":false,"template":"","format":"standard","meta":[],"categories":[65,10],"tags":[21,3257,179,901],"yoast_head":"<!-- This site is optimized with the Yoast SEO plugin v21.0 - https:\/\/yoast.com\/wordpress\/plugins\/seo\/ -->\n<title>Semaine de travail prest\u00e9e sur 4 jours: 1 travailleur sur 130 concern\u00e9 par la mesure actuellement. - Peoplesphere<\/title>\n<meta name=\"robots\" content=\"index, follow, max-snippet:-1, max-image-preview:large, max-video-preview:-1\" \/>\n<link rel=\"canonical\" href=\"https:\/\/peoplesphere.be\/fr\/semaine-de-travail-prestee-sur-4-jours-1-travailleur-sur-130-concerne-par-la-mesure-actuellement\/\" \/>\n<meta property=\"og:locale\" content=\"fr_FR\" \/>\n<meta property=\"og:type\" content=\"article\" \/>\n<meta property=\"og:title\" content=\"Semaine de travail prest\u00e9e sur 4 jours: 1 travailleur sur 130 concern\u00e9 par la mesure actuellement. - Peoplesphere\" \/>\n<meta property=\"og:description\" content=\"Gr\u00e2ce au deal pour l\u2019emploi, les travailleurs peuvent depuis la fin de l\u2019ann\u00e9e 2022 prester leur semaine de travail \u00e0 temps sur quatre jours tout en conservant leur salaire. La demande, qui doit \u00eatre introduite par le travailleur, peut \u00eatre [&hellip;]\" \/>\n<meta property=\"og:url\" content=\"https:\/\/peoplesphere.be\/fr\/semaine-de-travail-prestee-sur-4-jours-1-travailleur-sur-130-concerne-par-la-mesure-actuellement\/\" \/>\n<meta property=\"og:site_name\" content=\"Peoplesphere\" \/>\n<meta property=\"article:publisher\" content=\"https:\/\/www.facebook.com\/peoplesphere\" \/>\n<meta property=\"article:published_time\" content=\"2023-10-04T06:04:08+00:00\" \/>\n<meta property=\"og:image\" content=\"http:\/\/www.peoplesphere.be\/fr\/wp-content\/uploads\/2016\/07\/facebook-default-posting-1200x628px.jpg\" \/>\n<meta name=\"author\" content=\"Jean-Paul Erhard\" \/>\n<meta name=\"twitter:card\" content=\"summary_large_image\" \/>\n<meta name=\"twitter:creator\" content=\"@PeoplesphereMag\" \/>\n<meta name=\"twitter:site\" content=\"@PeoplesphereMag\" \/>\n<meta name=\"twitter:label1\" content=\"\u00c9crit par\" \/>\n\t<meta name=\"twitter:data1\" content=\"Jean-Paul Erhard\" \/>\n\t<meta name=\"twitter:label2\" content=\"Dur\u00e9e de lecture estim\u00e9e\" \/>\n\t<meta name=\"twitter:data2\" content=\"4 minutes\" \/>\n<script type=\"application\/ld+json\" class=\"yoast-schema-graph\">{\"@context\":\"https:\/\/schema.org\",\"@graph\":[{\"@type\":\"Article\",\"@id\":\"https:\/\/peoplesphere.be\/fr\/semaine-de-travail-prestee-sur-4-jours-1-travailleur-sur-130-concerne-par-la-mesure-actuellement\/#article\",\"isPartOf\":{\"@id\":\"https:\/\/peoplesphere.be\/fr\/semaine-de-travail-prestee-sur-4-jours-1-travailleur-sur-130-concerne-par-la-mesure-actuellement\/\"},\"author\":{\"name\":\"Jean-Paul Erhard\",\"@id\":\"https:\/\/peoplesphere.be\/fr\/#\/schema\/person\/7976225ff17988604334abb7b3536a7e\"},\"headline\":\"Semaine de travail prest\u00e9e sur 4 jours: 1 travailleur sur 130 concern\u00e9 par la mesure actuellement.\",\"datePublished\":\"2023-10-04T06:04:08+00:00\",\"dateModified\":\"2023-10-04T06:04:08+00:00\",\"mainEntityOfPage\":{\"@id\":\"https:\/\/peoplesphere.be\/fr\/semaine-de-travail-prestee-sur-4-jours-1-travailleur-sur-130-concerne-par-la-mesure-actuellement\/\"},\"wordCount\":682,\"publisher\":{\"@id\":\"https:\/\/peoplesphere.be\/fr\/#organization\"},\"keywords\":[\"Organisation\",\"planning\",\"productivit\u00e9\",\"semaine de 4 jours\"],\"articleSection\":[\"Actualit\u00e9s\",\"Digital\"],\"inLanguage\":\"fr-FR\"},{\"@type\":\"WebPage\",\"@id\":\"https:\/\/peoplesphere.be\/fr\/semaine-de-travail-prestee-sur-4-jours-1-travailleur-sur-130-concerne-par-la-mesure-actuellement\/\",\"url\":\"https:\/\/peoplesphere.be\/fr\/semaine-de-travail-prestee-sur-4-jours-1-travailleur-sur-130-concerne-par-la-mesure-actuellement\/\",\"name\":\"Semaine de travail prest\u00e9e sur 4 jours: 1 travailleur sur 130 concern\u00e9 par la mesure actuellement. - Peoplesphere\",\"isPartOf\":{\"@id\":\"https:\/\/peoplesphere.be\/fr\/#website\"},\"datePublished\":\"2023-10-04T06:04:08+00:00\",\"dateModified\":\"2023-10-04T06:04:08+00:00\",\"breadcrumb\":{\"@id\":\"https:\/\/peoplesphere.be\/fr\/semaine-de-travail-prestee-sur-4-jours-1-travailleur-sur-130-concerne-par-la-mesure-actuellement\/#breadcrumb\"},\"inLanguage\":\"fr-FR\",\"potentialAction\":[{\"@type\":\"ReadAction\",\"target\":[\"https:\/\/peoplesphere.be\/fr\/semaine-de-travail-prestee-sur-4-jours-1-travailleur-sur-130-concerne-par-la-mesure-actuellement\/\"]}]},{\"@type\":\"BreadcrumbList\",\"@id\":\"https:\/\/peoplesphere.be\/fr\/semaine-de-travail-prestee-sur-4-jours-1-travailleur-sur-130-concerne-par-la-mesure-actuellement\/#breadcrumb\",\"itemListElement\":[{\"@type\":\"ListItem\",\"position\":1,\"name\":\"Accueil\",\"item\":\"https:\/\/peoplesphere.be\/fr\/\"},{\"@type\":\"ListItem\",\"position\":2,\"name\":\"Semaine de travail prest\u00e9e sur 4 jours: 1 travailleur sur 130 concern\u00e9 par la mesure actuellement.\"}]},{\"@type\":\"WebSite\",\"@id\":\"https:\/\/peoplesphere.be\/fr\/#website\",\"url\":\"https:\/\/peoplesphere.be\/fr\/\",\"name\":\"Peoplesphere\",\"description\":\"The People Managers Magazine\",\"publisher\":{\"@id\":\"https:\/\/peoplesphere.be\/fr\/#organization\"},\"potentialAction\":[{\"@type\":\"SearchAction\",\"target\":{\"@type\":\"EntryPoint\",\"urlTemplate\":\"https:\/\/peoplesphere.be\/fr\/?s={search_term_string}\"},\"query-input\":\"required name=search_term_string\"}],\"inLanguage\":\"fr-FR\"},{\"@type\":\"Organization\",\"@id\":\"https:\/\/peoplesphere.be\/fr\/#organization\",\"name\":\"Peoplesphere Company srl\",\"url\":\"https:\/\/peoplesphere.be\/fr\/\",\"logo\":{\"@type\":\"ImageObject\",\"inLanguage\":\"fr-FR\",\"@id\":\"https:\/\/peoplesphere.be\/fr\/#\/schema\/logo\/image\/\",\"url\":\"https:\/\/peoplesphere.be\/fr\/wp-content\/uploads\/2023\/07\/peoplesphere-lgo-new-generik.jpg\",\"contentUrl\":\"https:\/\/peoplesphere.be\/fr\/wp-content\/uploads\/2023\/07\/peoplesphere-lgo-new-generik.jpg\",\"width\":1031,\"height\":1479,\"caption\":\"Peoplesphere Company srl\"},\"image\":{\"@id\":\"https:\/\/peoplesphere.be\/fr\/#\/schema\/logo\/image\/\"},\"sameAs\":[\"https:\/\/www.facebook.com\/peoplesphere\",\"https:\/\/twitter.com\/PeoplesphereMag\",\"https:\/\/www.linkedin.com\/company\/7587361?trk\",\"http:\/\/youtube.com\/peoplesphere\"]},{\"@type\":\"Person\",\"@id\":\"https:\/\/peoplesphere.be\/fr\/#\/schema\/person\/7976225ff17988604334abb7b3536a7e\",\"name\":\"Jean-Paul Erhard\",\"image\":{\"@type\":\"ImageObject\",\"inLanguage\":\"fr-FR\",\"@id\":\"https:\/\/peoplesphere.be\/fr\/#\/schema\/person\/image\/\",\"url\":\"https:\/\/secure.gravatar.com\/avatar\/f941e681460179738071629a51574930?s=96&d=mm&r=g\",\"contentUrl\":\"https:\/\/secure.gravatar.com\/avatar\/f941e681460179738071629a51574930?s=96&d=mm&r=g\",\"caption\":\"Jean-Paul Erhard\"},\"url\":\"https:\/\/peoplesphere.be\/fr\/author\/jpe\/\"}]}<\/script>\n<!-- \/ Yoast SEO plugin. -->","yoast_head_json":{"title":"Semaine de travail prest\u00e9e sur 4 jours: 1 travailleur sur 130 concern\u00e9 par la mesure actuellement. - Peoplesphere","robots":{"index":"index","follow":"follow","max-snippet":"max-snippet:-1","max-image-preview":"max-image-preview:large","max-video-preview":"max-video-preview:-1"},"canonical":"https:\/\/peoplesphere.be\/fr\/semaine-de-travail-prestee-sur-4-jours-1-travailleur-sur-130-concerne-par-la-mesure-actuellement\/","og_locale":"fr_FR","og_type":"article","og_title":"Semaine de travail prest\u00e9e sur 4 jours: 1 travailleur sur 130 concern\u00e9 par la mesure actuellement. - Peoplesphere","og_description":"Gr\u00e2ce au deal pour l\u2019emploi, les travailleurs peuvent depuis la fin de l\u2019ann\u00e9e 2022 prester leur semaine de travail \u00e0 temps sur quatre jours tout en conservant leur salaire. La demande, qui doit \u00eatre introduite par le travailleur, peut \u00eatre [&hellip;]","og_url":"https:\/\/peoplesphere.be\/fr\/semaine-de-travail-prestee-sur-4-jours-1-travailleur-sur-130-concerne-par-la-mesure-actuellement\/","og_site_name":"Peoplesphere","article_publisher":"https:\/\/www.facebook.com\/peoplesphere","article_published_time":"2023-10-04T06:04:08+00:00","og_image":[{"url":"http:\/\/www.peoplesphere.be\/fr\/wp-content\/uploads\/2016\/07\/facebook-default-posting-1200x628px.jpg"}],"author":"Jean-Paul Erhard","twitter_card":"summary_large_image","twitter_creator":"@PeoplesphereMag","twitter_site":"@PeoplesphereMag","twitter_misc":{"\u00c9crit par":"Jean-Paul Erhard","Dur\u00e9e de lecture estim\u00e9e":"4 minutes"},"schema":{"@context":"https:\/\/schema.org","@graph":[{"@type":"Article","@id":"https:\/\/peoplesphere.be\/fr\/semaine-de-travail-prestee-sur-4-jours-1-travailleur-sur-130-concerne-par-la-mesure-actuellement\/#article","isPartOf":{"@id":"https:\/\/peoplesphere.be\/fr\/semaine-de-travail-prestee-sur-4-jours-1-travailleur-sur-130-concerne-par-la-mesure-actuellement\/"},"author":{"name":"Jean-Paul Erhard","@id":"https:\/\/peoplesphere.be\/fr\/#\/schema\/person\/7976225ff17988604334abb7b3536a7e"},"headline":"Semaine de travail prest\u00e9e sur 4 jours: 1 travailleur sur 130 concern\u00e9 par la mesure actuellement.","datePublished":"2023-10-04T06:04:08+00:00","dateModified":"2023-10-04T06:04:08+00:00","mainEntityOfPage":{"@id":"https:\/\/peoplesphere.be\/fr\/semaine-de-travail-prestee-sur-4-jours-1-travailleur-sur-130-concerne-par-la-mesure-actuellement\/"},"wordCount":682,"publisher":{"@id":"https:\/\/peoplesphere.be\/fr\/#organization"},"keywords":["Organisation","planning","productivit\u00e9","semaine de 4 jours"],"articleSection":["Actualit\u00e9s","Digital"],"inLanguage":"fr-FR"},{"@type":"WebPage","@id":"https:\/\/peoplesphere.be\/fr\/semaine-de-travail-prestee-sur-4-jours-1-travailleur-sur-130-concerne-par-la-mesure-actuellement\/","url":"https:\/\/peoplesphere.be\/fr\/semaine-de-travail-prestee-sur-4-jours-1-travailleur-sur-130-concerne-par-la-mesure-actuellement\/","name":"Semaine de travail prest\u00e9e sur 4 jours: 1 travailleur sur 130 concern\u00e9 par la mesure actuellement. - Peoplesphere","isPartOf":{"@id":"https:\/\/peoplesphere.be\/fr\/#website"},"datePublished":"2023-10-04T06:04:08+00:00","dateModified":"2023-10-04T06:04:08+00:00","breadcrumb":{"@id":"https:\/\/peoplesphere.be\/fr\/semaine-de-travail-prestee-sur-4-jours-1-travailleur-sur-130-concerne-par-la-mesure-actuellement\/#breadcrumb"},"inLanguage":"fr-FR","potentialAction":[{"@type":"ReadAction","target":["https:\/\/peoplesphere.be\/fr\/semaine-de-travail-prestee-sur-4-jours-1-travailleur-sur-130-concerne-par-la-mesure-actuellement\/"]}]},{"@type":"BreadcrumbList","@id":"https:\/\/peoplesphere.be\/fr\/semaine-de-travail-prestee-sur-4-jours-1-travailleur-sur-130-concerne-par-la-mesure-actuellement\/#breadcrumb","itemListElement":[{"@type":"ListItem","position":1,"name":"Accueil","item":"https:\/\/peoplesphere.be\/fr\/"},{"@type":"ListItem","position":2,"name":"Semaine de travail prest\u00e9e sur 4 jours: 1 travailleur sur 130 concern\u00e9 par la mesure actuellement."}]},{"@type":"WebSite","@id":"https:\/\/peoplesphere.be\/fr\/#website","url":"https:\/\/peoplesphere.be\/fr\/","name":"Peoplesphere","description":"The People Managers Magazine","publisher":{"@id":"https:\/\/peoplesphere.be\/fr\/#organization"},"potentialAction":[{"@type":"SearchAction","target":{"@type":"EntryPoint","urlTemplate":"https:\/\/peoplesphere.be\/fr\/?s={search_term_string}"},"query-input":"required name=search_term_string"}],"inLanguage":"fr-FR"},{"@type":"Organization","@id":"https:\/\/peoplesphere.be\/fr\/#organization","name":"Peoplesphere Company srl","url":"https:\/\/peoplesphere.be\/fr\/","logo":{"@type":"ImageObject","inLanguage":"fr-FR","@id":"https:\/\/peoplesphere.be\/fr\/#\/schema\/logo\/image\/","url":"https:\/\/peoplesphere.be\/fr\/wp-content\/uploads\/2023\/07\/peoplesphere-lgo-new-generik.jpg","contentUrl":"https:\/\/peoplesphere.be\/fr\/wp-content\/uploads\/2023\/07\/peoplesphere-lgo-new-generik.jpg","width":1031,"height":1479,"caption":"Peoplesphere Company srl"},"image":{"@id":"https:\/\/peoplesphere.be\/fr\/#\/schema\/logo\/image\/"},"sameAs":["https:\/\/www.facebook.com\/peoplesphere","https:\/\/twitter.com\/PeoplesphereMag","https:\/\/www.linkedin.com\/company\/7587361?trk","http:\/\/youtube.com\/peoplesphere"]},{"@type":"Person","@id":"https:\/\/peoplesphere.be\/fr\/#\/schema\/person\/7976225ff17988604334abb7b3536a7e","name":"Jean-Paul Erhard","image":{"@type":"ImageObject","inLanguage":"fr-FR","@id":"https:\/\/peoplesphere.be\/fr\/#\/schema\/person\/image\/","url":"https:\/\/secure.gravatar.com\/avatar\/f941e681460179738071629a51574930?s=96&d=mm&r=g","contentUrl":"https:\/\/secure.gravatar.com\/avatar\/f941e681460179738071629a51574930?s=96&d=mm&r=g","caption":"Jean-Paul Erhard"},"url":"https:\/\/peoplesphere.be\/fr\/author\/jpe\/"}]}},"_links":{"self":[{"href":"https:\/\/peoplesphere.be\/fr\/wp-json\/wp\/v2\/posts\/15068"}],"collection":[{"href":"https:\/\/peoplesphere.be\/fr\/wp-json\/wp\/v2\/posts"}],"about":[{"href":"https:\/\/peoplesphere.be\/fr\/wp-json\/wp\/v2\/types\/post"}],"author":[{"embeddable":true,"href":"https:\/\/peoplesphere.be\/fr\/wp-json\/wp\/v2\/users\/2"}],"replies":[{"embeddable":true,"href":"https:\/\/peoplesphere.be\/fr\/wp-json\/wp\/v2\/comments?post=15068"}],"version-history":[{"count":1,"href":"https:\/\/peoplesphere.be\/fr\/wp-json\/wp\/v2\/posts\/15068\/revisions"}],"predecessor-version":[{"id":15069,"href":"https:\/\/peoplesphere.be\/fr\/wp-json\/wp\/v2\/posts\/15068\/revisions\/15069"}],"wp:attachment":[{"href":"https:\/\/peoplesphere.be\/fr\/wp-json\/wp\/v2\/media?parent=15068"}],"wp:term":[{"taxonomy":"category","embeddable":true,"href":"https:\/\/peoplesphere.be\/fr\/wp-json\/wp\/v2\/categories?post=15068"},{"taxonomy":"post_tag","embeddable":true,"href":"https:\/\/peoplesphere.be\/fr\/wp-json\/wp\/v2\/tags?post=15068"}],"curies":[{"name":"wp","href":"https:\/\/api.w.org\/{rel}","templated":true}]}}