









{"id":15071,"date":"2023-10-04T14:16:03","date_gmt":"2023-10-04T12:16:03","guid":{"rendered":"https:\/\/peoplesphere.be\/fr\/?p=15071"},"modified":"2023-10-13T07:37:35","modified_gmt":"2023-10-13T05:37:35","slug":"chomage-en-region-bruxelloise-91-088-chercheurs-demploi-en-septembre-2023-soit-une-augmentation-de-34-par-rapport-a-2022","status":"publish","type":"post","link":"https:\/\/peoplesphere.be\/fr\/chomage-en-region-bruxelloise-91-088-chercheurs-demploi-en-septembre-2023-soit-une-augmentation-de-34-par-rapport-a-2022\/","title":{"rendered":"Ch\u00f4mage en R\u00e9gion bruxelloise: 91.088 chercheurs d&#8217;emploi en septembre 2023, soit une augmentation de 3,4% par rapport \u00e0 2022."},"content":{"rendered":"<p>Fin septembre, Bruxelles compte 91.088 chercheurs d\u2019emploi pour un taux de ch\u00f4mage de 15,0%. Cela signifie une augmentation de 3.002 personnes par rapport \u00e0 l\u2019ann\u00e9e pr\u00e9c\u00e9dente (+3,4%). En variation mensuelle, on constate une augmentation de 866 personnes (+1,0%). Le ch\u00f4mage des jeunes atteint quant \u00e0 lui un taux de 28,1%. Bruxelles compte 10.530 jeunes chercheurs d\u2019emploi en septembre 2023, soit 876 de plus que l\u2019an dernier (+9,1%).<!--more--><\/p>\n<p><strong><em>Le taux de ch\u00f4mage<\/em><\/strong><\/p>\n<p>Fin septembre 2023, le taux de ch\u00f4mage en R\u00e9gion bruxelloise s\u2019\u00e9tablit \u00e0 15,0% (14,4% pour les hommes et 15,7% pour les femmes). En septembre 2022, le taux de ch\u00f4mage s\u2019\u00e9tablissait \u00e0 15,3%.<br \/>\nLe taux de ch\u00f4mage est mesur\u00e9 sur la base de la population active la plus r\u00e9cente, calcul\u00e9e \u00e0 partir des donn\u00e9es de la Banque nationale et de l\u2019Enqu\u00eate sur les Forces de Travail du SPF \u00c9conomie. Le croisement de ces donn\u00e9es nous indique que la population active a, en R\u00e9gion bruxelloise, augment\u00e9 en 2022 de 4,0% par rapport \u00e0 l\u2019ann\u00e9e pr\u00e9c\u00e9dente.<\/p>\n<p><strong><em>Caract\u00e9ristiques et \u00e9volution du nombre de chercheurs d\u2019emploi<\/em><\/strong><\/p>\n<p>Fin septembre 2023, on d\u00e9nombre en R\u00e9gion de Bruxelles-Capitale 91.088 chercheurs d\u2019emploi inoccup\u00e9s (DEI), soit une augmentation par rapport \u00e0 l\u2019ann\u00e9e pr\u00e9c\u00e9dente (+3.002 personnes, +3,4%).<br \/>\nOn compte au cours du mois de septembre 12.507 entr\u00e9es dans le ch\u00f4mage (8.039 r\u00e9inscriptions et 4.468 nouvelles inscriptions) contre 11.641 sorties, soit une augmentation sur une base mensuelle du nombre de DEI de 866 personnes (+1,0%).<\/p>\n<p>On d\u00e9nombre en R\u00e9gion bruxelloise 51.075 chercheurs d\u2019emploi demandeurs d\u2019allocations (DEDA), 7.082 jeunes en stage d\u2019insertion professionnelle et 32.931 autres chercheurs d\u2019emploi inscrits librement ou obligatoirement.<\/p>\n<p>On constate une diminution de -4,0% sur une base annuelle du nombre de chercheurs d\u2019emploi indemnis\u00e9s (DEDA). On constate une augmentation annuelle du nombre de jeunes en stage d\u2019insertion professionnelle (+531 unit\u00e9s, +8,1%). Le nombre des autres chercheurs d\u2019emploi a augment\u00e9 de 16,1% sur une base annuelle.<\/p>\n<p><strong><em>Diminution du volume d\u2019offres d\u2019emploi directement re\u00e7ues par Actiris<\/em><\/strong><\/p>\n<p>Actiris a re\u00e7u 4.503 offres d\u2019emploi (OE) en septembre 2023. On observe une diminution de -45,0% du nombre d\u2019offres d\u2019emploi re\u00e7ues par rapport au mois de septembre 2022. Sans tenir compte des offres d\u2019emploi de type int\u00e9rim, le nombre d\u2019offres d\u2019emploi reste en-dessous du niveau du mois de septembre 2022 (-40,0%).<br \/>\nOn constate une diminution du nombre d\u2019offres d\u2019emploi re\u00e7ues total (y compris les OE re\u00e7ues par l\u2019interm\u00e9diaire du VDAB et Forem et des sites partenaires) de -15,8% sur une base annuelle.<\/p>\n<p>&nbsp;<\/p>\n<p><em>Source : Actiris, calculs view.brussels<\/em><\/p>\n","protected":false},"excerpt":{"rendered":"<p>Fin septembre, Bruxelles compte 91.088 chercheurs d\u2019emploi pour un taux de ch\u00f4mage de 15,0%. Cela signifie une augmentation de 3.002 personnes par rapport \u00e0 l\u2019ann\u00e9e pr\u00e9c\u00e9dente (+3,4%). En variation mensuelle, on constate une augmentation de 866 personnes (+1,0%). Le ch\u00f4mage [&hellip;]<\/p>\n","protected":false},"author":2,"featured_media":0,"comment_status":"closed","ping_status":"open","sticky":false,"template":"","format":"standard","meta":[],"categories":[65,10],"tags":[226,93,92,653,11],"yoast_head":"<!-- This site is optimized with the Yoast SEO plugin v21.0 - https:\/\/yoast.com\/wordpress\/plugins\/seo\/ -->\n<title>Ch\u00f4mage en R\u00e9gion bruxelloise: 91.088 chercheurs d&#039;emploi en septembre 2023, soit une augmentation de 3,4% par rapport \u00e0 2022. - Peoplesphere<\/title>\n<meta name=\"robots\" content=\"index, follow, max-snippet:-1, max-image-preview:large, max-video-preview:-1\" \/>\n<link rel=\"canonical\" href=\"https:\/\/peoplesphere.be\/fr\/chomage-en-region-bruxelloise-91-088-chercheurs-demploi-en-septembre-2023-soit-une-augmentation-de-34-par-rapport-a-2022\/\" \/>\n<meta property=\"og:locale\" content=\"fr_FR\" \/>\n<meta property=\"og:type\" content=\"article\" \/>\n<meta property=\"og:title\" content=\"Ch\u00f4mage en R\u00e9gion bruxelloise: 91.088 chercheurs d&#039;emploi en septembre 2023, soit une augmentation de 3,4% par rapport \u00e0 2022. - Peoplesphere\" \/>\n<meta property=\"og:description\" content=\"Fin septembre, Bruxelles compte 91.088 chercheurs d\u2019emploi pour un taux de ch\u00f4mage de 15,0%. Cela signifie une augmentation de 3.002 personnes par rapport \u00e0 l\u2019ann\u00e9e pr\u00e9c\u00e9dente (+3,4%). En variation mensuelle, on constate une augmentation de 866 personnes (+1,0%). Le ch\u00f4mage [&hellip;]\" \/>\n<meta property=\"og:url\" content=\"https:\/\/peoplesphere.be\/fr\/chomage-en-region-bruxelloise-91-088-chercheurs-demploi-en-septembre-2023-soit-une-augmentation-de-34-par-rapport-a-2022\/\" \/>\n<meta property=\"og:site_name\" content=\"Peoplesphere\" \/>\n<meta property=\"article:publisher\" content=\"https:\/\/www.facebook.com\/peoplesphere\" \/>\n<meta property=\"article:published_time\" content=\"2023-10-04T12:16:03+00:00\" \/>\n<meta property=\"article:modified_time\" content=\"2023-10-13T05:37:35+00:00\" \/>\n<meta property=\"og:image\" content=\"http:\/\/www.peoplesphere.be\/fr\/wp-content\/uploads\/2016\/07\/facebook-default-posting-1200x628px.jpg\" \/>\n<meta name=\"author\" content=\"Jean-Paul Erhard\" \/>\n<meta name=\"twitter:card\" content=\"summary_large_image\" \/>\n<meta name=\"twitter:creator\" content=\"@PeoplesphereMag\" \/>\n<meta name=\"twitter:site\" content=\"@PeoplesphereMag\" \/>\n<meta name=\"twitter:label1\" content=\"\u00c9crit par\" \/>\n\t<meta name=\"twitter:data1\" content=\"Jean-Paul Erhard\" \/>\n\t<meta name=\"twitter:label2\" content=\"Dur\u00e9e de lecture estim\u00e9e\" \/>\n\t<meta name=\"twitter:data2\" content=\"3 minutes\" \/>\n<script type=\"application\/ld+json\" class=\"yoast-schema-graph\">{\"@context\":\"https:\/\/schema.org\",\"@graph\":[{\"@type\":\"Article\",\"@id\":\"https:\/\/peoplesphere.be\/fr\/chomage-en-region-bruxelloise-91-088-chercheurs-demploi-en-septembre-2023-soit-une-augmentation-de-34-par-rapport-a-2022\/#article\",\"isPartOf\":{\"@id\":\"https:\/\/peoplesphere.be\/fr\/chomage-en-region-bruxelloise-91-088-chercheurs-demploi-en-septembre-2023-soit-une-augmentation-de-34-par-rapport-a-2022\/\"},\"author\":{\"name\":\"Jean-Paul Erhard\",\"@id\":\"https:\/\/peoplesphere.be\/fr\/#\/schema\/person\/7976225ff17988604334abb7b3536a7e\"},\"headline\":\"Ch\u00f4mage en R\u00e9gion bruxelloise: 91.088 chercheurs d&#8217;emploi en septembre 2023, soit une augmentation de 3,4% par rapport \u00e0 2022.\",\"datePublished\":\"2023-10-04T12:16:03+00:00\",\"dateModified\":\"2023-10-13T05:37:35+00:00\",\"mainEntityOfPage\":{\"@id\":\"https:\/\/peoplesphere.be\/fr\/chomage-en-region-bruxelloise-91-088-chercheurs-demploi-en-septembre-2023-soit-une-augmentation-de-34-par-rapport-a-2022\/\"},\"wordCount\":443,\"publisher\":{\"@id\":\"https:\/\/peoplesphere.be\/fr\/#organization\"},\"keywords\":[\"actiris\",\"bruxelles\",\"ch\u00f4mage\",\"demandeurs d'emploi\",\"emploi\"],\"articleSection\":[\"Actualit\u00e9s\",\"Digital\"],\"inLanguage\":\"fr-FR\"},{\"@type\":\"WebPage\",\"@id\":\"https:\/\/peoplesphere.be\/fr\/chomage-en-region-bruxelloise-91-088-chercheurs-demploi-en-septembre-2023-soit-une-augmentation-de-34-par-rapport-a-2022\/\",\"url\":\"https:\/\/peoplesphere.be\/fr\/chomage-en-region-bruxelloise-91-088-chercheurs-demploi-en-septembre-2023-soit-une-augmentation-de-34-par-rapport-a-2022\/\",\"name\":\"Ch\u00f4mage en R\u00e9gion bruxelloise: 91.088 chercheurs d'emploi en septembre 2023, soit une augmentation de 3,4% par rapport \u00e0 2022. - Peoplesphere\",\"isPartOf\":{\"@id\":\"https:\/\/peoplesphere.be\/fr\/#website\"},\"datePublished\":\"2023-10-04T12:16:03+00:00\",\"dateModified\":\"2023-10-13T05:37:35+00:00\",\"breadcrumb\":{\"@id\":\"https:\/\/peoplesphere.be\/fr\/chomage-en-region-bruxelloise-91-088-chercheurs-demploi-en-septembre-2023-soit-une-augmentation-de-34-par-rapport-a-2022\/#breadcrumb\"},\"inLanguage\":\"fr-FR\",\"potentialAction\":[{\"@type\":\"ReadAction\",\"target\":[\"https:\/\/peoplesphere.be\/fr\/chomage-en-region-bruxelloise-91-088-chercheurs-demploi-en-septembre-2023-soit-une-augmentation-de-34-par-rapport-a-2022\/\"]}]},{\"@type\":\"BreadcrumbList\",\"@id\":\"https:\/\/peoplesphere.be\/fr\/chomage-en-region-bruxelloise-91-088-chercheurs-demploi-en-septembre-2023-soit-une-augmentation-de-34-par-rapport-a-2022\/#breadcrumb\",\"itemListElement\":[{\"@type\":\"ListItem\",\"position\":1,\"name\":\"Accueil\",\"item\":\"https:\/\/peoplesphere.be\/fr\/\"},{\"@type\":\"ListItem\",\"position\":2,\"name\":\"Ch\u00f4mage en R\u00e9gion bruxelloise: 91.088 chercheurs d&#8217;emploi en septembre 2023, soit une augmentation de 3,4% par rapport \u00e0 2022.\"}]},{\"@type\":\"WebSite\",\"@id\":\"https:\/\/peoplesphere.be\/fr\/#website\",\"url\":\"https:\/\/peoplesphere.be\/fr\/\",\"name\":\"Peoplesphere\",\"description\":\"The People Managers Magazine\",\"publisher\":{\"@id\":\"https:\/\/peoplesphere.be\/fr\/#organization\"},\"potentialAction\":[{\"@type\":\"SearchAction\",\"target\":{\"@type\":\"EntryPoint\",\"urlTemplate\":\"https:\/\/peoplesphere.be\/fr\/?s={search_term_string}\"},\"query-input\":\"required name=search_term_string\"}],\"inLanguage\":\"fr-FR\"},{\"@type\":\"Organization\",\"@id\":\"https:\/\/peoplesphere.be\/fr\/#organization\",\"name\":\"Peoplesphere Company srl\",\"url\":\"https:\/\/peoplesphere.be\/fr\/\",\"logo\":{\"@type\":\"ImageObject\",\"inLanguage\":\"fr-FR\",\"@id\":\"https:\/\/peoplesphere.be\/fr\/#\/schema\/logo\/image\/\",\"url\":\"https:\/\/peoplesphere.be\/fr\/wp-content\/uploads\/2023\/07\/peoplesphere-lgo-new-generik.jpg\",\"contentUrl\":\"https:\/\/peoplesphere.be\/fr\/wp-content\/uploads\/2023\/07\/peoplesphere-lgo-new-generik.jpg\",\"width\":1031,\"height\":1479,\"caption\":\"Peoplesphere Company srl\"},\"image\":{\"@id\":\"https:\/\/peoplesphere.be\/fr\/#\/schema\/logo\/image\/\"},\"sameAs\":[\"https:\/\/www.facebook.com\/peoplesphere\",\"https:\/\/twitter.com\/PeoplesphereMag\",\"https:\/\/www.linkedin.com\/company\/7587361?trk\",\"http:\/\/youtube.com\/peoplesphere\"]},{\"@type\":\"Person\",\"@id\":\"https:\/\/peoplesphere.be\/fr\/#\/schema\/person\/7976225ff17988604334abb7b3536a7e\",\"name\":\"Jean-Paul Erhard\",\"image\":{\"@type\":\"ImageObject\",\"inLanguage\":\"fr-FR\",\"@id\":\"https:\/\/peoplesphere.be\/fr\/#\/schema\/person\/image\/\",\"url\":\"https:\/\/secure.gravatar.com\/avatar\/f941e681460179738071629a51574930?s=96&d=mm&r=g\",\"contentUrl\":\"https:\/\/secure.gravatar.com\/avatar\/f941e681460179738071629a51574930?s=96&d=mm&r=g\",\"caption\":\"Jean-Paul Erhard\"},\"url\":\"https:\/\/peoplesphere.be\/fr\/author\/jpe\/\"}]}<\/script>\n<!-- \/ Yoast SEO plugin. -->","yoast_head_json":{"title":"Ch\u00f4mage en R\u00e9gion bruxelloise: 91.088 chercheurs d'emploi en septembre 2023, soit une augmentation de 3,4% par rapport \u00e0 2022. - Peoplesphere","robots":{"index":"index","follow":"follow","max-snippet":"max-snippet:-1","max-image-preview":"max-image-preview:large","max-video-preview":"max-video-preview:-1"},"canonical":"https:\/\/peoplesphere.be\/fr\/chomage-en-region-bruxelloise-91-088-chercheurs-demploi-en-septembre-2023-soit-une-augmentation-de-34-par-rapport-a-2022\/","og_locale":"fr_FR","og_type":"article","og_title":"Ch\u00f4mage en R\u00e9gion bruxelloise: 91.088 chercheurs d'emploi en septembre 2023, soit une augmentation de 3,4% par rapport \u00e0 2022. - Peoplesphere","og_description":"Fin septembre, Bruxelles compte 91.088 chercheurs d\u2019emploi pour un taux de ch\u00f4mage de 15,0%. Cela signifie une augmentation de 3.002 personnes par rapport \u00e0 l\u2019ann\u00e9e pr\u00e9c\u00e9dente (+3,4%). En variation mensuelle, on constate une augmentation de 866 personnes (+1,0%). Le ch\u00f4mage [&hellip;]","og_url":"https:\/\/peoplesphere.be\/fr\/chomage-en-region-bruxelloise-91-088-chercheurs-demploi-en-septembre-2023-soit-une-augmentation-de-34-par-rapport-a-2022\/","og_site_name":"Peoplesphere","article_publisher":"https:\/\/www.facebook.com\/peoplesphere","article_published_time":"2023-10-04T12:16:03+00:00","article_modified_time":"2023-10-13T05:37:35+00:00","og_image":[{"url":"http:\/\/www.peoplesphere.be\/fr\/wp-content\/uploads\/2016\/07\/facebook-default-posting-1200x628px.jpg"}],"author":"Jean-Paul Erhard","twitter_card":"summary_large_image","twitter_creator":"@PeoplesphereMag","twitter_site":"@PeoplesphereMag","twitter_misc":{"\u00c9crit par":"Jean-Paul Erhard","Dur\u00e9e de lecture estim\u00e9e":"3 minutes"},"schema":{"@context":"https:\/\/schema.org","@graph":[{"@type":"Article","@id":"https:\/\/peoplesphere.be\/fr\/chomage-en-region-bruxelloise-91-088-chercheurs-demploi-en-septembre-2023-soit-une-augmentation-de-34-par-rapport-a-2022\/#article","isPartOf":{"@id":"https:\/\/peoplesphere.be\/fr\/chomage-en-region-bruxelloise-91-088-chercheurs-demploi-en-septembre-2023-soit-une-augmentation-de-34-par-rapport-a-2022\/"},"author":{"name":"Jean-Paul Erhard","@id":"https:\/\/peoplesphere.be\/fr\/#\/schema\/person\/7976225ff17988604334abb7b3536a7e"},"headline":"Ch\u00f4mage en R\u00e9gion bruxelloise: 91.088 chercheurs d&#8217;emploi en septembre 2023, soit une augmentation de 3,4% par rapport \u00e0 2022.","datePublished":"2023-10-04T12:16:03+00:00","dateModified":"2023-10-13T05:37:35+00:00","mainEntityOfPage":{"@id":"https:\/\/peoplesphere.be\/fr\/chomage-en-region-bruxelloise-91-088-chercheurs-demploi-en-septembre-2023-soit-une-augmentation-de-34-par-rapport-a-2022\/"},"wordCount":443,"publisher":{"@id":"https:\/\/peoplesphere.be\/fr\/#organization"},"keywords":["actiris","bruxelles","ch\u00f4mage","demandeurs d'emploi","emploi"],"articleSection":["Actualit\u00e9s","Digital"],"inLanguage":"fr-FR"},{"@type":"WebPage","@id":"https:\/\/peoplesphere.be\/fr\/chomage-en-region-bruxelloise-91-088-chercheurs-demploi-en-septembre-2023-soit-une-augmentation-de-34-par-rapport-a-2022\/","url":"https:\/\/peoplesphere.be\/fr\/chomage-en-region-bruxelloise-91-088-chercheurs-demploi-en-septembre-2023-soit-une-augmentation-de-34-par-rapport-a-2022\/","name":"Ch\u00f4mage en R\u00e9gion bruxelloise: 91.088 chercheurs d'emploi en septembre 2023, soit une augmentation de 3,4% par rapport \u00e0 2022. - Peoplesphere","isPartOf":{"@id":"https:\/\/peoplesphere.be\/fr\/#website"},"datePublished":"2023-10-04T12:16:03+00:00","dateModified":"2023-10-13T05:37:35+00:00","breadcrumb":{"@id":"https:\/\/peoplesphere.be\/fr\/chomage-en-region-bruxelloise-91-088-chercheurs-demploi-en-septembre-2023-soit-une-augmentation-de-34-par-rapport-a-2022\/#breadcrumb"},"inLanguage":"fr-FR","potentialAction":[{"@type":"ReadAction","target":["https:\/\/peoplesphere.be\/fr\/chomage-en-region-bruxelloise-91-088-chercheurs-demploi-en-septembre-2023-soit-une-augmentation-de-34-par-rapport-a-2022\/"]}]},{"@type":"BreadcrumbList","@id":"https:\/\/peoplesphere.be\/fr\/chomage-en-region-bruxelloise-91-088-chercheurs-demploi-en-septembre-2023-soit-une-augmentation-de-34-par-rapport-a-2022\/#breadcrumb","itemListElement":[{"@type":"ListItem","position":1,"name":"Accueil","item":"https:\/\/peoplesphere.be\/fr\/"},{"@type":"ListItem","position":2,"name":"Ch\u00f4mage en R\u00e9gion bruxelloise: 91.088 chercheurs d&#8217;emploi en septembre 2023, soit une augmentation de 3,4% par rapport \u00e0 2022."}]},{"@type":"WebSite","@id":"https:\/\/peoplesphere.be\/fr\/#website","url":"https:\/\/peoplesphere.be\/fr\/","name":"Peoplesphere","description":"The People Managers Magazine","publisher":{"@id":"https:\/\/peoplesphere.be\/fr\/#organization"},"potentialAction":[{"@type":"SearchAction","target":{"@type":"EntryPoint","urlTemplate":"https:\/\/peoplesphere.be\/fr\/?s={search_term_string}"},"query-input":"required name=search_term_string"}],"inLanguage":"fr-FR"},{"@type":"Organization","@id":"https:\/\/peoplesphere.be\/fr\/#organization","name":"Peoplesphere Company srl","url":"https:\/\/peoplesphere.be\/fr\/","logo":{"@type":"ImageObject","inLanguage":"fr-FR","@id":"https:\/\/peoplesphere.be\/fr\/#\/schema\/logo\/image\/","url":"https:\/\/peoplesphere.be\/fr\/wp-content\/uploads\/2023\/07\/peoplesphere-lgo-new-generik.jpg","contentUrl":"https:\/\/peoplesphere.be\/fr\/wp-content\/uploads\/2023\/07\/peoplesphere-lgo-new-generik.jpg","width":1031,"height":1479,"caption":"Peoplesphere Company srl"},"image":{"@id":"https:\/\/peoplesphere.be\/fr\/#\/schema\/logo\/image\/"},"sameAs":["https:\/\/www.facebook.com\/peoplesphere","https:\/\/twitter.com\/PeoplesphereMag","https:\/\/www.linkedin.com\/company\/7587361?trk","http:\/\/youtube.com\/peoplesphere"]},{"@type":"Person","@id":"https:\/\/peoplesphere.be\/fr\/#\/schema\/person\/7976225ff17988604334abb7b3536a7e","name":"Jean-Paul Erhard","image":{"@type":"ImageObject","inLanguage":"fr-FR","@id":"https:\/\/peoplesphere.be\/fr\/#\/schema\/person\/image\/","url":"https:\/\/secure.gravatar.com\/avatar\/f941e681460179738071629a51574930?s=96&d=mm&r=g","contentUrl":"https:\/\/secure.gravatar.com\/avatar\/f941e681460179738071629a51574930?s=96&d=mm&r=g","caption":"Jean-Paul Erhard"},"url":"https:\/\/peoplesphere.be\/fr\/author\/jpe\/"}]}},"_links":{"self":[{"href":"https:\/\/peoplesphere.be\/fr\/wp-json\/wp\/v2\/posts\/15071"}],"collection":[{"href":"https:\/\/peoplesphere.be\/fr\/wp-json\/wp\/v2\/posts"}],"about":[{"href":"https:\/\/peoplesphere.be\/fr\/wp-json\/wp\/v2\/types\/post"}],"author":[{"embeddable":true,"href":"https:\/\/peoplesphere.be\/fr\/wp-json\/wp\/v2\/users\/2"}],"replies":[{"embeddable":true,"href":"https:\/\/peoplesphere.be\/fr\/wp-json\/wp\/v2\/comments?post=15071"}],"version-history":[{"count":1,"href":"https:\/\/peoplesphere.be\/fr\/wp-json\/wp\/v2\/posts\/15071\/revisions"}],"predecessor-version":[{"id":15072,"href":"https:\/\/peoplesphere.be\/fr\/wp-json\/wp\/v2\/posts\/15071\/revisions\/15072"}],"wp:attachment":[{"href":"https:\/\/peoplesphere.be\/fr\/wp-json\/wp\/v2\/media?parent=15071"}],"wp:term":[{"taxonomy":"category","embeddable":true,"href":"https:\/\/peoplesphere.be\/fr\/wp-json\/wp\/v2\/categories?post=15071"},{"taxonomy":"post_tag","embeddable":true,"href":"https:\/\/peoplesphere.be\/fr\/wp-json\/wp\/v2\/tags?post=15071"}],"curies":[{"name":"wp","href":"https:\/\/api.w.org\/{rel}","templated":true}]}}