









{"id":15099,"date":"2023-10-11T11:27:32","date_gmt":"2023-10-11T09:27:32","guid":{"rendered":"https:\/\/peoplesphere.be\/fr\/?p=15099"},"modified":"2023-10-11T11:27:32","modified_gmt":"2023-10-11T09:27:32","slug":"quel-plan-daction-au-sein-de-la-fonction-publique-federale-pour-atteindre-le-quota-de-3-de-personnes-handicapees","status":"publish","type":"post","link":"https:\/\/peoplesphere.be\/fr\/quel-plan-daction-au-sein-de-la-fonction-publique-federale-pour-atteindre-le-quota-de-3-de-personnes-handicapees\/","title":{"rendered":"Quel plan d&rsquo;action au sein de la fonction publique f\u00e9d\u00e9rale pour atteindre le quota de 3% de personnes handicap\u00e9es?"},"content":{"rendered":"<p>Sur proposition de la ministre de la Fonction publique Petra De Sutter et de la ministre charg\u00e9e des Personnes handicap\u00e9es Karine Lalieux, le Conseil des ministres a pris acte de diverses mesures visant \u00e0 augmenter la participation des personnes en situation de handicap au sein des services publics f\u00e9d\u00e9raux.<!--more--><\/p>\n<p>Depuis 2009, la Commission d\u2019accompagnement pour le recrutement de personnes avec un handicap dans la fonction publique f\u00e9d\u00e9rale (CARPH) veille \u00e0 la r\u00e9alisation de l\u2019objectif de recruter 3 % de personnes handicap\u00e9es.<\/p>\n<p>Afin de parvenir \u00e0 atteindre l\u2019objectif, le Coll\u00e8ge des pr\u00e9sidents a d\u00e9velopp\u00e9 diverses actions. Il s&rsquo;agit entre autres des mesures suivantes :<\/p>\n<ul>\n<li>mise en place d\u2019une task force dans laquelle le SPF BOSA, le SPF S\u00e9curit\u00e9 sociale et la Banque-carrefour de la s\u00e9curit\u00e9 sociale seront mandat\u00e9s pour \u00e9laborer des pistes d\u2019am\u00e9lioration du suivi (semi-)automatique<\/li>\n<li>cr\u00e9ation d\u2019un centre d\u2019expertise en mati\u00e8re d\u2019emploi des personnes en situation de handicap<\/li>\n<li>\u00e9laboration de nouveaux leviers pour le recrutement de personnes en situation de handicap et promotion et mise en pratique des am\u00e9liorations des proc\u00e9dures de recrutement<\/li>\n<li>\u00e9laboration d\u2019un processus et d\u2019un plan d\u2019action concrets par organisme public f\u00e9d\u00e9ral afin d\u2019atteindre la norme de 3 %, et examen des nouveaux leviers de s\u00e9lection et actions suppl\u00e9mentaires susceptibles d\u2019\u00eatre d\u00e9ploy\u00e9s en 2023 et 2024<\/li>\n<li>d\u00e9veloppement par chaque organisme public f\u00e9d\u00e9ral d\u2019une politique RH sur mesure pour l\u2019accompagnement individuel des travailleurs en situation de handicap (reposant sur un projet pilote ou une communaut\u00e9 de pratique)<\/li>\n<li>promotion par chaque organisme public f\u00e9d\u00e9ral des am\u00e9nagements raisonnables en tant que droit pour les personnes en situation de handicap et interpr\u00e9tation la plus vaste possible de ces am\u00e9nagements raisonnables au sens large<\/li>\n<li>r\u00e9alisation d\u2019actions par chaque organisme public f\u00e9d\u00e9ral visant \u00e0 renforcer la politique en mati\u00e8re de diversit\u00e9 et engagement en faveur d\u2019une culture organisationnelle inclusive<\/li>\n<\/ul>\n<p>Les membres du gouvernement f\u00e9d\u00e9ral sont invit\u00e9s \u00e0 souligner l&rsquo;importance du quota de 3 % aupr\u00e8s des administrations f\u00e9d\u00e9rales qui rel\u00e8vent de leur comp\u00e9tence et de veiller \u00e0 ce que les diff\u00e9rents plans d&rsquo;action concernant le quota de 3 % soient soumis dans les d\u00e9lais. La ministre de la Fonction publique et la ministre charg\u00e9e des Personnes handicap\u00e9es sont mandat\u00e9es pour assurer le suivi de la mise en \u0153uvre du plan d\u2019action.<\/p>\n<p>&nbsp;<\/p>\n<p><em>Source : Cabinet de Petra De Sutter, Vice-Premi\u00e8re ministre et ministre de la Fonction publique, des Entreprises publiques, des T\u00e9l\u00e9communications et de la Poste<\/em><\/p>\n","protected":false},"excerpt":{"rendered":"<p>Sur proposition de la ministre de la Fonction publique Petra De Sutter et de la ministre charg\u00e9e des Personnes handicap\u00e9es Karine Lalieux, le Conseil des ministres a pris acte de diverses mesures visant \u00e0 augmenter la participation des personnes en [&hellip;]<\/p>\n","protected":false},"author":2,"featured_media":0,"comment_status":"closed","ping_status":"open","sticky":false,"template":"","format":"standard","meta":[],"categories":[65,10],"tags":[391,544,2329],"yoast_head":"<!-- This site is optimized with the Yoast SEO plugin v21.0 - https:\/\/yoast.com\/wordpress\/plugins\/seo\/ -->\n<title>Quel plan d&#039;action au sein de la fonction publique f\u00e9d\u00e9rale pour atteindre le quota de 3% de personnes handicap\u00e9es? - Peoplesphere<\/title>\n<meta name=\"robots\" content=\"index, follow, max-snippet:-1, max-image-preview:large, max-video-preview:-1\" \/>\n<link rel=\"canonical\" href=\"https:\/\/peoplesphere.be\/fr\/quel-plan-daction-au-sein-de-la-fonction-publique-federale-pour-atteindre-le-quota-de-3-de-personnes-handicapees\/\" \/>\n<meta property=\"og:locale\" content=\"fr_FR\" \/>\n<meta property=\"og:type\" content=\"article\" \/>\n<meta property=\"og:title\" content=\"Quel plan d&#039;action au sein de la fonction publique f\u00e9d\u00e9rale pour atteindre le quota de 3% de personnes handicap\u00e9es? - Peoplesphere\" \/>\n<meta property=\"og:description\" content=\"Sur proposition de la ministre de la Fonction publique Petra De Sutter et de la ministre charg\u00e9e des Personnes handicap\u00e9es Karine Lalieux, le Conseil des ministres a pris acte de diverses mesures visant \u00e0 augmenter la participation des personnes en [&hellip;]\" \/>\n<meta property=\"og:url\" content=\"https:\/\/peoplesphere.be\/fr\/quel-plan-daction-au-sein-de-la-fonction-publique-federale-pour-atteindre-le-quota-de-3-de-personnes-handicapees\/\" \/>\n<meta property=\"og:site_name\" content=\"Peoplesphere\" \/>\n<meta property=\"article:publisher\" content=\"https:\/\/www.facebook.com\/peoplesphere\" \/>\n<meta property=\"article:published_time\" content=\"2023-10-11T09:27:32+00:00\" \/>\n<meta property=\"og:image\" content=\"http:\/\/www.peoplesphere.be\/fr\/wp-content\/uploads\/2016\/07\/facebook-default-posting-1200x628px.jpg\" \/>\n<meta name=\"author\" content=\"Jean-Paul Erhard\" \/>\n<meta name=\"twitter:card\" content=\"summary_large_image\" \/>\n<meta name=\"twitter:creator\" content=\"@PeoplesphereMag\" \/>\n<meta name=\"twitter:site\" content=\"@PeoplesphereMag\" \/>\n<meta name=\"twitter:label1\" content=\"\u00c9crit par\" \/>\n\t<meta name=\"twitter:data1\" content=\"Jean-Paul Erhard\" \/>\n\t<meta name=\"twitter:label2\" content=\"Dur\u00e9e de lecture estim\u00e9e\" \/>\n\t<meta name=\"twitter:data2\" content=\"2 minutes\" \/>\n<script type=\"application\/ld+json\" class=\"yoast-schema-graph\">{\"@context\":\"https:\/\/schema.org\",\"@graph\":[{\"@type\":\"Article\",\"@id\":\"https:\/\/peoplesphere.be\/fr\/quel-plan-daction-au-sein-de-la-fonction-publique-federale-pour-atteindre-le-quota-de-3-de-personnes-handicapees\/#article\",\"isPartOf\":{\"@id\":\"https:\/\/peoplesphere.be\/fr\/quel-plan-daction-au-sein-de-la-fonction-publique-federale-pour-atteindre-le-quota-de-3-de-personnes-handicapees\/\"},\"author\":{\"name\":\"Jean-Paul Erhard\",\"@id\":\"https:\/\/peoplesphere.be\/fr\/#\/schema\/person\/7976225ff17988604334abb7b3536a7e\"},\"headline\":\"Quel plan d&rsquo;action au sein de la fonction publique f\u00e9d\u00e9rale pour atteindre le quota de 3% de personnes handicap\u00e9es?\",\"datePublished\":\"2023-10-11T09:27:32+00:00\",\"dateModified\":\"2023-10-11T09:27:32+00:00\",\"mainEntityOfPage\":{\"@id\":\"https:\/\/peoplesphere.be\/fr\/quel-plan-daction-au-sein-de-la-fonction-publique-federale-pour-atteindre-le-quota-de-3-de-personnes-handicapees\/\"},\"wordCount\":467,\"publisher\":{\"@id\":\"https:\/\/peoplesphere.be\/fr\/#organization\"},\"keywords\":[\"handicap\",\"inclusion\",\"quota\"],\"articleSection\":[\"Actualit\u00e9s\",\"Digital\"],\"inLanguage\":\"fr-FR\"},{\"@type\":\"WebPage\",\"@id\":\"https:\/\/peoplesphere.be\/fr\/quel-plan-daction-au-sein-de-la-fonction-publique-federale-pour-atteindre-le-quota-de-3-de-personnes-handicapees\/\",\"url\":\"https:\/\/peoplesphere.be\/fr\/quel-plan-daction-au-sein-de-la-fonction-publique-federale-pour-atteindre-le-quota-de-3-de-personnes-handicapees\/\",\"name\":\"Quel plan d'action au sein de la fonction publique f\u00e9d\u00e9rale pour atteindre le quota de 3% de personnes handicap\u00e9es? - Peoplesphere\",\"isPartOf\":{\"@id\":\"https:\/\/peoplesphere.be\/fr\/#website\"},\"datePublished\":\"2023-10-11T09:27:32+00:00\",\"dateModified\":\"2023-10-11T09:27:32+00:00\",\"breadcrumb\":{\"@id\":\"https:\/\/peoplesphere.be\/fr\/quel-plan-daction-au-sein-de-la-fonction-publique-federale-pour-atteindre-le-quota-de-3-de-personnes-handicapees\/#breadcrumb\"},\"inLanguage\":\"fr-FR\",\"potentialAction\":[{\"@type\":\"ReadAction\",\"target\":[\"https:\/\/peoplesphere.be\/fr\/quel-plan-daction-au-sein-de-la-fonction-publique-federale-pour-atteindre-le-quota-de-3-de-personnes-handicapees\/\"]}]},{\"@type\":\"BreadcrumbList\",\"@id\":\"https:\/\/peoplesphere.be\/fr\/quel-plan-daction-au-sein-de-la-fonction-publique-federale-pour-atteindre-le-quota-de-3-de-personnes-handicapees\/#breadcrumb\",\"itemListElement\":[{\"@type\":\"ListItem\",\"position\":1,\"name\":\"Accueil\",\"item\":\"https:\/\/peoplesphere.be\/fr\/\"},{\"@type\":\"ListItem\",\"position\":2,\"name\":\"Quel plan d&rsquo;action au sein de la fonction publique f\u00e9d\u00e9rale pour atteindre le quota de 3% de personnes handicap\u00e9es?\"}]},{\"@type\":\"WebSite\",\"@id\":\"https:\/\/peoplesphere.be\/fr\/#website\",\"url\":\"https:\/\/peoplesphere.be\/fr\/\",\"name\":\"Peoplesphere\",\"description\":\"The People Managers Magazine\",\"publisher\":{\"@id\":\"https:\/\/peoplesphere.be\/fr\/#organization\"},\"potentialAction\":[{\"@type\":\"SearchAction\",\"target\":{\"@type\":\"EntryPoint\",\"urlTemplate\":\"https:\/\/peoplesphere.be\/fr\/?s={search_term_string}\"},\"query-input\":\"required name=search_term_string\"}],\"inLanguage\":\"fr-FR\"},{\"@type\":\"Organization\",\"@id\":\"https:\/\/peoplesphere.be\/fr\/#organization\",\"name\":\"Peoplesphere Company srl\",\"url\":\"https:\/\/peoplesphere.be\/fr\/\",\"logo\":{\"@type\":\"ImageObject\",\"inLanguage\":\"fr-FR\",\"@id\":\"https:\/\/peoplesphere.be\/fr\/#\/schema\/logo\/image\/\",\"url\":\"https:\/\/peoplesphere.be\/fr\/wp-content\/uploads\/2023\/07\/peoplesphere-lgo-new-generik.jpg\",\"contentUrl\":\"https:\/\/peoplesphere.be\/fr\/wp-content\/uploads\/2023\/07\/peoplesphere-lgo-new-generik.jpg\",\"width\":1031,\"height\":1479,\"caption\":\"Peoplesphere Company srl\"},\"image\":{\"@id\":\"https:\/\/peoplesphere.be\/fr\/#\/schema\/logo\/image\/\"},\"sameAs\":[\"https:\/\/www.facebook.com\/peoplesphere\",\"https:\/\/twitter.com\/PeoplesphereMag\",\"https:\/\/www.linkedin.com\/company\/7587361?trk\",\"http:\/\/youtube.com\/peoplesphere\"]},{\"@type\":\"Person\",\"@id\":\"https:\/\/peoplesphere.be\/fr\/#\/schema\/person\/7976225ff17988604334abb7b3536a7e\",\"name\":\"Jean-Paul Erhard\",\"image\":{\"@type\":\"ImageObject\",\"inLanguage\":\"fr-FR\",\"@id\":\"https:\/\/peoplesphere.be\/fr\/#\/schema\/person\/image\/\",\"url\":\"https:\/\/secure.gravatar.com\/avatar\/f941e681460179738071629a51574930?s=96&d=mm&r=g\",\"contentUrl\":\"https:\/\/secure.gravatar.com\/avatar\/f941e681460179738071629a51574930?s=96&d=mm&r=g\",\"caption\":\"Jean-Paul Erhard\"},\"url\":\"https:\/\/peoplesphere.be\/fr\/author\/jpe\/\"}]}<\/script>\n<!-- \/ Yoast SEO plugin. -->","yoast_head_json":{"title":"Quel plan d'action au sein de la fonction publique f\u00e9d\u00e9rale pour atteindre le quota de 3% de personnes handicap\u00e9es? - Peoplesphere","robots":{"index":"index","follow":"follow","max-snippet":"max-snippet:-1","max-image-preview":"max-image-preview:large","max-video-preview":"max-video-preview:-1"},"canonical":"https:\/\/peoplesphere.be\/fr\/quel-plan-daction-au-sein-de-la-fonction-publique-federale-pour-atteindre-le-quota-de-3-de-personnes-handicapees\/","og_locale":"fr_FR","og_type":"article","og_title":"Quel plan d'action au sein de la fonction publique f\u00e9d\u00e9rale pour atteindre le quota de 3% de personnes handicap\u00e9es? - Peoplesphere","og_description":"Sur proposition de la ministre de la Fonction publique Petra De Sutter et de la ministre charg\u00e9e des Personnes handicap\u00e9es Karine Lalieux, le Conseil des ministres a pris acte de diverses mesures visant \u00e0 augmenter la participation des personnes en [&hellip;]","og_url":"https:\/\/peoplesphere.be\/fr\/quel-plan-daction-au-sein-de-la-fonction-publique-federale-pour-atteindre-le-quota-de-3-de-personnes-handicapees\/","og_site_name":"Peoplesphere","article_publisher":"https:\/\/www.facebook.com\/peoplesphere","article_published_time":"2023-10-11T09:27:32+00:00","og_image":[{"url":"http:\/\/www.peoplesphere.be\/fr\/wp-content\/uploads\/2016\/07\/facebook-default-posting-1200x628px.jpg"}],"author":"Jean-Paul Erhard","twitter_card":"summary_large_image","twitter_creator":"@PeoplesphereMag","twitter_site":"@PeoplesphereMag","twitter_misc":{"\u00c9crit par":"Jean-Paul Erhard","Dur\u00e9e de lecture estim\u00e9e":"2 minutes"},"schema":{"@context":"https:\/\/schema.org","@graph":[{"@type":"Article","@id":"https:\/\/peoplesphere.be\/fr\/quel-plan-daction-au-sein-de-la-fonction-publique-federale-pour-atteindre-le-quota-de-3-de-personnes-handicapees\/#article","isPartOf":{"@id":"https:\/\/peoplesphere.be\/fr\/quel-plan-daction-au-sein-de-la-fonction-publique-federale-pour-atteindre-le-quota-de-3-de-personnes-handicapees\/"},"author":{"name":"Jean-Paul Erhard","@id":"https:\/\/peoplesphere.be\/fr\/#\/schema\/person\/7976225ff17988604334abb7b3536a7e"},"headline":"Quel plan d&rsquo;action au sein de la fonction publique f\u00e9d\u00e9rale pour atteindre le quota de 3% de personnes handicap\u00e9es?","datePublished":"2023-10-11T09:27:32+00:00","dateModified":"2023-10-11T09:27:32+00:00","mainEntityOfPage":{"@id":"https:\/\/peoplesphere.be\/fr\/quel-plan-daction-au-sein-de-la-fonction-publique-federale-pour-atteindre-le-quota-de-3-de-personnes-handicapees\/"},"wordCount":467,"publisher":{"@id":"https:\/\/peoplesphere.be\/fr\/#organization"},"keywords":["handicap","inclusion","quota"],"articleSection":["Actualit\u00e9s","Digital"],"inLanguage":"fr-FR"},{"@type":"WebPage","@id":"https:\/\/peoplesphere.be\/fr\/quel-plan-daction-au-sein-de-la-fonction-publique-federale-pour-atteindre-le-quota-de-3-de-personnes-handicapees\/","url":"https:\/\/peoplesphere.be\/fr\/quel-plan-daction-au-sein-de-la-fonction-publique-federale-pour-atteindre-le-quota-de-3-de-personnes-handicapees\/","name":"Quel plan d'action au sein de la fonction publique f\u00e9d\u00e9rale pour atteindre le quota de 3% de personnes handicap\u00e9es? - Peoplesphere","isPartOf":{"@id":"https:\/\/peoplesphere.be\/fr\/#website"},"datePublished":"2023-10-11T09:27:32+00:00","dateModified":"2023-10-11T09:27:32+00:00","breadcrumb":{"@id":"https:\/\/peoplesphere.be\/fr\/quel-plan-daction-au-sein-de-la-fonction-publique-federale-pour-atteindre-le-quota-de-3-de-personnes-handicapees\/#breadcrumb"},"inLanguage":"fr-FR","potentialAction":[{"@type":"ReadAction","target":["https:\/\/peoplesphere.be\/fr\/quel-plan-daction-au-sein-de-la-fonction-publique-federale-pour-atteindre-le-quota-de-3-de-personnes-handicapees\/"]}]},{"@type":"BreadcrumbList","@id":"https:\/\/peoplesphere.be\/fr\/quel-plan-daction-au-sein-de-la-fonction-publique-federale-pour-atteindre-le-quota-de-3-de-personnes-handicapees\/#breadcrumb","itemListElement":[{"@type":"ListItem","position":1,"name":"Accueil","item":"https:\/\/peoplesphere.be\/fr\/"},{"@type":"ListItem","position":2,"name":"Quel plan d&rsquo;action au sein de la fonction publique f\u00e9d\u00e9rale pour atteindre le quota de 3% de personnes handicap\u00e9es?"}]},{"@type":"WebSite","@id":"https:\/\/peoplesphere.be\/fr\/#website","url":"https:\/\/peoplesphere.be\/fr\/","name":"Peoplesphere","description":"The People Managers Magazine","publisher":{"@id":"https:\/\/peoplesphere.be\/fr\/#organization"},"potentialAction":[{"@type":"SearchAction","target":{"@type":"EntryPoint","urlTemplate":"https:\/\/peoplesphere.be\/fr\/?s={search_term_string}"},"query-input":"required name=search_term_string"}],"inLanguage":"fr-FR"},{"@type":"Organization","@id":"https:\/\/peoplesphere.be\/fr\/#organization","name":"Peoplesphere Company srl","url":"https:\/\/peoplesphere.be\/fr\/","logo":{"@type":"ImageObject","inLanguage":"fr-FR","@id":"https:\/\/peoplesphere.be\/fr\/#\/schema\/logo\/image\/","url":"https:\/\/peoplesphere.be\/fr\/wp-content\/uploads\/2023\/07\/peoplesphere-lgo-new-generik.jpg","contentUrl":"https:\/\/peoplesphere.be\/fr\/wp-content\/uploads\/2023\/07\/peoplesphere-lgo-new-generik.jpg","width":1031,"height":1479,"caption":"Peoplesphere Company srl"},"image":{"@id":"https:\/\/peoplesphere.be\/fr\/#\/schema\/logo\/image\/"},"sameAs":["https:\/\/www.facebook.com\/peoplesphere","https:\/\/twitter.com\/PeoplesphereMag","https:\/\/www.linkedin.com\/company\/7587361?trk","http:\/\/youtube.com\/peoplesphere"]},{"@type":"Person","@id":"https:\/\/peoplesphere.be\/fr\/#\/schema\/person\/7976225ff17988604334abb7b3536a7e","name":"Jean-Paul Erhard","image":{"@type":"ImageObject","inLanguage":"fr-FR","@id":"https:\/\/peoplesphere.be\/fr\/#\/schema\/person\/image\/","url":"https:\/\/secure.gravatar.com\/avatar\/f941e681460179738071629a51574930?s=96&d=mm&r=g","contentUrl":"https:\/\/secure.gravatar.com\/avatar\/f941e681460179738071629a51574930?s=96&d=mm&r=g","caption":"Jean-Paul Erhard"},"url":"https:\/\/peoplesphere.be\/fr\/author\/jpe\/"}]}},"_links":{"self":[{"href":"https:\/\/peoplesphere.be\/fr\/wp-json\/wp\/v2\/posts\/15099"}],"collection":[{"href":"https:\/\/peoplesphere.be\/fr\/wp-json\/wp\/v2\/posts"}],"about":[{"href":"https:\/\/peoplesphere.be\/fr\/wp-json\/wp\/v2\/types\/post"}],"author":[{"embeddable":true,"href":"https:\/\/peoplesphere.be\/fr\/wp-json\/wp\/v2\/users\/2"}],"replies":[{"embeddable":true,"href":"https:\/\/peoplesphere.be\/fr\/wp-json\/wp\/v2\/comments?post=15099"}],"version-history":[{"count":1,"href":"https:\/\/peoplesphere.be\/fr\/wp-json\/wp\/v2\/posts\/15099\/revisions"}],"predecessor-version":[{"id":15100,"href":"https:\/\/peoplesphere.be\/fr\/wp-json\/wp\/v2\/posts\/15099\/revisions\/15100"}],"wp:attachment":[{"href":"https:\/\/peoplesphere.be\/fr\/wp-json\/wp\/v2\/media?parent=15099"}],"wp:term":[{"taxonomy":"category","embeddable":true,"href":"https:\/\/peoplesphere.be\/fr\/wp-json\/wp\/v2\/categories?post=15099"},{"taxonomy":"post_tag","embeddable":true,"href":"https:\/\/peoplesphere.be\/fr\/wp-json\/wp\/v2\/tags?post=15099"}],"curies":[{"name":"wp","href":"https:\/\/api.w.org\/{rel}","templated":true}]}}