









{"id":15121,"date":"2023-10-13T14:19:44","date_gmt":"2023-10-13T12:19:44","guid":{"rendered":"https:\/\/peoplesphere.be\/fr\/?p=15121"},"modified":"2023-10-13T14:19:44","modified_gmt":"2023-10-13T12:19:44","slug":"18-000-offres-demploi-flamandes-a-saisir-pour-des-candidats-francophones-a-loccasion-de-la-werkweek","status":"publish","type":"post","link":"https:\/\/peoplesphere.be\/fr\/18-000-offres-demploi-flamandes-a-saisir-pour-des-candidats-francophones-a-loccasion-de-la-werkweek\/","title":{"rendered":"18.000 offres d&#8217;emploi flamandes \u00e0 saisir pour des candidats francophones \u00e0 l&rsquo;occasion de la Werkweek."},"content":{"rendered":"<p>En 2023, le Forem organise une deuxi\u00e8me Werkweek pour sensibiliser les demandeurs d\u2019emploi aux opportunit\u00e9s en Flandre. 18.000 offres d\u2019emploi sont disponibles actuellement sur le site du Forem. Du 16 au 20 octobre, 34 activit\u00e9s en ligne et en pr\u00e9sentiel sont planifi\u00e9es afin d\u2019aider les demandeurs d\u2019emploi wallons \u00e0 postuler aupr\u00e8s des entreprises flamandes. Plusieurs centaines de francophones se sont d\u00e9j\u00e0 inscrits \u00e0 l\u2019une des activit\u00e9s propos\u00e9es par le Forem et le VDAB.<!--more--><\/p>\n<p>Actuellement, le site du Forem assure la promotion de 18.000 offres d\u2019emploi pour des postes situ\u00e9s en R\u00e9gion flamande. Parmi celles-ci, plus de 14.000 offres d\u2019emploi concernent des CDI et des contrats \u00e0 temps plein. Plus d\u2019un tiers de ces postes ne requi\u00e8rent pas d\u2019exp\u00e9rience et concernent majoritairement du travail de journ\u00e9e. Si la connaissance du n\u00e9erlandais est \u00e9videmment un atout, le niveau de maitrise reste variable en fonction du poste \u00e0 pourvoir. Plus de la moiti\u00e9 des postes demandent la connaissance du fran\u00e7ais et\/ou de l\u2019anglais.<\/p>\n<p>La Werkweek qui se tient du 16 au 20 octobre prochain va permettre aux demandeurs d\u2019emploi de participer \u00e0 :<\/p>\n<ul>\n<li>Une des 11 s\u00e9ances d\u2019information sur les possibilit\u00e9s de travailler en Flandre ;<\/li>\n<li>Une des s\u00e9ances d\u2019information sur les formations en langues ;<\/li>\n<li>La table de conversation ou au caf\u00e9 langues\/jeu de soci\u00e9t\u00e9 pour augmenter son niveau de n\u00e9erlandais ;<\/li>\n<li>Un des entretiens individuels avec un des conseillers ;<\/li>\n<li>L\u2019une des visites d\u2019entreprises ;<\/li>\n<li>Ou \u00e0 l\u2019un des 4 jobdays organis\u00e9s durant la semaine pour plus de 70 entreprises :\n<ul>\n<li>17\/10 \u00e0 Waregem et \u00e0 Gr\u00e2ce-Hollogne<\/li>\n<li>19\/10 \u00e0 Genk<\/li>\n<li>20\/10 \u00e0 Halle<\/li>\n<\/ul>\n<\/li>\n<\/ul>\n<p>Les profils lors de ces 4 salons de l\u2019emploi sont divers et vari\u00e9s : op\u00e9rateurs\/op\u00e9ratrices de production, aides-m\u00e9nagers\/aides-m\u00e9nag\u00e8res, r\u00e9assorts, magasiniers\/magasini\u00e8res, op\u00e9rateurs\/op\u00e9ratrices de production, techniciens\/techniciennes, chefs\/cheffes de produit, responsables de production, op\u00e9rateurs\/op\u00e9ratrices de Call Centers, pr\u00e9parateurs\/pr\u00e9paratrices de commande\u2026<\/p>\n<p>Des ateliers sont pr\u00e9vus en amont pour s\u2019y pr\u00e9parer. Les personnes int\u00e9ress\u00e9es peuvent s\u2019inscrire via un formulaire en ligne en cliquant sur les activit\u00e9s qui les int\u00e9ressent.<\/p>\n<p><strong><em>U bent niet tweetalig, geen probleem<\/em><\/strong><\/p>\n<p>En plus de ce qui est propos\u00e9 pendant la Werkweek, chaque demandeur d\u2019emploi peut \u00e9valuer son niveau gr\u00e2ce aux outils disponibles sur leforem.be. Les demandeurs d\u2019emploi qui souhaitent ou doivent am\u00e9liorer leur niveau pourront le faire via les formules du nouveau Plan Langues de Wallonie.<\/p>\n<p>Le Forem concentre ses efforts sur les opportunit\u00e9s d\u2019emploi qui ne sont pas consid\u00e9r\u00e9es comme \u00e9tant en p\u00e9nurie en Wallonie. Selon les derniers chiffres de Statbel, 45.000 Wallons travaillent actuellement en Flandre.<\/p>\n<p>&nbsp;<\/p>\n<p><em>Source: Forem<\/em><\/p>\n","protected":false},"excerpt":{"rendered":"<p>En 2023, le Forem organise une deuxi\u00e8me Werkweek pour sensibiliser les demandeurs d\u2019emploi aux opportunit\u00e9s en Flandre. 18.000 offres d\u2019emploi sont disponibles actuellement sur le site du Forem. Du 16 au 20 octobre, 34 activit\u00e9s en ligne et en pr\u00e9sentiel [&hellip;]<\/p>\n","protected":false},"author":2,"featured_media":0,"comment_status":"closed","ping_status":"open","sticky":false,"template":"","format":"standard","meta":[],"categories":[65,10],"tags":[653,331,3900,72,1287],"yoast_head":"<!-- This site is optimized with the Yoast SEO plugin v21.0 - https:\/\/yoast.com\/wordpress\/plugins\/seo\/ -->\n<title>18.000 offres d&#039;emploi flamandes \u00e0 saisir pour des candidats francophones \u00e0 l&#039;occasion de la Werkweek. - Peoplesphere<\/title>\n<meta name=\"robots\" content=\"index, follow, max-snippet:-1, max-image-preview:large, max-video-preview:-1\" \/>\n<link rel=\"canonical\" href=\"https:\/\/peoplesphere.be\/fr\/18-000-offres-demploi-flamandes-a-saisir-pour-des-candidats-francophones-a-loccasion-de-la-werkweek\/\" \/>\n<meta property=\"og:locale\" content=\"fr_FR\" \/>\n<meta property=\"og:type\" content=\"article\" \/>\n<meta property=\"og:title\" content=\"18.000 offres d&#039;emploi flamandes \u00e0 saisir pour des candidats francophones \u00e0 l&#039;occasion de la Werkweek. - Peoplesphere\" \/>\n<meta property=\"og:description\" content=\"En 2023, le Forem organise une deuxi\u00e8me Werkweek pour sensibiliser les demandeurs d\u2019emploi aux opportunit\u00e9s en Flandre. 18.000 offres d\u2019emploi sont disponibles actuellement sur le site du Forem. Du 16 au 20 octobre, 34 activit\u00e9s en ligne et en pr\u00e9sentiel [&hellip;]\" \/>\n<meta property=\"og:url\" content=\"https:\/\/peoplesphere.be\/fr\/18-000-offres-demploi-flamandes-a-saisir-pour-des-candidats-francophones-a-loccasion-de-la-werkweek\/\" \/>\n<meta property=\"og:site_name\" content=\"Peoplesphere\" \/>\n<meta property=\"article:publisher\" content=\"https:\/\/www.facebook.com\/peoplesphere\" \/>\n<meta property=\"article:published_time\" content=\"2023-10-13T12:19:44+00:00\" \/>\n<meta property=\"og:image\" content=\"http:\/\/www.peoplesphere.be\/fr\/wp-content\/uploads\/2016\/07\/facebook-default-posting-1200x628px.jpg\" \/>\n<meta name=\"author\" content=\"Jean-Paul Erhard\" \/>\n<meta name=\"twitter:card\" content=\"summary_large_image\" \/>\n<meta name=\"twitter:creator\" content=\"@PeoplesphereMag\" \/>\n<meta name=\"twitter:site\" content=\"@PeoplesphereMag\" \/>\n<meta name=\"twitter:label1\" content=\"\u00c9crit par\" \/>\n\t<meta name=\"twitter:data1\" content=\"Jean-Paul Erhard\" \/>\n\t<meta name=\"twitter:label2\" content=\"Dur\u00e9e de lecture estim\u00e9e\" \/>\n\t<meta name=\"twitter:data2\" content=\"3 minutes\" \/>\n<script type=\"application\/ld+json\" class=\"yoast-schema-graph\">{\"@context\":\"https:\/\/schema.org\",\"@graph\":[{\"@type\":\"Article\",\"@id\":\"https:\/\/peoplesphere.be\/fr\/18-000-offres-demploi-flamandes-a-saisir-pour-des-candidats-francophones-a-loccasion-de-la-werkweek\/#article\",\"isPartOf\":{\"@id\":\"https:\/\/peoplesphere.be\/fr\/18-000-offres-demploi-flamandes-a-saisir-pour-des-candidats-francophones-a-loccasion-de-la-werkweek\/\"},\"author\":{\"name\":\"Jean-Paul Erhard\",\"@id\":\"https:\/\/peoplesphere.be\/fr\/#\/schema\/person\/7976225ff17988604334abb7b3536a7e\"},\"headline\":\"18.000 offres d&#8217;emploi flamandes \u00e0 saisir pour des candidats francophones \u00e0 l&rsquo;occasion de la Werkweek.\",\"datePublished\":\"2023-10-13T12:19:44+00:00\",\"dateModified\":\"2023-10-13T12:19:44+00:00\",\"mainEntityOfPage\":{\"@id\":\"https:\/\/peoplesphere.be\/fr\/18-000-offres-demploi-flamandes-a-saisir-pour-des-candidats-francophones-a-loccasion-de-la-werkweek\/\"},\"wordCount\":471,\"publisher\":{\"@id\":\"https:\/\/peoplesphere.be\/fr\/#organization\"},\"keywords\":[\"demandeurs d'emploi\",\"forem\",\"mobilit\u00e9 r\u00e9gionale\",\"recrutement\",\"vdab\"],\"articleSection\":[\"Actualit\u00e9s\",\"Digital\"],\"inLanguage\":\"fr-FR\"},{\"@type\":\"WebPage\",\"@id\":\"https:\/\/peoplesphere.be\/fr\/18-000-offres-demploi-flamandes-a-saisir-pour-des-candidats-francophones-a-loccasion-de-la-werkweek\/\",\"url\":\"https:\/\/peoplesphere.be\/fr\/18-000-offres-demploi-flamandes-a-saisir-pour-des-candidats-francophones-a-loccasion-de-la-werkweek\/\",\"name\":\"18.000 offres d'emploi flamandes \u00e0 saisir pour des candidats francophones \u00e0 l'occasion de la Werkweek. - Peoplesphere\",\"isPartOf\":{\"@id\":\"https:\/\/peoplesphere.be\/fr\/#website\"},\"datePublished\":\"2023-10-13T12:19:44+00:00\",\"dateModified\":\"2023-10-13T12:19:44+00:00\",\"breadcrumb\":{\"@id\":\"https:\/\/peoplesphere.be\/fr\/18-000-offres-demploi-flamandes-a-saisir-pour-des-candidats-francophones-a-loccasion-de-la-werkweek\/#breadcrumb\"},\"inLanguage\":\"fr-FR\",\"potentialAction\":[{\"@type\":\"ReadAction\",\"target\":[\"https:\/\/peoplesphere.be\/fr\/18-000-offres-demploi-flamandes-a-saisir-pour-des-candidats-francophones-a-loccasion-de-la-werkweek\/\"]}]},{\"@type\":\"BreadcrumbList\",\"@id\":\"https:\/\/peoplesphere.be\/fr\/18-000-offres-demploi-flamandes-a-saisir-pour-des-candidats-francophones-a-loccasion-de-la-werkweek\/#breadcrumb\",\"itemListElement\":[{\"@type\":\"ListItem\",\"position\":1,\"name\":\"Accueil\",\"item\":\"https:\/\/peoplesphere.be\/fr\/\"},{\"@type\":\"ListItem\",\"position\":2,\"name\":\"18.000 offres d&#8217;emploi flamandes \u00e0 saisir pour des candidats francophones \u00e0 l&rsquo;occasion de la Werkweek.\"}]},{\"@type\":\"WebSite\",\"@id\":\"https:\/\/peoplesphere.be\/fr\/#website\",\"url\":\"https:\/\/peoplesphere.be\/fr\/\",\"name\":\"Peoplesphere\",\"description\":\"The People Managers Magazine\",\"publisher\":{\"@id\":\"https:\/\/peoplesphere.be\/fr\/#organization\"},\"potentialAction\":[{\"@type\":\"SearchAction\",\"target\":{\"@type\":\"EntryPoint\",\"urlTemplate\":\"https:\/\/peoplesphere.be\/fr\/?s={search_term_string}\"},\"query-input\":\"required name=search_term_string\"}],\"inLanguage\":\"fr-FR\"},{\"@type\":\"Organization\",\"@id\":\"https:\/\/peoplesphere.be\/fr\/#organization\",\"name\":\"Peoplesphere Company srl\",\"url\":\"https:\/\/peoplesphere.be\/fr\/\",\"logo\":{\"@type\":\"ImageObject\",\"inLanguage\":\"fr-FR\",\"@id\":\"https:\/\/peoplesphere.be\/fr\/#\/schema\/logo\/image\/\",\"url\":\"https:\/\/peoplesphere.be\/fr\/wp-content\/uploads\/2023\/07\/peoplesphere-lgo-new-generik.jpg\",\"contentUrl\":\"https:\/\/peoplesphere.be\/fr\/wp-content\/uploads\/2023\/07\/peoplesphere-lgo-new-generik.jpg\",\"width\":1031,\"height\":1479,\"caption\":\"Peoplesphere Company srl\"},\"image\":{\"@id\":\"https:\/\/peoplesphere.be\/fr\/#\/schema\/logo\/image\/\"},\"sameAs\":[\"https:\/\/www.facebook.com\/peoplesphere\",\"https:\/\/twitter.com\/PeoplesphereMag\",\"https:\/\/www.linkedin.com\/company\/7587361?trk\",\"http:\/\/youtube.com\/peoplesphere\"]},{\"@type\":\"Person\",\"@id\":\"https:\/\/peoplesphere.be\/fr\/#\/schema\/person\/7976225ff17988604334abb7b3536a7e\",\"name\":\"Jean-Paul Erhard\",\"image\":{\"@type\":\"ImageObject\",\"inLanguage\":\"fr-FR\",\"@id\":\"https:\/\/peoplesphere.be\/fr\/#\/schema\/person\/image\/\",\"url\":\"https:\/\/secure.gravatar.com\/avatar\/f941e681460179738071629a51574930?s=96&d=mm&r=g\",\"contentUrl\":\"https:\/\/secure.gravatar.com\/avatar\/f941e681460179738071629a51574930?s=96&d=mm&r=g\",\"caption\":\"Jean-Paul Erhard\"},\"url\":\"https:\/\/peoplesphere.be\/fr\/author\/jpe\/\"}]}<\/script>\n<!-- \/ Yoast SEO plugin. -->","yoast_head_json":{"title":"18.000 offres d'emploi flamandes \u00e0 saisir pour des candidats francophones \u00e0 l'occasion de la Werkweek. - Peoplesphere","robots":{"index":"index","follow":"follow","max-snippet":"max-snippet:-1","max-image-preview":"max-image-preview:large","max-video-preview":"max-video-preview:-1"},"canonical":"https:\/\/peoplesphere.be\/fr\/18-000-offres-demploi-flamandes-a-saisir-pour-des-candidats-francophones-a-loccasion-de-la-werkweek\/","og_locale":"fr_FR","og_type":"article","og_title":"18.000 offres d'emploi flamandes \u00e0 saisir pour des candidats francophones \u00e0 l'occasion de la Werkweek. - Peoplesphere","og_description":"En 2023, le Forem organise une deuxi\u00e8me Werkweek pour sensibiliser les demandeurs d\u2019emploi aux opportunit\u00e9s en Flandre. 18.000 offres d\u2019emploi sont disponibles actuellement sur le site du Forem. Du 16 au 20 octobre, 34 activit\u00e9s en ligne et en pr\u00e9sentiel [&hellip;]","og_url":"https:\/\/peoplesphere.be\/fr\/18-000-offres-demploi-flamandes-a-saisir-pour-des-candidats-francophones-a-loccasion-de-la-werkweek\/","og_site_name":"Peoplesphere","article_publisher":"https:\/\/www.facebook.com\/peoplesphere","article_published_time":"2023-10-13T12:19:44+00:00","og_image":[{"url":"http:\/\/www.peoplesphere.be\/fr\/wp-content\/uploads\/2016\/07\/facebook-default-posting-1200x628px.jpg"}],"author":"Jean-Paul Erhard","twitter_card":"summary_large_image","twitter_creator":"@PeoplesphereMag","twitter_site":"@PeoplesphereMag","twitter_misc":{"\u00c9crit par":"Jean-Paul Erhard","Dur\u00e9e de lecture estim\u00e9e":"3 minutes"},"schema":{"@context":"https:\/\/schema.org","@graph":[{"@type":"Article","@id":"https:\/\/peoplesphere.be\/fr\/18-000-offres-demploi-flamandes-a-saisir-pour-des-candidats-francophones-a-loccasion-de-la-werkweek\/#article","isPartOf":{"@id":"https:\/\/peoplesphere.be\/fr\/18-000-offres-demploi-flamandes-a-saisir-pour-des-candidats-francophones-a-loccasion-de-la-werkweek\/"},"author":{"name":"Jean-Paul Erhard","@id":"https:\/\/peoplesphere.be\/fr\/#\/schema\/person\/7976225ff17988604334abb7b3536a7e"},"headline":"18.000 offres d&#8217;emploi flamandes \u00e0 saisir pour des candidats francophones \u00e0 l&rsquo;occasion de la Werkweek.","datePublished":"2023-10-13T12:19:44+00:00","dateModified":"2023-10-13T12:19:44+00:00","mainEntityOfPage":{"@id":"https:\/\/peoplesphere.be\/fr\/18-000-offres-demploi-flamandes-a-saisir-pour-des-candidats-francophones-a-loccasion-de-la-werkweek\/"},"wordCount":471,"publisher":{"@id":"https:\/\/peoplesphere.be\/fr\/#organization"},"keywords":["demandeurs d'emploi","forem","mobilit\u00e9 r\u00e9gionale","recrutement","vdab"],"articleSection":["Actualit\u00e9s","Digital"],"inLanguage":"fr-FR"},{"@type":"WebPage","@id":"https:\/\/peoplesphere.be\/fr\/18-000-offres-demploi-flamandes-a-saisir-pour-des-candidats-francophones-a-loccasion-de-la-werkweek\/","url":"https:\/\/peoplesphere.be\/fr\/18-000-offres-demploi-flamandes-a-saisir-pour-des-candidats-francophones-a-loccasion-de-la-werkweek\/","name":"18.000 offres d'emploi flamandes \u00e0 saisir pour des candidats francophones \u00e0 l'occasion de la Werkweek. - Peoplesphere","isPartOf":{"@id":"https:\/\/peoplesphere.be\/fr\/#website"},"datePublished":"2023-10-13T12:19:44+00:00","dateModified":"2023-10-13T12:19:44+00:00","breadcrumb":{"@id":"https:\/\/peoplesphere.be\/fr\/18-000-offres-demploi-flamandes-a-saisir-pour-des-candidats-francophones-a-loccasion-de-la-werkweek\/#breadcrumb"},"inLanguage":"fr-FR","potentialAction":[{"@type":"ReadAction","target":["https:\/\/peoplesphere.be\/fr\/18-000-offres-demploi-flamandes-a-saisir-pour-des-candidats-francophones-a-loccasion-de-la-werkweek\/"]}]},{"@type":"BreadcrumbList","@id":"https:\/\/peoplesphere.be\/fr\/18-000-offres-demploi-flamandes-a-saisir-pour-des-candidats-francophones-a-loccasion-de-la-werkweek\/#breadcrumb","itemListElement":[{"@type":"ListItem","position":1,"name":"Accueil","item":"https:\/\/peoplesphere.be\/fr\/"},{"@type":"ListItem","position":2,"name":"18.000 offres d&#8217;emploi flamandes \u00e0 saisir pour des candidats francophones \u00e0 l&rsquo;occasion de la Werkweek."}]},{"@type":"WebSite","@id":"https:\/\/peoplesphere.be\/fr\/#website","url":"https:\/\/peoplesphere.be\/fr\/","name":"Peoplesphere","description":"The People Managers Magazine","publisher":{"@id":"https:\/\/peoplesphere.be\/fr\/#organization"},"potentialAction":[{"@type":"SearchAction","target":{"@type":"EntryPoint","urlTemplate":"https:\/\/peoplesphere.be\/fr\/?s={search_term_string}"},"query-input":"required name=search_term_string"}],"inLanguage":"fr-FR"},{"@type":"Organization","@id":"https:\/\/peoplesphere.be\/fr\/#organization","name":"Peoplesphere Company srl","url":"https:\/\/peoplesphere.be\/fr\/","logo":{"@type":"ImageObject","inLanguage":"fr-FR","@id":"https:\/\/peoplesphere.be\/fr\/#\/schema\/logo\/image\/","url":"https:\/\/peoplesphere.be\/fr\/wp-content\/uploads\/2023\/07\/peoplesphere-lgo-new-generik.jpg","contentUrl":"https:\/\/peoplesphere.be\/fr\/wp-content\/uploads\/2023\/07\/peoplesphere-lgo-new-generik.jpg","width":1031,"height":1479,"caption":"Peoplesphere Company srl"},"image":{"@id":"https:\/\/peoplesphere.be\/fr\/#\/schema\/logo\/image\/"},"sameAs":["https:\/\/www.facebook.com\/peoplesphere","https:\/\/twitter.com\/PeoplesphereMag","https:\/\/www.linkedin.com\/company\/7587361?trk","http:\/\/youtube.com\/peoplesphere"]},{"@type":"Person","@id":"https:\/\/peoplesphere.be\/fr\/#\/schema\/person\/7976225ff17988604334abb7b3536a7e","name":"Jean-Paul Erhard","image":{"@type":"ImageObject","inLanguage":"fr-FR","@id":"https:\/\/peoplesphere.be\/fr\/#\/schema\/person\/image\/","url":"https:\/\/secure.gravatar.com\/avatar\/f941e681460179738071629a51574930?s=96&d=mm&r=g","contentUrl":"https:\/\/secure.gravatar.com\/avatar\/f941e681460179738071629a51574930?s=96&d=mm&r=g","caption":"Jean-Paul Erhard"},"url":"https:\/\/peoplesphere.be\/fr\/author\/jpe\/"}]}},"_links":{"self":[{"href":"https:\/\/peoplesphere.be\/fr\/wp-json\/wp\/v2\/posts\/15121"}],"collection":[{"href":"https:\/\/peoplesphere.be\/fr\/wp-json\/wp\/v2\/posts"}],"about":[{"href":"https:\/\/peoplesphere.be\/fr\/wp-json\/wp\/v2\/types\/post"}],"author":[{"embeddable":true,"href":"https:\/\/peoplesphere.be\/fr\/wp-json\/wp\/v2\/users\/2"}],"replies":[{"embeddable":true,"href":"https:\/\/peoplesphere.be\/fr\/wp-json\/wp\/v2\/comments?post=15121"}],"version-history":[{"count":1,"href":"https:\/\/peoplesphere.be\/fr\/wp-json\/wp\/v2\/posts\/15121\/revisions"}],"predecessor-version":[{"id":15122,"href":"https:\/\/peoplesphere.be\/fr\/wp-json\/wp\/v2\/posts\/15121\/revisions\/15122"}],"wp:attachment":[{"href":"https:\/\/peoplesphere.be\/fr\/wp-json\/wp\/v2\/media?parent=15121"}],"wp:term":[{"taxonomy":"category","embeddable":true,"href":"https:\/\/peoplesphere.be\/fr\/wp-json\/wp\/v2\/categories?post=15121"},{"taxonomy":"post_tag","embeddable":true,"href":"https:\/\/peoplesphere.be\/fr\/wp-json\/wp\/v2\/tags?post=15121"}],"curies":[{"name":"wp","href":"https:\/\/api.w.org\/{rel}","templated":true}]}}